{"id":10004,"date":"2019-01-30T18:44:09","date_gmt":"2019-01-30T16:44:09","guid":{"rendered":"https:\/\/www.gereso.com\/actualites\/?p=10004"},"modified":"2019-02-26T10:06:00","modified_gmt":"2019-02-26T08:06:00","slug":"40-de-tva-recuperable-sur-lessence","status":"publish","type":"post","link":"https:\/\/www.gereso.com\/actualites\/2019\/01\/30\/40-de-tva-recuperable-sur-lessence\/","title":{"rendered":"40% de TVA r\u00e9cup\u00e9rable sur l\u2019essence"},"content":{"rendered":"\n<p>En\n2019, les entreprises peuvent d\u00e9duire 40% de la TVA sur l\u2019essence. En 2022, les\nr\u00e8gles de r\u00e9cup\u00e9ration seront identiques pour l\u2019essence et le gazole. <\/p>\n\n\n\n<h2 class=\"wp-block-heading\"><strong>Carburant&nbsp;:\ndes r\u00e8gles de r\u00e9cup\u00e9ration harmonis\u00e9es<\/strong><\/h2>\n\n\n\n<p>Jusqu\u2019en\n2016, aucune r\u00e9cup\u00e9ration de TVA n\u2019\u00e9tait possible sur l\u2019essence, ni pour les\nv\u00e9hicules de tourisme ni pour les v\u00e9hicules utilitaires. \u00c0 l\u2019inverse, le gazole\nest d\u00e9ductible \u00e0 100% pour les utilitaires et \u00e0 80% pour les v\u00e9hicules de\ntourisme.<\/p>\n\n\n\n<p>Compte\ntenu de l\u2019absence de justification environnementale pour l\u00e9gitimer cette\ndiff\u00e9rence de traitement, le pr\u00e9c\u00e9dent Gouvernement a adopt\u00e9 dans le cadre de\nla loi de finances pour 2017, un alignement progressif des r\u00e8gles de\nr\u00e9cup\u00e9ration de la TVA de l\u2019essence sur celles du gazole. En 2022, les r\u00e8gles\nde d\u00e9duction seront identiques. <\/p>\n\n\n\n<h2 class=\"wp-block-heading\"><strong>Essence&nbsp;:\nle calendrier de r\u00e9cup\u00e9ration<\/strong><\/h2>\n\n\n\n<p>Un alignement sur 5 ans entre 2017 et 2022 est pr\u00e9vu par l\u2019article 31 de la loi de finances pour 2017. D\u00e8s 2021, la TVA sur l\u2019essence sera r\u00e9cup\u00e9rable \u00e0 80% pour l\u2019essence et d\u00e8s 2022, elle sera r\u00e9cup\u00e9rable \u00e0 100% pour les v\u00e9hicules utilitaires, comme pour le gazole.<\/p>\n\n\n<table border=\"1\">\n<tbody>\n<tr>\n<td style=\"width: 141px; text-align: center;\">\n<p><strong>Ann\u00e9es<\/strong><\/p>\n<\/td>\n<td style=\"width: 211px; text-align: center;\">\n<p><strong>V\u00e9hicules de tourisme<\/strong><\/p>\n<\/td>\n<td style=\"width: 206px; text-align: center;\">\n<p><strong>V\u00e9hicules utilitaires<\/strong><\/p>\n<\/td>\n<\/tr>\n<tr>\n<td style=\"width: 141px; text-align: center;\">\n<p><strong>Jusqu\u2019en 2016<\/strong><\/p>\n<\/td>\n<td style=\"width: 211px; text-align: center;\">\n<p>0%<\/p>\n<\/td>\n<td style=\"width: 206px; text-align: center;\">\n<p>0%<\/p>\n<\/td>\n<\/tr>\n<tr>\n<td style=\"width: 141px; text-align: center;\">\n<p><strong>2017<\/strong><\/p>\n<\/td>\n<td style=\"width: 211px; text-align: center;\">\n<p>10%<\/p>\n<\/td>\n<td style=\"width: 206px; text-align: center;\">\n<p>0%<\/p>\n<\/td>\n<\/tr>\n<tr>\n<td style=\"width: 141px; text-align: center;\">\n<p><strong>2018<\/strong><\/p>\n<\/td>\n<td style=\"width: 211px; text-align: center;\">\n<p>20%<\/p>\n<\/td>\n<td style=\"width: 206px; text-align: center;\">\n<p>20%<\/p>\n<\/td>\n<\/tr>\n<tr>\n<td style=\"width: 141px; text-align: center;\">\n<p><strong>2019<\/strong><\/p>\n<\/td>\n<td style=\"width: 211px; text-align: center;\">\n<p>40%<\/p>\n<\/td>\n<td style=\"width: 206px; text-align: center;\">\n<p>40%<\/p>\n<\/td>\n<\/tr>\n<tr>\n<td style=\"width: 141px; text-align: center;\">\n<p><strong>2020<\/strong><\/p>\n<\/td>\n<td style=\"width: 211px; text-align: center;\">\n<p>60%<\/p>\n<\/td>\n<td style=\"width: 206px; text-align: center;\">\n<p>60%<\/p>\n<\/td>\n<\/tr>\n<tr>\n<td style=\"width: 141px; text-align: center;\">\n<p><strong>2021<\/strong><\/p>\n<\/td>\n<td style=\"width: 211px; text-align: center;\">\n<p>80%<\/p>\n<\/td>\n<td style=\"width: 206px; text-align: center;\">\n<p>80%<\/p>\n<\/td>\n<\/tr>\n<tr>\n<td style=\"width: 141px; text-align: center;\">\n<p><strong>\u00c0 compter de 2022<\/strong><\/p>\n<\/td>\n<td style=\"width: 211px; text-align: center;\">\n<p>80%<\/p>\n<\/td>\n<td style=\"width: 206px; text-align: center;\">\n<p>100%<\/p>\n<\/td>\n<\/tr>\n<\/tbody>\n<\/table>\n\n\n<p>Ce\ncalendrier n\u2019a pas \u00e9t\u00e9 remis en cause par l\u2019actuel Gouvernement.<\/p>\n\n\n\n<h2 class=\"wp-block-heading\"><strong>2019&nbsp;:\nTVA d\u00e9ductible \u00e0 40%<\/strong><\/h2>\n\n\n\n<p>Selon\nle calendrier adopt\u00e9, en 2019, les redevables de la TVA pourront r\u00e9cup\u00e9rer 40%\nde la TVA sur leurs achats d\u2019essence pour leurs v\u00e9hicules utilitaires et de\ntourisme. L\u2019impact sur les comptes commence donc \u00e0 \u00eatre cons\u00e9quent. L\u2019an\ndernier, seuls 20% de la TVA \u00e9tait r\u00e9cup\u00e9rable.<\/p>\n\n\n\n<p>En\ncons\u00e9quence, en comptabilit\u00e9, la TVA non r\u00e9cup\u00e9rable (60% de la TVA sur l\u2019essence)\nest port\u00e9e en charges.<\/p>\n\n\n\n<p>Pour\nune facture d\u2019essence de 72 \u20ac TTC (60 \u20ac HT et 12 \u20ac de TVA au taux de 20%), on\nconstatera&nbsp;:<\/p>\n\n\n\n<ul class=\"wp-block-list\"><li>Au d\u00e9bit du compte 44566 \u2013 \u00c9tat \u2013 TVA d\u00e9ductible, un montant de\n4,80 \u20ac (soit 12 x 40%)<\/li><li>Au d\u00e9bit du compte 6061 \u2013 Fournitures non stockables, un montant\nde 67,20 \u20ac (soit 60 \u20ac + 12 x 60%)<\/li><li>Au cr\u00e9dit du compte 401 \u2013 Fournisseurs ou directement 512 \u2013\nBanque, un montant de 72 \u20ac (le montant TTC).<\/li><\/ul>\n","protected":false},"excerpt":{"rendered":"<p>En 2019, les entreprises peuvent d\u00e9duire 40% de la TVA sur l\u2019essence. En 2022, les r\u00e8gles de r\u00e9cup\u00e9ration seront identiques pour l\u2019essence et le gazole. Carburant&nbsp;: des r\u00e8gles de r\u00e9cup\u00e9ration harmonis\u00e9es Jusqu\u2019en 2016, aucune r\u00e9cup\u00e9ration de TVA n\u2019\u00e9tait possible sur l\u2019essence, ni pour les v\u00e9hicules de tourisme ni pour les v\u00e9hicules utilitaires. \u00c0 l\u2019inverse, le [&hellip;]<\/p>\n","protected":false},"author":45,"featured_media":0,"comment_status":"open","ping_status":"open","sticky":false,"template":"","format":"quote","meta":{"_acf_changed":false,"_mi_skip_tracking":false,"footnotes":""},"categories":[12,1544],"tags":[1047,1605],"class_list":["post-10004","post","type-post","status-publish","format-quote","hentry","category-actualites","category-banque","tag-tva","tag-tva-deductible","post_format-post-format-quote"],"acf":[],"yoast_head":"<!-- This site is optimized with the Yoast SEO plugin v23.4 - https:\/\/yoast.com\/wordpress\/plugins\/seo\/ -->\n<title>40% de TVA r\u00e9cup\u00e9rable sur l\u2019essence - Le Blog GERESO<\/title>\n<meta name=\"robots\" content=\"index, follow, max-snippet:-1, max-image-preview:large, max-video-preview:-1\" \/>\n<link rel=\"canonical\" href=\"https:\/\/www.gereso.com\/actualites\/2019\/01\/30\/40-de-tva-recuperable-sur-lessence\/\" \/>\n<meta property=\"og:locale\" content=\"fr_FR\" \/>\n<meta property=\"og:type\" content=\"article\" \/>\n<meta property=\"og:title\" content=\"40% de TVA r\u00e9cup\u00e9rable sur l\u2019essence - Le Blog GERESO\" \/>\n<meta property=\"og:description\" content=\"En 2019, les entreprises peuvent d\u00e9duire 40% de la TVA sur l\u2019essence. En 2022, les r\u00e8gles de r\u00e9cup\u00e9ration seront identiques pour l\u2019essence et le gazole. Carburant&nbsp;: des r\u00e8gles de r\u00e9cup\u00e9ration harmonis\u00e9es Jusqu\u2019en 2016, aucune r\u00e9cup\u00e9ration de TVA n\u2019\u00e9tait possible sur l\u2019essence, ni pour les v\u00e9hicules de tourisme ni pour les v\u00e9hicules utilitaires. \u00c0 l\u2019inverse, le [&hellip;]\" \/>\n<meta property=\"og:url\" content=\"https:\/\/www.gereso.com\/actualites\/2019\/01\/30\/40-de-tva-recuperable-sur-lessence\/\" \/>\n<meta property=\"og:site_name\" content=\"Le Blog GERESO\" \/>\n<meta property=\"article:published_time\" content=\"2019-01-30T16:44:09+00:00\" \/>\n<meta property=\"article:modified_time\" content=\"2019-02-26T08:06:00+00:00\" \/>\n<meta name=\"author\" content=\"Damien P\u00e9an\" \/>\n<meta name=\"twitter:card\" content=\"summary_large_image\" \/>\n<script type=\"application\/ld+json\" class=\"yoast-schema-graph\">{\"@context\":\"https:\/\/schema.org\",\"@graph\":[{\"@type\":\"WebPage\",\"@id\":\"https:\/\/www.gereso.com\/actualites\/2019\/01\/30\/40-de-tva-recuperable-sur-lessence\/\",\"url\":\"https:\/\/www.gereso.com\/actualites\/2019\/01\/30\/40-de-tva-recuperable-sur-lessence\/\",\"name\":\"40% de TVA r\u00e9cup\u00e9rable sur l\u2019essence - Le Blog GERESO\",\"isPartOf\":{\"@id\":\"https:\/\/www.gereso.com\/actualites\/#website\"},\"datePublished\":\"2019-01-30T16:44:09+00:00\",\"dateModified\":\"2019-02-26T08:06:00+00:00\",\"author\":{\"@id\":\"https:\/\/www.gereso.com\/actualites\/#\/schema\/person\/c91814f92d627ed4715993fbbf7c7e8d\"},\"breadcrumb\":{\"@id\":\"https:\/\/www.gereso.com\/actualites\/2019\/01\/30\/40-de-tva-recuperable-sur-lessence\/#breadcrumb\"},\"inLanguage\":\"fr-FR\",\"potentialAction\":[{\"@type\":\"ReadAction\",\"target\":[\"https:\/\/www.gereso.com\/actualites\/2019\/01\/30\/40-de-tva-recuperable-sur-lessence\/\"]}]},{\"@type\":\"BreadcrumbList\",\"@id\":\"https:\/\/www.gereso.com\/actualites\/2019\/01\/30\/40-de-tva-recuperable-sur-lessence\/#breadcrumb\",\"itemListElement\":[{\"@type\":\"ListItem\",\"position\":1,\"name\":\"Home\",\"item\":\"https:\/\/www.gereso.com\/actualites\/\"},{\"@type\":\"ListItem\",\"position\":2,\"name\":\"40% de TVA r\u00e9cup\u00e9rable sur l\u2019essence\"}]},{\"@type\":\"WebSite\",\"@id\":\"https:\/\/www.gereso.com\/actualites\/#website\",\"url\":\"https:\/\/www.gereso.com\/actualites\/\",\"name\":\"Le Blog GERESO\",\"description\":\"Toute l&#039;actu RH, Finance, Fonction Publique, Management...\",\"potentialAction\":[{\"@type\":\"SearchAction\",\"target\":{\"@type\":\"EntryPoint\",\"urlTemplate\":\"https:\/\/www.gereso.com\/actualites\/?s={search_term_string}\"},\"query-input\":{\"@type\":\"PropertyValueSpecification\",\"valueRequired\":true,\"valueName\":\"search_term_string\"}}],\"inLanguage\":\"fr-FR\"},{\"@type\":\"Person\",\"@id\":\"https:\/\/www.gereso.com\/actualites\/#\/schema\/person\/c91814f92d627ed4715993fbbf7c7e8d\",\"name\":\"Damien P\u00e9an\",\"image\":{\"@type\":\"ImageObject\",\"inLanguage\":\"fr-FR\",\"@id\":\"https:\/\/www.gereso.com\/actualites\/#\/schema\/person\/image\/\",\"url\":\"https:\/\/www.gereso.com\/actualites\/wp-content\/uploads\/2016\/03\/damien-pean.jpg\",\"contentUrl\":\"https:\/\/www.gereso.com\/actualites\/wp-content\/uploads\/2016\/03\/damien-pean.jpg\",\"caption\":\"Damien P\u00e9an\"},\"description\":\"Damien P\u00c9AN est titulaire du Dipl\u00f4me d'\u00e9tudes sup\u00e9rieures comptables et financi\u00e8res (DESCF). Il intervient depuis plusieurs ann\u00e9es aupr\u00e8s d'\u00e9tudiants en licence de comptabilit\u00e9 et de gestion, \u00e0 qui il enseigne le contr\u00f4le de gestion, la comptabilit\u00e9 approfondie, le management, la fiscalit\u00e9, le droit des soci\u00e9t\u00e9s et le droit du travail. Il intervient \u00e9galement en formation continue pour le compte de divers organismes de formation sur des th\u00e9matiques techniques en comptabilit\u00e9 et fiscalit\u00e9. Il forme aussi un public de non-initi\u00e9s aux fondamentaux de la finance.\",\"url\":\"https:\/\/www.gereso.com\/actualites\/author\/d-pean\/\"}]}<\/script>\n<!-- \/ Yoast SEO plugin. -->","yoast_head_json":{"title":"40% de TVA r\u00e9cup\u00e9rable sur l\u2019essence - Le Blog GERESO","robots":{"index":"index","follow":"follow","max-snippet":"max-snippet:-1","max-image-preview":"max-image-preview:large","max-video-preview":"max-video-preview:-1"},"canonical":"https:\/\/www.gereso.com\/actualites\/2019\/01\/30\/40-de-tva-recuperable-sur-lessence\/","og_locale":"fr_FR","og_type":"article","og_title":"40% de TVA r\u00e9cup\u00e9rable sur l\u2019essence - Le Blog GERESO","og_description":"En 2019, les entreprises peuvent d\u00e9duire 40% de la TVA sur l\u2019essence. En 2022, les r\u00e8gles de r\u00e9cup\u00e9ration seront identiques pour l\u2019essence et le gazole. Carburant&nbsp;: des r\u00e8gles de r\u00e9cup\u00e9ration harmonis\u00e9es Jusqu\u2019en 2016, aucune r\u00e9cup\u00e9ration de TVA n\u2019\u00e9tait possible sur l\u2019essence, ni pour les v\u00e9hicules de tourisme ni pour les v\u00e9hicules utilitaires. \u00c0 l\u2019inverse, le [&hellip;]","og_url":"https:\/\/www.gereso.com\/actualites\/2019\/01\/30\/40-de-tva-recuperable-sur-lessence\/","og_site_name":"Le Blog GERESO","article_published_time":"2019-01-30T16:44:09+00:00","article_modified_time":"2019-02-26T08:06:00+00:00","author":"Damien P\u00e9an","twitter_card":"summary_large_image","schema":{"@context":"https:\/\/schema.org","@graph":[{"@type":"WebPage","@id":"https:\/\/www.gereso.com\/actualites\/2019\/01\/30\/40-de-tva-recuperable-sur-lessence\/","url":"https:\/\/www.gereso.com\/actualites\/2019\/01\/30\/40-de-tva-recuperable-sur-lessence\/","name":"40% de TVA r\u00e9cup\u00e9rable sur l\u2019essence - Le Blog GERESO","isPartOf":{"@id":"https:\/\/www.gereso.com\/actualites\/#website"},"datePublished":"2019-01-30T16:44:09+00:00","dateModified":"2019-02-26T08:06:00+00:00","author":{"@id":"https:\/\/www.gereso.com\/actualites\/#\/schema\/person\/c91814f92d627ed4715993fbbf7c7e8d"},"breadcrumb":{"@id":"https:\/\/www.gereso.com\/actualites\/2019\/01\/30\/40-de-tva-recuperable-sur-lessence\/#breadcrumb"},"inLanguage":"fr-FR","potentialAction":[{"@type":"ReadAction","target":["https:\/\/www.gereso.com\/actualites\/2019\/01\/30\/40-de-tva-recuperable-sur-lessence\/"]}]},{"@type":"BreadcrumbList","@id":"https:\/\/www.gereso.com\/actualites\/2019\/01\/30\/40-de-tva-recuperable-sur-lessence\/#breadcrumb","itemListElement":[{"@type":"ListItem","position":1,"name":"Home","item":"https:\/\/www.gereso.com\/actualites\/"},{"@type":"ListItem","position":2,"name":"40% de TVA r\u00e9cup\u00e9rable sur l\u2019essence"}]},{"@type":"WebSite","@id":"https:\/\/www.gereso.com\/actualites\/#website","url":"https:\/\/www.gereso.com\/actualites\/","name":"Le Blog GERESO","description":"Toute l&#039;actu RH, Finance, Fonction Publique, Management...","potentialAction":[{"@type":"SearchAction","target":{"@type":"EntryPoint","urlTemplate":"https:\/\/www.gereso.com\/actualites\/?s={search_term_string}"},"query-input":{"@type":"PropertyValueSpecification","valueRequired":true,"valueName":"search_term_string"}}],"inLanguage":"fr-FR"},{"@type":"Person","@id":"https:\/\/www.gereso.com\/actualites\/#\/schema\/person\/c91814f92d627ed4715993fbbf7c7e8d","name":"Damien P\u00e9an","image":{"@type":"ImageObject","inLanguage":"fr-FR","@id":"https:\/\/www.gereso.com\/actualites\/#\/schema\/person\/image\/","url":"https:\/\/www.gereso.com\/actualites\/wp-content\/uploads\/2016\/03\/damien-pean.jpg","contentUrl":"https:\/\/www.gereso.com\/actualites\/wp-content\/uploads\/2016\/03\/damien-pean.jpg","caption":"Damien P\u00e9an"},"description":"Damien P\u00c9AN est titulaire du Dipl\u00f4me d'\u00e9tudes sup\u00e9rieures comptables et financi\u00e8res (DESCF). Il intervient depuis plusieurs ann\u00e9es aupr\u00e8s d'\u00e9tudiants en licence de comptabilit\u00e9 et de gestion, \u00e0 qui il enseigne le contr\u00f4le de gestion, la comptabilit\u00e9 approfondie, le management, la fiscalit\u00e9, le droit des soci\u00e9t\u00e9s et le droit du travail. Il intervient \u00e9galement en formation continue pour le compte de divers organismes de formation sur des th\u00e9matiques techniques en comptabilit\u00e9 et fiscalit\u00e9. Il forme aussi un public de non-initi\u00e9s aux fondamentaux de la finance.","url":"https:\/\/www.gereso.com\/actualites\/author\/d-pean\/"}]}},"_links":{"self":[{"href":"https:\/\/www.gereso.com\/actualites\/wp-json\/wp\/v2\/posts\/10004","targetHints":{"allow":["GET"]}}],"collection":[{"href":"https:\/\/www.gereso.com\/actualites\/wp-json\/wp\/v2\/posts"}],"about":[{"href":"https:\/\/www.gereso.com\/actualites\/wp-json\/wp\/v2\/types\/post"}],"author":[{"embeddable":true,"href":"https:\/\/www.gereso.com\/actualites\/wp-json\/wp\/v2\/users\/45"}],"replies":[{"embeddable":true,"href":"https:\/\/www.gereso.com\/actualites\/wp-json\/wp\/v2\/comments?post=10004"}],"version-history":[{"count":3,"href":"https:\/\/www.gereso.com\/actualites\/wp-json\/wp\/v2\/posts\/10004\/revisions"}],"predecessor-version":[{"id":10348,"href":"https:\/\/www.gereso.com\/actualites\/wp-json\/wp\/v2\/posts\/10004\/revisions\/10348"}],"wp:attachment":[{"href":"https:\/\/www.gereso.com\/actualites\/wp-json\/wp\/v2\/media?parent=10004"}],"wp:term":[{"taxonomy":"category","embeddable":true,"href":"https:\/\/www.gereso.com\/actualites\/wp-json\/wp\/v2\/categories?post=10004"},{"taxonomy":"post_tag","embeddable":true,"href":"https:\/\/www.gereso.com\/actualites\/wp-json\/wp\/v2\/tags?post=10004"}],"curies":[{"name":"wp","href":"https:\/\/api.w.org\/{rel}","templated":true}]}}