{"id":10539,"date":"2019-03-15T01:01:41","date_gmt":"2019-03-14T23:01:41","guid":{"rendered":"https:\/\/www.gereso.com\/actualites\/?p=10539"},"modified":"2019-03-15T01:01:43","modified_gmt":"2019-03-14T23:01:43","slug":"gafa-et-modification-de-la-baisse-de-lis-le-projet-de-loi","status":"publish","type":"post","link":"https:\/\/www.gereso.com\/actualites\/2019\/03\/15\/gafa-et-modification-de-la-baisse-de-lis-le-projet-de-loi\/","title":{"rendered":"GAFA et modification de la baisse de l\u2019IS : le projet de loi"},"content":{"rendered":"\n<p>Un <a href=\"http:\/\/www.assemblee-nationale.fr\/15\/projets\/pl1737.asp\">projet de loi<\/a> instaurant la <strong>taxe GAFA<\/strong> et modifiant la trajectoire de <strong>diminution de l\u2019imp\u00f4t sur les soci\u00e9t\u00e9s<\/strong> a r\u00e9cemment \u00e9t\u00e9 enregistr\u00e9 \u00e0 l\u2019Assembl\u00e9e nationale. <\/p>\n\n\n\n<h2 class=\"wp-block-heading\"><strong>Taxe sur les services\nnum\u00e9riques<\/strong><\/h2>\n\n\n\n<p>Ce projet de loi, port\u00e9 par Bruno Le Maire, vise\nprincipalement \u00e0 financer la loi portant mesures d\u2019urgence \u00e9conomique et\nsociale vot\u00e9e en r\u00e9ponse au mouvement des <strong>gilets\njaunes<\/strong>. Il ne comprend que 2 articles. Le premier vise \u00e0 instaurer une <strong>taxe sur les services num\u00e9riques<\/strong>. Mieux\nconnue sous le nom de taxe GAFA, en r\u00e9f\u00e9rence aux g\u00e9ants du num\u00e9rique (Google,\nApple, Facebook, Amazon), elle vise \u00e0 taxer davantage ces soci\u00e9t\u00e9s qui\ng\u00e9n\u00e9ralement installent leur si\u00e8ge dans les pays \u00e0 plus faible imposition. Leur\ntaux moyen d\u2019imposition est souvent tr\u00e8s inf\u00e9rieur \u00e0 de nombreuses PME en\nFrance.<\/p>\n\n\n\n<p>Cette taxe ne viserait que les grandes soci\u00e9t\u00e9s dont le\nmontant du chiffre d\u2019affaires li\u00e9 aux services de ciblage publicitaire et\nd\u2019interm\u00e9diation num\u00e9rique exc\u00e8de <strong>750\nmillions \u20ac<\/strong> au niveau mondial et <strong>25\nmillions \u20ac<\/strong> au niveau fran\u00e7ais. Elle s\u2019\u00e9l\u00e8vera \u00e0 <strong>3% des services imposables<\/strong> r\u00e9alis\u00e9s en France.<\/p>\n\n\n\n<p>En revanche, seront exclues de cette taxe GAFA, les ventes\nen ligne et la fourniture de contenus num\u00e9riques sur le mod\u00e8le d\u2019achat\/revente.\n<\/p>\n\n\n\n<h2 class=\"wp-block-heading\"><strong>Modification de la\ntrajectoire de baisse de l\u2019IS<\/strong><\/h2>\n\n\n\n<p>L\u2019article 2 du projet de loi pr\u00e9voit une modification de la <strong>trajectoire de la baisse de l\u2019imp\u00f4t sur les\nsoci\u00e9t\u00e9s<\/strong>. La loi de finances pour 2018 pr\u00e9voyait en effet une baisse\ncontinue du taux normal d\u2019imp\u00f4t sur les soci\u00e9t\u00e9s pour atteindre <strong>25% en 2022<\/strong>. Pour les exercices ouverts\nau 1<sup>er<\/sup> janvier 2019, toutes les soci\u00e9t\u00e9s devaient profiter d\u2019un taux\nd\u2019IS \u00e0 28% jusqu\u2019\u00e0 500.000 \u20ac de b\u00e9n\u00e9fice imposable et <strong>31% au-del\u00e0<\/strong>.<\/p>\n\n\n\n<p>L\u2019article 2 pr\u00e9voit un gel de cette baisse d\u2019IS pour 2019\npour les soci\u00e9t\u00e9s dont le chiffre d\u2019affaires exc\u00e8de <strong>250 millions \u20ac.<\/strong><\/p>\n\n\n\n<table class=\"wp-block-table aligncenter\"><tbody><tr><td>\n  <strong>Redevables<\/strong>\n  <\/td><td>\n  <strong>2018<\/strong>\n  <\/td><td>\n  <strong>2019<\/strong>\n  <\/td><\/tr><tr><td>\n  Soci\u00e9t\u00e9s dont le chiffre d\u2019affaires exc\u00e8de 250 millions \u20ac\n  <\/td><td>\n  28% jusqu\u2019\u00e0 500.000 \u20ac de r\u00e9sultat fiscal et 33,1\/3% au-del\u00e0.\n  <\/td><td>\n  28% jusqu\u2019\u00e0 500.000 \u20ac de r\u00e9sultat fiscal et 33,1\/3% au-del\u00e0.\n  <\/td><\/tr><tr><td>\n  Autres redevables de l\u2019IS (hors taux r\u00e9duit des PME)\n  <\/td><td>\n  28% jusqu\u2019\u00e0 500.000 \u20ac de r\u00e9sultat fiscal et 33,1\/3% au-del\u00e0.\n  <\/td><td>\n  28% jusqu\u2019\u00e0 500.000 \u20ac de r\u00e9sultat fiscal et 31% au-del\u00e0.\n  <\/td><\/tr><\/tbody><\/table>\n","protected":false},"excerpt":{"rendered":"<p>Un projet de loi instaurant la taxe GAFA et modifiant la trajectoire de diminution de l\u2019imp\u00f4t sur les soci\u00e9t\u00e9s a r\u00e9cemment \u00e9t\u00e9 enregistr\u00e9 \u00e0 l\u2019Assembl\u00e9e nationale. Taxe sur les services num\u00e9riques Ce projet de loi, port\u00e9 par Bruno Le Maire, vise principalement \u00e0 financer la loi portant mesures d\u2019urgence \u00e9conomique et sociale vot\u00e9e en r\u00e9ponse [&hellip;]<\/p>\n","protected":false},"author":45,"featured_media":0,"comment_status":"open","ping_status":"open","sticky":false,"template":"","format":"quote","meta":{"_acf_changed":false,"_mi_skip_tracking":false,"footnotes":""},"categories":[12,1544],"tags":[874],"class_list":["post-10539","post","type-post","status-publish","format-quote","hentry","category-actualites","category-banque","tag-impot-sur-les-societes","post_format-post-format-quote"],"acf":[],"yoast_head":"<!-- This site is optimized with the Yoast SEO plugin v23.4 - https:\/\/yoast.com\/wordpress\/plugins\/seo\/ -->\n<title>GAFA et modification de la baisse de l\u2019IS : le projet de loi - Le Blog GERESO<\/title>\n<meta name=\"robots\" content=\"index, follow, max-snippet:-1, max-image-preview:large, max-video-preview:-1\" \/>\n<link rel=\"canonical\" href=\"https:\/\/www.gereso.com\/actualites\/2019\/03\/15\/gafa-et-modification-de-la-baisse-de-lis-le-projet-de-loi\/\" \/>\n<meta property=\"og:locale\" content=\"fr_FR\" \/>\n<meta property=\"og:type\" content=\"article\" \/>\n<meta property=\"og:title\" content=\"GAFA et modification de la baisse de l\u2019IS : le projet de loi - Le Blog GERESO\" \/>\n<meta property=\"og:description\" content=\"Un projet de loi instaurant la taxe GAFA et modifiant la trajectoire de diminution de l\u2019imp\u00f4t sur les soci\u00e9t\u00e9s a r\u00e9cemment \u00e9t\u00e9 enregistr\u00e9 \u00e0 l\u2019Assembl\u00e9e nationale. Taxe sur les services num\u00e9riques Ce projet de loi, port\u00e9 par Bruno Le Maire, vise principalement \u00e0 financer la loi portant mesures d\u2019urgence \u00e9conomique et sociale vot\u00e9e en r\u00e9ponse [&hellip;]\" \/>\n<meta property=\"og:url\" content=\"https:\/\/www.gereso.com\/actualites\/2019\/03\/15\/gafa-et-modification-de-la-baisse-de-lis-le-projet-de-loi\/\" \/>\n<meta property=\"og:site_name\" content=\"Le Blog GERESO\" \/>\n<meta property=\"article:published_time\" content=\"2019-03-14T23:01:41+00:00\" \/>\n<meta property=\"article:modified_time\" content=\"2019-03-14T23:01:43+00:00\" \/>\n<meta name=\"author\" content=\"Damien P\u00e9an\" \/>\n<meta name=\"twitter:card\" content=\"summary_large_image\" \/>\n<script type=\"application\/ld+json\" class=\"yoast-schema-graph\">{\"@context\":\"https:\/\/schema.org\",\"@graph\":[{\"@type\":\"WebPage\",\"@id\":\"https:\/\/www.gereso.com\/actualites\/2019\/03\/15\/gafa-et-modification-de-la-baisse-de-lis-le-projet-de-loi\/\",\"url\":\"https:\/\/www.gereso.com\/actualites\/2019\/03\/15\/gafa-et-modification-de-la-baisse-de-lis-le-projet-de-loi\/\",\"name\":\"GAFA et modification de la baisse de l\u2019IS : le projet de loi - Le Blog GERESO\",\"isPartOf\":{\"@id\":\"https:\/\/www.gereso.com\/actualites\/#website\"},\"datePublished\":\"2019-03-14T23:01:41+00:00\",\"dateModified\":\"2019-03-14T23:01:43+00:00\",\"author\":{\"@id\":\"https:\/\/www.gereso.com\/actualites\/#\/schema\/person\/c91814f92d627ed4715993fbbf7c7e8d\"},\"breadcrumb\":{\"@id\":\"https:\/\/www.gereso.com\/actualites\/2019\/03\/15\/gafa-et-modification-de-la-baisse-de-lis-le-projet-de-loi\/#breadcrumb\"},\"inLanguage\":\"fr-FR\",\"potentialAction\":[{\"@type\":\"ReadAction\",\"target\":[\"https:\/\/www.gereso.com\/actualites\/2019\/03\/15\/gafa-et-modification-de-la-baisse-de-lis-le-projet-de-loi\/\"]}]},{\"@type\":\"BreadcrumbList\",\"@id\":\"https:\/\/www.gereso.com\/actualites\/2019\/03\/15\/gafa-et-modification-de-la-baisse-de-lis-le-projet-de-loi\/#breadcrumb\",\"itemListElement\":[{\"@type\":\"ListItem\",\"position\":1,\"name\":\"Home\",\"item\":\"https:\/\/www.gereso.com\/actualites\/\"},{\"@type\":\"ListItem\",\"position\":2,\"name\":\"GAFA et modification de la baisse de l\u2019IS : le projet de loi\"}]},{\"@type\":\"WebSite\",\"@id\":\"https:\/\/www.gereso.com\/actualites\/#website\",\"url\":\"https:\/\/www.gereso.com\/actualites\/\",\"name\":\"Le Blog GERESO\",\"description\":\"Toute l&#039;actu RH, Finance, Fonction Publique, Management...\",\"potentialAction\":[{\"@type\":\"SearchAction\",\"target\":{\"@type\":\"EntryPoint\",\"urlTemplate\":\"https:\/\/www.gereso.com\/actualites\/?s={search_term_string}\"},\"query-input\":{\"@type\":\"PropertyValueSpecification\",\"valueRequired\":true,\"valueName\":\"search_term_string\"}}],\"inLanguage\":\"fr-FR\"},{\"@type\":\"Person\",\"@id\":\"https:\/\/www.gereso.com\/actualites\/#\/schema\/person\/c91814f92d627ed4715993fbbf7c7e8d\",\"name\":\"Damien P\u00e9an\",\"image\":{\"@type\":\"ImageObject\",\"inLanguage\":\"fr-FR\",\"@id\":\"https:\/\/www.gereso.com\/actualites\/#\/schema\/person\/image\/\",\"url\":\"https:\/\/www.gereso.com\/actualites\/wp-content\/uploads\/2016\/03\/damien-pean.jpg\",\"contentUrl\":\"https:\/\/www.gereso.com\/actualites\/wp-content\/uploads\/2016\/03\/damien-pean.jpg\",\"caption\":\"Damien P\u00e9an\"},\"description\":\"Damien P\u00c9AN est titulaire du Dipl\u00f4me d'\u00e9tudes sup\u00e9rieures comptables et financi\u00e8res (DESCF). Il intervient depuis plusieurs ann\u00e9es aupr\u00e8s d'\u00e9tudiants en licence de comptabilit\u00e9 et de gestion, \u00e0 qui il enseigne le contr\u00f4le de gestion, la comptabilit\u00e9 approfondie, le management, la fiscalit\u00e9, le droit des soci\u00e9t\u00e9s et le droit du travail. Il intervient \u00e9galement en formation continue pour le compte de divers organismes de formation sur des th\u00e9matiques techniques en comptabilit\u00e9 et fiscalit\u00e9. Il forme aussi un public de non-initi\u00e9s aux fondamentaux de la finance.\",\"url\":\"https:\/\/www.gereso.com\/actualites\/author\/d-pean\/\"}]}<\/script>\n<!-- \/ Yoast SEO plugin. -->","yoast_head_json":{"title":"GAFA et modification de la baisse de l\u2019IS : le projet de loi - Le Blog GERESO","robots":{"index":"index","follow":"follow","max-snippet":"max-snippet:-1","max-image-preview":"max-image-preview:large","max-video-preview":"max-video-preview:-1"},"canonical":"https:\/\/www.gereso.com\/actualites\/2019\/03\/15\/gafa-et-modification-de-la-baisse-de-lis-le-projet-de-loi\/","og_locale":"fr_FR","og_type":"article","og_title":"GAFA et modification de la baisse de l\u2019IS : le projet de loi - Le Blog GERESO","og_description":"Un projet de loi instaurant la taxe GAFA et modifiant la trajectoire de diminution de l\u2019imp\u00f4t sur les soci\u00e9t\u00e9s a r\u00e9cemment \u00e9t\u00e9 enregistr\u00e9 \u00e0 l\u2019Assembl\u00e9e nationale. Taxe sur les services num\u00e9riques Ce projet de loi, port\u00e9 par Bruno Le Maire, vise principalement \u00e0 financer la loi portant mesures d\u2019urgence \u00e9conomique et sociale vot\u00e9e en r\u00e9ponse [&hellip;]","og_url":"https:\/\/www.gereso.com\/actualites\/2019\/03\/15\/gafa-et-modification-de-la-baisse-de-lis-le-projet-de-loi\/","og_site_name":"Le Blog GERESO","article_published_time":"2019-03-14T23:01:41+00:00","article_modified_time":"2019-03-14T23:01:43+00:00","author":"Damien P\u00e9an","twitter_card":"summary_large_image","schema":{"@context":"https:\/\/schema.org","@graph":[{"@type":"WebPage","@id":"https:\/\/www.gereso.com\/actualites\/2019\/03\/15\/gafa-et-modification-de-la-baisse-de-lis-le-projet-de-loi\/","url":"https:\/\/www.gereso.com\/actualites\/2019\/03\/15\/gafa-et-modification-de-la-baisse-de-lis-le-projet-de-loi\/","name":"GAFA et modification de la baisse de l\u2019IS : le projet de loi - Le Blog GERESO","isPartOf":{"@id":"https:\/\/www.gereso.com\/actualites\/#website"},"datePublished":"2019-03-14T23:01:41+00:00","dateModified":"2019-03-14T23:01:43+00:00","author":{"@id":"https:\/\/www.gereso.com\/actualites\/#\/schema\/person\/c91814f92d627ed4715993fbbf7c7e8d"},"breadcrumb":{"@id":"https:\/\/www.gereso.com\/actualites\/2019\/03\/15\/gafa-et-modification-de-la-baisse-de-lis-le-projet-de-loi\/#breadcrumb"},"inLanguage":"fr-FR","potentialAction":[{"@type":"ReadAction","target":["https:\/\/www.gereso.com\/actualites\/2019\/03\/15\/gafa-et-modification-de-la-baisse-de-lis-le-projet-de-loi\/"]}]},{"@type":"BreadcrumbList","@id":"https:\/\/www.gereso.com\/actualites\/2019\/03\/15\/gafa-et-modification-de-la-baisse-de-lis-le-projet-de-loi\/#breadcrumb","itemListElement":[{"@type":"ListItem","position":1,"name":"Home","item":"https:\/\/www.gereso.com\/actualites\/"},{"@type":"ListItem","position":2,"name":"GAFA et modification de la baisse de l\u2019IS : le projet de loi"}]},{"@type":"WebSite","@id":"https:\/\/www.gereso.com\/actualites\/#website","url":"https:\/\/www.gereso.com\/actualites\/","name":"Le Blog GERESO","description":"Toute l&#039;actu RH, Finance, Fonction Publique, Management...","potentialAction":[{"@type":"SearchAction","target":{"@type":"EntryPoint","urlTemplate":"https:\/\/www.gereso.com\/actualites\/?s={search_term_string}"},"query-input":{"@type":"PropertyValueSpecification","valueRequired":true,"valueName":"search_term_string"}}],"inLanguage":"fr-FR"},{"@type":"Person","@id":"https:\/\/www.gereso.com\/actualites\/#\/schema\/person\/c91814f92d627ed4715993fbbf7c7e8d","name":"Damien P\u00e9an","image":{"@type":"ImageObject","inLanguage":"fr-FR","@id":"https:\/\/www.gereso.com\/actualites\/#\/schema\/person\/image\/","url":"https:\/\/www.gereso.com\/actualites\/wp-content\/uploads\/2016\/03\/damien-pean.jpg","contentUrl":"https:\/\/www.gereso.com\/actualites\/wp-content\/uploads\/2016\/03\/damien-pean.jpg","caption":"Damien P\u00e9an"},"description":"Damien P\u00c9AN est titulaire du Dipl\u00f4me d'\u00e9tudes sup\u00e9rieures comptables et financi\u00e8res (DESCF). Il intervient depuis plusieurs ann\u00e9es aupr\u00e8s d'\u00e9tudiants en licence de comptabilit\u00e9 et de gestion, \u00e0 qui il enseigne le contr\u00f4le de gestion, la comptabilit\u00e9 approfondie, le management, la fiscalit\u00e9, le droit des soci\u00e9t\u00e9s et le droit du travail. Il intervient \u00e9galement en formation continue pour le compte de divers organismes de formation sur des th\u00e9matiques techniques en comptabilit\u00e9 et fiscalit\u00e9. Il forme aussi un public de non-initi\u00e9s aux fondamentaux de la finance.","url":"https:\/\/www.gereso.com\/actualites\/author\/d-pean\/"}]}},"_links":{"self":[{"href":"https:\/\/www.gereso.com\/actualites\/wp-json\/wp\/v2\/posts\/10539","targetHints":{"allow":["GET"]}}],"collection":[{"href":"https:\/\/www.gereso.com\/actualites\/wp-json\/wp\/v2\/posts"}],"about":[{"href":"https:\/\/www.gereso.com\/actualites\/wp-json\/wp\/v2\/types\/post"}],"author":[{"embeddable":true,"href":"https:\/\/www.gereso.com\/actualites\/wp-json\/wp\/v2\/users\/45"}],"replies":[{"embeddable":true,"href":"https:\/\/www.gereso.com\/actualites\/wp-json\/wp\/v2\/comments?post=10539"}],"version-history":[{"count":2,"href":"https:\/\/www.gereso.com\/actualites\/wp-json\/wp\/v2\/posts\/10539\/revisions"}],"predecessor-version":[{"id":10541,"href":"https:\/\/www.gereso.com\/actualites\/wp-json\/wp\/v2\/posts\/10539\/revisions\/10541"}],"wp:attachment":[{"href":"https:\/\/www.gereso.com\/actualites\/wp-json\/wp\/v2\/media?parent=10539"}],"wp:term":[{"taxonomy":"category","embeddable":true,"href":"https:\/\/www.gereso.com\/actualites\/wp-json\/wp\/v2\/categories?post=10539"},{"taxonomy":"post_tag","embeddable":true,"href":"https:\/\/www.gereso.com\/actualites\/wp-json\/wp\/v2\/tags?post=10539"}],"curies":[{"name":"wp","href":"https:\/\/api.w.org\/{rel}","templated":true}]}}