{"id":11017,"date":"2019-05-17T11:28:27","date_gmt":"2019-05-17T09:28:27","guid":{"rendered":"https:\/\/www.gereso.com\/actualites\/?p=11017"},"modified":"2019-05-17T11:28:29","modified_gmt":"2019-05-17T09:28:29","slug":"notre-dame-de-paris-projet-de-loi-en-faveur-des-dons","status":"publish","type":"post","link":"https:\/\/www.gereso.com\/actualites\/2019\/05\/17\/notre-dame-de-paris-projet-de-loi-en-faveur-des-dons\/","title":{"rendered":"Notre-Dame de Paris : projet de loi en faveur des dons"},"content":{"rendered":"\n<p>L\u2019Assembl\u00e9e nationale a adopt\u00e9 en premi\u00e8re lecture le projet\nde loi pour la restauration et la conservation de la cath\u00e9drale <strong>Notre-Dame de Paris<\/strong>. Le texte comprend\nnotamment une <strong>r\u00e9duction d\u2019imp\u00f4t pour don<\/strong>\nmajor\u00e9e.<\/p>\n\n\n\n<h2 class=\"wp-block-heading\"><strong>Une souscription\nnationale<\/strong><\/h2>\n\n\n\n<p>Afin d\u2019assurer la <strong>reconstruction\n<\/strong>de Notre-Dame de Paris suite \u00e0 l\u2019important incendie intervenu le 15 avril, une\nsouscription nationale a \u00e9t\u00e9 lanc\u00e9e d\u00e8s le 16 avril. Les d\u00e9put\u00e9s ont adopt\u00e9, le\n10 mai \u00e0 une large majorit\u00e9, le <strong>projet\nde loi<\/strong> officialisant et encadrant cette souscription. <\/p>\n\n\n\n<p>Elle sera cl\u00f4tur\u00e9e par d\u00e9cret. Les dons pourront \u00eatre\nr\u00e9alis\u00e9s aupr\u00e8s des organismes suivants&nbsp;:<\/p>\n\n\n\n<ul class=\"wp-block-list\"><li>au Tr\u00e9sor public<\/li><li>au centre des monuments nationaux, <\/li><li>aux fondations reconnues d\u2019utilit\u00e9 publique\n\u00ab&nbsp;Fondation de France&nbsp;\u00bb, \u00ab&nbsp;Fondation du patrimoine&nbsp;\u00bb et\n\u00ab&nbsp;Fondation Notre-Dame&nbsp;\u00bb.<\/li><\/ul>\n\n\n\n<h2 class=\"wp-block-heading\"><strong>Une r\u00e9duction d\u2019imp\u00f4t\npour don major\u00e9e<\/strong><\/h2>\n\n\n\n<p>L\u2019article 5 du projet de loi pr\u00e9voit d\u2019instaurer une nouvelle\n<strong>r\u00e9duction d\u2019imp\u00f4t pour don<\/strong> d\u00e9di\u00e9e \u00e0\ncette cause au taux major\u00e9 de <strong>75% dans\nla limite d\u2019un don de 1.000 \u20ac.<\/strong> <\/p>\n\n\n\n<p>Les dons en faveur de la reconstruction de la cath\u00e9drale qui\nexc\u00e8deraient cette limite b\u00e9n\u00e9ficieraient du taux de droit commun applicable\naux autres dons, \u00e0 savoir <strong>66%<\/strong> dans\nla limite de 20% du revenu imposable. Le taux major\u00e9 de 75% ne sera applicable\nque pour les dons r\u00e9alis\u00e9s entre le 16 avril et le 31 d\u00e9cembre 2019.<\/p>\n\n\n\n<p>La l\u00e9gislation pr\u00e9voit d\u00e9j\u00e0 une r\u00e9duction d\u2019imp\u00f4t sur le\nrevenu de 75% dans la limite d\u2019un versement de 537 \u20ac pour les dons r\u00e9alis\u00e9s\naupr\u00e8s d\u2019un organisme d\u2019aide aux personnes en difficult\u00e9.<\/p>\n\n\n\n<p>La future r\u00e9duction d\u2019imp\u00f4t du m\u00eame taux pr\u00e9vue par le\nprojet de loi ne s\u2019imputera par sur ce plafond. Le projet de loi fera l\u2019objet d\u2019une\npremi\u00e8re lecture au S\u00e9nat le 27 mai prochain. Sur ce texte, le Gouvernement a\nengag\u00e9 la <strong>proc\u00e9dure acc\u00e9l\u00e9r\u00e9e<\/strong>. Le\ntexte pourrait ne faire l\u2019objet que d\u2019une seule lecture au Parlement. <\/p>\n\n\n\n<p>Enfin, il est rappel\u00e9 que ce texte de loi ne concerne que\nles dons r\u00e9alis\u00e9s par les particuliers. La r\u00e9duction d\u2019imp\u00f4t pour les <strong>dons r\u00e9alis\u00e9s par les entreprises<\/strong> n\u2019est\npas modifi\u00e9e. Les entreprises souhaitant participer \u00e0 la souscription nationale\nen faveur de la reconstruction de Notre-Dame b\u00e9n\u00e9ficieront d\u2019une r\u00e9duction d\u2019imp\u00f4t\nsur les b\u00e9n\u00e9fices de <strong>60%<\/strong> dans la\nlimite de 5 pour mille du chiffre d\u2019affaires ou de 10.000 \u20ac si ce dernier plafond\nest plus \u00e9lev\u00e9.<\/p>\n","protected":false},"excerpt":{"rendered":"<p>L\u2019Assembl\u00e9e nationale a adopt\u00e9 en premi\u00e8re lecture le projet de loi pour la restauration et la conservation de la cath\u00e9drale Notre-Dame de Paris. Le texte comprend notamment une r\u00e9duction d\u2019imp\u00f4t pour don major\u00e9e. Une souscription nationale Afin d\u2019assurer la reconstruction de Notre-Dame de Paris suite \u00e0 l\u2019important incendie intervenu le 15 avril, une souscription nationale [&hellip;]<\/p>\n","protected":false},"author":45,"featured_media":0,"comment_status":"open","ping_status":"open","sticky":false,"template":"","format":"quote","meta":{"_acf_changed":false,"_mi_skip_tracking":false,"footnotes":""},"categories":[12,3],"tags":[1676,1092],"class_list":["post-11017","post","type-post","status-publish","format-quote","hentry","category-actualites","category-comptabilite-fiscalite-et-gestion-financiere","tag-dons","tag-reduction-dimpot","post_format-post-format-quote"],"acf":[],"yoast_head":"<!-- This site is optimized with the Yoast SEO plugin v23.4 - https:\/\/yoast.com\/wordpress\/plugins\/seo\/ -->\n<title>Notre-Dame de Paris : projet de loi en faveur des dons - Le Blog GERESO<\/title>\n<meta name=\"robots\" content=\"index, follow, max-snippet:-1, max-image-preview:large, max-video-preview:-1\" \/>\n<link rel=\"canonical\" href=\"https:\/\/www.gereso.com\/actualites\/2019\/05\/17\/notre-dame-de-paris-projet-de-loi-en-faveur-des-dons\/\" \/>\n<meta property=\"og:locale\" content=\"fr_FR\" \/>\n<meta property=\"og:type\" content=\"article\" \/>\n<meta property=\"og:title\" content=\"Notre-Dame de Paris : projet de loi en faveur des dons - Le Blog GERESO\" \/>\n<meta property=\"og:description\" content=\"L\u2019Assembl\u00e9e nationale a adopt\u00e9 en premi\u00e8re lecture le projet de loi pour la restauration et la conservation de la cath\u00e9drale Notre-Dame de Paris. Le texte comprend notamment une r\u00e9duction d\u2019imp\u00f4t pour don major\u00e9e. Une souscription nationale Afin d\u2019assurer la reconstruction de Notre-Dame de Paris suite \u00e0 l\u2019important incendie intervenu le 15 avril, une souscription nationale [&hellip;]\" \/>\n<meta property=\"og:url\" content=\"https:\/\/www.gereso.com\/actualites\/2019\/05\/17\/notre-dame-de-paris-projet-de-loi-en-faveur-des-dons\/\" \/>\n<meta property=\"og:site_name\" content=\"Le Blog GERESO\" \/>\n<meta property=\"article:published_time\" content=\"2019-05-17T09:28:27+00:00\" \/>\n<meta property=\"article:modified_time\" content=\"2019-05-17T09:28:29+00:00\" \/>\n<meta name=\"author\" content=\"Damien P\u00e9an\" \/>\n<meta name=\"twitter:card\" content=\"summary_large_image\" \/>\n<script type=\"application\/ld+json\" class=\"yoast-schema-graph\">{\"@context\":\"https:\/\/schema.org\",\"@graph\":[{\"@type\":\"WebPage\",\"@id\":\"https:\/\/www.gereso.com\/actualites\/2019\/05\/17\/notre-dame-de-paris-projet-de-loi-en-faveur-des-dons\/\",\"url\":\"https:\/\/www.gereso.com\/actualites\/2019\/05\/17\/notre-dame-de-paris-projet-de-loi-en-faveur-des-dons\/\",\"name\":\"Notre-Dame de Paris : projet de loi en faveur des dons - Le Blog GERESO\",\"isPartOf\":{\"@id\":\"https:\/\/www.gereso.com\/actualites\/#website\"},\"datePublished\":\"2019-05-17T09:28:27+00:00\",\"dateModified\":\"2019-05-17T09:28:29+00:00\",\"author\":{\"@id\":\"https:\/\/www.gereso.com\/actualites\/#\/schema\/person\/c91814f92d627ed4715993fbbf7c7e8d\"},\"breadcrumb\":{\"@id\":\"https:\/\/www.gereso.com\/actualites\/2019\/05\/17\/notre-dame-de-paris-projet-de-loi-en-faveur-des-dons\/#breadcrumb\"},\"inLanguage\":\"fr-FR\",\"potentialAction\":[{\"@type\":\"ReadAction\",\"target\":[\"https:\/\/www.gereso.com\/actualites\/2019\/05\/17\/notre-dame-de-paris-projet-de-loi-en-faveur-des-dons\/\"]}]},{\"@type\":\"BreadcrumbList\",\"@id\":\"https:\/\/www.gereso.com\/actualites\/2019\/05\/17\/notre-dame-de-paris-projet-de-loi-en-faveur-des-dons\/#breadcrumb\",\"itemListElement\":[{\"@type\":\"ListItem\",\"position\":1,\"name\":\"Home\",\"item\":\"https:\/\/www.gereso.com\/actualites\/\"},{\"@type\":\"ListItem\",\"position\":2,\"name\":\"Notre-Dame de Paris : projet de loi en faveur des dons\"}]},{\"@type\":\"WebSite\",\"@id\":\"https:\/\/www.gereso.com\/actualites\/#website\",\"url\":\"https:\/\/www.gereso.com\/actualites\/\",\"name\":\"Le Blog GERESO\",\"description\":\"Toute l&#039;actu RH, Finance, Fonction Publique, Management...\",\"potentialAction\":[{\"@type\":\"SearchAction\",\"target\":{\"@type\":\"EntryPoint\",\"urlTemplate\":\"https:\/\/www.gereso.com\/actualites\/?s={search_term_string}\"},\"query-input\":{\"@type\":\"PropertyValueSpecification\",\"valueRequired\":true,\"valueName\":\"search_term_string\"}}],\"inLanguage\":\"fr-FR\"},{\"@type\":\"Person\",\"@id\":\"https:\/\/www.gereso.com\/actualites\/#\/schema\/person\/c91814f92d627ed4715993fbbf7c7e8d\",\"name\":\"Damien P\u00e9an\",\"image\":{\"@type\":\"ImageObject\",\"inLanguage\":\"fr-FR\",\"@id\":\"https:\/\/www.gereso.com\/actualites\/#\/schema\/person\/image\/\",\"url\":\"https:\/\/www.gereso.com\/actualites\/wp-content\/uploads\/2016\/03\/damien-pean.jpg\",\"contentUrl\":\"https:\/\/www.gereso.com\/actualites\/wp-content\/uploads\/2016\/03\/damien-pean.jpg\",\"caption\":\"Damien P\u00e9an\"},\"description\":\"Damien P\u00c9AN est titulaire du Dipl\u00f4me d'\u00e9tudes sup\u00e9rieures comptables et financi\u00e8res (DESCF). Il intervient depuis plusieurs ann\u00e9es aupr\u00e8s d'\u00e9tudiants en licence de comptabilit\u00e9 et de gestion, \u00e0 qui il enseigne le contr\u00f4le de gestion, la comptabilit\u00e9 approfondie, le management, la fiscalit\u00e9, le droit des soci\u00e9t\u00e9s et le droit du travail. Il intervient \u00e9galement en formation continue pour le compte de divers organismes de formation sur des th\u00e9matiques techniques en comptabilit\u00e9 et fiscalit\u00e9. Il forme aussi un public de non-initi\u00e9s aux fondamentaux de la finance.\",\"url\":\"https:\/\/www.gereso.com\/actualites\/author\/d-pean\/\"}]}<\/script>\n<!-- \/ Yoast SEO plugin. -->","yoast_head_json":{"title":"Notre-Dame de Paris : projet de loi en faveur des dons - Le Blog GERESO","robots":{"index":"index","follow":"follow","max-snippet":"max-snippet:-1","max-image-preview":"max-image-preview:large","max-video-preview":"max-video-preview:-1"},"canonical":"https:\/\/www.gereso.com\/actualites\/2019\/05\/17\/notre-dame-de-paris-projet-de-loi-en-faveur-des-dons\/","og_locale":"fr_FR","og_type":"article","og_title":"Notre-Dame de Paris : projet de loi en faveur des dons - Le Blog GERESO","og_description":"L\u2019Assembl\u00e9e nationale a adopt\u00e9 en premi\u00e8re lecture le projet de loi pour la restauration et la conservation de la cath\u00e9drale Notre-Dame de Paris. Le texte comprend notamment une r\u00e9duction d\u2019imp\u00f4t pour don major\u00e9e. Une souscription nationale Afin d\u2019assurer la reconstruction de Notre-Dame de Paris suite \u00e0 l\u2019important incendie intervenu le 15 avril, une souscription nationale [&hellip;]","og_url":"https:\/\/www.gereso.com\/actualites\/2019\/05\/17\/notre-dame-de-paris-projet-de-loi-en-faveur-des-dons\/","og_site_name":"Le Blog GERESO","article_published_time":"2019-05-17T09:28:27+00:00","article_modified_time":"2019-05-17T09:28:29+00:00","author":"Damien P\u00e9an","twitter_card":"summary_large_image","schema":{"@context":"https:\/\/schema.org","@graph":[{"@type":"WebPage","@id":"https:\/\/www.gereso.com\/actualites\/2019\/05\/17\/notre-dame-de-paris-projet-de-loi-en-faveur-des-dons\/","url":"https:\/\/www.gereso.com\/actualites\/2019\/05\/17\/notre-dame-de-paris-projet-de-loi-en-faveur-des-dons\/","name":"Notre-Dame de Paris : projet de loi en faveur des dons - Le Blog GERESO","isPartOf":{"@id":"https:\/\/www.gereso.com\/actualites\/#website"},"datePublished":"2019-05-17T09:28:27+00:00","dateModified":"2019-05-17T09:28:29+00:00","author":{"@id":"https:\/\/www.gereso.com\/actualites\/#\/schema\/person\/c91814f92d627ed4715993fbbf7c7e8d"},"breadcrumb":{"@id":"https:\/\/www.gereso.com\/actualites\/2019\/05\/17\/notre-dame-de-paris-projet-de-loi-en-faveur-des-dons\/#breadcrumb"},"inLanguage":"fr-FR","potentialAction":[{"@type":"ReadAction","target":["https:\/\/www.gereso.com\/actualites\/2019\/05\/17\/notre-dame-de-paris-projet-de-loi-en-faveur-des-dons\/"]}]},{"@type":"BreadcrumbList","@id":"https:\/\/www.gereso.com\/actualites\/2019\/05\/17\/notre-dame-de-paris-projet-de-loi-en-faveur-des-dons\/#breadcrumb","itemListElement":[{"@type":"ListItem","position":1,"name":"Home","item":"https:\/\/www.gereso.com\/actualites\/"},{"@type":"ListItem","position":2,"name":"Notre-Dame de Paris : projet de loi en faveur des dons"}]},{"@type":"WebSite","@id":"https:\/\/www.gereso.com\/actualites\/#website","url":"https:\/\/www.gereso.com\/actualites\/","name":"Le Blog GERESO","description":"Toute l&#039;actu RH, Finance, Fonction Publique, Management...","potentialAction":[{"@type":"SearchAction","target":{"@type":"EntryPoint","urlTemplate":"https:\/\/www.gereso.com\/actualites\/?s={search_term_string}"},"query-input":{"@type":"PropertyValueSpecification","valueRequired":true,"valueName":"search_term_string"}}],"inLanguage":"fr-FR"},{"@type":"Person","@id":"https:\/\/www.gereso.com\/actualites\/#\/schema\/person\/c91814f92d627ed4715993fbbf7c7e8d","name":"Damien P\u00e9an","image":{"@type":"ImageObject","inLanguage":"fr-FR","@id":"https:\/\/www.gereso.com\/actualites\/#\/schema\/person\/image\/","url":"https:\/\/www.gereso.com\/actualites\/wp-content\/uploads\/2016\/03\/damien-pean.jpg","contentUrl":"https:\/\/www.gereso.com\/actualites\/wp-content\/uploads\/2016\/03\/damien-pean.jpg","caption":"Damien P\u00e9an"},"description":"Damien P\u00c9AN est titulaire du Dipl\u00f4me d'\u00e9tudes sup\u00e9rieures comptables et financi\u00e8res (DESCF). Il intervient depuis plusieurs ann\u00e9es aupr\u00e8s d'\u00e9tudiants en licence de comptabilit\u00e9 et de gestion, \u00e0 qui il enseigne le contr\u00f4le de gestion, la comptabilit\u00e9 approfondie, le management, la fiscalit\u00e9, le droit des soci\u00e9t\u00e9s et le droit du travail. Il intervient \u00e9galement en formation continue pour le compte de divers organismes de formation sur des th\u00e9matiques techniques en comptabilit\u00e9 et fiscalit\u00e9. Il forme aussi un public de non-initi\u00e9s aux fondamentaux de la finance.","url":"https:\/\/www.gereso.com\/actualites\/author\/d-pean\/"}]}},"_links":{"self":[{"href":"https:\/\/www.gereso.com\/actualites\/wp-json\/wp\/v2\/posts\/11017","targetHints":{"allow":["GET"]}}],"collection":[{"href":"https:\/\/www.gereso.com\/actualites\/wp-json\/wp\/v2\/posts"}],"about":[{"href":"https:\/\/www.gereso.com\/actualites\/wp-json\/wp\/v2\/types\/post"}],"author":[{"embeddable":true,"href":"https:\/\/www.gereso.com\/actualites\/wp-json\/wp\/v2\/users\/45"}],"replies":[{"embeddable":true,"href":"https:\/\/www.gereso.com\/actualites\/wp-json\/wp\/v2\/comments?post=11017"}],"version-history":[{"count":1,"href":"https:\/\/www.gereso.com\/actualites\/wp-json\/wp\/v2\/posts\/11017\/revisions"}],"predecessor-version":[{"id":11018,"href":"https:\/\/www.gereso.com\/actualites\/wp-json\/wp\/v2\/posts\/11017\/revisions\/11018"}],"wp:attachment":[{"href":"https:\/\/www.gereso.com\/actualites\/wp-json\/wp\/v2\/media?parent=11017"}],"wp:term":[{"taxonomy":"category","embeddable":true,"href":"https:\/\/www.gereso.com\/actualites\/wp-json\/wp\/v2\/categories?post=11017"},{"taxonomy":"post_tag","embeddable":true,"href":"https:\/\/www.gereso.com\/actualites\/wp-json\/wp\/v2\/tags?post=11017"}],"curies":[{"name":"wp","href":"https:\/\/api.w.org\/{rel}","templated":true}]}}