{"id":1112,"date":"2013-09-02T10:18:07","date_gmt":"2013-09-02T08:18:07","guid":{"rendered":"https:\/\/www.gereso.com\/actualites\/?p=1112"},"modified":"2019-09-30T08:43:32","modified_gmt":"2019-09-30T06:43:32","slug":"mobilite-internationale-les-nouveautes-a-integrer","status":"publish","type":"post","link":"https:\/\/www.gereso.com\/actualites\/2013\/09\/02\/mobilite-internationale-les-nouveautes-a-integrer\/","title":{"rendered":"Mobilit\u00e9 Internationale : les nouveaut\u00e9s \u00e0 int\u00e9grer"},"content":{"rendered":"<p><span style=\"font-size: large;\">La r\u00e9glementation sur<b> les formalit\u00e9s de s\u00e9jour, d\u2019emploi et la protection sociale <\/b>applicables aux travailleurs expatri\u00e9s, d\u00e9tach\u00e9s et impatri\u00e9s a fait l\u2019objet de nombreuses modifications r\u00e9cemment. \u00c0 titre d\u2019infos, <b>quelques nouveaut\u00e9s<\/b> \u00e0 prendre en compte en ce d\u00e9but de second semestre 2013.<\/span><\/p>\n<p style=\"text-align: center;\"><img fetchpriority=\"high\" decoding=\"async\" class=\"aligncenter size-full wp-image-1113\" alt=\"formation-mobilite-internationale\" src=\"https:\/\/www.gereso.com\/actualites\/wp-content\/uploads\/2013\/09\/formation-mobilite-internationale-1.jpg\" width=\"496\" height=\"249\" srcset=\"https:\/\/www.gereso.com\/actualites\/wp-content\/uploads\/2013\/09\/formation-mobilite-internationale-1.jpg 496w, https:\/\/www.gereso.com\/actualites\/wp-content\/uploads\/2013\/09\/formation-mobilite-internationale-1-300x151.jpg 300w\" sizes=\"(max-width: 496px) 100vw, 496px\" \/><i>Les textes encadrant les formalit\u00e9s d&rsquo;immigration, de s\u00e9jour et d&#8217;emploi des salari\u00e9s \u00e9trangers<br \/>\nen France ont fait l&rsquo;objet de nombreuses mises \u00e0 jour au cours de ces derniers mois.<\/p>\n<p><\/i><\/p>\n<h2>Nouveaut\u00e9s en formalit\u00e9s d&rsquo;immigration, s\u00e9jour et emploi des travailleurs \u00e9trangers<\/h2>\n<p><b>Travailleurs croates<\/b> : p\u00e9riodes transitoires applicables suite \u00e0 l\u2019int\u00e9gration de la Croatie dans l\u2019Union Europ\u00e9enne au 1er juillet 2013. <i>Source : <\/i><a href=\"http:\/\/www.gisti.org\/IMG\/pdf\/note_ministerielle_croatie.pdf\" target=\"_blank\" rel=\"noopener noreferrer\"><i>note minist\u00e9rielle du 17 juin 2013<\/i><\/a><i><\/i><\/p>\n<p><b>\u00c9tudiants \u00e9trangers et scientifiques chercheurs<\/b> : d\u00e9livrance syst\u00e9matique de titres de s\u00e9jour pluriannuels. <em>Source : circulaire minist\u00e9rielle du 10 juin 2013 relative aux modalit\u00e9s de d\u00e9livrance des titres de s\u00e9jour pluriannuels pr\u00e9vus par l&rsquo;article L. 313-4 du code de l&rsquo;entr\u00e9e et du s\u00e9jour des \u00e9trangers et du droit d&rsquo;asile.<\/em><\/p>\n<p><b>\u00c9tudiants en Master<\/b> : allongement de l\u2019Autorisation Provisoire de S\u00e9jour (APS) de 6 mois \u00e0 12 mois ; suppression de la perspective de retour dans le pays d\u2019origine, et de la participation au d\u00e9veloppement \u00e9conomique<i>. <\/i><i>Plus d&rsquo;infos sur cette mesure sur le site du Minist\u00e8re de l&rsquo;Int\u00e9rieur.<\/i><\/p>\n<p><b>Stagiaires \u00e9trangers pour des missions de moins de 3 mois<\/b> : changements cons\u00e9quents dans la proc\u00e9dure ; suppression de l\u2019obligation de validation par les DIRECCTE ou les Pr\u00e9fectures (comp\u00e9tence du consulat) ; d\u00e9claration \u00e0 l\u2019inspection du travail obligatoire par l\u2019\u00e9tablissement d\u2019accueil<i>. <\/i><a href=\"http:\/\/vosdroits.service-public.fr\/particuliers\/F15898.xhtml\" target=\"_blank\" rel=\"noopener noreferrer\"><i>Plus d&rsquo;infos sur les cartes de s\u00e9jour temporaires sur le site service-public.fr<\/i><\/a><i><\/i><\/p>\n<p><b>Ensemble des \u00e9trangers notamment \u00ab Salari\u00e9s en Mission \u00bb et \u00ab Comp\u00e9tences et Talents \u00bb<\/b> :<b> <\/b>obligation de d\u00e9p\u00f4t des empreintes digitales ; changements cons\u00e9quents dans la gestion des renouvellements des titres de s\u00e9jour (guichet unique) avec d\u00e9ploiement progressif de la mesure.<\/p>\n<p><b>\u00a0<\/b><\/p>\n<h2>Nouveaut\u00e9s en protection sociale internationale<\/h2>\n<p><b>CFE-Expatri\u00e9s<\/b> : augmentation au 1er juillet 2013\u00a0 des taux de cotisations d\u2019assurance volontaire de la CFE : augmentation de 0,2% pour les cotisations maladie maternit\u00e9 et 0,15% pour les cotisations d\u2019accidents du travail et maladies professionnelles.<\/p>\n<p><b>Conventions bilat\u00e9rales de s\u00e9curit\u00e9 sociale <\/b>: entr\u00e9e en vigueur au de la convention bilat\u00e9rale France Argentine : signature de <a href=\"http:\/\/www.cleiss.fr\/docs\/textes\/conv_argentine.html\" target=\"_blank\" rel=\"noopener noreferrer\">l\u2019arrangement administratif au 11 juin 2013<\/a>. Nouvelle convention entre la France et le Br\u00e9sil. <a href=\"http:\/\/www.senat.fr\/rap\/l12-456\/l12-4563.html\" target=\"_blank\" rel=\"noopener noreferrer\">Projet de convention entre la France et l\u2019Uruguay<\/a>. <b><\/b><\/p>\n<p>&nbsp;<\/p>\n<h2>Actualit\u00e9s en mobilit\u00e9 internationale : des incidences concr\u00e8tes sur les pratiques RH<\/h2>\n<p>Ces nouveaut\u00e9s r\u00e9glementaires modifient<b> <\/b>vos pratiques RH de traitement des<b> dossiers de mobilit\u00e9 internationale. <\/b>Vous devez donc <b>les int\u00e9grer au plus vite !<\/b><\/p>\n<p style=\"text-align: left;\">Pour faire <b>un point complet et d\u00e9taill\u00e9<\/b> de toutes ces modifications, GERESO vous donne rendez-vous pour <b>une <\/b><b>journ\u00e9e d&rsquo;information sur les nouveaut\u00e9s en mobilit\u00e9 internationale<\/b><b> <\/b>r\u00e9serv\u00e9e aux professionnels de la mobilit\u00e9 internationale, \u00e0 Paris, Toulouse, Bordeaux et Nice, ou en intra, dans votre entreprise.<\/p>\n<p>&nbsp;<\/p>\n","protected":false},"excerpt":{"rendered":"<p>La r\u00e9glementation sur les formalit\u00e9s de s\u00e9jour, d\u2019emploi et la protection sociale applicables aux travailleurs expatri\u00e9s, d\u00e9tach\u00e9s et impatri\u00e9s a fait l\u2019objet de nombreuses modifications r\u00e9cemment. \u00c0 titre d\u2019infos, quelques nouveaut\u00e9s \u00e0 prendre en compte en ce d\u00e9but de second semestre 2013. Les textes encadrant les formalit\u00e9s d&rsquo;immigration, de s\u00e9jour et d&#8217;emploi des salari\u00e9s \u00e9trangers [&hellip;]<\/p>\n","protected":false},"author":22,"featured_media":1113,"comment_status":"open","ping_status":"open","sticky":false,"template":"","format":"standard","meta":{"_acf_changed":false,"_mi_skip_tracking":false,"footnotes":""},"categories":[7],"tags":[259,260,261,83,262,85],"class_list":["post-1112","post","type-post","status-publish","format-standard","has-post-thumbnail","hentry","category-mobilite-internationale","tag-cfe","tag-convention-bilaterale","tag-formalites-dimmigration","tag-immigration","tag-impatriation","tag-mobilite-internationale-2"],"acf":[],"yoast_head":"<!-- This site is optimized with the Yoast SEO plugin v23.4 - https:\/\/yoast.com\/wordpress\/plugins\/seo\/ -->\n<title>Mobilit\u00e9 Internationale : les nouveaut\u00e9s \u00e0 int\u00e9grer - Le Blog GERESO<\/title>\n<meta name=\"robots\" content=\"index, follow, max-snippet:-1, max-image-preview:large, max-video-preview:-1\" \/>\n<link rel=\"canonical\" href=\"https:\/\/www.gereso.com\/actualites\/2013\/09\/02\/mobilite-internationale-les-nouveautes-a-integrer\/\" \/>\n<meta property=\"og:locale\" content=\"fr_FR\" \/>\n<meta property=\"og:type\" content=\"article\" \/>\n<meta property=\"og:title\" content=\"Mobilit\u00e9 Internationale : les nouveaut\u00e9s \u00e0 int\u00e9grer - Le Blog GERESO\" \/>\n<meta property=\"og:description\" content=\"La r\u00e9glementation sur les formalit\u00e9s de s\u00e9jour, d\u2019emploi et la protection sociale applicables aux travailleurs expatri\u00e9s, d\u00e9tach\u00e9s et impatri\u00e9s a fait l\u2019objet de nombreuses modifications r\u00e9cemment. \u00c0 titre d\u2019infos, quelques nouveaut\u00e9s \u00e0 prendre en compte en ce d\u00e9but de second semestre 2013. Les textes encadrant les formalit\u00e9s d&rsquo;immigration, de s\u00e9jour et d&#8217;emploi des salari\u00e9s \u00e9trangers [&hellip;]\" \/>\n<meta property=\"og:url\" content=\"https:\/\/www.gereso.com\/actualites\/2013\/09\/02\/mobilite-internationale-les-nouveautes-a-integrer\/\" \/>\n<meta property=\"og:site_name\" content=\"Le Blog GERESO\" \/>\n<meta property=\"article:published_time\" content=\"2013-09-02T08:18:07+00:00\" \/>\n<meta property=\"article:modified_time\" content=\"2019-09-30T06:43:32+00:00\" \/>\n<meta property=\"og:image\" content=\"https:\/\/www.gereso.com\/actualites\/wp-content\/uploads\/2013\/09\/formation-mobilite-internationale-1.jpg\" \/>\n\t<meta property=\"og:image:width\" content=\"496\" \/>\n\t<meta property=\"og:image:height\" content=\"249\" \/>\n\t<meta property=\"og:image:type\" content=\"image\/jpeg\" \/>\n<meta name=\"author\" content=\"Carine Drouin Id\u00e9\" \/>\n<meta name=\"twitter:card\" content=\"summary_large_image\" \/>\n<script type=\"application\/ld+json\" class=\"yoast-schema-graph\">{\"@context\":\"https:\/\/schema.org\",\"@graph\":[{\"@type\":\"WebPage\",\"@id\":\"https:\/\/www.gereso.com\/actualites\/2013\/09\/02\/mobilite-internationale-les-nouveautes-a-integrer\/\",\"url\":\"https:\/\/www.gereso.com\/actualites\/2013\/09\/02\/mobilite-internationale-les-nouveautes-a-integrer\/\",\"name\":\"Mobilit\u00e9 Internationale : les nouveaut\u00e9s \u00e0 int\u00e9grer - Le Blog GERESO\",\"isPartOf\":{\"@id\":\"https:\/\/www.gereso.com\/actualites\/#website\"},\"primaryImageOfPage\":{\"@id\":\"https:\/\/www.gereso.com\/actualites\/2013\/09\/02\/mobilite-internationale-les-nouveautes-a-integrer\/#primaryimage\"},\"image\":{\"@id\":\"https:\/\/www.gereso.com\/actualites\/2013\/09\/02\/mobilite-internationale-les-nouveautes-a-integrer\/#primaryimage\"},\"thumbnailUrl\":\"https:\/\/www.gereso.com\/actualites\/wp-content\/uploads\/2013\/09\/formation-mobilite-internationale-1.jpg\",\"datePublished\":\"2013-09-02T08:18:07+00:00\",\"dateModified\":\"2019-09-30T06:43:32+00:00\",\"author\":{\"@id\":\"https:\/\/www.gereso.com\/actualites\/#\/schema\/person\/a96b2c4f119c8bd678cd35c6435774cb\"},\"breadcrumb\":{\"@id\":\"https:\/\/www.gereso.com\/actualites\/2013\/09\/02\/mobilite-internationale-les-nouveautes-a-integrer\/#breadcrumb\"},\"inLanguage\":\"fr-FR\",\"potentialAction\":[{\"@type\":\"ReadAction\",\"target\":[\"https:\/\/www.gereso.com\/actualites\/2013\/09\/02\/mobilite-internationale-les-nouveautes-a-integrer\/\"]}]},{\"@type\":\"ImageObject\",\"inLanguage\":\"fr-FR\",\"@id\":\"https:\/\/www.gereso.com\/actualites\/2013\/09\/02\/mobilite-internationale-les-nouveautes-a-integrer\/#primaryimage\",\"url\":\"https:\/\/www.gereso.com\/actualites\/wp-content\/uploads\/2013\/09\/formation-mobilite-internationale-1.jpg\",\"contentUrl\":\"https:\/\/www.gereso.com\/actualites\/wp-content\/uploads\/2013\/09\/formation-mobilite-internationale-1.jpg\",\"width\":496,\"height\":249},{\"@type\":\"BreadcrumbList\",\"@id\":\"https:\/\/www.gereso.com\/actualites\/2013\/09\/02\/mobilite-internationale-les-nouveautes-a-integrer\/#breadcrumb\",\"itemListElement\":[{\"@type\":\"ListItem\",\"position\":1,\"name\":\"Home\",\"item\":\"https:\/\/www.gereso.com\/actualites\/\"},{\"@type\":\"ListItem\",\"position\":2,\"name\":\"Mobilit\u00e9 Internationale : les nouveaut\u00e9s \u00e0 int\u00e9grer\"}]},{\"@type\":\"WebSite\",\"@id\":\"https:\/\/www.gereso.com\/actualites\/#website\",\"url\":\"https:\/\/www.gereso.com\/actualites\/\",\"name\":\"Le Blog GERESO\",\"description\":\"Toute l&#039;actu RH, Finance, Fonction Publique, Management...\",\"potentialAction\":[{\"@type\":\"SearchAction\",\"target\":{\"@type\":\"EntryPoint\",\"urlTemplate\":\"https:\/\/www.gereso.com\/actualites\/?s={search_term_string}\"},\"query-input\":{\"@type\":\"PropertyValueSpecification\",\"valueRequired\":true,\"valueName\":\"search_term_string\"}}],\"inLanguage\":\"fr-FR\"},{\"@type\":\"Person\",\"@id\":\"https:\/\/www.gereso.com\/actualites\/#\/schema\/person\/a96b2c4f119c8bd678cd35c6435774cb\",\"name\":\"Carine Drouin Id\u00e9\",\"image\":{\"@type\":\"ImageObject\",\"inLanguage\":\"fr-FR\",\"@id\":\"https:\/\/www.gereso.com\/actualites\/#\/schema\/person\/image\/\",\"url\":\"https:\/\/www.gereso.com\/actualites\/wp-content\/uploads\/2014\/08\/carine-drouin-ide-1-144x144.jpg\",\"contentUrl\":\"https:\/\/www.gereso.com\/actualites\/wp-content\/uploads\/2014\/08\/carine-drouin-ide-1-144x144.jpg\",\"caption\":\"Carine Drouin Id\u00e9\"},\"description\":\"Consultante en mobilit\u00e9 internationale et conseil en interculturel franco-allemand. Elle anime plusieurs formations mobilit\u00e9 internationale pour GERESO.\",\"url\":\"https:\/\/www.gereso.com\/actualites\/author\/c-drouin-ide\/\"}]}<\/script>\n<!-- \/ Yoast SEO plugin. -->","yoast_head_json":{"title":"Mobilit\u00e9 Internationale : les nouveaut\u00e9s \u00e0 int\u00e9grer - Le Blog GERESO","robots":{"index":"index","follow":"follow","max-snippet":"max-snippet:-1","max-image-preview":"max-image-preview:large","max-video-preview":"max-video-preview:-1"},"canonical":"https:\/\/www.gereso.com\/actualites\/2013\/09\/02\/mobilite-internationale-les-nouveautes-a-integrer\/","og_locale":"fr_FR","og_type":"article","og_title":"Mobilit\u00e9 Internationale : les nouveaut\u00e9s \u00e0 int\u00e9grer - Le Blog GERESO","og_description":"La r\u00e9glementation sur les formalit\u00e9s de s\u00e9jour, d\u2019emploi et la protection sociale applicables aux travailleurs expatri\u00e9s, d\u00e9tach\u00e9s et impatri\u00e9s a fait l\u2019objet de nombreuses modifications r\u00e9cemment. \u00c0 titre d\u2019infos, quelques nouveaut\u00e9s \u00e0 prendre en compte en ce d\u00e9but de second semestre 2013. Les textes encadrant les formalit\u00e9s d&rsquo;immigration, de s\u00e9jour et d&#8217;emploi des salari\u00e9s \u00e9trangers [&hellip;]","og_url":"https:\/\/www.gereso.com\/actualites\/2013\/09\/02\/mobilite-internationale-les-nouveautes-a-integrer\/","og_site_name":"Le Blog GERESO","article_published_time":"2013-09-02T08:18:07+00:00","article_modified_time":"2019-09-30T06:43:32+00:00","og_image":[{"width":496,"height":249,"url":"https:\/\/www.gereso.com\/actualites\/wp-content\/uploads\/2013\/09\/formation-mobilite-internationale-1.jpg","type":"image\/jpeg"}],"author":"Carine Drouin Id\u00e9","twitter_card":"summary_large_image","schema":{"@context":"https:\/\/schema.org","@graph":[{"@type":"WebPage","@id":"https:\/\/www.gereso.com\/actualites\/2013\/09\/02\/mobilite-internationale-les-nouveautes-a-integrer\/","url":"https:\/\/www.gereso.com\/actualites\/2013\/09\/02\/mobilite-internationale-les-nouveautes-a-integrer\/","name":"Mobilit\u00e9 Internationale : les nouveaut\u00e9s \u00e0 int\u00e9grer - Le Blog GERESO","isPartOf":{"@id":"https:\/\/www.gereso.com\/actualites\/#website"},"primaryImageOfPage":{"@id":"https:\/\/www.gereso.com\/actualites\/2013\/09\/02\/mobilite-internationale-les-nouveautes-a-integrer\/#primaryimage"},"image":{"@id":"https:\/\/www.gereso.com\/actualites\/2013\/09\/02\/mobilite-internationale-les-nouveautes-a-integrer\/#primaryimage"},"thumbnailUrl":"https:\/\/www.gereso.com\/actualites\/wp-content\/uploads\/2013\/09\/formation-mobilite-internationale-1.jpg","datePublished":"2013-09-02T08:18:07+00:00","dateModified":"2019-09-30T06:43:32+00:00","author":{"@id":"https:\/\/www.gereso.com\/actualites\/#\/schema\/person\/a96b2c4f119c8bd678cd35c6435774cb"},"breadcrumb":{"@id":"https:\/\/www.gereso.com\/actualites\/2013\/09\/02\/mobilite-internationale-les-nouveautes-a-integrer\/#breadcrumb"},"inLanguage":"fr-FR","potentialAction":[{"@type":"ReadAction","target":["https:\/\/www.gereso.com\/actualites\/2013\/09\/02\/mobilite-internationale-les-nouveautes-a-integrer\/"]}]},{"@type":"ImageObject","inLanguage":"fr-FR","@id":"https:\/\/www.gereso.com\/actualites\/2013\/09\/02\/mobilite-internationale-les-nouveautes-a-integrer\/#primaryimage","url":"https:\/\/www.gereso.com\/actualites\/wp-content\/uploads\/2013\/09\/formation-mobilite-internationale-1.jpg","contentUrl":"https:\/\/www.gereso.com\/actualites\/wp-content\/uploads\/2013\/09\/formation-mobilite-internationale-1.jpg","width":496,"height":249},{"@type":"BreadcrumbList","@id":"https:\/\/www.gereso.com\/actualites\/2013\/09\/02\/mobilite-internationale-les-nouveautes-a-integrer\/#breadcrumb","itemListElement":[{"@type":"ListItem","position":1,"name":"Home","item":"https:\/\/www.gereso.com\/actualites\/"},{"@type":"ListItem","position":2,"name":"Mobilit\u00e9 Internationale : les nouveaut\u00e9s \u00e0 int\u00e9grer"}]},{"@type":"WebSite","@id":"https:\/\/www.gereso.com\/actualites\/#website","url":"https:\/\/www.gereso.com\/actualites\/","name":"Le Blog GERESO","description":"Toute l&#039;actu RH, Finance, Fonction Publique, Management...","potentialAction":[{"@type":"SearchAction","target":{"@type":"EntryPoint","urlTemplate":"https:\/\/www.gereso.com\/actualites\/?s={search_term_string}"},"query-input":{"@type":"PropertyValueSpecification","valueRequired":true,"valueName":"search_term_string"}}],"inLanguage":"fr-FR"},{"@type":"Person","@id":"https:\/\/www.gereso.com\/actualites\/#\/schema\/person\/a96b2c4f119c8bd678cd35c6435774cb","name":"Carine Drouin Id\u00e9","image":{"@type":"ImageObject","inLanguage":"fr-FR","@id":"https:\/\/www.gereso.com\/actualites\/#\/schema\/person\/image\/","url":"https:\/\/www.gereso.com\/actualites\/wp-content\/uploads\/2014\/08\/carine-drouin-ide-1-144x144.jpg","contentUrl":"https:\/\/www.gereso.com\/actualites\/wp-content\/uploads\/2014\/08\/carine-drouin-ide-1-144x144.jpg","caption":"Carine Drouin Id\u00e9"},"description":"Consultante en mobilit\u00e9 internationale et conseil en interculturel franco-allemand. Elle anime plusieurs formations mobilit\u00e9 internationale pour GERESO.","url":"https:\/\/www.gereso.com\/actualites\/author\/c-drouin-ide\/"}]}},"_links":{"self":[{"href":"https:\/\/www.gereso.com\/actualites\/wp-json\/wp\/v2\/posts\/1112","targetHints":{"allow":["GET"]}}],"collection":[{"href":"https:\/\/www.gereso.com\/actualites\/wp-json\/wp\/v2\/posts"}],"about":[{"href":"https:\/\/www.gereso.com\/actualites\/wp-json\/wp\/v2\/types\/post"}],"author":[{"embeddable":true,"href":"https:\/\/www.gereso.com\/actualites\/wp-json\/wp\/v2\/users\/22"}],"replies":[{"embeddable":true,"href":"https:\/\/www.gereso.com\/actualites\/wp-json\/wp\/v2\/comments?post=1112"}],"version-history":[{"count":3,"href":"https:\/\/www.gereso.com\/actualites\/wp-json\/wp\/v2\/posts\/1112\/revisions"}],"predecessor-version":[{"id":12172,"href":"https:\/\/www.gereso.com\/actualites\/wp-json\/wp\/v2\/posts\/1112\/revisions\/12172"}],"wp:featuredmedia":[{"embeddable":true,"href":"https:\/\/www.gereso.com\/actualites\/wp-json\/wp\/v2\/media\/1113"}],"wp:attachment":[{"href":"https:\/\/www.gereso.com\/actualites\/wp-json\/wp\/v2\/media?parent=1112"}],"wp:term":[{"taxonomy":"category","embeddable":true,"href":"https:\/\/www.gereso.com\/actualites\/wp-json\/wp\/v2\/categories?post=1112"},{"taxonomy":"post_tag","embeddable":true,"href":"https:\/\/www.gereso.com\/actualites\/wp-json\/wp\/v2\/tags?post=1112"}],"curies":[{"name":"wp","href":"https:\/\/api.w.org\/{rel}","templated":true}]}}