{"id":11557,"date":"2019-06-28T16:57:06","date_gmt":"2019-06-28T14:57:06","guid":{"rendered":"https:\/\/www.gereso.com\/actualites\/?p=11557"},"modified":"2019-06-28T16:57:08","modified_gmt":"2019-06-28T14:57:08","slug":"revenus-professionnels-2018-et-dispositif-anti-optimisation","status":"publish","type":"post","link":"https:\/\/www.gereso.com\/actualites\/2019\/06\/28\/revenus-professionnels-2018-et-dispositif-anti-optimisation\/","title":{"rendered":"Revenus professionnels 2018 et dispositif anti-optimisation"},"content":{"rendered":"\n<p>L\u2019administration fiscale vient de publier un <strong>rescrit <\/strong>pr\u00e9cisant\nles modalit\u00e9s d\u2019application du <strong>dispositif anti-optimisation<\/strong> s\u2019appliquant\naux b\u00e9n\u00e9fices 2018 soumis \u00e0 <strong>l\u2019imp\u00f4t sur le revenu<\/strong>.<\/p>\n\n\n\n<h2 class=\"wp-block-heading\"><strong>Le dispositif anti-optimisation<\/strong><\/h2>\n\n\n\n<p>Au 1<sup>er<\/sup> janvier 2019, <strong>le pr\u00e9l\u00e8vement \u00e0 la source<\/strong>\nde l\u2019imp\u00f4t sur le revenu est entr\u00e9 en vigueur. A titre transitoire, les revenus\nde l\u2019ann\u00e9e 2018 ne sont pas imposables \u00e0 l\u2019exception des revenus consid\u00e9r\u00e9s\ncomme exceptionnels. L\u2019imp\u00f4t relatif aux revenus non exceptionnels est annul\u00e9\npar l\u2019application du <strong>CIMR<\/strong> (cr\u00e9dit d\u2019imp\u00f4t modernisation du\nrecouvrement).<\/p>\n\n\n\n<p>Un <strong>dispositif anti-optimisation<\/strong> est mis en place pour\nles revenus imposables dans la cat\u00e9gorie des <strong>BIC, BNC, et BA<\/strong> ainsi que\npour les r\u00e9mun\u00e9rations relevant de <strong>l\u2019article 62 du CGI<\/strong> (r\u00e9mun\u00e9ration des\ng\u00e9rants majoritaires de SARL soumises \u00e0 l\u2019IS notamment).<\/p>\n\n\n\n<p>Pour la d\u00e9termination du CIMR, si le b\u00e9n\u00e9fice de l\u2019exercice\n2018 est sup\u00e9rieur <strong>au plus \u00e9lev\u00e9 des b\u00e9n\u00e9fices des 3 ann\u00e9es pr\u00e9c\u00e9dentes<\/strong>\n(2015, 2016 et 2017), c\u2019est ce dernier que l\u2019on retient. <\/p>\n\n\n\n<h2 class=\"wp-block-heading\"><strong>B\u00e9n\u00e9fices et article 62<\/strong><\/h2>\n\n\n\n<p>L\u2019administration fiscale s\u2019est r\u00e9cemment prononc\u00e9e au sujet\nd\u2019une question d\u2019un avocat. Ce dernier exer\u00e7ait jusqu\u2019\u00e0 fin 2016 son activit\u00e9\nsous forme ind\u00e9pendante. Son b\u00e9n\u00e9fice \u00e9tait imposable dans la cat\u00e9gorie des b\u00e9n\u00e9fices\nnon commerciaux (BNC). Au 1<sup>er<\/sup> janvier 2017, il devient co-g\u00e9rant d\u2019une\nSELARL (soci\u00e9t\u00e9 d\u2019exercice lib\u00e9rale \u00e0 responsabilit\u00e9 limit\u00e9e) soumise \u00e0 l\u2019IS au\nsein de laquelle il exerce la m\u00eame activit\u00e9.<\/p>\n\n\n\n<p>Compte tenu de ce changement juridique se pose la question\nde l\u2019application du dispositif anti-optimisation.<\/p>\n\n\n\n<p>Dans son<a href=\"http:\/\/bofip.impots.gouv.fr\/bofip\/11958-PGP?branch=2\"> <\/a><strong><a href=\"http:\/\/bofip.impots.gouv.fr\/bofip\/11958-PGP?branch=2\">rescrit du 26 juin<\/a><\/strong>, l\u2019administration fiscale estime que ce dispositif soit s\u2019appliquer m\u00eame dans cette situation dans la mesure o\u00f9 l\u2019activit\u00e9 exerc\u00e9e est inchang\u00e9e. Ainsi, la r\u00e9mun\u00e9ration de l\u2019ann\u00e9e 2018 relevant de l\u2019article 62 doit dans ce cas \u00eatre compar\u00e9e au plus \u00e9lev\u00e9 des revenus des ann\u00e9es 2015, 2016 (BNC) et 2017 (article 62) pour la d\u00e9termination du CIMR. La nature diff\u00e9rente des revenus des 4 derni\u00e8res ann\u00e9es ne fait donc pas obstacle \u00e0 l\u2019application du <strong>dispositif anti-optimisation<\/strong>.<\/p>\n","protected":false},"excerpt":{"rendered":"<p>L\u2019administration fiscale vient de publier un rescrit pr\u00e9cisant les modalit\u00e9s d\u2019application du dispositif anti-optimisation s\u2019appliquant aux b\u00e9n\u00e9fices 2018 soumis \u00e0 l\u2019imp\u00f4t sur le revenu. Le dispositif anti-optimisation Au 1er janvier 2019, le pr\u00e9l\u00e8vement \u00e0 la source de l\u2019imp\u00f4t sur le revenu est entr\u00e9 en vigueur. A titre transitoire, les revenus de l\u2019ann\u00e9e 2018 ne sont [&hellip;]<\/p>\n","protected":false},"author":45,"featured_media":0,"comment_status":"open","ping_status":"open","sticky":false,"template":"","format":"quote","meta":{"_acf_changed":false,"_mi_skip_tracking":false,"footnotes":""},"categories":[12,3],"tags":[1165,1039,1044],"class_list":["post-11557","post","type-post","status-publish","format-quote","hentry","category-actualites","category-comptabilite-fiscalite-et-gestion-financiere","tag-benefice","tag-impot-sur-le-revenu","tag-prelevement-a-la-source","post_format-post-format-quote"],"acf":[],"yoast_head":"<!-- This site is optimized with the Yoast SEO plugin v23.4 - https:\/\/yoast.com\/wordpress\/plugins\/seo\/ -->\n<title>Revenus professionnels 2018 et dispositif anti-optimisation - Le Blog GERESO<\/title>\n<meta name=\"robots\" content=\"index, follow, max-snippet:-1, max-image-preview:large, max-video-preview:-1\" \/>\n<link rel=\"canonical\" href=\"https:\/\/www.gereso.com\/actualites\/2019\/06\/28\/revenus-professionnels-2018-et-dispositif-anti-optimisation\/\" \/>\n<meta property=\"og:locale\" content=\"fr_FR\" \/>\n<meta property=\"og:type\" content=\"article\" \/>\n<meta property=\"og:title\" content=\"Revenus professionnels 2018 et dispositif anti-optimisation - Le Blog GERESO\" \/>\n<meta property=\"og:description\" content=\"L\u2019administration fiscale vient de publier un rescrit pr\u00e9cisant les modalit\u00e9s d\u2019application du dispositif anti-optimisation s\u2019appliquant aux b\u00e9n\u00e9fices 2018 soumis \u00e0 l\u2019imp\u00f4t sur le revenu. Le dispositif anti-optimisation Au 1er janvier 2019, le pr\u00e9l\u00e8vement \u00e0 la source de l\u2019imp\u00f4t sur le revenu est entr\u00e9 en vigueur. A titre transitoire, les revenus de l\u2019ann\u00e9e 2018 ne sont [&hellip;]\" \/>\n<meta property=\"og:url\" content=\"https:\/\/www.gereso.com\/actualites\/2019\/06\/28\/revenus-professionnels-2018-et-dispositif-anti-optimisation\/\" \/>\n<meta property=\"og:site_name\" content=\"Le Blog GERESO\" \/>\n<meta property=\"article:published_time\" content=\"2019-06-28T14:57:06+00:00\" \/>\n<meta property=\"article:modified_time\" content=\"2019-06-28T14:57:08+00:00\" \/>\n<meta name=\"author\" content=\"Damien P\u00e9an\" \/>\n<meta name=\"twitter:card\" content=\"summary_large_image\" \/>\n<script type=\"application\/ld+json\" class=\"yoast-schema-graph\">{\"@context\":\"https:\/\/schema.org\",\"@graph\":[{\"@type\":\"WebPage\",\"@id\":\"https:\/\/www.gereso.com\/actualites\/2019\/06\/28\/revenus-professionnels-2018-et-dispositif-anti-optimisation\/\",\"url\":\"https:\/\/www.gereso.com\/actualites\/2019\/06\/28\/revenus-professionnels-2018-et-dispositif-anti-optimisation\/\",\"name\":\"Revenus professionnels 2018 et dispositif anti-optimisation - Le Blog GERESO\",\"isPartOf\":{\"@id\":\"https:\/\/www.gereso.com\/actualites\/#website\"},\"datePublished\":\"2019-06-28T14:57:06+00:00\",\"dateModified\":\"2019-06-28T14:57:08+00:00\",\"author\":{\"@id\":\"https:\/\/www.gereso.com\/actualites\/#\/schema\/person\/c91814f92d627ed4715993fbbf7c7e8d\"},\"breadcrumb\":{\"@id\":\"https:\/\/www.gereso.com\/actualites\/2019\/06\/28\/revenus-professionnels-2018-et-dispositif-anti-optimisation\/#breadcrumb\"},\"inLanguage\":\"fr-FR\",\"potentialAction\":[{\"@type\":\"ReadAction\",\"target\":[\"https:\/\/www.gereso.com\/actualites\/2019\/06\/28\/revenus-professionnels-2018-et-dispositif-anti-optimisation\/\"]}]},{\"@type\":\"BreadcrumbList\",\"@id\":\"https:\/\/www.gereso.com\/actualites\/2019\/06\/28\/revenus-professionnels-2018-et-dispositif-anti-optimisation\/#breadcrumb\",\"itemListElement\":[{\"@type\":\"ListItem\",\"position\":1,\"name\":\"Home\",\"item\":\"https:\/\/www.gereso.com\/actualites\/\"},{\"@type\":\"ListItem\",\"position\":2,\"name\":\"Revenus professionnels 2018 et dispositif anti-optimisation\"}]},{\"@type\":\"WebSite\",\"@id\":\"https:\/\/www.gereso.com\/actualites\/#website\",\"url\":\"https:\/\/www.gereso.com\/actualites\/\",\"name\":\"Le Blog GERESO\",\"description\":\"Toute l&#039;actu RH, Finance, Fonction Publique, Management...\",\"potentialAction\":[{\"@type\":\"SearchAction\",\"target\":{\"@type\":\"EntryPoint\",\"urlTemplate\":\"https:\/\/www.gereso.com\/actualites\/?s={search_term_string}\"},\"query-input\":{\"@type\":\"PropertyValueSpecification\",\"valueRequired\":true,\"valueName\":\"search_term_string\"}}],\"inLanguage\":\"fr-FR\"},{\"@type\":\"Person\",\"@id\":\"https:\/\/www.gereso.com\/actualites\/#\/schema\/person\/c91814f92d627ed4715993fbbf7c7e8d\",\"name\":\"Damien P\u00e9an\",\"image\":{\"@type\":\"ImageObject\",\"inLanguage\":\"fr-FR\",\"@id\":\"https:\/\/www.gereso.com\/actualites\/#\/schema\/person\/image\/\",\"url\":\"https:\/\/www.gereso.com\/actualites\/wp-content\/uploads\/2016\/03\/damien-pean.jpg\",\"contentUrl\":\"https:\/\/www.gereso.com\/actualites\/wp-content\/uploads\/2016\/03\/damien-pean.jpg\",\"caption\":\"Damien P\u00e9an\"},\"description\":\"Damien P\u00c9AN est titulaire du Dipl\u00f4me d'\u00e9tudes sup\u00e9rieures comptables et financi\u00e8res (DESCF). Il intervient depuis plusieurs ann\u00e9es aupr\u00e8s d'\u00e9tudiants en licence de comptabilit\u00e9 et de gestion, \u00e0 qui il enseigne le contr\u00f4le de gestion, la comptabilit\u00e9 approfondie, le management, la fiscalit\u00e9, le droit des soci\u00e9t\u00e9s et le droit du travail. Il intervient \u00e9galement en formation continue pour le compte de divers organismes de formation sur des th\u00e9matiques techniques en comptabilit\u00e9 et fiscalit\u00e9. Il forme aussi un public de non-initi\u00e9s aux fondamentaux de la finance.\",\"url\":\"https:\/\/www.gereso.com\/actualites\/author\/d-pean\/\"}]}<\/script>\n<!-- \/ Yoast SEO plugin. -->","yoast_head_json":{"title":"Revenus professionnels 2018 et dispositif anti-optimisation - Le Blog GERESO","robots":{"index":"index","follow":"follow","max-snippet":"max-snippet:-1","max-image-preview":"max-image-preview:large","max-video-preview":"max-video-preview:-1"},"canonical":"https:\/\/www.gereso.com\/actualites\/2019\/06\/28\/revenus-professionnels-2018-et-dispositif-anti-optimisation\/","og_locale":"fr_FR","og_type":"article","og_title":"Revenus professionnels 2018 et dispositif anti-optimisation - Le Blog GERESO","og_description":"L\u2019administration fiscale vient de publier un rescrit pr\u00e9cisant les modalit\u00e9s d\u2019application du dispositif anti-optimisation s\u2019appliquant aux b\u00e9n\u00e9fices 2018 soumis \u00e0 l\u2019imp\u00f4t sur le revenu. Le dispositif anti-optimisation Au 1er janvier 2019, le pr\u00e9l\u00e8vement \u00e0 la source de l\u2019imp\u00f4t sur le revenu est entr\u00e9 en vigueur. A titre transitoire, les revenus de l\u2019ann\u00e9e 2018 ne sont [&hellip;]","og_url":"https:\/\/www.gereso.com\/actualites\/2019\/06\/28\/revenus-professionnels-2018-et-dispositif-anti-optimisation\/","og_site_name":"Le Blog GERESO","article_published_time":"2019-06-28T14:57:06+00:00","article_modified_time":"2019-06-28T14:57:08+00:00","author":"Damien P\u00e9an","twitter_card":"summary_large_image","schema":{"@context":"https:\/\/schema.org","@graph":[{"@type":"WebPage","@id":"https:\/\/www.gereso.com\/actualites\/2019\/06\/28\/revenus-professionnels-2018-et-dispositif-anti-optimisation\/","url":"https:\/\/www.gereso.com\/actualites\/2019\/06\/28\/revenus-professionnels-2018-et-dispositif-anti-optimisation\/","name":"Revenus professionnels 2018 et dispositif anti-optimisation - Le Blog GERESO","isPartOf":{"@id":"https:\/\/www.gereso.com\/actualites\/#website"},"datePublished":"2019-06-28T14:57:06+00:00","dateModified":"2019-06-28T14:57:08+00:00","author":{"@id":"https:\/\/www.gereso.com\/actualites\/#\/schema\/person\/c91814f92d627ed4715993fbbf7c7e8d"},"breadcrumb":{"@id":"https:\/\/www.gereso.com\/actualites\/2019\/06\/28\/revenus-professionnels-2018-et-dispositif-anti-optimisation\/#breadcrumb"},"inLanguage":"fr-FR","potentialAction":[{"@type":"ReadAction","target":["https:\/\/www.gereso.com\/actualites\/2019\/06\/28\/revenus-professionnels-2018-et-dispositif-anti-optimisation\/"]}]},{"@type":"BreadcrumbList","@id":"https:\/\/www.gereso.com\/actualites\/2019\/06\/28\/revenus-professionnels-2018-et-dispositif-anti-optimisation\/#breadcrumb","itemListElement":[{"@type":"ListItem","position":1,"name":"Home","item":"https:\/\/www.gereso.com\/actualites\/"},{"@type":"ListItem","position":2,"name":"Revenus professionnels 2018 et dispositif anti-optimisation"}]},{"@type":"WebSite","@id":"https:\/\/www.gereso.com\/actualites\/#website","url":"https:\/\/www.gereso.com\/actualites\/","name":"Le Blog GERESO","description":"Toute l&#039;actu RH, Finance, Fonction Publique, Management...","potentialAction":[{"@type":"SearchAction","target":{"@type":"EntryPoint","urlTemplate":"https:\/\/www.gereso.com\/actualites\/?s={search_term_string}"},"query-input":{"@type":"PropertyValueSpecification","valueRequired":true,"valueName":"search_term_string"}}],"inLanguage":"fr-FR"},{"@type":"Person","@id":"https:\/\/www.gereso.com\/actualites\/#\/schema\/person\/c91814f92d627ed4715993fbbf7c7e8d","name":"Damien P\u00e9an","image":{"@type":"ImageObject","inLanguage":"fr-FR","@id":"https:\/\/www.gereso.com\/actualites\/#\/schema\/person\/image\/","url":"https:\/\/www.gereso.com\/actualites\/wp-content\/uploads\/2016\/03\/damien-pean.jpg","contentUrl":"https:\/\/www.gereso.com\/actualites\/wp-content\/uploads\/2016\/03\/damien-pean.jpg","caption":"Damien P\u00e9an"},"description":"Damien P\u00c9AN est titulaire du Dipl\u00f4me d'\u00e9tudes sup\u00e9rieures comptables et financi\u00e8res (DESCF). Il intervient depuis plusieurs ann\u00e9es aupr\u00e8s d'\u00e9tudiants en licence de comptabilit\u00e9 et de gestion, \u00e0 qui il enseigne le contr\u00f4le de gestion, la comptabilit\u00e9 approfondie, le management, la fiscalit\u00e9, le droit des soci\u00e9t\u00e9s et le droit du travail. Il intervient \u00e9galement en formation continue pour le compte de divers organismes de formation sur des th\u00e9matiques techniques en comptabilit\u00e9 et fiscalit\u00e9. Il forme aussi un public de non-initi\u00e9s aux fondamentaux de la finance.","url":"https:\/\/www.gereso.com\/actualites\/author\/d-pean\/"}]}},"_links":{"self":[{"href":"https:\/\/www.gereso.com\/actualites\/wp-json\/wp\/v2\/posts\/11557","targetHints":{"allow":["GET"]}}],"collection":[{"href":"https:\/\/www.gereso.com\/actualites\/wp-json\/wp\/v2\/posts"}],"about":[{"href":"https:\/\/www.gereso.com\/actualites\/wp-json\/wp\/v2\/types\/post"}],"author":[{"embeddable":true,"href":"https:\/\/www.gereso.com\/actualites\/wp-json\/wp\/v2\/users\/45"}],"replies":[{"embeddable":true,"href":"https:\/\/www.gereso.com\/actualites\/wp-json\/wp\/v2\/comments?post=11557"}],"version-history":[{"count":1,"href":"https:\/\/www.gereso.com\/actualites\/wp-json\/wp\/v2\/posts\/11557\/revisions"}],"predecessor-version":[{"id":11558,"href":"https:\/\/www.gereso.com\/actualites\/wp-json\/wp\/v2\/posts\/11557\/revisions\/11558"}],"wp:attachment":[{"href":"https:\/\/www.gereso.com\/actualites\/wp-json\/wp\/v2\/media?parent=11557"}],"wp:term":[{"taxonomy":"category","embeddable":true,"href":"https:\/\/www.gereso.com\/actualites\/wp-json\/wp\/v2\/categories?post=11557"},{"taxonomy":"post_tag","embeddable":true,"href":"https:\/\/www.gereso.com\/actualites\/wp-json\/wp\/v2\/tags?post=11557"}],"curies":[{"name":"wp","href":"https:\/\/api.w.org\/{rel}","templated":true}]}}