{"id":11658,"date":"2019-07-09T10:50:46","date_gmt":"2019-07-09T08:50:46","guid":{"rendered":"https:\/\/www.gereso.com\/actualites\/?p=11658"},"modified":"2019-07-09T10:50:53","modified_gmt":"2019-07-09T08:50:53","slug":"qpc-sur-le-verrou-de-bercy","status":"publish","type":"post","link":"https:\/\/www.gereso.com\/actualites\/2019\/07\/09\/qpc-sur-le-verrou-de-bercy\/","title":{"rendered":"QPC sur le verrou de Bercy"},"content":{"rendered":"\n<p>Le Conseil constitutionnel va prochainement se prononcer sur la validit\u00e9 du verrou de Bercy dans le cadre de la proc\u00e9dure p\u00e9nale pour fraude fiscale. Les Sages ont \u00e9t\u00e9 saisis par le Conseil d\u2019\u00c9tat dans le cadre d\u2019une<strong> question prioritaire de constitutionnalit\u00e9 (QPC)<\/strong>.<\/p>\n\n\n\n<h2 class=\"wp-block-heading\"><strong>Le verrou de Bercy<\/strong><\/h2>\n\n\n\n<p>Dans le cadre d\u2019une fraude fiscale, l\u2019administration fiscale peut seule d\u00e9poser plainte aupr\u00e8s du Procureur de la R\u00e9publique pour fraude fiscale \u00e0 condition de recueillir l\u2019avis conforme de la commission des affaires fiscales. Cette proc\u00e9dure sp\u00e9cifique a pour objectif d\u2019\u00e9viter une double sanction automatique au niveau fiscal (p\u00e9nalit\u00e9s, majorations issues d\u2019un redressement fiscal) et p\u00e9nal. Ce <strong>monopole de l\u2019administration fiscale <\/strong>est couramment appel\u00e9 \u00ab<strong>\u00a0verrou de Bercy<\/strong>\u00a0\u00bb.<\/p>\n\n\n\n<p>Tr\u00e8s critiqu\u00e9 pour son manque de transparence, l\u2019article 36 de la loi n\u00b02018-898 du 23 octobre 2018 a <strong>assoupli<\/strong> le verrou de Bercy. L\u2019administration fiscale doit d\u00e9sormais obligatoirement transmettre au procureur de la R\u00e9publique, sans requ\u00e9rir l\u2019avis de la <strong>commission des affaires fiscales,<\/strong> certaines affaires relevant de la fraude fiscale. <\/p>\n\n\n\n<p>Sont vis\u00e9s par cette obligation de transmission, les manquements sur des droits sup\u00e9rieurs \u00e0 <strong>100.000 \u20ac<\/strong> qui ont fait l\u2019objet de l\u2019application de majoration \u00e0 hauteur de 100%, 80% et dans certains cas 40%.<\/p>\n\n\n\n<h2 class=\"wp-block-heading\"><strong>Question prioritaire de constitutionnalit\u00e9<\/strong><\/h2>\n\n\n\n<p>L\u2019association fran\u00e7aise des\nentreprises priv\u00e9es (Afep) a pour mission de d\u00e9fendre les int\u00e9r\u00eats des\ngrandes entreprises. Elle estime que cet assouplissement ne respecte pas les principes\nconstitutionnels d\u2019\u00e9galit\u00e9 devant la loi et de personnalit\u00e9 des peines (articles\n6, 8 et 9 de la D\u00e9claration des droits de l\u2019homme et du citoyen).<\/p>\n\n\n\n<p>L\u2019<strong>Afep<\/strong> a ainsi port\u00e9 sa demande devant le <strong>Conseil d\u2019\u00c9tat <\/strong>pour que ce dernier saisisse les Sages d\u2019une question prioritaire de constitutionnalit\u00e9 (QPC). Dans une d\u00e9cision du 1<sup>er<\/sup> juillet, le Conseil d\u2019\u00c9tat a acc\u00e9d\u00e9 \u00e0 la demande de l\u2019association. Les services du <strong>Conseil constitutionnel <\/strong>ont enregistr\u00e9 la QPC le 2 juillet 2019 (<a href=\"https:\/\/www.conseil-constitutionnel.fr\/sites\/default\/files\/2019-07\/2019804qpc_saisinece.pdf\">2019-804 QPC<\/a>).<\/p>\n\n\n\n<p>Par cet assouplissement, l\u2019Afep\ncraint un risque p\u00e9nal accru pour les dirigeants de grandes entreprises.<\/p>\n","protected":false},"excerpt":{"rendered":"<p>Le Conseil constitutionnel va prochainement se prononcer sur la validit\u00e9 du verrou de Bercy dans le cadre de la proc\u00e9dure p\u00e9nale pour fraude fiscale. Les Sages ont \u00e9t\u00e9 saisis par le Conseil d\u2019\u00c9tat dans le cadre d\u2019une question prioritaire de constitutionnalit\u00e9 (QPC). Le verrou de Bercy Dans le cadre d\u2019une fraude fiscale, l\u2019administration fiscale peut [&hellip;]<\/p>\n","protected":false},"author":45,"featured_media":0,"comment_status":"open","ping_status":"open","sticky":false,"template":"","format":"quote","meta":{"_acf_changed":false,"_mi_skip_tracking":false,"footnotes":""},"categories":[12,3],"tags":[1729],"class_list":["post-11658","post","type-post","status-publish","format-quote","hentry","category-actualites","category-comptabilite-fiscalite-et-gestion-financiere","tag-fraude-fiscale","post_format-post-format-quote"],"acf":[],"yoast_head":"<!-- This site is optimized with the Yoast SEO plugin v23.4 - https:\/\/yoast.com\/wordpress\/plugins\/seo\/ -->\n<title>QPC sur le verrou de Bercy - Le Blog GERESO<\/title>\n<meta name=\"robots\" content=\"index, follow, max-snippet:-1, max-image-preview:large, max-video-preview:-1\" \/>\n<link rel=\"canonical\" href=\"https:\/\/www.gereso.com\/actualites\/2019\/07\/09\/qpc-sur-le-verrou-de-bercy\/\" \/>\n<meta property=\"og:locale\" content=\"fr_FR\" \/>\n<meta property=\"og:type\" content=\"article\" \/>\n<meta property=\"og:title\" content=\"QPC sur le verrou de Bercy - Le Blog GERESO\" \/>\n<meta property=\"og:description\" content=\"Le Conseil constitutionnel va prochainement se prononcer sur la validit\u00e9 du verrou de Bercy dans le cadre de la proc\u00e9dure p\u00e9nale pour fraude fiscale. Les Sages ont \u00e9t\u00e9 saisis par le Conseil d\u2019\u00c9tat dans le cadre d\u2019une question prioritaire de constitutionnalit\u00e9 (QPC). Le verrou de Bercy Dans le cadre d\u2019une fraude fiscale, l\u2019administration fiscale peut [&hellip;]\" \/>\n<meta property=\"og:url\" content=\"https:\/\/www.gereso.com\/actualites\/2019\/07\/09\/qpc-sur-le-verrou-de-bercy\/\" \/>\n<meta property=\"og:site_name\" content=\"Le Blog GERESO\" \/>\n<meta property=\"article:published_time\" content=\"2019-07-09T08:50:46+00:00\" \/>\n<meta property=\"article:modified_time\" content=\"2019-07-09T08:50:53+00:00\" \/>\n<meta name=\"author\" content=\"Damien P\u00e9an\" \/>\n<meta name=\"twitter:card\" content=\"summary_large_image\" \/>\n<script type=\"application\/ld+json\" class=\"yoast-schema-graph\">{\"@context\":\"https:\/\/schema.org\",\"@graph\":[{\"@type\":\"WebPage\",\"@id\":\"https:\/\/www.gereso.com\/actualites\/2019\/07\/09\/qpc-sur-le-verrou-de-bercy\/\",\"url\":\"https:\/\/www.gereso.com\/actualites\/2019\/07\/09\/qpc-sur-le-verrou-de-bercy\/\",\"name\":\"QPC sur le verrou de Bercy - Le Blog GERESO\",\"isPartOf\":{\"@id\":\"https:\/\/www.gereso.com\/actualites\/#website\"},\"datePublished\":\"2019-07-09T08:50:46+00:00\",\"dateModified\":\"2019-07-09T08:50:53+00:00\",\"author\":{\"@id\":\"https:\/\/www.gereso.com\/actualites\/#\/schema\/person\/c91814f92d627ed4715993fbbf7c7e8d\"},\"breadcrumb\":{\"@id\":\"https:\/\/www.gereso.com\/actualites\/2019\/07\/09\/qpc-sur-le-verrou-de-bercy\/#breadcrumb\"},\"inLanguage\":\"fr-FR\",\"potentialAction\":[{\"@type\":\"ReadAction\",\"target\":[\"https:\/\/www.gereso.com\/actualites\/2019\/07\/09\/qpc-sur-le-verrou-de-bercy\/\"]}]},{\"@type\":\"BreadcrumbList\",\"@id\":\"https:\/\/www.gereso.com\/actualites\/2019\/07\/09\/qpc-sur-le-verrou-de-bercy\/#breadcrumb\",\"itemListElement\":[{\"@type\":\"ListItem\",\"position\":1,\"name\":\"Home\",\"item\":\"https:\/\/www.gereso.com\/actualites\/\"},{\"@type\":\"ListItem\",\"position\":2,\"name\":\"QPC sur le verrou de Bercy\"}]},{\"@type\":\"WebSite\",\"@id\":\"https:\/\/www.gereso.com\/actualites\/#website\",\"url\":\"https:\/\/www.gereso.com\/actualites\/\",\"name\":\"Le Blog GERESO\",\"description\":\"Toute l&#039;actu RH, Finance, Fonction Publique, Management...\",\"potentialAction\":[{\"@type\":\"SearchAction\",\"target\":{\"@type\":\"EntryPoint\",\"urlTemplate\":\"https:\/\/www.gereso.com\/actualites\/?s={search_term_string}\"},\"query-input\":{\"@type\":\"PropertyValueSpecification\",\"valueRequired\":true,\"valueName\":\"search_term_string\"}}],\"inLanguage\":\"fr-FR\"},{\"@type\":\"Person\",\"@id\":\"https:\/\/www.gereso.com\/actualites\/#\/schema\/person\/c91814f92d627ed4715993fbbf7c7e8d\",\"name\":\"Damien P\u00e9an\",\"image\":{\"@type\":\"ImageObject\",\"inLanguage\":\"fr-FR\",\"@id\":\"https:\/\/www.gereso.com\/actualites\/#\/schema\/person\/image\/\",\"url\":\"https:\/\/www.gereso.com\/actualites\/wp-content\/uploads\/2016\/03\/damien-pean.jpg\",\"contentUrl\":\"https:\/\/www.gereso.com\/actualites\/wp-content\/uploads\/2016\/03\/damien-pean.jpg\",\"caption\":\"Damien P\u00e9an\"},\"description\":\"Damien P\u00c9AN est titulaire du Dipl\u00f4me d'\u00e9tudes sup\u00e9rieures comptables et financi\u00e8res (DESCF). Il intervient depuis plusieurs ann\u00e9es aupr\u00e8s d'\u00e9tudiants en licence de comptabilit\u00e9 et de gestion, \u00e0 qui il enseigne le contr\u00f4le de gestion, la comptabilit\u00e9 approfondie, le management, la fiscalit\u00e9, le droit des soci\u00e9t\u00e9s et le droit du travail. Il intervient \u00e9galement en formation continue pour le compte de divers organismes de formation sur des th\u00e9matiques techniques en comptabilit\u00e9 et fiscalit\u00e9. Il forme aussi un public de non-initi\u00e9s aux fondamentaux de la finance.\",\"url\":\"https:\/\/www.gereso.com\/actualites\/author\/d-pean\/\"}]}<\/script>\n<!-- \/ Yoast SEO plugin. -->","yoast_head_json":{"title":"QPC sur le verrou de Bercy - Le Blog GERESO","robots":{"index":"index","follow":"follow","max-snippet":"max-snippet:-1","max-image-preview":"max-image-preview:large","max-video-preview":"max-video-preview:-1"},"canonical":"https:\/\/www.gereso.com\/actualites\/2019\/07\/09\/qpc-sur-le-verrou-de-bercy\/","og_locale":"fr_FR","og_type":"article","og_title":"QPC sur le verrou de Bercy - Le Blog GERESO","og_description":"Le Conseil constitutionnel va prochainement se prononcer sur la validit\u00e9 du verrou de Bercy dans le cadre de la proc\u00e9dure p\u00e9nale pour fraude fiscale. Les Sages ont \u00e9t\u00e9 saisis par le Conseil d\u2019\u00c9tat dans le cadre d\u2019une question prioritaire de constitutionnalit\u00e9 (QPC). Le verrou de Bercy Dans le cadre d\u2019une fraude fiscale, l\u2019administration fiscale peut [&hellip;]","og_url":"https:\/\/www.gereso.com\/actualites\/2019\/07\/09\/qpc-sur-le-verrou-de-bercy\/","og_site_name":"Le Blog GERESO","article_published_time":"2019-07-09T08:50:46+00:00","article_modified_time":"2019-07-09T08:50:53+00:00","author":"Damien P\u00e9an","twitter_card":"summary_large_image","schema":{"@context":"https:\/\/schema.org","@graph":[{"@type":"WebPage","@id":"https:\/\/www.gereso.com\/actualites\/2019\/07\/09\/qpc-sur-le-verrou-de-bercy\/","url":"https:\/\/www.gereso.com\/actualites\/2019\/07\/09\/qpc-sur-le-verrou-de-bercy\/","name":"QPC sur le verrou de Bercy - Le Blog GERESO","isPartOf":{"@id":"https:\/\/www.gereso.com\/actualites\/#website"},"datePublished":"2019-07-09T08:50:46+00:00","dateModified":"2019-07-09T08:50:53+00:00","author":{"@id":"https:\/\/www.gereso.com\/actualites\/#\/schema\/person\/c91814f92d627ed4715993fbbf7c7e8d"},"breadcrumb":{"@id":"https:\/\/www.gereso.com\/actualites\/2019\/07\/09\/qpc-sur-le-verrou-de-bercy\/#breadcrumb"},"inLanguage":"fr-FR","potentialAction":[{"@type":"ReadAction","target":["https:\/\/www.gereso.com\/actualites\/2019\/07\/09\/qpc-sur-le-verrou-de-bercy\/"]}]},{"@type":"BreadcrumbList","@id":"https:\/\/www.gereso.com\/actualites\/2019\/07\/09\/qpc-sur-le-verrou-de-bercy\/#breadcrumb","itemListElement":[{"@type":"ListItem","position":1,"name":"Home","item":"https:\/\/www.gereso.com\/actualites\/"},{"@type":"ListItem","position":2,"name":"QPC sur le verrou de Bercy"}]},{"@type":"WebSite","@id":"https:\/\/www.gereso.com\/actualites\/#website","url":"https:\/\/www.gereso.com\/actualites\/","name":"Le Blog GERESO","description":"Toute l&#039;actu RH, Finance, Fonction Publique, Management...","potentialAction":[{"@type":"SearchAction","target":{"@type":"EntryPoint","urlTemplate":"https:\/\/www.gereso.com\/actualites\/?s={search_term_string}"},"query-input":{"@type":"PropertyValueSpecification","valueRequired":true,"valueName":"search_term_string"}}],"inLanguage":"fr-FR"},{"@type":"Person","@id":"https:\/\/www.gereso.com\/actualites\/#\/schema\/person\/c91814f92d627ed4715993fbbf7c7e8d","name":"Damien P\u00e9an","image":{"@type":"ImageObject","inLanguage":"fr-FR","@id":"https:\/\/www.gereso.com\/actualites\/#\/schema\/person\/image\/","url":"https:\/\/www.gereso.com\/actualites\/wp-content\/uploads\/2016\/03\/damien-pean.jpg","contentUrl":"https:\/\/www.gereso.com\/actualites\/wp-content\/uploads\/2016\/03\/damien-pean.jpg","caption":"Damien P\u00e9an"},"description":"Damien P\u00c9AN est titulaire du Dipl\u00f4me d'\u00e9tudes sup\u00e9rieures comptables et financi\u00e8res (DESCF). Il intervient depuis plusieurs ann\u00e9es aupr\u00e8s d'\u00e9tudiants en licence de comptabilit\u00e9 et de gestion, \u00e0 qui il enseigne le contr\u00f4le de gestion, la comptabilit\u00e9 approfondie, le management, la fiscalit\u00e9, le droit des soci\u00e9t\u00e9s et le droit du travail. Il intervient \u00e9galement en formation continue pour le compte de divers organismes de formation sur des th\u00e9matiques techniques en comptabilit\u00e9 et fiscalit\u00e9. Il forme aussi un public de non-initi\u00e9s aux fondamentaux de la finance.","url":"https:\/\/www.gereso.com\/actualites\/author\/d-pean\/"}]}},"_links":{"self":[{"href":"https:\/\/www.gereso.com\/actualites\/wp-json\/wp\/v2\/posts\/11658","targetHints":{"allow":["GET"]}}],"collection":[{"href":"https:\/\/www.gereso.com\/actualites\/wp-json\/wp\/v2\/posts"}],"about":[{"href":"https:\/\/www.gereso.com\/actualites\/wp-json\/wp\/v2\/types\/post"}],"author":[{"embeddable":true,"href":"https:\/\/www.gereso.com\/actualites\/wp-json\/wp\/v2\/users\/45"}],"replies":[{"embeddable":true,"href":"https:\/\/www.gereso.com\/actualites\/wp-json\/wp\/v2\/comments?post=11658"}],"version-history":[{"count":1,"href":"https:\/\/www.gereso.com\/actualites\/wp-json\/wp\/v2\/posts\/11658\/revisions"}],"predecessor-version":[{"id":11659,"href":"https:\/\/www.gereso.com\/actualites\/wp-json\/wp\/v2\/posts\/11658\/revisions\/11659"}],"wp:attachment":[{"href":"https:\/\/www.gereso.com\/actualites\/wp-json\/wp\/v2\/media?parent=11658"}],"wp:term":[{"taxonomy":"category","embeddable":true,"href":"https:\/\/www.gereso.com\/actualites\/wp-json\/wp\/v2\/categories?post=11658"},{"taxonomy":"post_tag","embeddable":true,"href":"https:\/\/www.gereso.com\/actualites\/wp-json\/wp\/v2\/tags?post=11658"}],"curies":[{"name":"wp","href":"https:\/\/api.w.org\/{rel}","templated":true}]}}