{"id":11971,"date":"2019-07-31T11:10:11","date_gmt":"2019-07-31T09:10:11","guid":{"rendered":"https:\/\/www.gereso.com\/actualites\/?p=11971"},"modified":"2019-07-31T11:10:13","modified_gmt":"2019-07-31T09:10:13","slug":"grandes-entreprises-is-a-331-3-en-2019","status":"publish","type":"post","link":"https:\/\/www.gereso.com\/actualites\/2019\/07\/31\/grandes-entreprises-is-a-331-3-en-2019\/","title":{"rendered":"Grandes entreprises : IS \u00e0 33,1\/3% en 2019"},"content":{"rendered":"\n<p>Pour les exercices ouverts au 1<sup>er<\/sup>\njanvier 2019, les entreprises r\u00e9alisant un chiffre d\u2019affaires sup\u00e9rieur \u00e0 <strong>250\nmillions \u20ac<\/strong> seront soumises au taux d\u2019IS de <strong>33,1\/3%<\/strong> au-del\u00e0 de 500.000\n\u20ac de r\u00e9sultat fiscal, au lieu de 31%.<\/p>\n\n\n\n<h2 class=\"wp-block-heading\"><strong>La trajectoire de baisse initiale<\/strong><\/h2>\n\n\n\n<p>La loi de finances pour 2018 avait\ninstaur\u00e9 une baisse progressive du taux normal d\u2019IS pour toutes les soci\u00e9t\u00e9s. Ainsi&nbsp;:<\/p>\n\n\n\n<ul class=\"wp-block-list\"><li>Pour les exercices ouverts au 1<sup>er<\/sup>\njanvier 2018&nbsp;: le taux d\u2019IS \u00e0 taux normal s\u2019\u00e9l\u00e8ve \u00e0 28% jusqu\u2019\u00e0 500.000 \u20ac de\nr\u00e9sultat fiscal et 33,1\/3% au-del\u00e0<\/li><li><strong>Pour les exercices\nouverts au 1<sup>er<\/sup> janvier 2019&nbsp;<\/strong>:\nle taux d\u2019IS \u00e0 taux normal s\u2019\u00e9l\u00e8vera \u00e0 28% jusqu\u2019\u00e0 500.000 \u20ac de r\u00e9sultat et 31%\nau-del\u00e0.<\/li><li>Pour les exercices ouverts au 1<sup>er<\/sup>\njanvier 2020&nbsp;: le taux sera de 28% pour toutes les soci\u00e9t\u00e9s<\/li><li>Pour les exercices ouverts au 1<sup>er<\/sup>\njanvier 2021&nbsp;: le taux sera de 26,5%<\/li><li>Pour les exercices ouverts au 1<sup>er<\/sup>\njanvier 2022&nbsp;: le taux sera de 25%.<\/li><\/ul>\n\n\n\n<h2 class=\"wp-block-heading\"><strong>Une trajectoire modifi\u00e9e <\/strong><\/h2>\n\n\n\n<p>La <strong>l<a href=\"https:\/\/www.legifrance.gouv.fr\/affichTexte.do?cidTexte=JORFTEXT000038811588&amp;categorieLien=id\">oi n\u00b02019-759 du 24 juillet 2019<\/a><\/strong> portant cr\u00e9ation d\u2019une taxe sur les services num\u00e9riques et modification de la trajectoire de baisse de l\u2019imp\u00f4t sur les soci\u00e9t\u00e9s (IS) a \u00e9t\u00e9 publi\u00e9e au Journal officiel le 25 juillet.<\/p>\n\n\n\n<p>La trajectoire de baisse de l\u2019IS est\nmodifi\u00e9e pour les exercices ouverts au 1<sup>er<\/sup> janvier 2019 pour les entreprises\ndont le chiffre d\u2019affaires exc\u00e8de <strong>250 millions \u20ac.<\/strong> Pour ces soci\u00e9t\u00e9s, le\ntaux d\u2019IS sera de <strong>28% jusqu\u2019\u00e0 500.000 \u20ac de b\u00e9n\u00e9fice imposable et 33,1\/3%\nau-del\u00e0<\/strong>, comme pour les exercices ouverts au 1<sup>er<\/sup> janvier 2018.<\/p>\n\n\n\n<p>Cette mesure permet de participer au financement\ndes mesures en faveur du pouvoir d\u2019achat adopt\u00e9es fin 2018 en r\u00e9ponse au\nmouvement des gilets jaunes.<\/p>\n\n\n\n<p>La trajectoire de baisse d\u2019IS pour ces\ngrandes entreprises devrait \u00e0 nouveau \u00eatre modifi\u00e9e par <strong>la loi de finances\npour 2020<\/strong>. Le Gouvernement a en effet r\u00e9cemment annonc\u00e9 dans le cadre du\nd\u00e9bat d\u2019orientation sur les finances publiques pour 2020, que les grandes\nentreprises ne b\u00e9n\u00e9ficieront du taux \u00e0 <strong>31%<\/strong> que l\u2019an prochain alors que\nles autres entreprises seront imposables \u00e0 28% sur l\u2019int\u00e9gralit\u00e9 de leurs\nb\u00e9n\u00e9fices, sans remise en cause du taux r\u00e9duit \u00e0 15% pour les PME.<\/p>\n","protected":false},"excerpt":{"rendered":"<p>Pour les exercices ouverts au 1er janvier 2019, les entreprises r\u00e9alisant un chiffre d\u2019affaires sup\u00e9rieur \u00e0 250 millions \u20ac seront soumises au taux d\u2019IS de 33,1\/3% au-del\u00e0 de 500.000 \u20ac de r\u00e9sultat fiscal, au lieu de 31%. La trajectoire de baisse initiale La loi de finances pour 2018 avait instaur\u00e9 une baisse progressive du taux [&hellip;]<\/p>\n","protected":false},"author":45,"featured_media":0,"comment_status":"open","ping_status":"open","sticky":false,"template":"","format":"quote","meta":{"_acf_changed":false,"_mi_skip_tracking":false,"footnotes":""},"categories":[3],"tags":[874],"class_list":["post-11971","post","type-post","status-publish","format-quote","hentry","category-comptabilite-fiscalite-et-gestion-financiere","tag-impot-sur-les-societes","post_format-post-format-quote"],"acf":[],"yoast_head":"<!-- This site is optimized with the Yoast SEO plugin v23.4 - https:\/\/yoast.com\/wordpress\/plugins\/seo\/ -->\n<title>Grandes entreprises : IS \u00e0 33,1\/3% en 2019 - Le Blog GERESO<\/title>\n<meta name=\"robots\" content=\"index, follow, max-snippet:-1, max-image-preview:large, max-video-preview:-1\" \/>\n<link rel=\"canonical\" href=\"https:\/\/www.gereso.com\/actualites\/2019\/07\/31\/grandes-entreprises-is-a-331-3-en-2019\/\" \/>\n<meta property=\"og:locale\" content=\"fr_FR\" \/>\n<meta property=\"og:type\" content=\"article\" \/>\n<meta property=\"og:title\" content=\"Grandes entreprises : IS \u00e0 33,1\/3% en 2019 - Le Blog GERESO\" \/>\n<meta property=\"og:description\" content=\"Pour les exercices ouverts au 1er janvier 2019, les entreprises r\u00e9alisant un chiffre d\u2019affaires sup\u00e9rieur \u00e0 250 millions \u20ac seront soumises au taux d\u2019IS de 33,1\/3% au-del\u00e0 de 500.000 \u20ac de r\u00e9sultat fiscal, au lieu de 31%. La trajectoire de baisse initiale La loi de finances pour 2018 avait instaur\u00e9 une baisse progressive du taux [&hellip;]\" \/>\n<meta property=\"og:url\" content=\"https:\/\/www.gereso.com\/actualites\/2019\/07\/31\/grandes-entreprises-is-a-331-3-en-2019\/\" \/>\n<meta property=\"og:site_name\" content=\"Le Blog GERESO\" \/>\n<meta property=\"article:published_time\" content=\"2019-07-31T09:10:11+00:00\" \/>\n<meta property=\"article:modified_time\" content=\"2019-07-31T09:10:13+00:00\" \/>\n<meta name=\"author\" content=\"Damien P\u00e9an\" \/>\n<meta name=\"twitter:card\" content=\"summary_large_image\" \/>\n<script type=\"application\/ld+json\" class=\"yoast-schema-graph\">{\"@context\":\"https:\/\/schema.org\",\"@graph\":[{\"@type\":\"WebPage\",\"@id\":\"https:\/\/www.gereso.com\/actualites\/2019\/07\/31\/grandes-entreprises-is-a-331-3-en-2019\/\",\"url\":\"https:\/\/www.gereso.com\/actualites\/2019\/07\/31\/grandes-entreprises-is-a-331-3-en-2019\/\",\"name\":\"Grandes entreprises : IS \u00e0 33,1\/3% en 2019 - Le Blog GERESO\",\"isPartOf\":{\"@id\":\"https:\/\/www.gereso.com\/actualites\/#website\"},\"datePublished\":\"2019-07-31T09:10:11+00:00\",\"dateModified\":\"2019-07-31T09:10:13+00:00\",\"author\":{\"@id\":\"https:\/\/www.gereso.com\/actualites\/#\/schema\/person\/c91814f92d627ed4715993fbbf7c7e8d\"},\"breadcrumb\":{\"@id\":\"https:\/\/www.gereso.com\/actualites\/2019\/07\/31\/grandes-entreprises-is-a-331-3-en-2019\/#breadcrumb\"},\"inLanguage\":\"fr-FR\",\"potentialAction\":[{\"@type\":\"ReadAction\",\"target\":[\"https:\/\/www.gereso.com\/actualites\/2019\/07\/31\/grandes-entreprises-is-a-331-3-en-2019\/\"]}]},{\"@type\":\"BreadcrumbList\",\"@id\":\"https:\/\/www.gereso.com\/actualites\/2019\/07\/31\/grandes-entreprises-is-a-331-3-en-2019\/#breadcrumb\",\"itemListElement\":[{\"@type\":\"ListItem\",\"position\":1,\"name\":\"Home\",\"item\":\"https:\/\/www.gereso.com\/actualites\/\"},{\"@type\":\"ListItem\",\"position\":2,\"name\":\"Grandes entreprises : IS \u00e0 33,1\/3% en 2019\"}]},{\"@type\":\"WebSite\",\"@id\":\"https:\/\/www.gereso.com\/actualites\/#website\",\"url\":\"https:\/\/www.gereso.com\/actualites\/\",\"name\":\"Le Blog GERESO\",\"description\":\"Toute l&#039;actu RH, Finance, Fonction Publique, Management...\",\"potentialAction\":[{\"@type\":\"SearchAction\",\"target\":{\"@type\":\"EntryPoint\",\"urlTemplate\":\"https:\/\/www.gereso.com\/actualites\/?s={search_term_string}\"},\"query-input\":{\"@type\":\"PropertyValueSpecification\",\"valueRequired\":true,\"valueName\":\"search_term_string\"}}],\"inLanguage\":\"fr-FR\"},{\"@type\":\"Person\",\"@id\":\"https:\/\/www.gereso.com\/actualites\/#\/schema\/person\/c91814f92d627ed4715993fbbf7c7e8d\",\"name\":\"Damien P\u00e9an\",\"image\":{\"@type\":\"ImageObject\",\"inLanguage\":\"fr-FR\",\"@id\":\"https:\/\/www.gereso.com\/actualites\/#\/schema\/person\/image\/\",\"url\":\"https:\/\/www.gereso.com\/actualites\/wp-content\/uploads\/2016\/03\/damien-pean.jpg\",\"contentUrl\":\"https:\/\/www.gereso.com\/actualites\/wp-content\/uploads\/2016\/03\/damien-pean.jpg\",\"caption\":\"Damien P\u00e9an\"},\"description\":\"Damien P\u00c9AN est titulaire du Dipl\u00f4me d'\u00e9tudes sup\u00e9rieures comptables et financi\u00e8res (DESCF). Il intervient depuis plusieurs ann\u00e9es aupr\u00e8s d'\u00e9tudiants en licence de comptabilit\u00e9 et de gestion, \u00e0 qui il enseigne le contr\u00f4le de gestion, la comptabilit\u00e9 approfondie, le management, la fiscalit\u00e9, le droit des soci\u00e9t\u00e9s et le droit du travail. Il intervient \u00e9galement en formation continue pour le compte de divers organismes de formation sur des th\u00e9matiques techniques en comptabilit\u00e9 et fiscalit\u00e9. Il forme aussi un public de non-initi\u00e9s aux fondamentaux de la finance.\",\"url\":\"https:\/\/www.gereso.com\/actualites\/author\/d-pean\/\"}]}<\/script>\n<!-- \/ Yoast SEO plugin. -->","yoast_head_json":{"title":"Grandes entreprises : IS \u00e0 33,1\/3% en 2019 - Le Blog GERESO","robots":{"index":"index","follow":"follow","max-snippet":"max-snippet:-1","max-image-preview":"max-image-preview:large","max-video-preview":"max-video-preview:-1"},"canonical":"https:\/\/www.gereso.com\/actualites\/2019\/07\/31\/grandes-entreprises-is-a-331-3-en-2019\/","og_locale":"fr_FR","og_type":"article","og_title":"Grandes entreprises : IS \u00e0 33,1\/3% en 2019 - Le Blog GERESO","og_description":"Pour les exercices ouverts au 1er janvier 2019, les entreprises r\u00e9alisant un chiffre d\u2019affaires sup\u00e9rieur \u00e0 250 millions \u20ac seront soumises au taux d\u2019IS de 33,1\/3% au-del\u00e0 de 500.000 \u20ac de r\u00e9sultat fiscal, au lieu de 31%. La trajectoire de baisse initiale La loi de finances pour 2018 avait instaur\u00e9 une baisse progressive du taux [&hellip;]","og_url":"https:\/\/www.gereso.com\/actualites\/2019\/07\/31\/grandes-entreprises-is-a-331-3-en-2019\/","og_site_name":"Le Blog GERESO","article_published_time":"2019-07-31T09:10:11+00:00","article_modified_time":"2019-07-31T09:10:13+00:00","author":"Damien P\u00e9an","twitter_card":"summary_large_image","schema":{"@context":"https:\/\/schema.org","@graph":[{"@type":"WebPage","@id":"https:\/\/www.gereso.com\/actualites\/2019\/07\/31\/grandes-entreprises-is-a-331-3-en-2019\/","url":"https:\/\/www.gereso.com\/actualites\/2019\/07\/31\/grandes-entreprises-is-a-331-3-en-2019\/","name":"Grandes entreprises : IS \u00e0 33,1\/3% en 2019 - Le Blog GERESO","isPartOf":{"@id":"https:\/\/www.gereso.com\/actualites\/#website"},"datePublished":"2019-07-31T09:10:11+00:00","dateModified":"2019-07-31T09:10:13+00:00","author":{"@id":"https:\/\/www.gereso.com\/actualites\/#\/schema\/person\/c91814f92d627ed4715993fbbf7c7e8d"},"breadcrumb":{"@id":"https:\/\/www.gereso.com\/actualites\/2019\/07\/31\/grandes-entreprises-is-a-331-3-en-2019\/#breadcrumb"},"inLanguage":"fr-FR","potentialAction":[{"@type":"ReadAction","target":["https:\/\/www.gereso.com\/actualites\/2019\/07\/31\/grandes-entreprises-is-a-331-3-en-2019\/"]}]},{"@type":"BreadcrumbList","@id":"https:\/\/www.gereso.com\/actualites\/2019\/07\/31\/grandes-entreprises-is-a-331-3-en-2019\/#breadcrumb","itemListElement":[{"@type":"ListItem","position":1,"name":"Home","item":"https:\/\/www.gereso.com\/actualites\/"},{"@type":"ListItem","position":2,"name":"Grandes entreprises : IS \u00e0 33,1\/3% en 2019"}]},{"@type":"WebSite","@id":"https:\/\/www.gereso.com\/actualites\/#website","url":"https:\/\/www.gereso.com\/actualites\/","name":"Le Blog GERESO","description":"Toute l&#039;actu RH, Finance, Fonction Publique, Management...","potentialAction":[{"@type":"SearchAction","target":{"@type":"EntryPoint","urlTemplate":"https:\/\/www.gereso.com\/actualites\/?s={search_term_string}"},"query-input":{"@type":"PropertyValueSpecification","valueRequired":true,"valueName":"search_term_string"}}],"inLanguage":"fr-FR"},{"@type":"Person","@id":"https:\/\/www.gereso.com\/actualites\/#\/schema\/person\/c91814f92d627ed4715993fbbf7c7e8d","name":"Damien P\u00e9an","image":{"@type":"ImageObject","inLanguage":"fr-FR","@id":"https:\/\/www.gereso.com\/actualites\/#\/schema\/person\/image\/","url":"https:\/\/www.gereso.com\/actualites\/wp-content\/uploads\/2016\/03\/damien-pean.jpg","contentUrl":"https:\/\/www.gereso.com\/actualites\/wp-content\/uploads\/2016\/03\/damien-pean.jpg","caption":"Damien P\u00e9an"},"description":"Damien P\u00c9AN est titulaire du Dipl\u00f4me d'\u00e9tudes sup\u00e9rieures comptables et financi\u00e8res (DESCF). Il intervient depuis plusieurs ann\u00e9es aupr\u00e8s d'\u00e9tudiants en licence de comptabilit\u00e9 et de gestion, \u00e0 qui il enseigne le contr\u00f4le de gestion, la comptabilit\u00e9 approfondie, le management, la fiscalit\u00e9, le droit des soci\u00e9t\u00e9s et le droit du travail. Il intervient \u00e9galement en formation continue pour le compte de divers organismes de formation sur des th\u00e9matiques techniques en comptabilit\u00e9 et fiscalit\u00e9. Il forme aussi un public de non-initi\u00e9s aux fondamentaux de la finance.","url":"https:\/\/www.gereso.com\/actualites\/author\/d-pean\/"}]}},"_links":{"self":[{"href":"https:\/\/www.gereso.com\/actualites\/wp-json\/wp\/v2\/posts\/11971","targetHints":{"allow":["GET"]}}],"collection":[{"href":"https:\/\/www.gereso.com\/actualites\/wp-json\/wp\/v2\/posts"}],"about":[{"href":"https:\/\/www.gereso.com\/actualites\/wp-json\/wp\/v2\/types\/post"}],"author":[{"embeddable":true,"href":"https:\/\/www.gereso.com\/actualites\/wp-json\/wp\/v2\/users\/45"}],"replies":[{"embeddable":true,"href":"https:\/\/www.gereso.com\/actualites\/wp-json\/wp\/v2\/comments?post=11971"}],"version-history":[{"count":1,"href":"https:\/\/www.gereso.com\/actualites\/wp-json\/wp\/v2\/posts\/11971\/revisions"}],"predecessor-version":[{"id":11972,"href":"https:\/\/www.gereso.com\/actualites\/wp-json\/wp\/v2\/posts\/11971\/revisions\/11972"}],"wp:attachment":[{"href":"https:\/\/www.gereso.com\/actualites\/wp-json\/wp\/v2\/media?parent=11971"}],"wp:term":[{"taxonomy":"category","embeddable":true,"href":"https:\/\/www.gereso.com\/actualites\/wp-json\/wp\/v2\/categories?post=11971"},{"taxonomy":"post_tag","embeddable":true,"href":"https:\/\/www.gereso.com\/actualites\/wp-json\/wp\/v2\/tags?post=11971"}],"curies":[{"name":"wp","href":"https:\/\/api.w.org\/{rel}","templated":true}]}}