{"id":12102,"date":"2019-09-13T09:16:24","date_gmt":"2019-09-13T07:16:24","guid":{"rendered":"https:\/\/www.gereso.com\/actualites\/?p=12102"},"modified":"2019-09-16T13:55:31","modified_gmt":"2019-09-16T11:55:31","slug":"reforme-assurance-chomage-changements-decret-26-juillet-2019","status":"publish","type":"post","link":"https:\/\/www.gereso.com\/actualites\/2019\/09\/13\/reforme-assurance-chomage-changements-decret-26-juillet-2019\/","title":{"rendered":"R\u00e9forme de l\u2019assurance ch\u00f4mage : les changements apport\u00e9s par le d\u00e9cret du 26 juillet 2019 et son calendrier d\u2019application"},"content":{"rendered":"\n<p>Le d\u00e9cret d\u00e9finit\nles modalit\u00e9s d&rsquo;indemnisation des travailleurs priv\u00e9s d&#8217;emploi et&nbsp;: <\/p>\n\n\n\n<ul class=\"wp-block-list\"><li><strong>Modifie la dur\u00e9e minimale d&rsquo;affiliation exig\u00e9e<\/strong> (130 jours ou 910 heures ou lieu de 88 jours ou 610 heures pr\u00e9c\u00e9demment) pour ouvrir des droits au ch\u00f4mage, ainsi que le seuil permettant un rechargement des droits (130 jours ou 910 heures au lieu de 150 heures pr\u00e9c\u00e9demment)  <\/li><\/ul>\n\n\n\n<ul class=\"wp-block-list\"><li>Adapte\n\u00e9galement les <strong>dur\u00e9es de la p\u00e9riode de\nr\u00e9f\u00e9rence d&rsquo;affiliation et de la p\u00e9riode de r\u00e9f\u00e9rence calcul. <\/strong><\/li><\/ul>\n\n\n\n<ul class=\"wp-block-list\"><li>D\u00e9finit les\nmodalit\u00e9s d&rsquo;application et de coordination des <strong>nouveaux droits \u00e0 indemnisation pour les d\u00e9missionnaires et les\ntravailleurs ind\u00e9pendants.<\/strong><\/li><\/ul>\n\n\n\n<ul class=\"wp-block-list\"><li>Pr\u00e9voit\nl&rsquo;application d&rsquo;un <strong>coefficient de\nd\u00e9gressivit\u00e9<\/strong> de l&rsquo;allocation d&rsquo;aide au retour \u00e0 l&#8217;emploi, et fixe un <strong>montant plancher d&rsquo;indemnisation<\/strong>\nen-dessous duquel la d\u00e9gressivit\u00e9 ne s&rsquo;applique pas. <\/li><\/ul>\n\n\n\n<ul class=\"wp-block-list\"><li>Modifie les\nmodalit\u00e9s de calcul du <strong>salaire\njournalier de r\u00e9f\u00e9rence. <\/strong><\/li><\/ul>\n\n\n\n<ul class=\"wp-block-list\"><li>Enfin, il\nmet en place une <strong>modulation des\ncontributions ch\u00f4mage<\/strong> pour les entreprises relevant d&rsquo;un secteur d&rsquo;activit\u00e9\n\u00e0 taux de s\u00e9paration tr\u00e8s \u00e9lev\u00e9s.&nbsp;<\/li><\/ul>\n\n\n\n<p><strong>Dates de mise en \u0153uvre des diff\u00e9rentes mesures<\/strong><\/p>\n\n\n\n<table border=\"1\">\n  <tbody>\n    <tr>\n      <td rowspan=\"2\" width=\"253\" bgcolor=\"#d10016\"><span style=\"color: #FFFFFF\"><center><strong>Mesures<\/strong><\/center><\/span><\/td>\n      <td colspan=\"3\" bgcolor=\"#d10016\"><span style=\"color: #FFFFFF\"><center><strong>Date de mise en oeuvre<\/strong><\/center><\/span><\/td>\n    <\/tr>\n    <tr>\n      <td width=\"100\" bgcolor=\"#d10016\"><span style=\"color: #FFFFFF\"><center><strong>01\/11\/2019<\/strong><\/center><\/span><\/td>\n      <td width=\"100\" bgcolor=\"#d10016\"><span style=\"color: #FFFFFF\"><center><strong>01\/01\/2020<\/strong><\/center><\/span><\/td>\n      <td width=\"100\" bgcolor=\"#d10016\"><span style=\"color: #FFFFFF\"><center><strong>01\/04\/2020<\/strong><\/center><\/span><\/td>\n    <\/tr>\n    <tr>\n      <td><p>Ouverture de l&rsquo;assurance ch\u00f4mage aux salari\u00e9s d\u00e9missionnaires<\/p><\/td>\n\t\t<td><center>X<\/center><\/td>\n      <td>&nbsp;<\/td>\n      <td>&nbsp;<\/td>\n    <\/tr>\n    <tr>\n      <td><p>Ouverture de l&rsquo;assurance ch\u00f4mage aux travailleurs ind\u00e9pendants<\/p><\/td>\n      <td><center>X<\/center><\/td>\n      <td>&nbsp;<\/td>\n      <td>&nbsp;<\/td>\n    <\/tr>\n    <tr>\n      <td><p>Nouvelle r\u00e8gle d&rsquo;\u00e9ligibilit\u00e9 et de rechargement des droits<\/p><\/td>\n      <td><center>X<\/center><\/td>\n      <td>&nbsp;<\/td>\n      <td>&nbsp;<\/td>\n    <\/tr>\n    <tr>\n      <td><p>D\u00e9gressivit\u00e9 au d\u00e9but du 7\u00e8me mois pour les salaires sup\u00e9rieurs \u00e0 4 500 \u20ac mensuels<\/p><\/td>\n      <td><center>X<\/center><\/td>\n      <td>&nbsp;<\/td>\n      <td>&nbsp;<\/td>\n    <\/tr>\n    <tr>\n      <td><p>Bonus-manus<\/p><\/td>\n      <td>&nbsp;<\/td>\n      <td><center>X<\/center><\/td>\n      <td>&nbsp;<\/td>\n    <\/tr>\n\t   <tr>\n      <td><p>Taxation forfaitaire des CDDU<\/p><\/td>\n      <td>&nbsp;<\/td>\n      <td><center>X<\/center><\/td>\n      <td>&nbsp;<\/td>\n    <\/tr>\n\t <tr>\n      <td><p>Nouveau mode de calcul de l&rsquo;indemnisation<\/p><\/td>\n      <td>&nbsp;<\/td>\n      <td><center>X<\/center><\/td>\n      <td><center>X<\/center><\/td>\n    <\/tr>\n  <\/tbody>\n<\/table>\n\n\n\n<p>A noter que ce texte est compl\u00e9t\u00e9 par le d\u00e9cret n\u00b0 2019-796 du&nbsp;26 juillet 2019&nbsp;relatif aux nouveaux droits \u00e0 indemnisation, \u00e0 diverses mesures relatives aux travailleurs priv\u00e9s d&#8217;emploi et \u00e0 l&rsquo;exp\u00e9rimentation d&rsquo;un journal de la recherche d&#8217;emploi.<\/p>\n\n\n\n<br>\n<table width=\"100%\" cellspacing=\"10\" cellpadding=\"10\" border=\"0\" bgcolor=\"#f6f6f6\">\n<tbody>\n<tr>\n\t<td style=\"border-left: 15px solid #f6f6f6; border-right: 15px solid #f6f6f6; border-top: 15px solid #f6f6f6;\" bgcolor=\"#f6f6f6\">\n\t<center>\n\t<span style=\"font-size: 20px\"><strong>Pour aller plus loin&nbsp;: <br>\n<a href=\"https:\/\/www.gereso.com\/ASDI\" target=\"_blank\" style=\"text-decoration: none; color: #d10016\" rel=\"noopener noreferrer\">Formation \u00ab\u00a0Perte d&#8217;emploi et indemnisation ch\u00f4mage\u00a0\u00bb<\/strong><\/a><br>\n\t<\/center>\n\t\t<br>\n\t\t<span style=\"font-size: 14px;\">Focus sur&nbsp;:<br>\n\t\t\u2022&nbsp;Les diff\u00e9rents <strong>dispositifs<\/strong> et les <strong>calculs<\/strong> applicables.<br>\n\t\t\u2022&nbsp;Le <strong>nouveau principe<\/strong> des droits rechargeables.<br>\n\t\t\u2022&nbsp;Les <strong>droits<\/strong> des demandeurs d&#8217;emploi en mati\u00e8re de protection sociale.<br>\n\t\t<br><\/span>\n\t\t<table width=\"100%\" border=\"0\">\n\t\t  <tbody>\n    <tr>\n\t\t<td ;=\"\" bgcolor=\"#d10016\"><center><a href=\"https:\/\/www.gereso.com\/ASDI\" target=\"_blank\" style=\"text-decoration:none; color:#ffffff \" rel=\"noopener noreferrer\"><strong>&gt;&nbsp;En savoir plus\u2026<\/strong><\/a><\/center><\/td>\n\t\t<td ;=\"\" bgcolor=\"f6f6f6\"><center>&nbsp;<\/center><\/td>\n\t\t<td ;=\"\" bgcolor=\"#d10016\"><center><a href=\"https:\/\/www.gereso.com\/client\/programme-pdf\/ASDI.pdf\" target=\"_blank\" style=\"text-decoration:none; color:#ffffff\" rel=\"noopener noreferrer\"><strong>&gt;&nbsp;T\u00e9l\u00e9charger le programme<\/strong><\/a><\/center><\/td>\n    <\/tr>\n  <\/tbody>\n<\/table>\n\n<\/td>\n<\/tr>\n<\/tbody>\n<\/table>\n","protected":false},"excerpt":{"rendered":"<p>Le d\u00e9cret d\u00e9finit les modalit\u00e9s d&rsquo;indemnisation des travailleurs priv\u00e9s d&#8217;emploi et&nbsp;: Modifie la dur\u00e9e minimale d&rsquo;affiliation exig\u00e9e (130 jours ou 910 heures ou lieu de 88 jours ou 610 heures pr\u00e9c\u00e9demment) pour ouvrir des droits au ch\u00f4mage, ainsi que le seuil permettant un rechargement des droits (130 jours ou 910 heures au lieu de 150 [&hellip;]<\/p>\n","protected":false},"author":32,"featured_media":12109,"comment_status":"open","ping_status":"open","sticky":false,"template":"","format":"standard","meta":{"_acf_changed":false,"_mi_skip_tracking":false,"footnotes":""},"categories":[5],"tags":[477,149],"class_list":["post-12102","post","type-post","status-publish","format-standard","has-post-thumbnail","hentry","category-droit-du-travail","tag-assurance-chomage","tag-indemnisation"],"acf":[],"yoast_head":"<!-- This site is optimized with the Yoast SEO plugin v23.4 - https:\/\/yoast.com\/wordpress\/plugins\/seo\/ -->\n<title>R\u00e9forme de l\u2019assurance ch\u00f4mage : les changements apport\u00e9s par le d\u00e9cret du 26 juillet 2019 et son calendrier d\u2019application - Le Blog GERESO<\/title>\n<meta name=\"robots\" content=\"index, follow, max-snippet:-1, max-image-preview:large, max-video-preview:-1\" \/>\n<link rel=\"canonical\" href=\"https:\/\/www.gereso.com\/actualites\/2019\/09\/13\/reforme-assurance-chomage-changements-decret-26-juillet-2019\/\" \/>\n<meta property=\"og:locale\" content=\"fr_FR\" \/>\n<meta property=\"og:type\" content=\"article\" \/>\n<meta property=\"og:title\" content=\"R\u00e9forme de l\u2019assurance ch\u00f4mage : les changements apport\u00e9s par le d\u00e9cret du 26 juillet 2019 et son calendrier d\u2019application - Le Blog GERESO\" \/>\n<meta property=\"og:description\" content=\"Le d\u00e9cret d\u00e9finit les modalit\u00e9s d&rsquo;indemnisation des travailleurs priv\u00e9s d&#8217;emploi et&nbsp;: Modifie la dur\u00e9e minimale d&rsquo;affiliation exig\u00e9e (130 jours ou 910 heures ou lieu de 88 jours ou 610 heures pr\u00e9c\u00e9demment) pour ouvrir des droits au ch\u00f4mage, ainsi que le seuil permettant un rechargement des droits (130 jours ou 910 heures au lieu de 150 [&hellip;]\" \/>\n<meta property=\"og:url\" content=\"https:\/\/www.gereso.com\/actualites\/2019\/09\/13\/reforme-assurance-chomage-changements-decret-26-juillet-2019\/\" \/>\n<meta property=\"og:site_name\" content=\"Le Blog GERESO\" \/>\n<meta property=\"article:published_time\" content=\"2019-09-13T07:16:24+00:00\" \/>\n<meta property=\"article:modified_time\" content=\"2019-09-16T11:55:31+00:00\" \/>\n<meta property=\"og:image\" content=\"https:\/\/www.gereso.com\/actualites\/wp-content\/uploads\/2019\/09\/Assurance-Chomage.jpg\" \/>\n\t<meta property=\"og:image:width\" content=\"600\" \/>\n\t<meta property=\"og:image:height\" content=\"400\" \/>\n\t<meta property=\"og:image:type\" content=\"image\/jpeg\" \/>\n<meta name=\"author\" content=\"\u00c9quipe GERESO\" \/>\n<meta name=\"twitter:card\" content=\"summary_large_image\" \/>\n<script type=\"application\/ld+json\" class=\"yoast-schema-graph\">{\"@context\":\"https:\/\/schema.org\",\"@graph\":[{\"@type\":\"WebPage\",\"@id\":\"https:\/\/www.gereso.com\/actualites\/2019\/09\/13\/reforme-assurance-chomage-changements-decret-26-juillet-2019\/\",\"url\":\"https:\/\/www.gereso.com\/actualites\/2019\/09\/13\/reforme-assurance-chomage-changements-decret-26-juillet-2019\/\",\"name\":\"R\u00e9forme de l\u2019assurance ch\u00f4mage : les changements apport\u00e9s par le d\u00e9cret du 26 juillet 2019 et son calendrier d\u2019application - Le Blog GERESO\",\"isPartOf\":{\"@id\":\"https:\/\/www.gereso.com\/actualites\/#website\"},\"primaryImageOfPage\":{\"@id\":\"https:\/\/www.gereso.com\/actualites\/2019\/09\/13\/reforme-assurance-chomage-changements-decret-26-juillet-2019\/#primaryimage\"},\"image\":{\"@id\":\"https:\/\/www.gereso.com\/actualites\/2019\/09\/13\/reforme-assurance-chomage-changements-decret-26-juillet-2019\/#primaryimage\"},\"thumbnailUrl\":\"https:\/\/www.gereso.com\/actualites\/wp-content\/uploads\/2019\/09\/Assurance-Chomage.jpg\",\"datePublished\":\"2019-09-13T07:16:24+00:00\",\"dateModified\":\"2019-09-16T11:55:31+00:00\",\"author\":{\"@id\":\"https:\/\/www.gereso.com\/actualites\/#\/schema\/person\/197d8aef40cb4ae3f6a0aa9e1d3df2a6\"},\"breadcrumb\":{\"@id\":\"https:\/\/www.gereso.com\/actualites\/2019\/09\/13\/reforme-assurance-chomage-changements-decret-26-juillet-2019\/#breadcrumb\"},\"inLanguage\":\"fr-FR\",\"potentialAction\":[{\"@type\":\"ReadAction\",\"target\":[\"https:\/\/www.gereso.com\/actualites\/2019\/09\/13\/reforme-assurance-chomage-changements-decret-26-juillet-2019\/\"]}]},{\"@type\":\"ImageObject\",\"inLanguage\":\"fr-FR\",\"@id\":\"https:\/\/www.gereso.com\/actualites\/2019\/09\/13\/reforme-assurance-chomage-changements-decret-26-juillet-2019\/#primaryimage\",\"url\":\"https:\/\/www.gereso.com\/actualites\/wp-content\/uploads\/2019\/09\/Assurance-Chomage.jpg\",\"contentUrl\":\"https:\/\/www.gereso.com\/actualites\/wp-content\/uploads\/2019\/09\/Assurance-Chomage.jpg\",\"width\":600,\"height\":400,\"caption\":\"R\u00e9forme de l\u2019assurance ch\u00f4mage\"},{\"@type\":\"BreadcrumbList\",\"@id\":\"https:\/\/www.gereso.com\/actualites\/2019\/09\/13\/reforme-assurance-chomage-changements-decret-26-juillet-2019\/#breadcrumb\",\"itemListElement\":[{\"@type\":\"ListItem\",\"position\":1,\"name\":\"Home\",\"item\":\"https:\/\/www.gereso.com\/actualites\/\"},{\"@type\":\"ListItem\",\"position\":2,\"name\":\"R\u00e9forme de l\u2019assurance ch\u00f4mage : les changements apport\u00e9s par le d\u00e9cret du 26 juillet 2019 et son calendrier d\u2019application\"}]},{\"@type\":\"WebSite\",\"@id\":\"https:\/\/www.gereso.com\/actualites\/#website\",\"url\":\"https:\/\/www.gereso.com\/actualites\/\",\"name\":\"Le Blog GERESO\",\"description\":\"Toute l&#039;actu RH, Finance, Fonction Publique, Management...\",\"potentialAction\":[{\"@type\":\"SearchAction\",\"target\":{\"@type\":\"EntryPoint\",\"urlTemplate\":\"https:\/\/www.gereso.com\/actualites\/?s={search_term_string}\"},\"query-input\":{\"@type\":\"PropertyValueSpecification\",\"valueRequired\":true,\"valueName\":\"search_term_string\"}}],\"inLanguage\":\"fr-FR\"},{\"@type\":\"Person\",\"@id\":\"https:\/\/www.gereso.com\/actualites\/#\/schema\/person\/197d8aef40cb4ae3f6a0aa9e1d3df2a6\",\"name\":\"\u00c9quipe GERESO\",\"image\":{\"@type\":\"ImageObject\",\"inLanguage\":\"fr-FR\",\"@id\":\"https:\/\/www.gereso.com\/actualites\/#\/schema\/person\/image\/\",\"url\":\"https:\/\/www.gereso.com\/actualites\/wp-content\/uploads\/2013\/12\/avatar-gereso-1.png\",\"contentUrl\":\"https:\/\/www.gereso.com\/actualites\/wp-content\/uploads\/2013\/12\/avatar-gereso-1.png\",\"caption\":\"\u00c9quipe GERESO\"},\"url\":\"https:\/\/www.gereso.com\/actualites\/author\/gereso\/\"}]}<\/script>\n<!-- \/ Yoast SEO plugin. -->","yoast_head_json":{"title":"R\u00e9forme de l\u2019assurance ch\u00f4mage : les changements apport\u00e9s par le d\u00e9cret du 26 juillet 2019 et son calendrier d\u2019application - Le Blog GERESO","robots":{"index":"index","follow":"follow","max-snippet":"max-snippet:-1","max-image-preview":"max-image-preview:large","max-video-preview":"max-video-preview:-1"},"canonical":"https:\/\/www.gereso.com\/actualites\/2019\/09\/13\/reforme-assurance-chomage-changements-decret-26-juillet-2019\/","og_locale":"fr_FR","og_type":"article","og_title":"R\u00e9forme de l\u2019assurance ch\u00f4mage : les changements apport\u00e9s par le d\u00e9cret du 26 juillet 2019 et son calendrier d\u2019application - Le Blog GERESO","og_description":"Le d\u00e9cret d\u00e9finit les modalit\u00e9s d&rsquo;indemnisation des travailleurs priv\u00e9s d&#8217;emploi et&nbsp;: Modifie la dur\u00e9e minimale d&rsquo;affiliation exig\u00e9e (130 jours ou 910 heures ou lieu de 88 jours ou 610 heures pr\u00e9c\u00e9demment) pour ouvrir des droits au ch\u00f4mage, ainsi que le seuil permettant un rechargement des droits (130 jours ou 910 heures au lieu de 150 [&hellip;]","og_url":"https:\/\/www.gereso.com\/actualites\/2019\/09\/13\/reforme-assurance-chomage-changements-decret-26-juillet-2019\/","og_site_name":"Le Blog GERESO","article_published_time":"2019-09-13T07:16:24+00:00","article_modified_time":"2019-09-16T11:55:31+00:00","og_image":[{"width":600,"height":400,"url":"https:\/\/www.gereso.com\/actualites\/wp-content\/uploads\/2019\/09\/Assurance-Chomage.jpg","type":"image\/jpeg"}],"author":"\u00c9quipe GERESO","twitter_card":"summary_large_image","schema":{"@context":"https:\/\/schema.org","@graph":[{"@type":"WebPage","@id":"https:\/\/www.gereso.com\/actualites\/2019\/09\/13\/reforme-assurance-chomage-changements-decret-26-juillet-2019\/","url":"https:\/\/www.gereso.com\/actualites\/2019\/09\/13\/reforme-assurance-chomage-changements-decret-26-juillet-2019\/","name":"R\u00e9forme de l\u2019assurance ch\u00f4mage : les changements apport\u00e9s par le d\u00e9cret du 26 juillet 2019 et son calendrier d\u2019application - Le Blog GERESO","isPartOf":{"@id":"https:\/\/www.gereso.com\/actualites\/#website"},"primaryImageOfPage":{"@id":"https:\/\/www.gereso.com\/actualites\/2019\/09\/13\/reforme-assurance-chomage-changements-decret-26-juillet-2019\/#primaryimage"},"image":{"@id":"https:\/\/www.gereso.com\/actualites\/2019\/09\/13\/reforme-assurance-chomage-changements-decret-26-juillet-2019\/#primaryimage"},"thumbnailUrl":"https:\/\/www.gereso.com\/actualites\/wp-content\/uploads\/2019\/09\/Assurance-Chomage.jpg","datePublished":"2019-09-13T07:16:24+00:00","dateModified":"2019-09-16T11:55:31+00:00","author":{"@id":"https:\/\/www.gereso.com\/actualites\/#\/schema\/person\/197d8aef40cb4ae3f6a0aa9e1d3df2a6"},"breadcrumb":{"@id":"https:\/\/www.gereso.com\/actualites\/2019\/09\/13\/reforme-assurance-chomage-changements-decret-26-juillet-2019\/#breadcrumb"},"inLanguage":"fr-FR","potentialAction":[{"@type":"ReadAction","target":["https:\/\/www.gereso.com\/actualites\/2019\/09\/13\/reforme-assurance-chomage-changements-decret-26-juillet-2019\/"]}]},{"@type":"ImageObject","inLanguage":"fr-FR","@id":"https:\/\/www.gereso.com\/actualites\/2019\/09\/13\/reforme-assurance-chomage-changements-decret-26-juillet-2019\/#primaryimage","url":"https:\/\/www.gereso.com\/actualites\/wp-content\/uploads\/2019\/09\/Assurance-Chomage.jpg","contentUrl":"https:\/\/www.gereso.com\/actualites\/wp-content\/uploads\/2019\/09\/Assurance-Chomage.jpg","width":600,"height":400,"caption":"R\u00e9forme de l\u2019assurance ch\u00f4mage"},{"@type":"BreadcrumbList","@id":"https:\/\/www.gereso.com\/actualites\/2019\/09\/13\/reforme-assurance-chomage-changements-decret-26-juillet-2019\/#breadcrumb","itemListElement":[{"@type":"ListItem","position":1,"name":"Home","item":"https:\/\/www.gereso.com\/actualites\/"},{"@type":"ListItem","position":2,"name":"R\u00e9forme de l\u2019assurance ch\u00f4mage : les changements apport\u00e9s par le d\u00e9cret du 26 juillet 2019 et son calendrier d\u2019application"}]},{"@type":"WebSite","@id":"https:\/\/www.gereso.com\/actualites\/#website","url":"https:\/\/www.gereso.com\/actualites\/","name":"Le Blog GERESO","description":"Toute l&#039;actu RH, Finance, Fonction Publique, Management...","potentialAction":[{"@type":"SearchAction","target":{"@type":"EntryPoint","urlTemplate":"https:\/\/www.gereso.com\/actualites\/?s={search_term_string}"},"query-input":{"@type":"PropertyValueSpecification","valueRequired":true,"valueName":"search_term_string"}}],"inLanguage":"fr-FR"},{"@type":"Person","@id":"https:\/\/www.gereso.com\/actualites\/#\/schema\/person\/197d8aef40cb4ae3f6a0aa9e1d3df2a6","name":"\u00c9quipe GERESO","image":{"@type":"ImageObject","inLanguage":"fr-FR","@id":"https:\/\/www.gereso.com\/actualites\/#\/schema\/person\/image\/","url":"https:\/\/www.gereso.com\/actualites\/wp-content\/uploads\/2013\/12\/avatar-gereso-1.png","contentUrl":"https:\/\/www.gereso.com\/actualites\/wp-content\/uploads\/2013\/12\/avatar-gereso-1.png","caption":"\u00c9quipe GERESO"},"url":"https:\/\/www.gereso.com\/actualites\/author\/gereso\/"}]}},"_links":{"self":[{"href":"https:\/\/www.gereso.com\/actualites\/wp-json\/wp\/v2\/posts\/12102","targetHints":{"allow":["GET"]}}],"collection":[{"href":"https:\/\/www.gereso.com\/actualites\/wp-json\/wp\/v2\/posts"}],"about":[{"href":"https:\/\/www.gereso.com\/actualites\/wp-json\/wp\/v2\/types\/post"}],"author":[{"embeddable":true,"href":"https:\/\/www.gereso.com\/actualites\/wp-json\/wp\/v2\/users\/32"}],"replies":[{"embeddable":true,"href":"https:\/\/www.gereso.com\/actualites\/wp-json\/wp\/v2\/comments?post=12102"}],"version-history":[{"count":11,"href":"https:\/\/www.gereso.com\/actualites\/wp-json\/wp\/v2\/posts\/12102\/revisions"}],"predecessor-version":[{"id":12121,"href":"https:\/\/www.gereso.com\/actualites\/wp-json\/wp\/v2\/posts\/12102\/revisions\/12121"}],"wp:featuredmedia":[{"embeddable":true,"href":"https:\/\/www.gereso.com\/actualites\/wp-json\/wp\/v2\/media\/12109"}],"wp:attachment":[{"href":"https:\/\/www.gereso.com\/actualites\/wp-json\/wp\/v2\/media?parent=12102"}],"wp:term":[{"taxonomy":"category","embeddable":true,"href":"https:\/\/www.gereso.com\/actualites\/wp-json\/wp\/v2\/categories?post=12102"},{"taxonomy":"post_tag","embeddable":true,"href":"https:\/\/www.gereso.com\/actualites\/wp-json\/wp\/v2\/tags?post=12102"}],"curies":[{"name":"wp","href":"https:\/\/api.w.org\/{rel}","templated":true}]}}