{"id":12167,"date":"2019-09-25T08:20:23","date_gmt":"2019-09-25T06:20:23","guid":{"rendered":"https:\/\/www.gereso.com\/actualites\/?p=12167"},"modified":"2019-09-25T08:20:25","modified_gmt":"2019-09-25T06:20:25","slug":"is-regularisation-du-4eme-acompte","status":"publish","type":"post","link":"https:\/\/www.gereso.com\/actualites\/2019\/09\/25\/is-regularisation-du-4eme-acompte\/","title":{"rendered":"IS : r\u00e9gularisation du 4\u00e8me acompte"},"content":{"rendered":"\n<p>Compte tenu de la\nr\u00e9introduction du taux d\u2019IS \u00e0 <strong>33,1\/3%<\/strong> pour les soci\u00e9t\u00e9s de <strong>plus de\n250 millions \u20ac<\/strong> de chiffre d\u2019affaires, une r<strong>\u00e9gularisation<\/strong> des premiers\nacomptes est n\u00e9cessaire. <\/p>\n\n\n\n<h2 class=\"wp-block-heading\"><strong>La baisse du taux normal\nd\u2019IS<\/strong><\/h2>\n\n\n\n<p>Lors du premier budget\nvot\u00e9 du quinquennat (loi de finances pour 2018), une baisse progressive du taux\nnormal d\u2019imp\u00f4t sur les soci\u00e9t\u00e9s a \u00e9t\u00e9 adopt\u00e9e sans distinction de la taille de\nla soci\u00e9t\u00e9&nbsp;: <\/p>\n\n\n\n<ul class=\"wp-block-list\"><li><strong>2018&nbsp;<\/strong>: IS \u00e0 28% jusqu\u2019\u00e0 500.000 \u20ac de r\u00e9sultat\nfiscal et 33,1\/3% au-del\u00e0<\/li><li><strong>2019<\/strong>&nbsp;: IS \u00e0 28% jusqu\u2019\u00e0 500.000 \u20ac de\nr\u00e9sultat fiscal et 31% au-del\u00e0<\/li><li><strong>2020<\/strong>&nbsp;: IS \u00e0 28% sur la totalit\u00e9 du\nr\u00e9sultat fiscal<\/li><li><strong>2021<\/strong>&nbsp;: IS \u00e0 26,5%<\/li><li><strong>2022<\/strong>&nbsp;: IS \u00e0 25%.<\/li><\/ul>\n\n\n\n<h2 class=\"wp-block-heading\"><strong>Gel en 2019 pour les\ngrandes soci\u00e9t\u00e9s<\/strong><\/h2>\n\n\n\n<p>N\u00e9anmoins, afin de\nfinancer des mesures en faveur du pouvoir d\u2019achat, la <strong>loi n\u00b0 2019-759 du 24\njuillet 2019<\/strong> portant cr\u00e9ation d&rsquo;une taxe sur les services num\u00e9riques et\nmodification de la trajectoire de baisse de l&rsquo;imp\u00f4t sur les soci\u00e9t\u00e9s (IS) a ajust\u00e9\nces r\u00e8gles pour les grands groupes.\n<\/p>\n\n\n\n<p>Pour les exercices\nouverts au <strong>1<sup>er<\/sup> janvier 2019<\/strong>, les soci\u00e9t\u00e9s de plus de <strong>250\nmillions \u20ac de chiffre d\u2019affaires <\/strong>seront encore redevables, comme en 2018 d\u2019un\nIS \u00e0 <strong>28% jusqu\u2019\u00e0 500.000 \u20ac de r\u00e9sultat fiscal et 33,1\/3% au-del\u00e0<\/strong>.<\/p>\n\n\n\n<h2 class=\"wp-block-heading\"><strong>R\u00e9gularisation du 3\u00e8me\nou 4\u00e8me acompte<\/strong><\/h2>\n\n\n\n<p>Compte tenu de la date d\u2019adoption\nde cette loi, les 2 premiers <strong>acomptes vers\u00e9s en mars et juin<\/strong> par les\ngrandes soci\u00e9t\u00e9s ont \u00e9t\u00e9 d\u00e9termin\u00e9s avec le taux de 31%. En principe, selon le\n1 de l\u2019article 1668 du code g\u00e9n\u00e9ral des imp\u00f4ts, lors du paiement du 3<sup>\u00e8me<\/sup>\nacompte (\u00e9ch\u00e9ance au 16 septembre 2019), les redevables concern\u00e9s auraient d\u00fb <strong>r\u00e9gulariser<\/strong>\nces deux acomptes pour la diff\u00e9rence entre le taux de 33,1\/3% (acompte \u00e0\n8,1\/3%) et le taux \u00e0 31% (acompte \u00e0 7,75% soit 31%\/4).<\/p>\n\n\n\n<p>L\u2019administration fiscale vient n\u00e9anmoins d\u2019annoncer (<a href=\"https:\/\/www.impots.gouv.fr\/portail\/actualite\/paiement-du-3eme-et-4eme-acompte-dis-2019-par-les-grandes-entreprises-suite-au-maintien-du\">actualit\u00e9 impots.gouv.fr du 20 septembre 2019<\/a>) que les soci\u00e9t\u00e9s qui auraient omis de proc\u00e9der \u00e0 cette r\u00e9gularisation lors du 3<sup>\u00e8me<\/sup> acompte pourraient le faire lors du prochain acompte dont l\u2019\u00e9ch\u00e9ance est pr\u00e9vue pour le <strong>15 d\u00e9cembre<\/strong>. Elle pr\u00e9cise qu\u2019<strong>aucune p\u00e9nalit\u00e9 <\/strong>ne sera alors appliqu\u00e9e.<\/p>\n","protected":false},"excerpt":{"rendered":"<p>Compte tenu de la r\u00e9introduction du taux d\u2019IS \u00e0 33,1\/3% pour les soci\u00e9t\u00e9s de plus de 250 millions \u20ac de chiffre d\u2019affaires, une r\u00e9gularisation des premiers acomptes est n\u00e9cessaire. La baisse du taux normal d\u2019IS Lors du premier budget vot\u00e9 du quinquennat (loi de finances pour 2018), une baisse progressive du taux normal d\u2019imp\u00f4t sur [&hellip;]<\/p>\n","protected":false},"author":45,"featured_media":0,"comment_status":"open","ping_status":"open","sticky":false,"template":"","format":"quote","meta":{"_acf_changed":false,"_mi_skip_tracking":false,"footnotes":""},"categories":[12,3],"tags":[874],"class_list":["post-12167","post","type-post","status-publish","format-quote","hentry","category-actualites","category-comptabilite-fiscalite-et-gestion-financiere","tag-impot-sur-les-societes","post_format-post-format-quote"],"acf":[],"yoast_head":"<!-- This site is optimized with the Yoast SEO plugin v23.4 - https:\/\/yoast.com\/wordpress\/plugins\/seo\/ -->\n<title>IS : r\u00e9gularisation du 4\u00e8me acompte - Le Blog GERESO<\/title>\n<meta name=\"robots\" content=\"index, follow, max-snippet:-1, max-image-preview:large, max-video-preview:-1\" \/>\n<link rel=\"canonical\" href=\"https:\/\/www.gereso.com\/actualites\/2019\/09\/25\/is-regularisation-du-4eme-acompte\/\" \/>\n<meta property=\"og:locale\" content=\"fr_FR\" \/>\n<meta property=\"og:type\" content=\"article\" \/>\n<meta property=\"og:title\" content=\"IS : r\u00e9gularisation du 4\u00e8me acompte - Le Blog GERESO\" \/>\n<meta property=\"og:description\" content=\"Compte tenu de la r\u00e9introduction du taux d\u2019IS \u00e0 33,1\/3% pour les soci\u00e9t\u00e9s de plus de 250 millions \u20ac de chiffre d\u2019affaires, une r\u00e9gularisation des premiers acomptes est n\u00e9cessaire. La baisse du taux normal d\u2019IS Lors du premier budget vot\u00e9 du quinquennat (loi de finances pour 2018), une baisse progressive du taux normal d\u2019imp\u00f4t sur [&hellip;]\" \/>\n<meta property=\"og:url\" content=\"https:\/\/www.gereso.com\/actualites\/2019\/09\/25\/is-regularisation-du-4eme-acompte\/\" \/>\n<meta property=\"og:site_name\" content=\"Le Blog GERESO\" \/>\n<meta property=\"article:published_time\" content=\"2019-09-25T06:20:23+00:00\" \/>\n<meta property=\"article:modified_time\" content=\"2019-09-25T06:20:25+00:00\" \/>\n<meta name=\"author\" content=\"Damien P\u00e9an\" \/>\n<meta name=\"twitter:card\" content=\"summary_large_image\" \/>\n<script type=\"application\/ld+json\" class=\"yoast-schema-graph\">{\"@context\":\"https:\/\/schema.org\",\"@graph\":[{\"@type\":\"WebPage\",\"@id\":\"https:\/\/www.gereso.com\/actualites\/2019\/09\/25\/is-regularisation-du-4eme-acompte\/\",\"url\":\"https:\/\/www.gereso.com\/actualites\/2019\/09\/25\/is-regularisation-du-4eme-acompte\/\",\"name\":\"IS : r\u00e9gularisation du 4\u00e8me acompte - Le Blog GERESO\",\"isPartOf\":{\"@id\":\"https:\/\/www.gereso.com\/actualites\/#website\"},\"datePublished\":\"2019-09-25T06:20:23+00:00\",\"dateModified\":\"2019-09-25T06:20:25+00:00\",\"author\":{\"@id\":\"https:\/\/www.gereso.com\/actualites\/#\/schema\/person\/c91814f92d627ed4715993fbbf7c7e8d\"},\"breadcrumb\":{\"@id\":\"https:\/\/www.gereso.com\/actualites\/2019\/09\/25\/is-regularisation-du-4eme-acompte\/#breadcrumb\"},\"inLanguage\":\"fr-FR\",\"potentialAction\":[{\"@type\":\"ReadAction\",\"target\":[\"https:\/\/www.gereso.com\/actualites\/2019\/09\/25\/is-regularisation-du-4eme-acompte\/\"]}]},{\"@type\":\"BreadcrumbList\",\"@id\":\"https:\/\/www.gereso.com\/actualites\/2019\/09\/25\/is-regularisation-du-4eme-acompte\/#breadcrumb\",\"itemListElement\":[{\"@type\":\"ListItem\",\"position\":1,\"name\":\"Home\",\"item\":\"https:\/\/www.gereso.com\/actualites\/\"},{\"@type\":\"ListItem\",\"position\":2,\"name\":\"IS : r\u00e9gularisation du 4\u00e8me acompte\"}]},{\"@type\":\"WebSite\",\"@id\":\"https:\/\/www.gereso.com\/actualites\/#website\",\"url\":\"https:\/\/www.gereso.com\/actualites\/\",\"name\":\"Le Blog GERESO\",\"description\":\"Toute l&#039;actu RH, Finance, Fonction Publique, Management...\",\"potentialAction\":[{\"@type\":\"SearchAction\",\"target\":{\"@type\":\"EntryPoint\",\"urlTemplate\":\"https:\/\/www.gereso.com\/actualites\/?s={search_term_string}\"},\"query-input\":{\"@type\":\"PropertyValueSpecification\",\"valueRequired\":true,\"valueName\":\"search_term_string\"}}],\"inLanguage\":\"fr-FR\"},{\"@type\":\"Person\",\"@id\":\"https:\/\/www.gereso.com\/actualites\/#\/schema\/person\/c91814f92d627ed4715993fbbf7c7e8d\",\"name\":\"Damien P\u00e9an\",\"image\":{\"@type\":\"ImageObject\",\"inLanguage\":\"fr-FR\",\"@id\":\"https:\/\/www.gereso.com\/actualites\/#\/schema\/person\/image\/\",\"url\":\"https:\/\/www.gereso.com\/actualites\/wp-content\/uploads\/2016\/03\/damien-pean.jpg\",\"contentUrl\":\"https:\/\/www.gereso.com\/actualites\/wp-content\/uploads\/2016\/03\/damien-pean.jpg\",\"caption\":\"Damien P\u00e9an\"},\"description\":\"Damien P\u00c9AN est titulaire du Dipl\u00f4me d'\u00e9tudes sup\u00e9rieures comptables et financi\u00e8res (DESCF). Il intervient depuis plusieurs ann\u00e9es aupr\u00e8s d'\u00e9tudiants en licence de comptabilit\u00e9 et de gestion, \u00e0 qui il enseigne le contr\u00f4le de gestion, la comptabilit\u00e9 approfondie, le management, la fiscalit\u00e9, le droit des soci\u00e9t\u00e9s et le droit du travail. Il intervient \u00e9galement en formation continue pour le compte de divers organismes de formation sur des th\u00e9matiques techniques en comptabilit\u00e9 et fiscalit\u00e9. Il forme aussi un public de non-initi\u00e9s aux fondamentaux de la finance.\",\"url\":\"https:\/\/www.gereso.com\/actualites\/author\/d-pean\/\"}]}<\/script>\n<!-- \/ Yoast SEO plugin. -->","yoast_head_json":{"title":"IS : r\u00e9gularisation du 4\u00e8me acompte - Le Blog GERESO","robots":{"index":"index","follow":"follow","max-snippet":"max-snippet:-1","max-image-preview":"max-image-preview:large","max-video-preview":"max-video-preview:-1"},"canonical":"https:\/\/www.gereso.com\/actualites\/2019\/09\/25\/is-regularisation-du-4eme-acompte\/","og_locale":"fr_FR","og_type":"article","og_title":"IS : r\u00e9gularisation du 4\u00e8me acompte - Le Blog GERESO","og_description":"Compte tenu de la r\u00e9introduction du taux d\u2019IS \u00e0 33,1\/3% pour les soci\u00e9t\u00e9s de plus de 250 millions \u20ac de chiffre d\u2019affaires, une r\u00e9gularisation des premiers acomptes est n\u00e9cessaire. La baisse du taux normal d\u2019IS Lors du premier budget vot\u00e9 du quinquennat (loi de finances pour 2018), une baisse progressive du taux normal d\u2019imp\u00f4t sur [&hellip;]","og_url":"https:\/\/www.gereso.com\/actualites\/2019\/09\/25\/is-regularisation-du-4eme-acompte\/","og_site_name":"Le Blog GERESO","article_published_time":"2019-09-25T06:20:23+00:00","article_modified_time":"2019-09-25T06:20:25+00:00","author":"Damien P\u00e9an","twitter_card":"summary_large_image","schema":{"@context":"https:\/\/schema.org","@graph":[{"@type":"WebPage","@id":"https:\/\/www.gereso.com\/actualites\/2019\/09\/25\/is-regularisation-du-4eme-acompte\/","url":"https:\/\/www.gereso.com\/actualites\/2019\/09\/25\/is-regularisation-du-4eme-acompte\/","name":"IS : r\u00e9gularisation du 4\u00e8me acompte - Le Blog GERESO","isPartOf":{"@id":"https:\/\/www.gereso.com\/actualites\/#website"},"datePublished":"2019-09-25T06:20:23+00:00","dateModified":"2019-09-25T06:20:25+00:00","author":{"@id":"https:\/\/www.gereso.com\/actualites\/#\/schema\/person\/c91814f92d627ed4715993fbbf7c7e8d"},"breadcrumb":{"@id":"https:\/\/www.gereso.com\/actualites\/2019\/09\/25\/is-regularisation-du-4eme-acompte\/#breadcrumb"},"inLanguage":"fr-FR","potentialAction":[{"@type":"ReadAction","target":["https:\/\/www.gereso.com\/actualites\/2019\/09\/25\/is-regularisation-du-4eme-acompte\/"]}]},{"@type":"BreadcrumbList","@id":"https:\/\/www.gereso.com\/actualites\/2019\/09\/25\/is-regularisation-du-4eme-acompte\/#breadcrumb","itemListElement":[{"@type":"ListItem","position":1,"name":"Home","item":"https:\/\/www.gereso.com\/actualites\/"},{"@type":"ListItem","position":2,"name":"IS : r\u00e9gularisation du 4\u00e8me acompte"}]},{"@type":"WebSite","@id":"https:\/\/www.gereso.com\/actualites\/#website","url":"https:\/\/www.gereso.com\/actualites\/","name":"Le Blog GERESO","description":"Toute l&#039;actu RH, Finance, Fonction Publique, Management...","potentialAction":[{"@type":"SearchAction","target":{"@type":"EntryPoint","urlTemplate":"https:\/\/www.gereso.com\/actualites\/?s={search_term_string}"},"query-input":{"@type":"PropertyValueSpecification","valueRequired":true,"valueName":"search_term_string"}}],"inLanguage":"fr-FR"},{"@type":"Person","@id":"https:\/\/www.gereso.com\/actualites\/#\/schema\/person\/c91814f92d627ed4715993fbbf7c7e8d","name":"Damien P\u00e9an","image":{"@type":"ImageObject","inLanguage":"fr-FR","@id":"https:\/\/www.gereso.com\/actualites\/#\/schema\/person\/image\/","url":"https:\/\/www.gereso.com\/actualites\/wp-content\/uploads\/2016\/03\/damien-pean.jpg","contentUrl":"https:\/\/www.gereso.com\/actualites\/wp-content\/uploads\/2016\/03\/damien-pean.jpg","caption":"Damien P\u00e9an"},"description":"Damien P\u00c9AN est titulaire du Dipl\u00f4me d'\u00e9tudes sup\u00e9rieures comptables et financi\u00e8res (DESCF). Il intervient depuis plusieurs ann\u00e9es aupr\u00e8s d'\u00e9tudiants en licence de comptabilit\u00e9 et de gestion, \u00e0 qui il enseigne le contr\u00f4le de gestion, la comptabilit\u00e9 approfondie, le management, la fiscalit\u00e9, le droit des soci\u00e9t\u00e9s et le droit du travail. Il intervient \u00e9galement en formation continue pour le compte de divers organismes de formation sur des th\u00e9matiques techniques en comptabilit\u00e9 et fiscalit\u00e9. Il forme aussi un public de non-initi\u00e9s aux fondamentaux de la finance.","url":"https:\/\/www.gereso.com\/actualites\/author\/d-pean\/"}]}},"_links":{"self":[{"href":"https:\/\/www.gereso.com\/actualites\/wp-json\/wp\/v2\/posts\/12167","targetHints":{"allow":["GET"]}}],"collection":[{"href":"https:\/\/www.gereso.com\/actualites\/wp-json\/wp\/v2\/posts"}],"about":[{"href":"https:\/\/www.gereso.com\/actualites\/wp-json\/wp\/v2\/types\/post"}],"author":[{"embeddable":true,"href":"https:\/\/www.gereso.com\/actualites\/wp-json\/wp\/v2\/users\/45"}],"replies":[{"embeddable":true,"href":"https:\/\/www.gereso.com\/actualites\/wp-json\/wp\/v2\/comments?post=12167"}],"version-history":[{"count":1,"href":"https:\/\/www.gereso.com\/actualites\/wp-json\/wp\/v2\/posts\/12167\/revisions"}],"predecessor-version":[{"id":12168,"href":"https:\/\/www.gereso.com\/actualites\/wp-json\/wp\/v2\/posts\/12167\/revisions\/12168"}],"wp:attachment":[{"href":"https:\/\/www.gereso.com\/actualites\/wp-json\/wp\/v2\/media?parent=12167"}],"wp:term":[{"taxonomy":"category","embeddable":true,"href":"https:\/\/www.gereso.com\/actualites\/wp-json\/wp\/v2\/categories?post=12167"},{"taxonomy":"post_tag","embeddable":true,"href":"https:\/\/www.gereso.com\/actualites\/wp-json\/wp\/v2\/tags?post=12167"}],"curies":[{"name":"wp","href":"https:\/\/api.w.org\/{rel}","templated":true}]}}