{"id":12251,"date":"2019-10-04T16:06:47","date_gmt":"2019-10-04T14:06:47","guid":{"rendered":"https:\/\/www.gereso.com\/actualites\/?p=12251"},"modified":"2019-10-04T16:06:49","modified_gmt":"2019-10-04T14:06:49","slug":"plf-2020-les-principales-mesures","status":"publish","type":"post","link":"https:\/\/www.gereso.com\/actualites\/2019\/10\/04\/plf-2020-les-principales-mesures\/","title":{"rendered":"PLF 2020 : les principales mesures"},"content":{"rendered":"\n<p>Le <strong>projet de loi de\nfinances pour 2020<\/strong> pr\u00e9sent\u00e9 la semaine derni\u00e8re par le Gouvernement\ncomprend plusieurs mesures substantielles en faveur du pouvoir d\u2019achat. Ces\nmesures seront notamment financ\u00e9es par des dispositions fiscales en d\u00e9faveur\ndes entreprises. <\/p>\n\n\n\n<h2 class=\"wp-block-heading\"><strong>Baisse de l\u2019imp\u00f4t sur le\nrevenu et suppression de la taxe d\u2019habitation<\/strong><\/h2>\n\n\n\n<p>Le projet de loi de\nfinances pour 2020 est surtout marqu\u00e9 par la <strong>r\u00e9duction de l\u2019imp\u00f4t sur le\nrevenu<\/strong> pour les contribuables imposables dans les 2 premi\u00e8res tranches (article\n2). La premi\u00e8re tranche passera ainsi de 14% \u00e0 11%. Les contribuables concern\u00e9s\npar ces baisses b\u00e9n\u00e9ficieront d\u2019un gain moyen d\u2019imp\u00f4t sur le revenu de 300 \u20ac.<\/p>\n\n\n\n<p>80% des Fran\u00e7ais vont b\u00e9n\u00e9ficier en 2020\nde la suppression totale de <strong>la taxe d\u2019habitation<\/strong>. L\u2019article 5 du PLF\n2020 pr\u00e9voit une suppression progressive de la taxe d\u2019habitation pour les\nr\u00e9sidences principales pour les 20% de Fran\u00e7ais qui y sont encore soumis au\nrythme suivant&nbsp;: abattement de 30% en 2021, de 65% en 2022 et suppression\ntotale en 2023.<\/p>\n\n\n\n<p>\u00c0 l\u2019inverse, le CITE (cr\u00e9dit d\u2019imp\u00f4t\ntransition \u00e9nerg\u00e9tique) sera soumis \u00e0 des conditions de ressources et sera\nsupprim\u00e9 en 2023. Il sera remplac\u00e9 par une prime en faveur des foyers aux\nressources modestes. <\/p>\n\n\n\n<h2 class=\"wp-block-heading\"><strong>Plusieurs mesures en d\u00e9faveur des grandes\nentreprises<\/strong><\/h2>\n\n\n\n<p>Un effort est en revanche demand\u00e9 aux\ngrandes entreprises&nbsp;: <\/p>\n\n\n\n<ul class=\"wp-block-list\"><li>Article 11&nbsp;: am\u00e9nagement de la\ntrajectoire de <strong>baisse du taux normal d\u2019IS<\/strong> pour les soci\u00e9t\u00e9s dont le\nchiffre d\u2019affaires exc\u00e8de 250 millions \u20ac (2020&nbsp;: imposition \u00e0 28% jusqu\u2019\u00e0\n500.000 \u20ac de r\u00e9sultat fiscal et 31% au-del\u00e0 au lieu de 28% sur l\u2019ensemble pour\nles autres entreprises, 2021&nbsp;: imposition \u00e0 27,5% au lieu de 26,5% et 2022&nbsp;:\nimposition \u00e0 25%).<\/li><li>Article 16&nbsp;: R\u00e9duction progressive jusqu\u2019\u00e0\nsuppression du tarif r\u00e9duit de <strong>TICPE<\/strong> pour le carburant non routier<\/li><li>Article 49&nbsp;: r\u00e9duction pour l\u2019assiette\ndu <strong>cr\u00e9dit d\u2019imp\u00f4t recherche<\/strong> et du cr\u00e9dit d\u2019imp\u00f4t innovation du forfait\nretenu pour les d\u00e9penses de fonctionnement de 50 \u00e0 43% pour la prise en compte\ndes d\u00e9penses de personnel<\/li><li>Article 50&nbsp;: abaissement de la\nr\u00e9duction d\u2019imp\u00f4t m\u00e9c\u00e9nat de 60 \u00e0 40% pour les versements sup\u00e9rieurs \u00e0 2\nmillions \u20ac sauf pour les versements en faveur de certains organismes.<\/li><\/ul>\n\n\n\n<p>N\u00e9anmoins certaines mesures de\nsimplification ont \u00e9t\u00e9 adopt\u00e9es&nbsp;: <\/p>\n\n\n\n<ul class=\"wp-block-list\"><li>Article 6&nbsp;: abrogation de 18 taxes \u00e0\nfaible rendement<\/li><li>Article 49&nbsp;: restauration du seuil de\n100 millions \u20ac (au lieu de 2 millions \u20ac) de d\u00e9penses de recherche rendant\nobligatoire la r\u00e9alisation d\u2019une d\u00e9claration annexe au titre du CIR (cr\u00e9dit d\u2019imp\u00f4t\nrecherche) <\/li><li>Article 60&nbsp;: simplification du\nrecouvrement de la TVA \u00e0 l\u2019importation aupr\u00e8s des entreprises.<\/li><\/ul>\n","protected":false},"excerpt":{"rendered":"<p>Le projet de loi de finances pour 2020 pr\u00e9sent\u00e9 la semaine derni\u00e8re par le Gouvernement comprend plusieurs mesures substantielles en faveur du pouvoir d\u2019achat. Ces mesures seront notamment financ\u00e9es par des dispositions fiscales en d\u00e9faveur des entreprises. Baisse de l\u2019imp\u00f4t sur le revenu et suppression de la taxe d\u2019habitation Le projet de loi de finances [&hellip;]<\/p>\n","protected":false},"author":45,"featured_media":0,"comment_status":"open","ping_status":"open","sticky":false,"template":"","format":"quote","meta":{"_acf_changed":false,"_mi_skip_tracking":false,"footnotes":""},"categories":[12,3],"tags":[],"class_list":["post-12251","post","type-post","status-publish","format-quote","hentry","category-actualites","category-comptabilite-fiscalite-et-gestion-financiere","post_format-post-format-quote"],"acf":[],"yoast_head":"<!-- This site is optimized with the Yoast SEO plugin v23.4 - https:\/\/yoast.com\/wordpress\/plugins\/seo\/ -->\n<title>PLF 2020 : les principales mesures - Le Blog GERESO<\/title>\n<meta name=\"robots\" content=\"index, follow, max-snippet:-1, max-image-preview:large, max-video-preview:-1\" \/>\n<link rel=\"canonical\" href=\"https:\/\/www.gereso.com\/actualites\/2019\/10\/04\/plf-2020-les-principales-mesures\/\" \/>\n<meta property=\"og:locale\" content=\"fr_FR\" \/>\n<meta property=\"og:type\" content=\"article\" \/>\n<meta property=\"og:title\" content=\"PLF 2020 : les principales mesures - Le Blog GERESO\" \/>\n<meta property=\"og:description\" content=\"Le projet de loi de finances pour 2020 pr\u00e9sent\u00e9 la semaine derni\u00e8re par le Gouvernement comprend plusieurs mesures substantielles en faveur du pouvoir d\u2019achat. Ces mesures seront notamment financ\u00e9es par des dispositions fiscales en d\u00e9faveur des entreprises. Baisse de l\u2019imp\u00f4t sur le revenu et suppression de la taxe d\u2019habitation Le projet de loi de finances [&hellip;]\" \/>\n<meta property=\"og:url\" content=\"https:\/\/www.gereso.com\/actualites\/2019\/10\/04\/plf-2020-les-principales-mesures\/\" \/>\n<meta property=\"og:site_name\" content=\"Le Blog GERESO\" \/>\n<meta property=\"article:published_time\" content=\"2019-10-04T14:06:47+00:00\" \/>\n<meta property=\"article:modified_time\" content=\"2019-10-04T14:06:49+00:00\" \/>\n<meta name=\"author\" content=\"Damien P\u00e9an\" \/>\n<meta name=\"twitter:card\" content=\"summary_large_image\" \/>\n<script type=\"application\/ld+json\" class=\"yoast-schema-graph\">{\"@context\":\"https:\/\/schema.org\",\"@graph\":[{\"@type\":\"WebPage\",\"@id\":\"https:\/\/www.gereso.com\/actualites\/2019\/10\/04\/plf-2020-les-principales-mesures\/\",\"url\":\"https:\/\/www.gereso.com\/actualites\/2019\/10\/04\/plf-2020-les-principales-mesures\/\",\"name\":\"PLF 2020 : les principales mesures - Le Blog GERESO\",\"isPartOf\":{\"@id\":\"https:\/\/www.gereso.com\/actualites\/#website\"},\"datePublished\":\"2019-10-04T14:06:47+00:00\",\"dateModified\":\"2019-10-04T14:06:49+00:00\",\"author\":{\"@id\":\"https:\/\/www.gereso.com\/actualites\/#\/schema\/person\/c91814f92d627ed4715993fbbf7c7e8d\"},\"breadcrumb\":{\"@id\":\"https:\/\/www.gereso.com\/actualites\/2019\/10\/04\/plf-2020-les-principales-mesures\/#breadcrumb\"},\"inLanguage\":\"fr-FR\",\"potentialAction\":[{\"@type\":\"ReadAction\",\"target\":[\"https:\/\/www.gereso.com\/actualites\/2019\/10\/04\/plf-2020-les-principales-mesures\/\"]}]},{\"@type\":\"BreadcrumbList\",\"@id\":\"https:\/\/www.gereso.com\/actualites\/2019\/10\/04\/plf-2020-les-principales-mesures\/#breadcrumb\",\"itemListElement\":[{\"@type\":\"ListItem\",\"position\":1,\"name\":\"Home\",\"item\":\"https:\/\/www.gereso.com\/actualites\/\"},{\"@type\":\"ListItem\",\"position\":2,\"name\":\"PLF 2020 : les principales mesures\"}]},{\"@type\":\"WebSite\",\"@id\":\"https:\/\/www.gereso.com\/actualites\/#website\",\"url\":\"https:\/\/www.gereso.com\/actualites\/\",\"name\":\"Le Blog GERESO\",\"description\":\"Toute l&#039;actu RH, Finance, Fonction Publique, Management...\",\"potentialAction\":[{\"@type\":\"SearchAction\",\"target\":{\"@type\":\"EntryPoint\",\"urlTemplate\":\"https:\/\/www.gereso.com\/actualites\/?s={search_term_string}\"},\"query-input\":{\"@type\":\"PropertyValueSpecification\",\"valueRequired\":true,\"valueName\":\"search_term_string\"}}],\"inLanguage\":\"fr-FR\"},{\"@type\":\"Person\",\"@id\":\"https:\/\/www.gereso.com\/actualites\/#\/schema\/person\/c91814f92d627ed4715993fbbf7c7e8d\",\"name\":\"Damien P\u00e9an\",\"image\":{\"@type\":\"ImageObject\",\"inLanguage\":\"fr-FR\",\"@id\":\"https:\/\/www.gereso.com\/actualites\/#\/schema\/person\/image\/\",\"url\":\"https:\/\/www.gereso.com\/actualites\/wp-content\/uploads\/2016\/03\/damien-pean.jpg\",\"contentUrl\":\"https:\/\/www.gereso.com\/actualites\/wp-content\/uploads\/2016\/03\/damien-pean.jpg\",\"caption\":\"Damien P\u00e9an\"},\"description\":\"Damien P\u00c9AN est titulaire du Dipl\u00f4me d'\u00e9tudes sup\u00e9rieures comptables et financi\u00e8res (DESCF). Il intervient depuis plusieurs ann\u00e9es aupr\u00e8s d'\u00e9tudiants en licence de comptabilit\u00e9 et de gestion, \u00e0 qui il enseigne le contr\u00f4le de gestion, la comptabilit\u00e9 approfondie, le management, la fiscalit\u00e9, le droit des soci\u00e9t\u00e9s et le droit du travail. Il intervient \u00e9galement en formation continue pour le compte de divers organismes de formation sur des th\u00e9matiques techniques en comptabilit\u00e9 et fiscalit\u00e9. Il forme aussi un public de non-initi\u00e9s aux fondamentaux de la finance.\",\"url\":\"https:\/\/www.gereso.com\/actualites\/author\/d-pean\/\"}]}<\/script>\n<!-- \/ Yoast SEO plugin. -->","yoast_head_json":{"title":"PLF 2020 : les principales mesures - Le Blog GERESO","robots":{"index":"index","follow":"follow","max-snippet":"max-snippet:-1","max-image-preview":"max-image-preview:large","max-video-preview":"max-video-preview:-1"},"canonical":"https:\/\/www.gereso.com\/actualites\/2019\/10\/04\/plf-2020-les-principales-mesures\/","og_locale":"fr_FR","og_type":"article","og_title":"PLF 2020 : les principales mesures - Le Blog GERESO","og_description":"Le projet de loi de finances pour 2020 pr\u00e9sent\u00e9 la semaine derni\u00e8re par le Gouvernement comprend plusieurs mesures substantielles en faveur du pouvoir d\u2019achat. Ces mesures seront notamment financ\u00e9es par des dispositions fiscales en d\u00e9faveur des entreprises. Baisse de l\u2019imp\u00f4t sur le revenu et suppression de la taxe d\u2019habitation Le projet de loi de finances [&hellip;]","og_url":"https:\/\/www.gereso.com\/actualites\/2019\/10\/04\/plf-2020-les-principales-mesures\/","og_site_name":"Le Blog GERESO","article_published_time":"2019-10-04T14:06:47+00:00","article_modified_time":"2019-10-04T14:06:49+00:00","author":"Damien P\u00e9an","twitter_card":"summary_large_image","schema":{"@context":"https:\/\/schema.org","@graph":[{"@type":"WebPage","@id":"https:\/\/www.gereso.com\/actualites\/2019\/10\/04\/plf-2020-les-principales-mesures\/","url":"https:\/\/www.gereso.com\/actualites\/2019\/10\/04\/plf-2020-les-principales-mesures\/","name":"PLF 2020 : les principales mesures - Le Blog GERESO","isPartOf":{"@id":"https:\/\/www.gereso.com\/actualites\/#website"},"datePublished":"2019-10-04T14:06:47+00:00","dateModified":"2019-10-04T14:06:49+00:00","author":{"@id":"https:\/\/www.gereso.com\/actualites\/#\/schema\/person\/c91814f92d627ed4715993fbbf7c7e8d"},"breadcrumb":{"@id":"https:\/\/www.gereso.com\/actualites\/2019\/10\/04\/plf-2020-les-principales-mesures\/#breadcrumb"},"inLanguage":"fr-FR","potentialAction":[{"@type":"ReadAction","target":["https:\/\/www.gereso.com\/actualites\/2019\/10\/04\/plf-2020-les-principales-mesures\/"]}]},{"@type":"BreadcrumbList","@id":"https:\/\/www.gereso.com\/actualites\/2019\/10\/04\/plf-2020-les-principales-mesures\/#breadcrumb","itemListElement":[{"@type":"ListItem","position":1,"name":"Home","item":"https:\/\/www.gereso.com\/actualites\/"},{"@type":"ListItem","position":2,"name":"PLF 2020 : les principales mesures"}]},{"@type":"WebSite","@id":"https:\/\/www.gereso.com\/actualites\/#website","url":"https:\/\/www.gereso.com\/actualites\/","name":"Le Blog GERESO","description":"Toute l&#039;actu RH, Finance, Fonction Publique, Management...","potentialAction":[{"@type":"SearchAction","target":{"@type":"EntryPoint","urlTemplate":"https:\/\/www.gereso.com\/actualites\/?s={search_term_string}"},"query-input":{"@type":"PropertyValueSpecification","valueRequired":true,"valueName":"search_term_string"}}],"inLanguage":"fr-FR"},{"@type":"Person","@id":"https:\/\/www.gereso.com\/actualites\/#\/schema\/person\/c91814f92d627ed4715993fbbf7c7e8d","name":"Damien P\u00e9an","image":{"@type":"ImageObject","inLanguage":"fr-FR","@id":"https:\/\/www.gereso.com\/actualites\/#\/schema\/person\/image\/","url":"https:\/\/www.gereso.com\/actualites\/wp-content\/uploads\/2016\/03\/damien-pean.jpg","contentUrl":"https:\/\/www.gereso.com\/actualites\/wp-content\/uploads\/2016\/03\/damien-pean.jpg","caption":"Damien P\u00e9an"},"description":"Damien P\u00c9AN est titulaire du Dipl\u00f4me d'\u00e9tudes sup\u00e9rieures comptables et financi\u00e8res (DESCF). Il intervient depuis plusieurs ann\u00e9es aupr\u00e8s d'\u00e9tudiants en licence de comptabilit\u00e9 et de gestion, \u00e0 qui il enseigne le contr\u00f4le de gestion, la comptabilit\u00e9 approfondie, le management, la fiscalit\u00e9, le droit des soci\u00e9t\u00e9s et le droit du travail. Il intervient \u00e9galement en formation continue pour le compte de divers organismes de formation sur des th\u00e9matiques techniques en comptabilit\u00e9 et fiscalit\u00e9. Il forme aussi un public de non-initi\u00e9s aux fondamentaux de la finance.","url":"https:\/\/www.gereso.com\/actualites\/author\/d-pean\/"}]}},"_links":{"self":[{"href":"https:\/\/www.gereso.com\/actualites\/wp-json\/wp\/v2\/posts\/12251","targetHints":{"allow":["GET"]}}],"collection":[{"href":"https:\/\/www.gereso.com\/actualites\/wp-json\/wp\/v2\/posts"}],"about":[{"href":"https:\/\/www.gereso.com\/actualites\/wp-json\/wp\/v2\/types\/post"}],"author":[{"embeddable":true,"href":"https:\/\/www.gereso.com\/actualites\/wp-json\/wp\/v2\/users\/45"}],"replies":[{"embeddable":true,"href":"https:\/\/www.gereso.com\/actualites\/wp-json\/wp\/v2\/comments?post=12251"}],"version-history":[{"count":1,"href":"https:\/\/www.gereso.com\/actualites\/wp-json\/wp\/v2\/posts\/12251\/revisions"}],"predecessor-version":[{"id":12252,"href":"https:\/\/www.gereso.com\/actualites\/wp-json\/wp\/v2\/posts\/12251\/revisions\/12252"}],"wp:attachment":[{"href":"https:\/\/www.gereso.com\/actualites\/wp-json\/wp\/v2\/media?parent=12251"}],"wp:term":[{"taxonomy":"category","embeddable":true,"href":"https:\/\/www.gereso.com\/actualites\/wp-json\/wp\/v2\/categories?post=12251"},{"taxonomy":"post_tag","embeddable":true,"href":"https:\/\/www.gereso.com\/actualites\/wp-json\/wp\/v2\/tags?post=12251"}],"curies":[{"name":"wp","href":"https:\/\/api.w.org\/{rel}","templated":true}]}}