{"id":1250,"date":"2008-06-13T00:00:00","date_gmt":"2008-06-12T22:00:00","guid":{"rendered":"https:\/\/www.gereso.com\/actualites\/2008\/06\/conference-la-fourmi-et-lelephant\/"},"modified":"2017-04-04T14:03:24","modified_gmt":"2017-04-04T12:03:24","slug":"conference-la-fourmi-et-lelephant","status":"publish","type":"post","link":"https:\/\/www.gereso.com\/actualites\/2008\/06\/13\/conference-la-fourmi-et-lelephant\/","title":{"rendered":"Conf\u00e9rence &quot;La fourmi et l&rsquo;\u00e9lephant&quot;"},"content":{"rendered":"<h3>L&rsquo;objet de cette conf\u00e9rence<\/h3>\n<p>Construite \u00e0 partir de l&rsquo;ouvrage \u00ab\u00a0La Fourmi et l&rsquo;El\u00e9phant\u00a0\u00bb, cette rencontre a permis aux participants de :<\/p>\n<ul>\n<li><b>D\u00e9couvrir une m\u00e9taphore puissante pour illustrer la dynamique existant entre l&rsquo;esprit conscient et l&rsquo;inconscient<\/b><\/li>\n<li><b> Explorer les forces et les pi\u00e8ges des quatre principaux modes de fonctionnement de l&rsquo;inconscient<\/b><\/li>\n<li><b> Exp\u00e9rimenter quelques outils pour \u00e9tablir une communication efficace entre le conscient et l&rsquo;inconscient.<\/b><\/li>\n<\/ul>\n<p>Tout au long de la conf\u00e9rence, Nathalie DION a \u00e9tabli un parall\u00e8le entre le livre \u00ab\u00a0La Fourmi et l&rsquo;El\u00e9phant\u00a0\u00bb, et ses applications aux plans personnel et professionnel.<\/p>\n<h3>La m\u00e9taphore de la Fourmi et l&rsquo;El\u00e9phant en quelques mots&#8230;<\/h3>\n<p>Flamest une fourmi qui, \u00e0 la suite d&rsquo;un terrible orage, se retrouveparachut\u00e9e dans un monde inconnu loin de sa colonie, et loin de toutrep\u00e8re.<\/p>\n<p>Un jour, elle rencontre un corbeau qui lui d\u00e9crit le monde merveilleux de \u00ab\u00a0L&rsquo;Oasis\u00a0\u00bb.<\/p>\n<p>A partir de ce jour, Flam la fourmi cherche \u00e0 se rendre dans ce lieu paradisiaque : \u00ab\u00a0Quel chemin prendre\u00a0? Comment s&rsquo;y rendre\u00a0?&#8230;\u00a0\u00bb<span style=\"font-style: italic;\"><br \/>\n<\/span><\/p>\n<p><span style=\"font-style: italic;\">\u00a0<\/span>Mais le temps passe et Flam perd confiance et commence \u00e0 douter \u00a0\u00bb Et si finalement cet oasis n&rsquo;existait pas\u00a0? Ce n&rsquo;est peut \u00eatre qu&rsquo;une illusion du corbeau\u00a0? \u00a0\u00bb \u00ab\u00a0Finalement,mon existence n&rsquo;est pas si m\u00e9diocre que cela, mon destin n&rsquo;est peut\u00eatre que de rester dans ce coin de terre toute ma vie&#8230;\u00a0\u00bb<\/p>\n<p>Arrivealors Brio, un hibou, qui lui r\u00e9v\u00e9le qu&rsquo;il est sur le dos d&rsquo;Elgo, un\u00e9l\u00e9phant et qu&rsquo;il a le pouvoir de communiquer avec lui. Brio apprendalors \u00e0 Flam \u00e0 diriger son \u00e9l\u00e9phant.<\/p>\n<p>En apprenant \u00e0 communiquer avec son \u00e9l\u00e9phant et \u00e0 le diriger, la fourmi Flam r\u00e9ussit \u00e0 atteindre son oasis !<\/p>\n<p><b>Pourquoi le choix de la fourmi et de l&rsquo;\u00e9l\u00e9phant, pour symboliser notre conscient et notre inconscient\u00a0?<\/p>\n<p><\/b>Quandnous r\u00e9fl\u00e9chissons, en une seconde\u00a0: notre conscient utilise environ2000 neurones et notre inconscient utilise environ 4 milliards deneurones, soit la m\u00eame proportion entre une fourmi et un \u00e9l\u00e9phant !<\/p>\n<h3 style=\"font-weight: bold;\">La le\u00e7on \u00e0 en tirer<\/h3>\n<p>Apartir de cette m\u00e9taphore, Nathalie DION a montr\u00e9 aux participantscomment \u00ab\u00a0aligner notre conscient et notre inconscient pour atteindrenotre objectif\u00a0\u00bb, notamment \u00e0 travers les actions suivantes :<\/p>\n<ul>\n<li><b>Clarifier la vision de \u00ab\u00a0son oasis\u00a0\u00bb<\/b><\/li>\n<li><b>S&rsquo;engager<\/b><\/li>\n<li><b>Pers\u00e9v\u00e9rer<\/b><\/li>\n<li><b>Renforcer la confiance en soi<\/b><\/li>\n<li><b>Garder la ma\u00eetrise<\/b><\/li>\n<\/ul>\n<p><b>\u00a0<\/b><\/p>\n<p><b>Quelques photos de cet \u00e9v\u00e9nement<\/b><br \/>\nNathalie DION, exposant la m\u00e9taphore de \u00ab\u00a0la Fourmi et l&rsquo;El\u00e9phant\u00a0\u00bb aux participants<\/p>\n<p>&nbsp;<\/p>\n<p>A l&rsquo;issue de la conf\u00e9rence, Narthalie DION d\u00e9dica\u00e7ant son ouvrage \u00ab\u00a0La Fourmi et l&rsquo;El\u00e9phant\u00a0\u00bb<\/p>\n<h3>L&rsquo;intervenante, Nathalie DION<\/h3>\n<p><b>Nathalie DION<\/b><\/p>\n<p>Coach,formatrice et psychoth\u00e9rapeute en programmation neuro-lingusitique(PNL), Diplom\u00e9e en microbiologie, Nathalie DION a travaill\u00e9 dansl&rsquo;industrie pharmaceutique, notamment comme conseill\u00e8re industrielleaupr\u00e8s des dirigeants d&rsquo;entreprises.<\/p>\n<p>Son int\u00e9r\u00eatpour le d\u00e9veloppement des personnes et des organisations l&rsquo;a amen\u00e9e \u00e0 se perfectionner et \u00e0 intervenir en <b>management, en leadership et en coaching dans les organisations publiques<\/b> et \u00e0 compl\u00e9ter des \u00e9tudes de coach professionnel certifi\u00e9 en programmation neuro linguistique (PNL).<\/p>\n<p>En 2004, elle cr\u00e9e son entreprise, Eveil conseil, et <b>accompagne les personnes, les leaders et leurs \u00e9quipes dans l&rsquo;atteinte de leurs objectifs <\/b>notamment par une meilleure gestion de leurs ressources internes et une plus grande ma\u00eetrise de leurs dynamiques inconscientes.<\/p>\n<p>Par son authenticit\u00e9 et sa capacit\u00e9 \u00e0 toucher les gens, <b>Nathalie DION accompagne l&rsquo;aventure humaine avec dynamisme, coeur et passion.<\/b> Son expertise, son \u00e9coute intense et le plaisir \u00e9vident qu&rsquo;elle manifeste dans ses interventions motivent les personnes \u00e0 <b>aller toujours plus loin dans la d\u00e9couverte d&rsquo;elles-m\u00eames et \u00e0 se d\u00e9passer personnellement et professionnellement.<\/b><\/p>\n<p><b>Le t\u00e9moignage d&rsquo;une participante \u00e0 cette conf\u00e9rence, Madame Catherine HAMON<\/b>\u00ab\u00a0Bonjour,je voudrais dire un grand merci \u00e0 Nathalie qui m&rsquo;a fait partager hier \u00e0 GERESO un grand moment empli d&rsquo;\u00e9motions parce qu&rsquo;elle m&rsquo;a racont\u00e9 unehistoire&#8230;&#8230; qui se termine bien, j&rsquo;adore \u00e7a !<\/p>\n<p>Je me suis identifi\u00e9e \u00e0 FLAM qui pour moi \u00e9tait une femelle, j&rsquo;ai d\u00e9j \u00e0 lu quelques pages du livre \u00e9crit avec humour et bonne humeur&#8230;<\/p>\n<p>C&rsquo;est un r\u00e9gal de vous entendre et de vous lire. Je ne sais pas qui a traduit l&rsquo;auteur, mais c&rsquo;est bien fait.<\/p>\n<p>Je vais de ce pas essayer de dompter mon gros \u00e9l\u00e9phant et fairepartager \u00e0 mes filles cette histoire et se l&rsquo;approprier pouravancer&#8230;.<\/p>\n<p>A bient\u00f4t\u00a0\u00bb<\/p>\n<p>Catherine HAMON<\/p>\n","protected":false},"excerpt":{"rendered":"<p>L&rsquo;objet de cette conf\u00e9rence Construite \u00e0 partir de l&rsquo;ouvrage \u00ab\u00a0La Fourmi et l&rsquo;El\u00e9phant\u00a0\u00bb, cette rencontre a permis aux participants de : D\u00e9couvrir une m\u00e9taphore puissante pour illustrer la dynamique existant entre l&rsquo;esprit conscient et l&rsquo;inconscient Explorer les forces et les pi\u00e8ges des quatre principaux modes de fonctionnement de l&rsquo;inconscient Exp\u00e9rimenter quelques outils pour \u00e9tablir une [&hellip;]<\/p>\n","protected":false},"author":32,"featured_media":0,"comment_status":"open","ping_status":"open","sticky":false,"template":"","format":"standard","meta":{"_acf_changed":false,"_mi_skip_tracking":false,"footnotes":""},"categories":[9],"tags":[],"class_list":["post-1250","post","type-post","status-publish","format-standard","hentry","category-developpement-personnel-et-efficacite-professionnelle"],"acf":[],"yoast_head":"<!-- This site is optimized with the Yoast SEO plugin v23.4 - https:\/\/yoast.com\/wordpress\/plugins\/seo\/ -->\n<title>Conf\u00e9rence &quot;La fourmi et l&#039;\u00e9lephant&quot; - Le Blog GERESO<\/title>\n<meta name=\"robots\" content=\"index, follow, max-snippet:-1, max-image-preview:large, max-video-preview:-1\" \/>\n<link rel=\"canonical\" href=\"https:\/\/www.gereso.com\/actualites\/2008\/06\/13\/conference-la-fourmi-et-lelephant\/\" \/>\n<meta property=\"og:locale\" content=\"fr_FR\" \/>\n<meta property=\"og:type\" content=\"article\" \/>\n<meta property=\"og:title\" content=\"Conf\u00e9rence &quot;La fourmi et l&#039;\u00e9lephant&quot; - Le Blog GERESO\" \/>\n<meta property=\"og:description\" content=\"L&rsquo;objet de cette conf\u00e9rence Construite \u00e0 partir de l&rsquo;ouvrage \u00ab\u00a0La Fourmi et l&rsquo;El\u00e9phant\u00a0\u00bb, cette rencontre a permis aux participants de : D\u00e9couvrir une m\u00e9taphore puissante pour illustrer la dynamique existant entre l&rsquo;esprit conscient et l&rsquo;inconscient Explorer les forces et les pi\u00e8ges des quatre principaux modes de fonctionnement de l&rsquo;inconscient Exp\u00e9rimenter quelques outils pour \u00e9tablir une [&hellip;]\" \/>\n<meta property=\"og:url\" content=\"https:\/\/www.gereso.com\/actualites\/2008\/06\/13\/conference-la-fourmi-et-lelephant\/\" \/>\n<meta property=\"og:site_name\" content=\"Le Blog GERESO\" \/>\n<meta property=\"article:published_time\" content=\"2008-06-12T22:00:00+00:00\" \/>\n<meta property=\"article:modified_time\" content=\"2017-04-04T12:03:24+00:00\" \/>\n<meta name=\"author\" content=\"\u00c9quipe GERESO\" \/>\n<meta name=\"twitter:card\" content=\"summary_large_image\" \/>\n<script type=\"application\/ld+json\" class=\"yoast-schema-graph\">{\"@context\":\"https:\/\/schema.org\",\"@graph\":[{\"@type\":\"WebPage\",\"@id\":\"https:\/\/www.gereso.com\/actualites\/2008\/06\/13\/conference-la-fourmi-et-lelephant\/\",\"url\":\"https:\/\/www.gereso.com\/actualites\/2008\/06\/13\/conference-la-fourmi-et-lelephant\/\",\"name\":\"Conf\u00e9rence &quot;La fourmi et l'\u00e9lephant&quot; - Le Blog GERESO\",\"isPartOf\":{\"@id\":\"https:\/\/www.gereso.com\/actualites\/#website\"},\"datePublished\":\"2008-06-12T22:00:00+00:00\",\"dateModified\":\"2017-04-04T12:03:24+00:00\",\"author\":{\"@id\":\"https:\/\/www.gereso.com\/actualites\/#\/schema\/person\/197d8aef40cb4ae3f6a0aa9e1d3df2a6\"},\"breadcrumb\":{\"@id\":\"https:\/\/www.gereso.com\/actualites\/2008\/06\/13\/conference-la-fourmi-et-lelephant\/#breadcrumb\"},\"inLanguage\":\"fr-FR\",\"potentialAction\":[{\"@type\":\"ReadAction\",\"target\":[\"https:\/\/www.gereso.com\/actualites\/2008\/06\/13\/conference-la-fourmi-et-lelephant\/\"]}]},{\"@type\":\"BreadcrumbList\",\"@id\":\"https:\/\/www.gereso.com\/actualites\/2008\/06\/13\/conference-la-fourmi-et-lelephant\/#breadcrumb\",\"itemListElement\":[{\"@type\":\"ListItem\",\"position\":1,\"name\":\"Home\",\"item\":\"https:\/\/www.gereso.com\/actualites\/\"},{\"@type\":\"ListItem\",\"position\":2,\"name\":\"Conf\u00e9rence &quot;La fourmi et l&rsquo;\u00e9lephant&quot;\"}]},{\"@type\":\"WebSite\",\"@id\":\"https:\/\/www.gereso.com\/actualites\/#website\",\"url\":\"https:\/\/www.gereso.com\/actualites\/\",\"name\":\"Le Blog GERESO\",\"description\":\"Toute l&#039;actu RH, Finance, Fonction Publique, Management...\",\"potentialAction\":[{\"@type\":\"SearchAction\",\"target\":{\"@type\":\"EntryPoint\",\"urlTemplate\":\"https:\/\/www.gereso.com\/actualites\/?s={search_term_string}\"},\"query-input\":{\"@type\":\"PropertyValueSpecification\",\"valueRequired\":true,\"valueName\":\"search_term_string\"}}],\"inLanguage\":\"fr-FR\"},{\"@type\":\"Person\",\"@id\":\"https:\/\/www.gereso.com\/actualites\/#\/schema\/person\/197d8aef40cb4ae3f6a0aa9e1d3df2a6\",\"name\":\"\u00c9quipe GERESO\",\"image\":{\"@type\":\"ImageObject\",\"inLanguage\":\"fr-FR\",\"@id\":\"https:\/\/www.gereso.com\/actualites\/#\/schema\/person\/image\/\",\"url\":\"https:\/\/www.gereso.com\/actualites\/wp-content\/uploads\/2013\/12\/avatar-gereso-1.png\",\"contentUrl\":\"https:\/\/www.gereso.com\/actualites\/wp-content\/uploads\/2013\/12\/avatar-gereso-1.png\",\"caption\":\"\u00c9quipe GERESO\"},\"url\":\"https:\/\/www.gereso.com\/actualites\/author\/gereso\/\"}]}<\/script>\n<!-- \/ Yoast SEO plugin. -->","yoast_head_json":{"title":"Conf\u00e9rence &quot;La fourmi et l'\u00e9lephant&quot; - Le Blog GERESO","robots":{"index":"index","follow":"follow","max-snippet":"max-snippet:-1","max-image-preview":"max-image-preview:large","max-video-preview":"max-video-preview:-1"},"canonical":"https:\/\/www.gereso.com\/actualites\/2008\/06\/13\/conference-la-fourmi-et-lelephant\/","og_locale":"fr_FR","og_type":"article","og_title":"Conf\u00e9rence &quot;La fourmi et l'\u00e9lephant&quot; - Le Blog GERESO","og_description":"L&rsquo;objet de cette conf\u00e9rence Construite \u00e0 partir de l&rsquo;ouvrage \u00ab\u00a0La Fourmi et l&rsquo;El\u00e9phant\u00a0\u00bb, cette rencontre a permis aux participants de : D\u00e9couvrir une m\u00e9taphore puissante pour illustrer la dynamique existant entre l&rsquo;esprit conscient et l&rsquo;inconscient Explorer les forces et les pi\u00e8ges des quatre principaux modes de fonctionnement de l&rsquo;inconscient Exp\u00e9rimenter quelques outils pour \u00e9tablir une [&hellip;]","og_url":"https:\/\/www.gereso.com\/actualites\/2008\/06\/13\/conference-la-fourmi-et-lelephant\/","og_site_name":"Le Blog GERESO","article_published_time":"2008-06-12T22:00:00+00:00","article_modified_time":"2017-04-04T12:03:24+00:00","author":"\u00c9quipe GERESO","twitter_card":"summary_large_image","schema":{"@context":"https:\/\/schema.org","@graph":[{"@type":"WebPage","@id":"https:\/\/www.gereso.com\/actualites\/2008\/06\/13\/conference-la-fourmi-et-lelephant\/","url":"https:\/\/www.gereso.com\/actualites\/2008\/06\/13\/conference-la-fourmi-et-lelephant\/","name":"Conf\u00e9rence &quot;La fourmi et l'\u00e9lephant&quot; - Le Blog GERESO","isPartOf":{"@id":"https:\/\/www.gereso.com\/actualites\/#website"},"datePublished":"2008-06-12T22:00:00+00:00","dateModified":"2017-04-04T12:03:24+00:00","author":{"@id":"https:\/\/www.gereso.com\/actualites\/#\/schema\/person\/197d8aef40cb4ae3f6a0aa9e1d3df2a6"},"breadcrumb":{"@id":"https:\/\/www.gereso.com\/actualites\/2008\/06\/13\/conference-la-fourmi-et-lelephant\/#breadcrumb"},"inLanguage":"fr-FR","potentialAction":[{"@type":"ReadAction","target":["https:\/\/www.gereso.com\/actualites\/2008\/06\/13\/conference-la-fourmi-et-lelephant\/"]}]},{"@type":"BreadcrumbList","@id":"https:\/\/www.gereso.com\/actualites\/2008\/06\/13\/conference-la-fourmi-et-lelephant\/#breadcrumb","itemListElement":[{"@type":"ListItem","position":1,"name":"Home","item":"https:\/\/www.gereso.com\/actualites\/"},{"@type":"ListItem","position":2,"name":"Conf\u00e9rence &quot;La fourmi et l&rsquo;\u00e9lephant&quot;"}]},{"@type":"WebSite","@id":"https:\/\/www.gereso.com\/actualites\/#website","url":"https:\/\/www.gereso.com\/actualites\/","name":"Le Blog GERESO","description":"Toute l&#039;actu RH, Finance, Fonction Publique, Management...","potentialAction":[{"@type":"SearchAction","target":{"@type":"EntryPoint","urlTemplate":"https:\/\/www.gereso.com\/actualites\/?s={search_term_string}"},"query-input":{"@type":"PropertyValueSpecification","valueRequired":true,"valueName":"search_term_string"}}],"inLanguage":"fr-FR"},{"@type":"Person","@id":"https:\/\/www.gereso.com\/actualites\/#\/schema\/person\/197d8aef40cb4ae3f6a0aa9e1d3df2a6","name":"\u00c9quipe GERESO","image":{"@type":"ImageObject","inLanguage":"fr-FR","@id":"https:\/\/www.gereso.com\/actualites\/#\/schema\/person\/image\/","url":"https:\/\/www.gereso.com\/actualites\/wp-content\/uploads\/2013\/12\/avatar-gereso-1.png","contentUrl":"https:\/\/www.gereso.com\/actualites\/wp-content\/uploads\/2013\/12\/avatar-gereso-1.png","caption":"\u00c9quipe GERESO"},"url":"https:\/\/www.gereso.com\/actualites\/author\/gereso\/"}]}},"_links":{"self":[{"href":"https:\/\/www.gereso.com\/actualites\/wp-json\/wp\/v2\/posts\/1250","targetHints":{"allow":["GET"]}}],"collection":[{"href":"https:\/\/www.gereso.com\/actualites\/wp-json\/wp\/v2\/posts"}],"about":[{"href":"https:\/\/www.gereso.com\/actualites\/wp-json\/wp\/v2\/types\/post"}],"author":[{"embeddable":true,"href":"https:\/\/www.gereso.com\/actualites\/wp-json\/wp\/v2\/users\/32"}],"replies":[{"embeddable":true,"href":"https:\/\/www.gereso.com\/actualites\/wp-json\/wp\/v2\/comments?post=1250"}],"version-history":[{"count":1,"href":"https:\/\/www.gereso.com\/actualites\/wp-json\/wp\/v2\/posts\/1250\/revisions"}],"predecessor-version":[{"id":7807,"href":"https:\/\/www.gereso.com\/actualites\/wp-json\/wp\/v2\/posts\/1250\/revisions\/7807"}],"wp:attachment":[{"href":"https:\/\/www.gereso.com\/actualites\/wp-json\/wp\/v2\/media?parent=1250"}],"wp:term":[{"taxonomy":"category","embeddable":true,"href":"https:\/\/www.gereso.com\/actualites\/wp-json\/wp\/v2\/categories?post=1250"},{"taxonomy":"post_tag","embeddable":true,"href":"https:\/\/www.gereso.com\/actualites\/wp-json\/wp\/v2\/tags?post=1250"}],"curies":[{"name":"wp","href":"https:\/\/api.w.org\/{rel}","templated":true}]}}