{"id":12633,"date":"2019-11-05T10:22:50","date_gmt":"2019-11-05T08:22:50","guid":{"rendered":"https:\/\/www.gereso.com\/actualites\/?p=12633"},"modified":"2019-11-05T10:22:52","modified_gmt":"2019-11-05T08:22:52","slug":"deroulement-carriere-fonctionnaires-nommes-emplois-fonctionnels-direction-collectivites-territoriales","status":"publish","type":"post","link":"https:\/\/www.gereso.com\/actualites\/2019\/11\/05\/deroulement-carriere-fonctionnaires-nommes-emplois-fonctionnels-direction-collectivites-territoriales\/","title":{"rendered":"Le d\u00e9roulement de la carri\u00e8re des fonctionnaires nomm\u00e9s sur des emplois fonctionnels de direction des collectivit\u00e9s territoriales"},"content":{"rendered":"\n<h2 style=\"color:#d10016;\"><strong>Les r\u00e8gles de classement des fonctionnaires dans les emplois fonctionnels territoriaux au moment de leur recrutement<\/strong><\/h2>\n\n\n\n<p>Le <strong>d\u00e9tachement\nd\u2019un fonctionnaire<\/strong> sur un emploi fonctionnel a lieu \u00e0 indice \u00e9gal ou\nimm\u00e9diatement sup\u00e9rieur (<a href=\"https:\/\/www.legifrance.gouv.fr\/affichTexteArticle.do;jsessionid=504CE3860F6044CBF60937D6DC14CC15.tplgfr34s_2?idArticle=LEGIARTI000019121334&amp;cidTexte=LEGITEXT000006065785&amp;dateTexte=20100225\">article\n4 du d\u00e9cret n\u00b0 87-1101 du 30 d\u00e9cembre 1987<\/a> (1)&nbsp;et <a href=\"https:\/\/www.legifrance.gouv.fr\/affichTexteArticle.do;jsessionid=504CE3860F6044CBF60937D6DC14CC15.tplgfr34s_2?idArticle=LEGIARTI000024038347&amp;cidTexte=LEGITEXT000006075392&amp;dateTexte=20191105\">article\n3 du d\u00e9cret n\u00b0 90-128 du 9 f\u00e9vrier 1990<\/a> (2)). Le fonctionnaire est donc\nclass\u00e9 sur l&rsquo;\u00e9chelle de l&#8217;emploi fonctionnel \u00e0 l&rsquo;\u00e9chelon dot\u00e9 d&rsquo;un indice \u00e9gal\nou, \u00e0 d\u00e9faut, imm\u00e9diatement sup\u00e9rieur \u00e0 celui qu&rsquo;il d\u00e9tient dans son grade\nd\u2019origine. Il conserve, dans la limite de la dur\u00e9e de service exig\u00e9e pour\nl&rsquo;acc\u00e8s \u00e0 l&rsquo;\u00e9chelon sup\u00e9rieur, <strong>l&rsquo;anciennet\u00e9\nd&rsquo;\u00e9chelon<\/strong> acquise dans leur grade d&rsquo;origine lorsque cette nomination ne lui\nprocure pas un avantage sup\u00e9rieur \u00e0 celui qui aurait r\u00e9sult\u00e9 d&rsquo;un avancement\nd&rsquo;\u00e9chelon dans leur grade d&rsquo;origine.<\/p>\n\n\n\n<p>En outre, le fonctionnaire qui \u00e9tait parvenu \u00e0 l&rsquo;\u00e9chelon\nle plus \u00e9lev\u00e9 de son grade conserve son anciennet\u00e9 d&rsquo;\u00e9chelon lorsque\nl&rsquo;augmentation de traitement cons\u00e9cutive \u00e0 la nomination est inf\u00e9rieure \u00e0 celle\nqui aurait r\u00e9sult\u00e9 d&rsquo;un avancement \u00e0 ce dernier \u00e9chelon.<\/p>\n\n\n\n<p>Par ailleurs, les fonctionnaires d\u00e9tach\u00e9s sur un <strong>emploi de direction<\/strong> qui ont\npr\u00e9c\u00e9demment occup\u00e9 soit un emploi fonctionnel identique \u00e0 celui dans lequel\nils sont d\u00e9tach\u00e9s, soit un emploi fonctionnel affect\u00e9 d&rsquo;une \u00e9chelle identique\nou moins favorable, sont class\u00e9s \u00e0 un indice \u00e9gal ou, \u00e0 d\u00e9faut, imm\u00e9diatement <strong>sup\u00e9rieur<\/strong> \u00e0 celui dont ils\nb\u00e9n\u00e9ficiaient dans cet emploi.<\/p>\n\n\n\n<p>Cette disposition n&rsquo;est applicable qu&rsquo;aux fonctionnaires\nnomm\u00e9s dans le nouvel emploi dans un <strong>d\u00e9lai\nau plus \u00e9gal \u00e0 un an suivant la cessation de fonctions dans l&#8217;emploi pr\u00e9c\u00e9dent<\/strong>.\n<a href=\"https:\/\/www.legifrance.gouv.fr\/affichTexteArticle.do;jsessionid=504CE3860F6044CBF60937D6DC14CC15.tplgfr34s_2?idArticle=LEGIARTI000019121330&amp;cidTexte=LEGITEXT000006065785&amp;dateTexte=20100225\">L&rsquo;article\n5 du d\u00e9cret n\u00b0 87-1101 du 30 d\u00e9cembre 1987<\/a> et <a href=\"https:\/\/www.legifrance.gouv.fr\/affichTexteArticle.do;jsessionid=504CE3860F6044CBF60937D6DC14CC15.tplgfr34s_2?idArticle=LEGIARTI000019121340&amp;cidTexte=LEGITEXT000006075392&amp;dateTexte=20191105\">l&rsquo;article\n4 du d\u00e9cret n\u00b0 90-128 du 9 f\u00e9vrier 1990<\/a>, pr\u00e9cit\u00e9s, pr\u00e9voient que ces\nfonctionnaires \u00ab&nbsp;conservent dans la limite de la dur\u00e9e de service exig\u00e9e\npour l&rsquo;acc\u00e8s \u00e0 l&rsquo;\u00e9chelon sup\u00e9rieur l&rsquo;anciennet\u00e9 d&rsquo;\u00e9chelon acquise dans leur\npr\u00e9c\u00e9dent emploi, lorsque cette nomination ne leur procure pas un avantage\nsup\u00e9rieur \u00e0 celui qui serait r\u00e9sult\u00e9 d&rsquo;un avancement d&rsquo;\u00e9chelon dans leur ancien\nemploi&nbsp;\u00bb.<\/p>\n\n\n\n<p>En ce qui concerne ceux qui avaient atteint <strong>l&rsquo;\u00e9chelon le plus \u00e9lev\u00e9 de leur pr\u00e9c\u00e9dent\nemploi<\/strong> les d\u00e9crets pr\u00e9cit\u00e9s pr\u00e9cisent qu&rsquo;ils <strong>conservent leur anciennet\u00e9 d&rsquo;\u00e9chelon<\/strong> dans les m\u00eames conditions et\nlimites lorsque l&rsquo;augmentation de traitement cons\u00e9cutive \u00e0 leur nomination est\ninf\u00e9rieure \u00e0 celle qui aurait r\u00e9sult\u00e9 d&rsquo;un avancement \u00e0 ce dernier\n\u00e9chelon.<\/p>\n\n\n\n<h2 style=\"color:#d10016;\"><strong>La dur\u00e9e du d\u00e9tachement sur un emploi fonctionnel&nbsp;de direction<\/strong><\/h2>\n\n\n\n<p>Le\nd\u00e9tachement de longue dur\u00e9e ne peut exc\u00e9der <strong>cinq ann\u00e9es<\/strong> et est renouvelable par p\u00e9riodes n\u2019exc\u00e9dant pas cette\ndur\u00e9e. L&rsquo;arr\u00eat\u00e9 de nomination doit normalement mentionner la dur\u00e9e pr\u00e9vue pour\nce d\u00e9tachement dans l&#8217;emploi fonctionnel. L\u2019absence d\u2019un terme expr\u00e8s au\nd\u00e9tachement dans l\u2019arr\u00eat\u00e9 n\u2019a pas pour effet de conf\u00e9rer \u00e0 celui-ci une dur\u00e9e\nind\u00e9termin\u00e9e. Dans ce cas, le d\u00e9tachement prend fin au bout de 5 ans (<a href=\"https:\/\/www.legifrance.gouv.fr\/affichJuriAdmin.do?idTexte=CETATEXT000024115549\">CE,\n1<sup>er<\/sup> juin 2011, requ\u00eate n\u00b0 330265<\/a>). C\u2019est ce que vient pr\u00e9cis\u00e9 la\nd\u00e9cision du Conseil d\u2019\u00c9tat du 1<sup>er<\/sup> juin 2011&nbsp;:<\/p>\n\n\n\n<p>\u00ab&nbsp;Consid\u00e9rant, en premier lieu, qu&rsquo;il\nressort des pi\u00e8ces du dossier soumis aux juges du fond que le d\u00e9tachement de\nMlle A. dans l&#8217;emploi de directeur g\u00e9n\u00e9ral des services de la commune de\nB\u00e9theny est intervenu \u00e0 compter du 1er janvier 1988 sans mention de dur\u00e9e ;\nque, par suite, le tribunal administratif de Ch\u00e2lons-en-Champagne a pu estimer,\nsans d\u00e9naturer les faits de l&rsquo;esp\u00e8ce, que ce d\u00e9tachement avait \u00e9t\u00e9 renouvel\u00e9 \u00e0\ndeux reprises, de fa\u00e7on implicite, en application de <strong>l&rsquo;<a href=\"https:\/\/www.legifrance.gouv.fr\/affichTexteArticle.do;jsessionid=504CE3860F6044CBF60937D6DC14CC15.tplgfr34s_2?idArticle=LEGIARTI000024038275&amp;cidTexte=LEGITEXT000024038255&amp;dateTexte=20191105\">article\n9 du d\u00e9cret du 13 janvier 1986<\/a>, qui pr\u00e9voit que la dur\u00e9e maximale de\nd\u00e9tachement est de cinq ans<\/strong>, et qu&rsquo;il prenait ainsi fin, en principe, le 31\nd\u00e9cembre 2002.&nbsp;\u00bb<\/p>\n\n\n\n<h2 style=\"color:#d10016;\"><strong>Les r\u00e8gles particuli\u00e8res de carri\u00e8re applicables \u00e0 l\u2019occasion d\u2019un d\u00e9tachement&nbsp;sur un emploi fonctionnel de direction<\/strong><\/h2>\n\n\n\n<p>De fa\u00e7on g\u00e9n\u00e9rale, le fonctionnaire d\u00e9tach\u00e9 dans l&#8217;emploi\nfonctionnel est soumis \u00e0 la plupart des r\u00e8gles qui r\u00e9gissent tout d\u00e9tachement.\nAinsi, celui-ci conserve pendant la dur\u00e9e de son d\u00e9tachement son <strong>droit \u00e0 l&rsquo;avancement <\/strong>et \u00e0 la <strong>retraite dans son corps<\/strong>, cadre\nd&#8217;emplois ou emploi d&rsquo;origine. Cet avancement est <strong>sans influence sur sa situation individuelle<\/strong> dans l&#8217;emploi de\nd\u00e9tachement.<\/p>\n\n\n\n<p>De m\u00eame les avancements dans l&#8217;emploi de d\u00e9tachement sont\nsans influence sur sa situation individuelle dans le corps, le cadre d&#8217;emplois\nou l&#8217;emploi d&rsquo;origine. Durant le d\u00e9tachement, le fonctionnaire b\u00e9n\u00e9ficie donc\ndes <strong>avancements d&rsquo;\u00e9chelon<\/strong> dans les\nconditions pr\u00e9vues par l&rsquo;\u00e9chelle de l&#8217;emploi fonctionnel. Il avance \u00e9galement,\nsans en b\u00e9n\u00e9ficier directement, sur l&rsquo;<strong>\u00e9chelle\nde son grade<\/strong>.<\/p>\n\n\n\n<p>Cependant, deux dispositions sp\u00e9cifiques au d\u00e9tachement\ndans l&#8217;emploi fonctionnel, doivent \u00eatre mentionn\u00e9es. Elles sont relatives au <strong>changement de strate d\u00e9mographique<\/strong> de\nla collectivit\u00e9 ou de l\u2019\u00e9tablissement dans lequel le fonctionnaire exerce ses\nfonctions et \u00e0 <strong>l&rsquo;avancement de grade\ndans son cadre d&#8217;empois d&rsquo;origine<\/strong>.<\/p>\n\n\n\n<h2 style=\"color:#d10016;\"><strong>Le changement de strate d\u00e9mographique<\/strong><\/h2>\n\n\n\n<p>L&rsquo;<a href=\"https:\/\/www.legifrance.gouv.fr\/affichTexteArticle.do;jsessionid=504CE3860F6044CBF60937D6DC14CC15.tplgfr34s_2?idArticle=LEGIARTI000024038275&amp;cidTexte=LEGITEXT000024038255&amp;dateTexte=20191105\">article\n28 du d\u00e9cret n\u00b0 2013-593 du 5 juillet 2013<\/a>, <strong>relatif aux conditions g\u00e9n\u00e9rales de\nrecrutement et d&rsquo;avancement de grade,<\/strong><strong> garantit la situation du fonctionnaire<\/strong> lorsque la collectivit\u00e9 ou l\u2019\u00e9tablissement qui l&#8217;emploie\nchange de cat\u00e9gorie d\u00e9mographique dans l&rsquo;un ou l&rsquo;autre sens. Ainsi, lorsqu&rsquo;une\ncollectivit\u00e9 passe \u00e0 la suite d&rsquo;un recensement g\u00e9n\u00e9ral, d&rsquo;un recensement\ncompl\u00e9mentaire ou d&rsquo;une d\u00e9cision de surclassement, d&rsquo;une cat\u00e9gorie\nd\u00e9mographique inf\u00e9rieure \u00e0 une cat\u00e9gorie sup\u00e9rieure, le fonctionnaire occupant\nun emploi fonctionnel est sur sa demande <strong>d\u00e9tach\u00e9\ndans le nouvel emploi<\/strong>, ou, lorsque le d\u00e9tachement est impossible, <strong>continue sur sa demande \u00e0 exercer ses\nfonctions<\/strong>, nonobstant les dispositions particuli\u00e8res \u00e0 l&#8217;emploi fonctionnel\nqu&rsquo;il occupe. D\u00e8s lors, si l&rsquo;indice d\u00e9tenu par le fonctionnaire dans son grade\nlui interdit l&rsquo;acc\u00e8s par d\u00e9tachement au nouvel emploi fonctionnel r\u00e9sultant du\nchangement de cat\u00e9gorie d\u00e9mographique de la collectivit\u00e9, ou de\nl\u2019\u00e9tablissement, le fonctionnaire est toutefois maintenu en fonctions sur sa\ndemande et continue d&rsquo;\u00eatre r\u00e9mun\u00e9r\u00e9 comme il l&rsquo;\u00e9tait ant\u00e9rieurement.<\/p>\n\n\n\n<p>Cependant, cette garantie ne s&rsquo;applique qu&rsquo;au\nfonctionnaire en fonctions lors du changement de cat\u00e9gorie. Son successeur\ndevra \u00eatre recrut\u00e9 conform\u00e9ment aux dispositions pr\u00e9vues par la cat\u00e9gorie\nd\u00e9mographique dont rel\u00e8ve d\u00e9sormais la collectivit\u00e9 ou l\u2019\u00e9tablissement.<\/p>\n\n\n\n<h2 style=\"color:#d10016;\"><strong>L\u2019avancement de grade dans le corps ou cadre d\u2019emplois d\u2019origine<\/strong><\/h2>\n\n\n\n<p>Par principe, le fonctionnaire d\u00e9tach\u00e9 dans un emploi\nfonctionnel poursuit sa carri\u00e8re dans son corps ou cadre d&#8217;emplois d&rsquo;origine.\nSes droits \u00e0 l&rsquo;avancement de grade lui sont donc <strong>garantis<\/strong>. Mais, lorsque la collectivit\u00e9 ou l\u2019\u00e9tablissement\nappartient \u00e0 une strate d\u00e9mographique qui n&rsquo;est pas autoris\u00e9e par la\nr\u00e9glementation \u00e0 cr\u00e9er un emploi du niveau du grade d&rsquo;avancement, alors m\u00eame\nque l&#8217;emploi fonctionnel occup\u00e9 par l&rsquo;agent peut \u00eatre pourvu par un\nfonctionnaire relevant du grade sup\u00e9rieur, cela peut soulever une difficult\u00e9.\nEn effet, en l&rsquo;\u00e9tat actuel des textes, il existe une discordance entre les\nseuils d\u00e9mographiques applicables \u00e0 certains grades et les seuils\nd\u00e9mographiques applicables aux emplois fonctionnels. En l\u2019\u00e9tat du droit, <strong>l&rsquo;avancement de grade<\/strong> n&rsquo;est possible\nque lorsque la collectivit\u00e9 ou l&rsquo;\u00e9tablissement <strong>atteint le seuil d\u00e9mographique autorisant la cr\u00e9ation de l&#8217;emploi\nd&rsquo;avancement.<\/strong><\/p>\n\n\n\n<p>Ainsi, les dispositions d\u00e9rogatoires qui pr\u00e9voyaient la possibilit\u00e9 de promouvoir au grade sup\u00e9rieur en d\u00e9pit des r\u00e8gles relatives aux seuils d\u00e9mographiques, les membres du cadre d&#8217;emplois des attach\u00e9s territoriaux d\u00e9tach\u00e9s sur un emploi fonctionnel, ont \u00e9t\u00e9 censur\u00e9es par le Conseil d&rsquo;\u00c9tat dans un arr\u00eat Cottrel du 17 janvier 2001 (<a href=\"https:\/\/www.legifrance.gouv.fr\/affichJuriAdmin.do?idTexte=CETATEXT000008067157\">requ\u00eate n\u00b0 215665<\/a>). Ces dispositions avaient \u00e9t\u00e9 annul\u00e9es au motif qu&rsquo;un fonctionnaire territorial d\u00e9tach\u00e9 hors de son cadre d&#8217;emplois ne peut b\u00e9n\u00e9ficier d&rsquo;un avancement de grade qu&rsquo;aux fins de pourvoir \u00e0 un emploi vacant que son nouveau grade lui donne vocation \u00e0 occuper.<\/p>\n\n\n\n<hr class=\"wp-block-separator\"\/>\n\n\n\n<ul class=\"wp-block-list\"><li><a href=\"https:\/\/www.legifrance.gouv.fr\/affichTexte.do?cidTexte=LEGITEXT000006065784&amp;dateTexte=20090109\">D\u00e9cret\nn\u00b0 87-1101 du 30 d\u00e9cembre 1987<\/a> portant dispositions\nstatutaires particuli\u00e8res \u00e0 certains emplois administratifs de direction des\ncollectivit\u00e9s territoriales et des \u00e9tablissements publics locaux\nassimil\u00e9s&nbsp;;<\/li><li><a href=\"https:\/\/www.legifrance.gouv.fr\/affichTexte.do?cidTexte=JORFTEXT000000531587&amp;categorieLien=cid\">D\u00e9cret\nn\u00b0 90-128 du 9 f\u00e9vrier 1990<\/a> portant dispositions statutaires\nparticuli\u00e8res aux emplois de directeur g\u00e9n\u00e9ral et directeur des services\ntechniques des communes et de directeur g\u00e9n\u00e9ral des services techniques des\n\u00e9tablissements publics de coop\u00e9ration intercommunale \u00e0 fiscalit\u00e9 propre.<\/li><\/ul>\n","protected":false},"excerpt":{"rendered":"<p>Les r\u00e8gles de classement des fonctionnaires dans les emplois fonctionnels territoriaux au moment de leur recrutement Le d\u00e9tachement d\u2019un fonctionnaire sur un emploi fonctionnel a lieu \u00e0 indice \u00e9gal ou imm\u00e9diatement sup\u00e9rieur (article 4 du d\u00e9cret n\u00b0 87-1101 du 30 d\u00e9cembre 1987 (1)&nbsp;et article 3 du d\u00e9cret n\u00b0 90-128 du 9 f\u00e9vrier 1990 (2)). Le [&hellip;]<\/p>\n","protected":false},"author":32,"featured_media":12640,"comment_status":"open","ping_status":"open","sticky":false,"template":"","format":"standard","meta":{"_acf_changed":false,"_mi_skip_tracking":false,"footnotes":""},"categories":[6],"tags":[1791,1679,1792,1793],"class_list":["post-12633","post","type-post","status-publish","format-standard","has-post-thumbnail","hentry","category-fonction-publique","tag-carriere-des-fonctionnaires","tag-collectivites-territoriales","tag-emplois-fonctionnels","tag-recrutement-fonctionnaire"],"acf":[],"yoast_head":"<!-- This site is optimized with the Yoast SEO plugin v23.4 - https:\/\/yoast.com\/wordpress\/plugins\/seo\/ -->\n<title>Le d\u00e9roulement de la carri\u00e8re des fonctionnaires nomm\u00e9s sur des emplois fonctionnels de direction des collectivit\u00e9s territoriales - Le Blog GERESO<\/title>\n<meta name=\"robots\" content=\"index, follow, max-snippet:-1, max-image-preview:large, max-video-preview:-1\" \/>\n<link rel=\"canonical\" href=\"https:\/\/www.gereso.com\/actualites\/2019\/11\/05\/deroulement-carriere-fonctionnaires-nommes-emplois-fonctionnels-direction-collectivites-territoriales\/\" \/>\n<meta property=\"og:locale\" content=\"fr_FR\" \/>\n<meta property=\"og:type\" content=\"article\" \/>\n<meta property=\"og:title\" content=\"Le d\u00e9roulement de la carri\u00e8re des fonctionnaires nomm\u00e9s sur des emplois fonctionnels de direction des collectivit\u00e9s territoriales - Le Blog GERESO\" \/>\n<meta property=\"og:description\" content=\"Les r\u00e8gles de classement des fonctionnaires dans les emplois fonctionnels territoriaux au moment de leur recrutement Le d\u00e9tachement d\u2019un fonctionnaire sur un emploi fonctionnel a lieu \u00e0 indice \u00e9gal ou imm\u00e9diatement sup\u00e9rieur (article 4 du d\u00e9cret n\u00b0 87-1101 du 30 d\u00e9cembre 1987 (1)&nbsp;et article 3 du d\u00e9cret n\u00b0 90-128 du 9 f\u00e9vrier 1990 (2)). Le [&hellip;]\" \/>\n<meta property=\"og:url\" content=\"https:\/\/www.gereso.com\/actualites\/2019\/11\/05\/deroulement-carriere-fonctionnaires-nommes-emplois-fonctionnels-direction-collectivites-territoriales\/\" \/>\n<meta property=\"og:site_name\" content=\"Le Blog GERESO\" \/>\n<meta property=\"article:published_time\" content=\"2019-11-05T08:22:50+00:00\" \/>\n<meta property=\"article:modified_time\" content=\"2019-11-05T08:22:52+00:00\" \/>\n<meta property=\"og:image\" content=\"https:\/\/www.gereso.com\/actualites\/wp-content\/uploads\/2019\/11\/EmploiFonctionnel-FP.jpg\" \/>\n\t<meta property=\"og:image:width\" content=\"600\" \/>\n\t<meta property=\"og:image:height\" content=\"400\" \/>\n\t<meta property=\"og:image:type\" content=\"image\/jpeg\" \/>\n<meta name=\"author\" content=\"\u00c9quipe GERESO\" \/>\n<meta name=\"twitter:card\" content=\"summary_large_image\" \/>\n<script type=\"application\/ld+json\" class=\"yoast-schema-graph\">{\"@context\":\"https:\/\/schema.org\",\"@graph\":[{\"@type\":\"WebPage\",\"@id\":\"https:\/\/www.gereso.com\/actualites\/2019\/11\/05\/deroulement-carriere-fonctionnaires-nommes-emplois-fonctionnels-direction-collectivites-territoriales\/\",\"url\":\"https:\/\/www.gereso.com\/actualites\/2019\/11\/05\/deroulement-carriere-fonctionnaires-nommes-emplois-fonctionnels-direction-collectivites-territoriales\/\",\"name\":\"Le d\u00e9roulement de la carri\u00e8re des fonctionnaires nomm\u00e9s sur des emplois fonctionnels de direction des collectivit\u00e9s territoriales - Le Blog GERESO\",\"isPartOf\":{\"@id\":\"https:\/\/www.gereso.com\/actualites\/#website\"},\"primaryImageOfPage\":{\"@id\":\"https:\/\/www.gereso.com\/actualites\/2019\/11\/05\/deroulement-carriere-fonctionnaires-nommes-emplois-fonctionnels-direction-collectivites-territoriales\/#primaryimage\"},\"image\":{\"@id\":\"https:\/\/www.gereso.com\/actualites\/2019\/11\/05\/deroulement-carriere-fonctionnaires-nommes-emplois-fonctionnels-direction-collectivites-territoriales\/#primaryimage\"},\"thumbnailUrl\":\"https:\/\/www.gereso.com\/actualites\/wp-content\/uploads\/2019\/11\/EmploiFonctionnel-FP.jpg\",\"datePublished\":\"2019-11-05T08:22:50+00:00\",\"dateModified\":\"2019-11-05T08:22:52+00:00\",\"author\":{\"@id\":\"https:\/\/www.gereso.com\/actualites\/#\/schema\/person\/197d8aef40cb4ae3f6a0aa9e1d3df2a6\"},\"breadcrumb\":{\"@id\":\"https:\/\/www.gereso.com\/actualites\/2019\/11\/05\/deroulement-carriere-fonctionnaires-nommes-emplois-fonctionnels-direction-collectivites-territoriales\/#breadcrumb\"},\"inLanguage\":\"fr-FR\",\"potentialAction\":[{\"@type\":\"ReadAction\",\"target\":[\"https:\/\/www.gereso.com\/actualites\/2019\/11\/05\/deroulement-carriere-fonctionnaires-nommes-emplois-fonctionnels-direction-collectivites-territoriales\/\"]}]},{\"@type\":\"ImageObject\",\"inLanguage\":\"fr-FR\",\"@id\":\"https:\/\/www.gereso.com\/actualites\/2019\/11\/05\/deroulement-carriere-fonctionnaires-nommes-emplois-fonctionnels-direction-collectivites-territoriales\/#primaryimage\",\"url\":\"https:\/\/www.gereso.com\/actualites\/wp-content\/uploads\/2019\/11\/EmploiFonctionnel-FP.jpg\",\"contentUrl\":\"https:\/\/www.gereso.com\/actualites\/wp-content\/uploads\/2019\/11\/EmploiFonctionnel-FP.jpg\",\"width\":600,\"height\":400,\"caption\":\"La dur\u00e9e de d\u00e9tachement sur un emploi fonctionnel de direction ne peut d\u00e9passer cinq ans.\"},{\"@type\":\"BreadcrumbList\",\"@id\":\"https:\/\/www.gereso.com\/actualites\/2019\/11\/05\/deroulement-carriere-fonctionnaires-nommes-emplois-fonctionnels-direction-collectivites-territoriales\/#breadcrumb\",\"itemListElement\":[{\"@type\":\"ListItem\",\"position\":1,\"name\":\"Home\",\"item\":\"https:\/\/www.gereso.com\/actualites\/\"},{\"@type\":\"ListItem\",\"position\":2,\"name\":\"Le d\u00e9roulement de la carri\u00e8re des fonctionnaires nomm\u00e9s sur des emplois fonctionnels de direction des collectivit\u00e9s territoriales\"}]},{\"@type\":\"WebSite\",\"@id\":\"https:\/\/www.gereso.com\/actualites\/#website\",\"url\":\"https:\/\/www.gereso.com\/actualites\/\",\"name\":\"Le Blog GERESO\",\"description\":\"Toute l&#039;actu RH, Finance, Fonction Publique, Management...\",\"potentialAction\":[{\"@type\":\"SearchAction\",\"target\":{\"@type\":\"EntryPoint\",\"urlTemplate\":\"https:\/\/www.gereso.com\/actualites\/?s={search_term_string}\"},\"query-input\":{\"@type\":\"PropertyValueSpecification\",\"valueRequired\":true,\"valueName\":\"search_term_string\"}}],\"inLanguage\":\"fr-FR\"},{\"@type\":\"Person\",\"@id\":\"https:\/\/www.gereso.com\/actualites\/#\/schema\/person\/197d8aef40cb4ae3f6a0aa9e1d3df2a6\",\"name\":\"\u00c9quipe GERESO\",\"image\":{\"@type\":\"ImageObject\",\"inLanguage\":\"fr-FR\",\"@id\":\"https:\/\/www.gereso.com\/actualites\/#\/schema\/person\/image\/\",\"url\":\"https:\/\/www.gereso.com\/actualites\/wp-content\/uploads\/2013\/12\/avatar-gereso-1.png\",\"contentUrl\":\"https:\/\/www.gereso.com\/actualites\/wp-content\/uploads\/2013\/12\/avatar-gereso-1.png\",\"caption\":\"\u00c9quipe GERESO\"},\"url\":\"https:\/\/www.gereso.com\/actualites\/author\/gereso\/\"}]}<\/script>\n<!-- \/ Yoast SEO plugin. -->","yoast_head_json":{"title":"Le d\u00e9roulement de la carri\u00e8re des fonctionnaires nomm\u00e9s sur des emplois fonctionnels de direction des collectivit\u00e9s territoriales - Le Blog GERESO","robots":{"index":"index","follow":"follow","max-snippet":"max-snippet:-1","max-image-preview":"max-image-preview:large","max-video-preview":"max-video-preview:-1"},"canonical":"https:\/\/www.gereso.com\/actualites\/2019\/11\/05\/deroulement-carriere-fonctionnaires-nommes-emplois-fonctionnels-direction-collectivites-territoriales\/","og_locale":"fr_FR","og_type":"article","og_title":"Le d\u00e9roulement de la carri\u00e8re des fonctionnaires nomm\u00e9s sur des emplois fonctionnels de direction des collectivit\u00e9s territoriales - Le Blog GERESO","og_description":"Les r\u00e8gles de classement des fonctionnaires dans les emplois fonctionnels territoriaux au moment de leur recrutement Le d\u00e9tachement d\u2019un fonctionnaire sur un emploi fonctionnel a lieu \u00e0 indice \u00e9gal ou imm\u00e9diatement sup\u00e9rieur (article 4 du d\u00e9cret n\u00b0 87-1101 du 30 d\u00e9cembre 1987 (1)&nbsp;et article 3 du d\u00e9cret n\u00b0 90-128 du 9 f\u00e9vrier 1990 (2)). Le [&hellip;]","og_url":"https:\/\/www.gereso.com\/actualites\/2019\/11\/05\/deroulement-carriere-fonctionnaires-nommes-emplois-fonctionnels-direction-collectivites-territoriales\/","og_site_name":"Le Blog GERESO","article_published_time":"2019-11-05T08:22:50+00:00","article_modified_time":"2019-11-05T08:22:52+00:00","og_image":[{"width":600,"height":400,"url":"https:\/\/www.gereso.com\/actualites\/wp-content\/uploads\/2019\/11\/EmploiFonctionnel-FP.jpg","type":"image\/jpeg"}],"author":"\u00c9quipe GERESO","twitter_card":"summary_large_image","schema":{"@context":"https:\/\/schema.org","@graph":[{"@type":"WebPage","@id":"https:\/\/www.gereso.com\/actualites\/2019\/11\/05\/deroulement-carriere-fonctionnaires-nommes-emplois-fonctionnels-direction-collectivites-territoriales\/","url":"https:\/\/www.gereso.com\/actualites\/2019\/11\/05\/deroulement-carriere-fonctionnaires-nommes-emplois-fonctionnels-direction-collectivites-territoriales\/","name":"Le d\u00e9roulement de la carri\u00e8re des fonctionnaires nomm\u00e9s sur des emplois fonctionnels de direction des collectivit\u00e9s territoriales - Le Blog GERESO","isPartOf":{"@id":"https:\/\/www.gereso.com\/actualites\/#website"},"primaryImageOfPage":{"@id":"https:\/\/www.gereso.com\/actualites\/2019\/11\/05\/deroulement-carriere-fonctionnaires-nommes-emplois-fonctionnels-direction-collectivites-territoriales\/#primaryimage"},"image":{"@id":"https:\/\/www.gereso.com\/actualites\/2019\/11\/05\/deroulement-carriere-fonctionnaires-nommes-emplois-fonctionnels-direction-collectivites-territoriales\/#primaryimage"},"thumbnailUrl":"https:\/\/www.gereso.com\/actualites\/wp-content\/uploads\/2019\/11\/EmploiFonctionnel-FP.jpg","datePublished":"2019-11-05T08:22:50+00:00","dateModified":"2019-11-05T08:22:52+00:00","author":{"@id":"https:\/\/www.gereso.com\/actualites\/#\/schema\/person\/197d8aef40cb4ae3f6a0aa9e1d3df2a6"},"breadcrumb":{"@id":"https:\/\/www.gereso.com\/actualites\/2019\/11\/05\/deroulement-carriere-fonctionnaires-nommes-emplois-fonctionnels-direction-collectivites-territoriales\/#breadcrumb"},"inLanguage":"fr-FR","potentialAction":[{"@type":"ReadAction","target":["https:\/\/www.gereso.com\/actualites\/2019\/11\/05\/deroulement-carriere-fonctionnaires-nommes-emplois-fonctionnels-direction-collectivites-territoriales\/"]}]},{"@type":"ImageObject","inLanguage":"fr-FR","@id":"https:\/\/www.gereso.com\/actualites\/2019\/11\/05\/deroulement-carriere-fonctionnaires-nommes-emplois-fonctionnels-direction-collectivites-territoriales\/#primaryimage","url":"https:\/\/www.gereso.com\/actualites\/wp-content\/uploads\/2019\/11\/EmploiFonctionnel-FP.jpg","contentUrl":"https:\/\/www.gereso.com\/actualites\/wp-content\/uploads\/2019\/11\/EmploiFonctionnel-FP.jpg","width":600,"height":400,"caption":"La dur\u00e9e de d\u00e9tachement sur un emploi fonctionnel de direction ne peut d\u00e9passer cinq ans."},{"@type":"BreadcrumbList","@id":"https:\/\/www.gereso.com\/actualites\/2019\/11\/05\/deroulement-carriere-fonctionnaires-nommes-emplois-fonctionnels-direction-collectivites-territoriales\/#breadcrumb","itemListElement":[{"@type":"ListItem","position":1,"name":"Home","item":"https:\/\/www.gereso.com\/actualites\/"},{"@type":"ListItem","position":2,"name":"Le d\u00e9roulement de la carri\u00e8re des fonctionnaires nomm\u00e9s sur des emplois fonctionnels de direction des collectivit\u00e9s territoriales"}]},{"@type":"WebSite","@id":"https:\/\/www.gereso.com\/actualites\/#website","url":"https:\/\/www.gereso.com\/actualites\/","name":"Le Blog GERESO","description":"Toute l&#039;actu RH, Finance, Fonction Publique, Management...","potentialAction":[{"@type":"SearchAction","target":{"@type":"EntryPoint","urlTemplate":"https:\/\/www.gereso.com\/actualites\/?s={search_term_string}"},"query-input":{"@type":"PropertyValueSpecification","valueRequired":true,"valueName":"search_term_string"}}],"inLanguage":"fr-FR"},{"@type":"Person","@id":"https:\/\/www.gereso.com\/actualites\/#\/schema\/person\/197d8aef40cb4ae3f6a0aa9e1d3df2a6","name":"\u00c9quipe GERESO","image":{"@type":"ImageObject","inLanguage":"fr-FR","@id":"https:\/\/www.gereso.com\/actualites\/#\/schema\/person\/image\/","url":"https:\/\/www.gereso.com\/actualites\/wp-content\/uploads\/2013\/12\/avatar-gereso-1.png","contentUrl":"https:\/\/www.gereso.com\/actualites\/wp-content\/uploads\/2013\/12\/avatar-gereso-1.png","caption":"\u00c9quipe GERESO"},"url":"https:\/\/www.gereso.com\/actualites\/author\/gereso\/"}]}},"_links":{"self":[{"href":"https:\/\/www.gereso.com\/actualites\/wp-json\/wp\/v2\/posts\/12633","targetHints":{"allow":["GET"]}}],"collection":[{"href":"https:\/\/www.gereso.com\/actualites\/wp-json\/wp\/v2\/posts"}],"about":[{"href":"https:\/\/www.gereso.com\/actualites\/wp-json\/wp\/v2\/types\/post"}],"author":[{"embeddable":true,"href":"https:\/\/www.gereso.com\/actualites\/wp-json\/wp\/v2\/users\/32"}],"replies":[{"embeddable":true,"href":"https:\/\/www.gereso.com\/actualites\/wp-json\/wp\/v2\/comments?post=12633"}],"version-history":[{"count":9,"href":"https:\/\/www.gereso.com\/actualites\/wp-json\/wp\/v2\/posts\/12633\/revisions"}],"predecessor-version":[{"id":12643,"href":"https:\/\/www.gereso.com\/actualites\/wp-json\/wp\/v2\/posts\/12633\/revisions\/12643"}],"wp:featuredmedia":[{"embeddable":true,"href":"https:\/\/www.gereso.com\/actualites\/wp-json\/wp\/v2\/media\/12640"}],"wp:attachment":[{"href":"https:\/\/www.gereso.com\/actualites\/wp-json\/wp\/v2\/media?parent=12633"}],"wp:term":[{"taxonomy":"category","embeddable":true,"href":"https:\/\/www.gereso.com\/actualites\/wp-json\/wp\/v2\/categories?post=12633"},{"taxonomy":"post_tag","embeddable":true,"href":"https:\/\/www.gereso.com\/actualites\/wp-json\/wp\/v2\/tags?post=12633"}],"curies":[{"name":"wp","href":"https:\/\/api.w.org\/{rel}","templated":true}]}}