{"id":12718,"date":"2019-11-20T22:15:06","date_gmt":"2019-11-20T20:15:06","guid":{"rendered":"https:\/\/www.gereso.com\/actualites\/?p=12718"},"modified":"2020-01-03T09:56:39","modified_gmt":"2020-01-03T07:56:39","slug":"cir-obligation-documentaire-intermediaire","status":"publish","type":"post","link":"https:\/\/www.gereso.com\/actualites\/2019\/11\/20\/cir-obligation-documentaire-intermediaire\/","title":{"rendered":"CIR : obligation documentaire interm\u00e9diaire"},"content":{"rendered":"\n<p>Les d\u00e9put\u00e9s viennent d\u2019adopter un <strong>a<\/strong>h<strong>mendement au projet de loi de finances pour 2020<\/strong> (PLF 2020) instaurant une obligation documentaire interm\u00e9diaire en mati\u00e8re de <strong>cr\u00e9dit d\u2019imp\u00f4t recherche <\/strong>pour les d\u00e9penses comprises entre 10 et 100 millions \u20ac.<\/p>\n\n\n\n<h2 class=\"wp-block-heading\"><strong>Le\nseuil de 100 millions \u20ac restaur\u00e9<\/strong><\/h2>\n\n\n\n<p>Pour\nrappel, dans le cas g\u00e9n\u00e9ral, le <strong>cr\u00e9dit d\u2019imp\u00f4t recherche<\/strong> (CIR) s\u2019\u00e9l\u00e8ve\npour les entreprises r\u00e9alisant des d\u00e9penses \u00e9ligibles \u00e0 <strong>30%<\/strong> de ces\nd\u00e9penses jusqu\u2019\u00e0 100 millions \u20ac et 5% au-del\u00e0.<\/p>\n\n\n\n<p>En\noutre, en cas de d\u00e9passement d\u2019un certain seuil de d\u00e9penses de recherche, les\nb\u00e9n\u00e9ficiaires ont l\u2019obligation de transmettre un \u00e9tat annexe d\u00e9crivant la\nnature des travaux de recherche en cours. <\/p>\n\n\n\n<p>L\u2019article\n15 de la loi de finances pour 2019 a r\u00e9duit ce seuil d\u2019obligation de 100 \u00e0 2\nmillions \u20ac. L\u2019objectif de la mesure \u00e9tait de <strong>mieux conna\u00eetre la nature des\nd\u00e9penses<\/strong> de recherche afin d\u2019\u00e9ventuellement faire \u00e9voluer la l\u00e9gislation du\nCIR. Si l\u2019avantage fiscal encourage l\u2019innovation, le co\u00fbt pour l\u2019Etat est tr\u00e8s\ncons\u00e9quent. Il s\u2019\u00e9levait \u00e0 6,2 milliards \u20ac en 2018 et pourrait atteindre selon\nles pr\u00e9visions 6,5 milliards \u20ac en 2019 et 2020.<\/p>\n\n\n\n<p>Cette\nobligation documentaire constitue n\u00e9anmoins une charge administrative\nimportante pour les plus petites entreprises. En cons\u00e9quence, l\u2019article 49 du <strong>PLF\n2020<\/strong> propose de r\u00e9instaurer le seuil de <strong>100 millions \u20ac<\/strong> en lieu et\nplace du seuil de 2 millions.<\/p>\n\n\n\n<h2 class=\"wp-block-heading\"><strong>Obligation d\u00e9clarative simplifi\u00e9e<\/strong><\/h2>\n\n\n\n<p>Dans le cadre de l\u2019examen de la seconde\npartie du PLF 2020, l\u2019Assembl\u00e9e nationale a adopt\u00e9 un amendement visant \u00e0\nrestaurer une obligation documentaire relative au CIR pour les d\u00e9penses\ninf\u00e9rieures \u00e0 100 millions \u20ac mais avec un contenu limit\u00e9.<\/p>\n\n\n\n<p>Le d\u00e9put\u00e9 M. Giraud, rapporteur g\u00e9n\u00e9ral du\nPLF 2020, \u00e0 l\u2019origine de l\u2019amendement, estime que le seuil restaur\u00e9 de 100\nmillions \u20ac limite de mani\u00e8re trop importante le nombre d\u2019entreprises soumises \u00e0\nl\u2019obligation documentaire (1000 environ seulement sur 20.000 b\u00e9n\u00e9ficiaires). Un\n\u00e9chantillon aussi restreint ne permet pas au Gouvernement d\u2019avoir une approche\nsatisfaisante de l\u2019utilisation faite du CIR par les entreprises. <\/p>\n\n\n\n<p>Afin de ne pas r\u00e9instaurer une charge\nadministrative trop importantes pour les PME, l\u2019amendement propose d\u2019instaurer\nune <strong>obligation documentaire imit\u00e9e<\/strong>&nbsp;: <\/p>\n\n\n\n<ul class=\"wp-block-list\"><li>\u00e0 l\u2019impact du CIR sur le\nrecrutement et le financement des <strong>jeunes docteurs<\/strong> (informations\nprincipales recherch\u00e9es par le l\u00e9gislateur lors des modifications de 2017 et 2018)<\/li><li>aux donn\u00e9es sur\nl\u2019exercice \u00e9coul\u00e9, et non sur les projets en cours.<\/li><\/ul>\n\n\n\n<p>Cette obligation interm\u00e9diaire ne concernera que les entreprises dont le montant des d\u00e9penses de recherche sont comprises entre <strong>10 et 100 millions \u20ac<\/strong>. Les entreprises exc\u00e9dant ce dernier seuil restent soumises \u00e0 une obligation documentaire compl\u00e8te.<\/p>\n","protected":false},"excerpt":{"rendered":"<p>Les d\u00e9put\u00e9s viennent d\u2019adopter un ahmendement au projet de loi de finances pour 2020 (PLF 2020) instaurant une obligation documentaire interm\u00e9diaire en mati\u00e8re de cr\u00e9dit d\u2019imp\u00f4t recherche pour les d\u00e9penses comprises entre 10 et 100 millions \u20ac. Le seuil de 100 millions \u20ac restaur\u00e9 Pour rappel, dans le cas g\u00e9n\u00e9ral, le cr\u00e9dit d\u2019imp\u00f4t recherche (CIR) [&hellip;]<\/p>\n","protected":false},"author":45,"featured_media":0,"comment_status":"open","ping_status":"open","sticky":false,"template":"","format":"quote","meta":{"_acf_changed":false,"_mi_skip_tracking":false,"footnotes":""},"categories":[12,3],"tags":[215,874,1769],"class_list":["post-12718","post","type-post","status-publish","format-quote","hentry","category-actualites","category-comptabilite-fiscalite-et-gestion-financiere","tag-cir","tag-impot-sur-les-societes","tag-plf-2020","post_format-post-format-quote"],"acf":[],"yoast_head":"<!-- This site is optimized with the Yoast SEO plugin v23.4 - https:\/\/yoast.com\/wordpress\/plugins\/seo\/ -->\n<title>CIR : obligation documentaire interm\u00e9diaire - Le Blog GERESO<\/title>\n<meta name=\"robots\" content=\"index, follow, max-snippet:-1, max-image-preview:large, max-video-preview:-1\" \/>\n<link rel=\"canonical\" href=\"https:\/\/www.gereso.com\/actualites\/2019\/11\/20\/cir-obligation-documentaire-intermediaire\/\" \/>\n<meta property=\"og:locale\" content=\"fr_FR\" \/>\n<meta property=\"og:type\" content=\"article\" \/>\n<meta property=\"og:title\" content=\"CIR : obligation documentaire interm\u00e9diaire - Le Blog GERESO\" \/>\n<meta property=\"og:description\" content=\"Les d\u00e9put\u00e9s viennent d\u2019adopter un ahmendement au projet de loi de finances pour 2020 (PLF 2020) instaurant une obligation documentaire interm\u00e9diaire en mati\u00e8re de cr\u00e9dit d\u2019imp\u00f4t recherche pour les d\u00e9penses comprises entre 10 et 100 millions \u20ac. Le seuil de 100 millions \u20ac restaur\u00e9 Pour rappel, dans le cas g\u00e9n\u00e9ral, le cr\u00e9dit d\u2019imp\u00f4t recherche (CIR) [&hellip;]\" \/>\n<meta property=\"og:url\" content=\"https:\/\/www.gereso.com\/actualites\/2019\/11\/20\/cir-obligation-documentaire-intermediaire\/\" \/>\n<meta property=\"og:site_name\" content=\"Le Blog GERESO\" \/>\n<meta property=\"article:published_time\" content=\"2019-11-20T20:15:06+00:00\" \/>\n<meta property=\"article:modified_time\" content=\"2020-01-03T07:56:39+00:00\" \/>\n<meta name=\"author\" content=\"Damien P\u00e9an\" \/>\n<meta name=\"twitter:card\" content=\"summary_large_image\" \/>\n<script type=\"application\/ld+json\" class=\"yoast-schema-graph\">{\"@context\":\"https:\/\/schema.org\",\"@graph\":[{\"@type\":\"WebPage\",\"@id\":\"https:\/\/www.gereso.com\/actualites\/2019\/11\/20\/cir-obligation-documentaire-intermediaire\/\",\"url\":\"https:\/\/www.gereso.com\/actualites\/2019\/11\/20\/cir-obligation-documentaire-intermediaire\/\",\"name\":\"CIR : obligation documentaire interm\u00e9diaire - Le Blog GERESO\",\"isPartOf\":{\"@id\":\"https:\/\/www.gereso.com\/actualites\/#website\"},\"datePublished\":\"2019-11-20T20:15:06+00:00\",\"dateModified\":\"2020-01-03T07:56:39+00:00\",\"author\":{\"@id\":\"https:\/\/www.gereso.com\/actualites\/#\/schema\/person\/c91814f92d627ed4715993fbbf7c7e8d\"},\"breadcrumb\":{\"@id\":\"https:\/\/www.gereso.com\/actualites\/2019\/11\/20\/cir-obligation-documentaire-intermediaire\/#breadcrumb\"},\"inLanguage\":\"fr-FR\",\"potentialAction\":[{\"@type\":\"ReadAction\",\"target\":[\"https:\/\/www.gereso.com\/actualites\/2019\/11\/20\/cir-obligation-documentaire-intermediaire\/\"]}]},{\"@type\":\"BreadcrumbList\",\"@id\":\"https:\/\/www.gereso.com\/actualites\/2019\/11\/20\/cir-obligation-documentaire-intermediaire\/#breadcrumb\",\"itemListElement\":[{\"@type\":\"ListItem\",\"position\":1,\"name\":\"Home\",\"item\":\"https:\/\/www.gereso.com\/actualites\/\"},{\"@type\":\"ListItem\",\"position\":2,\"name\":\"CIR : obligation documentaire interm\u00e9diaire\"}]},{\"@type\":\"WebSite\",\"@id\":\"https:\/\/www.gereso.com\/actualites\/#website\",\"url\":\"https:\/\/www.gereso.com\/actualites\/\",\"name\":\"Le Blog GERESO\",\"description\":\"Toute l&#039;actu RH, Finance, Fonction Publique, Management...\",\"potentialAction\":[{\"@type\":\"SearchAction\",\"target\":{\"@type\":\"EntryPoint\",\"urlTemplate\":\"https:\/\/www.gereso.com\/actualites\/?s={search_term_string}\"},\"query-input\":{\"@type\":\"PropertyValueSpecification\",\"valueRequired\":true,\"valueName\":\"search_term_string\"}}],\"inLanguage\":\"fr-FR\"},{\"@type\":\"Person\",\"@id\":\"https:\/\/www.gereso.com\/actualites\/#\/schema\/person\/c91814f92d627ed4715993fbbf7c7e8d\",\"name\":\"Damien P\u00e9an\",\"image\":{\"@type\":\"ImageObject\",\"inLanguage\":\"fr-FR\",\"@id\":\"https:\/\/www.gereso.com\/actualites\/#\/schema\/person\/image\/\",\"url\":\"https:\/\/www.gereso.com\/actualites\/wp-content\/uploads\/2016\/03\/damien-pean.jpg\",\"contentUrl\":\"https:\/\/www.gereso.com\/actualites\/wp-content\/uploads\/2016\/03\/damien-pean.jpg\",\"caption\":\"Damien P\u00e9an\"},\"description\":\"Damien P\u00c9AN est titulaire du Dipl\u00f4me d'\u00e9tudes sup\u00e9rieures comptables et financi\u00e8res (DESCF). Il intervient depuis plusieurs ann\u00e9es aupr\u00e8s d'\u00e9tudiants en licence de comptabilit\u00e9 et de gestion, \u00e0 qui il enseigne le contr\u00f4le de gestion, la comptabilit\u00e9 approfondie, le management, la fiscalit\u00e9, le droit des soci\u00e9t\u00e9s et le droit du travail. Il intervient \u00e9galement en formation continue pour le compte de divers organismes de formation sur des th\u00e9matiques techniques en comptabilit\u00e9 et fiscalit\u00e9. Il forme aussi un public de non-initi\u00e9s aux fondamentaux de la finance.\",\"url\":\"https:\/\/www.gereso.com\/actualites\/author\/d-pean\/\"}]}<\/script>\n<!-- \/ Yoast SEO plugin. -->","yoast_head_json":{"title":"CIR : obligation documentaire interm\u00e9diaire - Le Blog GERESO","robots":{"index":"index","follow":"follow","max-snippet":"max-snippet:-1","max-image-preview":"max-image-preview:large","max-video-preview":"max-video-preview:-1"},"canonical":"https:\/\/www.gereso.com\/actualites\/2019\/11\/20\/cir-obligation-documentaire-intermediaire\/","og_locale":"fr_FR","og_type":"article","og_title":"CIR : obligation documentaire interm\u00e9diaire - Le Blog GERESO","og_description":"Les d\u00e9put\u00e9s viennent d\u2019adopter un ahmendement au projet de loi de finances pour 2020 (PLF 2020) instaurant une obligation documentaire interm\u00e9diaire en mati\u00e8re de cr\u00e9dit d\u2019imp\u00f4t recherche pour les d\u00e9penses comprises entre 10 et 100 millions \u20ac. Le seuil de 100 millions \u20ac restaur\u00e9 Pour rappel, dans le cas g\u00e9n\u00e9ral, le cr\u00e9dit d\u2019imp\u00f4t recherche (CIR) [&hellip;]","og_url":"https:\/\/www.gereso.com\/actualites\/2019\/11\/20\/cir-obligation-documentaire-intermediaire\/","og_site_name":"Le Blog GERESO","article_published_time":"2019-11-20T20:15:06+00:00","article_modified_time":"2020-01-03T07:56:39+00:00","author":"Damien P\u00e9an","twitter_card":"summary_large_image","schema":{"@context":"https:\/\/schema.org","@graph":[{"@type":"WebPage","@id":"https:\/\/www.gereso.com\/actualites\/2019\/11\/20\/cir-obligation-documentaire-intermediaire\/","url":"https:\/\/www.gereso.com\/actualites\/2019\/11\/20\/cir-obligation-documentaire-intermediaire\/","name":"CIR : obligation documentaire interm\u00e9diaire - Le Blog GERESO","isPartOf":{"@id":"https:\/\/www.gereso.com\/actualites\/#website"},"datePublished":"2019-11-20T20:15:06+00:00","dateModified":"2020-01-03T07:56:39+00:00","author":{"@id":"https:\/\/www.gereso.com\/actualites\/#\/schema\/person\/c91814f92d627ed4715993fbbf7c7e8d"},"breadcrumb":{"@id":"https:\/\/www.gereso.com\/actualites\/2019\/11\/20\/cir-obligation-documentaire-intermediaire\/#breadcrumb"},"inLanguage":"fr-FR","potentialAction":[{"@type":"ReadAction","target":["https:\/\/www.gereso.com\/actualites\/2019\/11\/20\/cir-obligation-documentaire-intermediaire\/"]}]},{"@type":"BreadcrumbList","@id":"https:\/\/www.gereso.com\/actualites\/2019\/11\/20\/cir-obligation-documentaire-intermediaire\/#breadcrumb","itemListElement":[{"@type":"ListItem","position":1,"name":"Home","item":"https:\/\/www.gereso.com\/actualites\/"},{"@type":"ListItem","position":2,"name":"CIR : obligation documentaire interm\u00e9diaire"}]},{"@type":"WebSite","@id":"https:\/\/www.gereso.com\/actualites\/#website","url":"https:\/\/www.gereso.com\/actualites\/","name":"Le Blog GERESO","description":"Toute l&#039;actu RH, Finance, Fonction Publique, Management...","potentialAction":[{"@type":"SearchAction","target":{"@type":"EntryPoint","urlTemplate":"https:\/\/www.gereso.com\/actualites\/?s={search_term_string}"},"query-input":{"@type":"PropertyValueSpecification","valueRequired":true,"valueName":"search_term_string"}}],"inLanguage":"fr-FR"},{"@type":"Person","@id":"https:\/\/www.gereso.com\/actualites\/#\/schema\/person\/c91814f92d627ed4715993fbbf7c7e8d","name":"Damien P\u00e9an","image":{"@type":"ImageObject","inLanguage":"fr-FR","@id":"https:\/\/www.gereso.com\/actualites\/#\/schema\/person\/image\/","url":"https:\/\/www.gereso.com\/actualites\/wp-content\/uploads\/2016\/03\/damien-pean.jpg","contentUrl":"https:\/\/www.gereso.com\/actualites\/wp-content\/uploads\/2016\/03\/damien-pean.jpg","caption":"Damien P\u00e9an"},"description":"Damien P\u00c9AN est titulaire du Dipl\u00f4me d'\u00e9tudes sup\u00e9rieures comptables et financi\u00e8res (DESCF). Il intervient depuis plusieurs ann\u00e9es aupr\u00e8s d'\u00e9tudiants en licence de comptabilit\u00e9 et de gestion, \u00e0 qui il enseigne le contr\u00f4le de gestion, la comptabilit\u00e9 approfondie, le management, la fiscalit\u00e9, le droit des soci\u00e9t\u00e9s et le droit du travail. Il intervient \u00e9galement en formation continue pour le compte de divers organismes de formation sur des th\u00e9matiques techniques en comptabilit\u00e9 et fiscalit\u00e9. Il forme aussi un public de non-initi\u00e9s aux fondamentaux de la finance.","url":"https:\/\/www.gereso.com\/actualites\/author\/d-pean\/"}]}},"_links":{"self":[{"href":"https:\/\/www.gereso.com\/actualites\/wp-json\/wp\/v2\/posts\/12718","targetHints":{"allow":["GET"]}}],"collection":[{"href":"https:\/\/www.gereso.com\/actualites\/wp-json\/wp\/v2\/posts"}],"about":[{"href":"https:\/\/www.gereso.com\/actualites\/wp-json\/wp\/v2\/types\/post"}],"author":[{"embeddable":true,"href":"https:\/\/www.gereso.com\/actualites\/wp-json\/wp\/v2\/users\/45"}],"replies":[{"embeddable":true,"href":"https:\/\/www.gereso.com\/actualites\/wp-json\/wp\/v2\/comments?post=12718"}],"version-history":[{"count":2,"href":"https:\/\/www.gereso.com\/actualites\/wp-json\/wp\/v2\/posts\/12718\/revisions"}],"predecessor-version":[{"id":13258,"href":"https:\/\/www.gereso.com\/actualites\/wp-json\/wp\/v2\/posts\/12718\/revisions\/13258"}],"wp:attachment":[{"href":"https:\/\/www.gereso.com\/actualites\/wp-json\/wp\/v2\/media?parent=12718"}],"wp:term":[{"taxonomy":"category","embeddable":true,"href":"https:\/\/www.gereso.com\/actualites\/wp-json\/wp\/v2\/categories?post=12718"},{"taxonomy":"post_tag","embeddable":true,"href":"https:\/\/www.gereso.com\/actualites\/wp-json\/wp\/v2\/tags?post=12718"}],"curies":[{"name":"wp","href":"https:\/\/api.w.org\/{rel}","templated":true}]}}