{"id":12786,"date":"2019-11-29T11:48:25","date_gmt":"2019-11-29T09:48:25","guid":{"rendered":"https:\/\/www.gereso.com\/actualites\/?p=12786"},"modified":"2019-11-29T11:48:27","modified_gmt":"2019-11-29T09:48:27","slug":"prorogation-du-dispositif-jei","status":"publish","type":"post","link":"https:\/\/www.gereso.com\/actualites\/2019\/11\/29\/prorogation-du-dispositif-jei\/","title":{"rendered":"Prorogation du dispositif JEI"},"content":{"rendered":"\n<p>Un\namendement gouvernemental au <strong>projet de loi de finances pour 2020<\/strong> proroge\njusqu\u2019en 2022 le dispositif \u00ab&nbsp;<strong>jeunes entreprises innovantes<\/strong>&nbsp;\u00bb\n(JEI). Il permet aux entreprises \u00e9ligibles de b\u00e9n\u00e9ficier de substantiels\navantages fiscaux et sociaux.<\/p>\n\n\n\n<h2 class=\"wp-block-heading\"><strong>Un\ndispositif r\u00e9serv\u00e9 aux PME<\/strong><\/h2>\n\n\n\n<p>Instaur\u00e9\nen 2004, le <strong>dispositif JEI<\/strong> est r\u00e9serv\u00e9 aux PME de moins de 8 ans\nr\u00e9alisant des d\u00e9penses de recherche et d\u00e9veloppement repr\u00e9sentant <strong>au moins\n15%<\/strong> de leurs charges fiscalement d\u00e9ductibles.<\/p>\n\n\n\n<p>Le\ndispositif est r\u00e9serv\u00e9 aux entreprises de moins de 250 salari\u00e9s et dont le\nchiffre d\u2019affaires n\u2019exc\u00e8de pas 50 millions \u20ac ou dont le total de bilan est\ninf\u00e9rieur \u00e0 43 millions \u20ac (PME au sens communautaire). Le capital doit en outre\n\u00eatre d\u00e9tenu au moins \u00e0 50% par des personnes physiques.<\/p>\n\n\n\n<h2 class=\"wp-block-heading\"><strong>De\nnombreux avantages fiscaux et sociaux<\/strong><\/h2>\n\n\n\n<p>Codifi\u00e9\n\u00e0 l\u2019article 44 sexies-0 A du CGI, les entreprises \u00e9ligibles au dispositif JEI\npeuvent b\u00e9n\u00e9ficier des exon\u00e9rations suivantes&nbsp;: <\/p>\n\n\n\n<ul class=\"wp-block-list\"><li><strong>Imp\u00f4t sur\nles b\u00e9n\u00e9fices<\/strong> pendant 2 ans (en totalit\u00e9 pour le premier exercice et \u00e0 50% pour\nl\u2019exercice suivant)<\/li><li><strong>CFE, CVAE\net taxe fonci\u00e8re<\/strong> pendant 7 ans sur d\u00e9lib\u00e9ration des collectivit\u00e9 territoriales<\/li><li><strong>Cotisations\nsociales patronales<\/strong> (assurances sociales et allocations familiales) pendant 8 ans\npour les salari\u00e9s d\u00e9di\u00e9s aux projets de recherche.<\/li><\/ul>\n\n\n\n<h2 class=\"wp-block-heading\"><strong>Prorogation\njusqu\u2019en 2022<\/strong><\/h2>\n\n\n\n<p>Les avantages fiscaux d\u00e9di\u00e9s au dispositif devaient prendre fin au 31 d\u00e9cembre 2019. Le S\u00e9nat vient d\u2019adopter un <strong><a href=\"http:\/\/www.senat.fr\/enseance\/2019-2020\/139\/Amdt_I-1248.html\">amendement gouvernemental<\/a><\/strong> au projet de loi de finances pour 2020 visant \u00e0 proroger ces exon\u00e9rations jusqu\u2019au <strong>31 d\u00e9cembre 2022<\/strong>. Pour rappel, les exon\u00e9rations sociales ne font pas l\u2019objet d\u2019une limite de temps. <\/p>\n\n\n\n<p>Dans\nl\u2019expos\u00e9 des motifs, le Gouvernement met en avant l\u2019efficacit\u00e9 du dispositif\nreconnu notamment par la Commission europ\u00e9enne. Elle l\u2019a plac\u00e9 en premi\u00e8re position\nsur 26 Etats membres de l\u2019Union europ\u00e9enne en termes d\u2019efficacit\u00e9 des dispositifs\nd\u2019incitation fiscale aux activit\u00e9s de recherche et d\u00e9veloppement. <\/p>\n\n\n\n<p>L\u2019amendement\nadopt\u00e9 exclut \u00e9galement pour la v\u00e9rification du seuil de 15%, les charges\nfinanci\u00e8res relatives \u00e0 des actifs subissant des variations de cours, comme les\ncrypto-monnaies par exemple.<\/p>\n","protected":false},"excerpt":{"rendered":"<p>Un amendement gouvernemental au projet de loi de finances pour 2020 proroge jusqu\u2019en 2022 le dispositif \u00ab&nbsp;jeunes entreprises innovantes&nbsp;\u00bb (JEI). Il permet aux entreprises \u00e9ligibles de b\u00e9n\u00e9ficier de substantiels avantages fiscaux et sociaux. Un dispositif r\u00e9serv\u00e9 aux PME Instaur\u00e9 en 2004, le dispositif JEI est r\u00e9serv\u00e9 aux PME de moins de 8 ans r\u00e9alisant des [&hellip;]<\/p>\n","protected":false},"author":45,"featured_media":0,"comment_status":"open","ping_status":"open","sticky":false,"template":"","format":"quote","meta":{"_acf_changed":false,"_mi_skip_tracking":false,"footnotes":""},"categories":[12,3],"tags":[1802,1769],"class_list":["post-12786","post","type-post","status-publish","format-quote","hentry","category-actualites","category-comptabilite-fiscalite-et-gestion-financiere","tag-jei","tag-plf-2020","post_format-post-format-quote"],"acf":[],"yoast_head":"<!-- This site is optimized with the Yoast SEO plugin v23.4 - https:\/\/yoast.com\/wordpress\/plugins\/seo\/ -->\n<title>Prorogation du dispositif JEI - Le Blog GERESO<\/title>\n<meta name=\"robots\" content=\"index, follow, max-snippet:-1, max-image-preview:large, max-video-preview:-1\" \/>\n<link rel=\"canonical\" href=\"https:\/\/www.gereso.com\/actualites\/2019\/11\/29\/prorogation-du-dispositif-jei\/\" \/>\n<meta property=\"og:locale\" content=\"fr_FR\" \/>\n<meta property=\"og:type\" content=\"article\" \/>\n<meta property=\"og:title\" content=\"Prorogation du dispositif JEI - Le Blog GERESO\" \/>\n<meta property=\"og:description\" content=\"Un amendement gouvernemental au projet de loi de finances pour 2020 proroge jusqu\u2019en 2022 le dispositif \u00ab&nbsp;jeunes entreprises innovantes&nbsp;\u00bb (JEI). Il permet aux entreprises \u00e9ligibles de b\u00e9n\u00e9ficier de substantiels avantages fiscaux et sociaux. Un dispositif r\u00e9serv\u00e9 aux PME Instaur\u00e9 en 2004, le dispositif JEI est r\u00e9serv\u00e9 aux PME de moins de 8 ans r\u00e9alisant des [&hellip;]\" \/>\n<meta property=\"og:url\" content=\"https:\/\/www.gereso.com\/actualites\/2019\/11\/29\/prorogation-du-dispositif-jei\/\" \/>\n<meta property=\"og:site_name\" content=\"Le Blog GERESO\" \/>\n<meta property=\"article:published_time\" content=\"2019-11-29T09:48:25+00:00\" \/>\n<meta property=\"article:modified_time\" content=\"2019-11-29T09:48:27+00:00\" \/>\n<meta name=\"author\" content=\"Damien P\u00e9an\" \/>\n<meta name=\"twitter:card\" content=\"summary_large_image\" \/>\n<script type=\"application\/ld+json\" class=\"yoast-schema-graph\">{\"@context\":\"https:\/\/schema.org\",\"@graph\":[{\"@type\":\"WebPage\",\"@id\":\"https:\/\/www.gereso.com\/actualites\/2019\/11\/29\/prorogation-du-dispositif-jei\/\",\"url\":\"https:\/\/www.gereso.com\/actualites\/2019\/11\/29\/prorogation-du-dispositif-jei\/\",\"name\":\"Prorogation du dispositif JEI - Le Blog GERESO\",\"isPartOf\":{\"@id\":\"https:\/\/www.gereso.com\/actualites\/#website\"},\"datePublished\":\"2019-11-29T09:48:25+00:00\",\"dateModified\":\"2019-11-29T09:48:27+00:00\",\"author\":{\"@id\":\"https:\/\/www.gereso.com\/actualites\/#\/schema\/person\/c91814f92d627ed4715993fbbf7c7e8d\"},\"breadcrumb\":{\"@id\":\"https:\/\/www.gereso.com\/actualites\/2019\/11\/29\/prorogation-du-dispositif-jei\/#breadcrumb\"},\"inLanguage\":\"fr-FR\",\"potentialAction\":[{\"@type\":\"ReadAction\",\"target\":[\"https:\/\/www.gereso.com\/actualites\/2019\/11\/29\/prorogation-du-dispositif-jei\/\"]}]},{\"@type\":\"BreadcrumbList\",\"@id\":\"https:\/\/www.gereso.com\/actualites\/2019\/11\/29\/prorogation-du-dispositif-jei\/#breadcrumb\",\"itemListElement\":[{\"@type\":\"ListItem\",\"position\":1,\"name\":\"Home\",\"item\":\"https:\/\/www.gereso.com\/actualites\/\"},{\"@type\":\"ListItem\",\"position\":2,\"name\":\"Prorogation du dispositif JEI\"}]},{\"@type\":\"WebSite\",\"@id\":\"https:\/\/www.gereso.com\/actualites\/#website\",\"url\":\"https:\/\/www.gereso.com\/actualites\/\",\"name\":\"Le Blog GERESO\",\"description\":\"Toute l&#039;actu RH, Finance, Fonction Publique, Management...\",\"potentialAction\":[{\"@type\":\"SearchAction\",\"target\":{\"@type\":\"EntryPoint\",\"urlTemplate\":\"https:\/\/www.gereso.com\/actualites\/?s={search_term_string}\"},\"query-input\":{\"@type\":\"PropertyValueSpecification\",\"valueRequired\":true,\"valueName\":\"search_term_string\"}}],\"inLanguage\":\"fr-FR\"},{\"@type\":\"Person\",\"@id\":\"https:\/\/www.gereso.com\/actualites\/#\/schema\/person\/c91814f92d627ed4715993fbbf7c7e8d\",\"name\":\"Damien P\u00e9an\",\"image\":{\"@type\":\"ImageObject\",\"inLanguage\":\"fr-FR\",\"@id\":\"https:\/\/www.gereso.com\/actualites\/#\/schema\/person\/image\/\",\"url\":\"https:\/\/www.gereso.com\/actualites\/wp-content\/uploads\/2016\/03\/damien-pean.jpg\",\"contentUrl\":\"https:\/\/www.gereso.com\/actualites\/wp-content\/uploads\/2016\/03\/damien-pean.jpg\",\"caption\":\"Damien P\u00e9an\"},\"description\":\"Damien P\u00c9AN est titulaire du Dipl\u00f4me d'\u00e9tudes sup\u00e9rieures comptables et financi\u00e8res (DESCF). Il intervient depuis plusieurs ann\u00e9es aupr\u00e8s d'\u00e9tudiants en licence de comptabilit\u00e9 et de gestion, \u00e0 qui il enseigne le contr\u00f4le de gestion, la comptabilit\u00e9 approfondie, le management, la fiscalit\u00e9, le droit des soci\u00e9t\u00e9s et le droit du travail. Il intervient \u00e9galement en formation continue pour le compte de divers organismes de formation sur des th\u00e9matiques techniques en comptabilit\u00e9 et fiscalit\u00e9. Il forme aussi un public de non-initi\u00e9s aux fondamentaux de la finance.\",\"url\":\"https:\/\/www.gereso.com\/actualites\/author\/d-pean\/\"}]}<\/script>\n<!-- \/ Yoast SEO plugin. -->","yoast_head_json":{"title":"Prorogation du dispositif JEI - Le Blog GERESO","robots":{"index":"index","follow":"follow","max-snippet":"max-snippet:-1","max-image-preview":"max-image-preview:large","max-video-preview":"max-video-preview:-1"},"canonical":"https:\/\/www.gereso.com\/actualites\/2019\/11\/29\/prorogation-du-dispositif-jei\/","og_locale":"fr_FR","og_type":"article","og_title":"Prorogation du dispositif JEI - Le Blog GERESO","og_description":"Un amendement gouvernemental au projet de loi de finances pour 2020 proroge jusqu\u2019en 2022 le dispositif \u00ab&nbsp;jeunes entreprises innovantes&nbsp;\u00bb (JEI). Il permet aux entreprises \u00e9ligibles de b\u00e9n\u00e9ficier de substantiels avantages fiscaux et sociaux. Un dispositif r\u00e9serv\u00e9 aux PME Instaur\u00e9 en 2004, le dispositif JEI est r\u00e9serv\u00e9 aux PME de moins de 8 ans r\u00e9alisant des [&hellip;]","og_url":"https:\/\/www.gereso.com\/actualites\/2019\/11\/29\/prorogation-du-dispositif-jei\/","og_site_name":"Le Blog GERESO","article_published_time":"2019-11-29T09:48:25+00:00","article_modified_time":"2019-11-29T09:48:27+00:00","author":"Damien P\u00e9an","twitter_card":"summary_large_image","schema":{"@context":"https:\/\/schema.org","@graph":[{"@type":"WebPage","@id":"https:\/\/www.gereso.com\/actualites\/2019\/11\/29\/prorogation-du-dispositif-jei\/","url":"https:\/\/www.gereso.com\/actualites\/2019\/11\/29\/prorogation-du-dispositif-jei\/","name":"Prorogation du dispositif JEI - Le Blog GERESO","isPartOf":{"@id":"https:\/\/www.gereso.com\/actualites\/#website"},"datePublished":"2019-11-29T09:48:25+00:00","dateModified":"2019-11-29T09:48:27+00:00","author":{"@id":"https:\/\/www.gereso.com\/actualites\/#\/schema\/person\/c91814f92d627ed4715993fbbf7c7e8d"},"breadcrumb":{"@id":"https:\/\/www.gereso.com\/actualites\/2019\/11\/29\/prorogation-du-dispositif-jei\/#breadcrumb"},"inLanguage":"fr-FR","potentialAction":[{"@type":"ReadAction","target":["https:\/\/www.gereso.com\/actualites\/2019\/11\/29\/prorogation-du-dispositif-jei\/"]}]},{"@type":"BreadcrumbList","@id":"https:\/\/www.gereso.com\/actualites\/2019\/11\/29\/prorogation-du-dispositif-jei\/#breadcrumb","itemListElement":[{"@type":"ListItem","position":1,"name":"Home","item":"https:\/\/www.gereso.com\/actualites\/"},{"@type":"ListItem","position":2,"name":"Prorogation du dispositif JEI"}]},{"@type":"WebSite","@id":"https:\/\/www.gereso.com\/actualites\/#website","url":"https:\/\/www.gereso.com\/actualites\/","name":"Le Blog GERESO","description":"Toute l&#039;actu RH, Finance, Fonction Publique, Management...","potentialAction":[{"@type":"SearchAction","target":{"@type":"EntryPoint","urlTemplate":"https:\/\/www.gereso.com\/actualites\/?s={search_term_string}"},"query-input":{"@type":"PropertyValueSpecification","valueRequired":true,"valueName":"search_term_string"}}],"inLanguage":"fr-FR"},{"@type":"Person","@id":"https:\/\/www.gereso.com\/actualites\/#\/schema\/person\/c91814f92d627ed4715993fbbf7c7e8d","name":"Damien P\u00e9an","image":{"@type":"ImageObject","inLanguage":"fr-FR","@id":"https:\/\/www.gereso.com\/actualites\/#\/schema\/person\/image\/","url":"https:\/\/www.gereso.com\/actualites\/wp-content\/uploads\/2016\/03\/damien-pean.jpg","contentUrl":"https:\/\/www.gereso.com\/actualites\/wp-content\/uploads\/2016\/03\/damien-pean.jpg","caption":"Damien P\u00e9an"},"description":"Damien P\u00c9AN est titulaire du Dipl\u00f4me d'\u00e9tudes sup\u00e9rieures comptables et financi\u00e8res (DESCF). Il intervient depuis plusieurs ann\u00e9es aupr\u00e8s d'\u00e9tudiants en licence de comptabilit\u00e9 et de gestion, \u00e0 qui il enseigne le contr\u00f4le de gestion, la comptabilit\u00e9 approfondie, le management, la fiscalit\u00e9, le droit des soci\u00e9t\u00e9s et le droit du travail. Il intervient \u00e9galement en formation continue pour le compte de divers organismes de formation sur des th\u00e9matiques techniques en comptabilit\u00e9 et fiscalit\u00e9. Il forme aussi un public de non-initi\u00e9s aux fondamentaux de la finance.","url":"https:\/\/www.gereso.com\/actualites\/author\/d-pean\/"}]}},"_links":{"self":[{"href":"https:\/\/www.gereso.com\/actualites\/wp-json\/wp\/v2\/posts\/12786","targetHints":{"allow":["GET"]}}],"collection":[{"href":"https:\/\/www.gereso.com\/actualites\/wp-json\/wp\/v2\/posts"}],"about":[{"href":"https:\/\/www.gereso.com\/actualites\/wp-json\/wp\/v2\/types\/post"}],"author":[{"embeddable":true,"href":"https:\/\/www.gereso.com\/actualites\/wp-json\/wp\/v2\/users\/45"}],"replies":[{"embeddable":true,"href":"https:\/\/www.gereso.com\/actualites\/wp-json\/wp\/v2\/comments?post=12786"}],"version-history":[{"count":1,"href":"https:\/\/www.gereso.com\/actualites\/wp-json\/wp\/v2\/posts\/12786\/revisions"}],"predecessor-version":[{"id":12787,"href":"https:\/\/www.gereso.com\/actualites\/wp-json\/wp\/v2\/posts\/12786\/revisions\/12787"}],"wp:attachment":[{"href":"https:\/\/www.gereso.com\/actualites\/wp-json\/wp\/v2\/media?parent=12786"}],"wp:term":[{"taxonomy":"category","embeddable":true,"href":"https:\/\/www.gereso.com\/actualites\/wp-json\/wp\/v2\/categories?post=12786"},{"taxonomy":"post_tag","embeddable":true,"href":"https:\/\/www.gereso.com\/actualites\/wp-json\/wp\/v2\/tags?post=12786"}],"curies":[{"name":"wp","href":"https:\/\/api.w.org\/{rel}","templated":true}]}}