{"id":12939,"date":"2019-12-03T10:31:23","date_gmt":"2019-12-03T08:31:23","guid":{"rendered":"https:\/\/www.gereso.com\/actualites\/?p=12939"},"modified":"2019-12-17T12:56:27","modified_gmt":"2019-12-17T10:56:27","slug":"fonction-publique-actualites-paie-octobre-2019","status":"publish","type":"post","link":"https:\/\/www.gereso.com\/actualites\/2019\/12\/03\/fonction-publique-actualites-paie-octobre-2019\/","title":{"rendered":"Fonction publique : quelles actualit\u00e9s en mati\u00e8re de paie ?"},"content":{"rendered":"\n<h3 id=\"haut\"><a href=\"#actu-1\"><strong>1\u00e8re partie&nbsp;:<\/strong> Loi de transformation de la fonction publique<\/a><\/h3>\n\n\n\n<ul>\n<li><a href=\"#actu-1\">R\u00e9gime indemnitaire pendant les cong\u00e9s maternit\u00e9, paternit\u00e9 et d&rsquo;accueil de l&rsquo;enfant<\/a><\/li>\n<li><a href=\"#actu-2\">SFT et garde altern\u00e9e<\/a><\/li>\n<li><a href=\"#actu-3\">Jour de carence pour les femmes enceintes<\/a><\/li>\n<li><a href=\"#actu-4\">D\u00e9tachement et retenue pour pension<\/a><\/li>\n<li><a href=\"#actu-5\">Prime de pr\u00e9carit\u00e9 pour les CDD\u00a0\u00bb<\/a><\/li>\n<\/ul>\n\n\n\n<h3><a href=\"#actu-6\"><strong>2\u00e8me partie&nbsp;:<\/strong> Projet de loi de finances 2020<\/a><\/h3>\n\n\n\n<h3><a href=\"#actu-7\"><strong>3\u00e8me partie&nbsp;:<\/strong> Plafond de la s\u00e9curit\u00e9 sociale pour 2020<\/a><\/h3>\n\n\n\n<p>A\u0300 travers 95 articles, la loi de transformation de la Fonction publique prend diffe\u0301rentes mesures afin de moderniser la Fonction publique. En voici certaines qui vont impacter la paie&nbsp;:<\/p>\n<div id=\"actu-1\"><hr>\n<h2 style=\"color:#d10016;\"><strong>R\u00e9gime indemnitaire pendant les cong\u00e9s maternit\u00e9, paternit\u00e9 et d&rsquo;accueil de l&rsquo;enfant<\/strong><\/h2>\n<i><a href=\"https:\/\/www.legifrance.gouv.fr\/affichTexteArticle.do;jsessionid=5FF1AA2F60BB4C98F0C92A8D5981AC7A.tplgfr41s_2?idArticle=JORFARTI000038889241&#038;cidTexte=JORFTEXT000038889182&#038;dateTexte=29990101&#038;categorieLien=id\">Article 29 de la loi de transformation de la fonction publique<\/a><\/i>\n<p>Le re\u0301gime indemnitaire lors de conge\u0301 maternite\u0301 ou paternite\u0301 et d\u2019accueil de l\u2019enfant doit e\u0302tre maintenu dans les me\u0302mes proportions que le traitement, <i>\u00ab sans pre\u0301judice de leur modulation en fonction de l&rsquo;engagement professionnel de l&rsquo;agent et des re\u0301sultats collectifs du service. \u00bb<\/i> Il n\u2019y a donc plus a\u0300 de\u0301libe\u0301rer pour de\u0301cider du maintien des primes pour les agents concerne\u0301s. <\/p>\n<p><a href=\"#haut\">Retour haut de page<\/a><\/p>\n<\/div>\n<br>\n\n<div id=\"actu-2\"><hr>\n<h2 style=\"color:#d10016;\"><strong>SFT et garde altern\u00e9e<\/strong><\/h2>\n<i><a href=\"https:\/\/www.legifrance.gouv.fr\/affichTexteArticle.do;jsessionid=5FF1AA2F60BB4C98F0C92A8D5981AC7A.tplgfr41s_2?idArticle=JORFARTI000038889213&#038;cidTexte=JORFTEXT000038889182&#038;dateTexte=29990101&#038;categorieLien=id\">Article 41 de la loi de transformation de la fonction publique<\/a><\/i>\n<p>En cas de garde alterne\u0301e, la charge effective de l\u2019en- fant peut e\u0302tre partage\u0301e entre les deux parents pour le calcul du supple\u0301ment familial de traitement, a\u0300 leur demande ou en cas de de\u0301saccord sur le be\u0301ne\u0301ficiaire. <\/p>\n<p><a href=\"#haut\">Retour haut de page<\/a><\/p>\n<\/div>\n<br>\n\n<div id=\"actu-3\"><hr>\n<h2 style=\"color:#d10016;\"><strong>Jour de carence pour les femmes enceintes<\/strong><\/h2>\n<p>La journe\u0301e de carence pour le \u00ab conge\u0301 de maladie accorde\u0301 poste\u0301rieurement a\u0300 la de\u0301claration de grossesse et avant le de\u0301but du conge\u0301 de maternite\u0301 \u00bb est supprime\u0301e <a href=\"https:\/\/www.legifrance.gouv.fr\/affichTexteArticle.do;jsessionid=5FF1AA2F60BB4C98F0C92A8D5981AC7A.tplgfr41s_2?idArticle=JORFARTI000038889272&#038;cidTexte=JORFTEXT000038889182&#038;dateTexte=29990101&#038;categorieLien=id>article 84 de la loi de transformation de la fonction publique<\/a><\/p>\n<p>Par ailleurs, l\u2019<a href=\"https:\/\/www.legifrance.gouv.fr\/affichTexteArticle.do;jsessionid=5FF1AA2F60BB4C98F0C92A8D5981AC7A.tplgfr41s_2?idArticle=JORFARTI000038889218&#038;cidTexte=JORFTEXT000038889182&#038;dateTexte=29990101&#038;categorieLien=id\">article 46<\/a> pre\u0301voit la possibilite\u0301 d\u2019un ame\u0301nagement horaire d\u2019une heure maximum pour les femmes souhaitant allaiter, ame\u0301nagement possible pour une dure\u0301e d\u2019un an a\u0300 compter de la naissance de l\u2019enfant. <\/p>\n<p><a href=\"#haut\">Retour haut de page<\/a><\/p>\n<\/div>\n<br>\n\n<div id=\"actu-4\"><hr>\n<h2 style=\"color:#d10016;\"><strong>D\u00e9tachement et retenue pour pension<\/strong><\/h2>\n<p>Le taux de cotisation retraite pour les agents des trois Fonctions publiques est identique (10,83 % en 2019). En revanche, les employeurs des Fonctions publiques territoriales et hospitalie\u0300res cotisent a\u0300 un taux de 30,65 % (a\u0300 la Caisse nationale de retraite des agents des collectivite\u0301s locales&nbsp;: CNRACL) alors que l\u2019E\u0301tat a un taux de cotisation a\u0300 74,28 % pour ses services de pensions. Lors d\u2019un de\u0301tachement, les employeurs qui accueillent l\u2019agent doivent cotiser au syste\u0300me d\u2019origine de l\u2019agent&nbsp;; les Fonctions publiques territoriales et hospitalie\u0300res doivent donc cotiser au taux de 74,28 % si elles ont un agent de l\u2019E\u0301tat de\u0301tache\u0301 chez elles&#8230; \nDe fac\u0327on a\u0300 favoriser les mobilite\u0301s au sein des trois Fonctions publiques, un de\u0301cret pourra pre\u0301voir un abaissement du taux de la cotisation employeur <a href=\"https:\/\/www.legifrance.gouv.fr\/affichTexteArticle.do;jsessionid=5FF1AA2F60BB4C98F0C92A8D5981AC7A.tplgfr41s_2?idArticle=JORFARTI000038889254&#038;cidTexte=JORFTEXT000038889182&#038;dateTexte=29990101&#038;categorieLien=id\">(article 66)<\/a>. <\/p>\n<p><a href=\"#haut\">Retour haut de page<\/a><\/p>\n<\/div>\n<br>\n\n<div id=\"actu-5\"><hr>\n<h2 style=\"color:#d10016;\"><strong>Prime de pr\u00e9carit\u00e9 pour les CDD<\/strong><\/h2>\n<p>Au me\u0302me titre que les salarie\u0301s de droit prive\u0301, la Fonction publique va devoir mettre en place pour les contrats conclus a\u0300 partir du 1er janvier 2021 une indemnite\u0301 de fin de contrat pour ses CDD, uniquement pour les contrats d\u2019une dure\u0301e infe\u0301rieure ou e\u0301gale a\u0300 un an, et qui ne de\u0301bouchent ni sur un renouvellement, prolongation ou stagie\u0301risation (et hors contrats saisonniers). Son montant sera e\u0301gal a\u0300 10 % de la re\u0301mune\u0301ration brute totale verse\u0301e pendant le contrat, indemnite\u0301 verse\u0301e en me\u0302me temps que la dernie\u0300re paie de l\u2019agent <a href=\"https:\/\/www.legifrance.gouv.fr\/affichTexteArticle.do;jsessionid=5FF1AA2F60BB4C98F0C92A8D5981AC7A.tplgfr41s_2?idArticle=JORFARTI000038889290&#038;cidTexte=JORFTEXT000038889182&#038;dateTexte=29990101&#038;categorieLien=id\">(article 23)<\/a>.<\/p>\n<br>\n<i><a href=\"https:\/\/www.legifrance.gouv.fr\/affichTexte.do?cidTexte=JORFTEXT000038889182&#038;categorieLien=id\">Loi n\u00b0 2019-828 du 6 aou\u0302t 2019 de transformation de la Fonction publique \u2013 JORF du 07\/08\/2019<\/a><\/i>\n<p><a href=\"#haut\">Retour haut de page<\/a><\/p>\n<\/div>\n<br>\n\n<div id=\"actu-6\"><hr>\n<h2 style=\"color:#d10016;\"><strong>Projet de loi de finances 2020<\/strong><\/h2>\n<p>Certaines mesures ont e\u0301te\u0301 adopte\u0301es le 22 octobre par les de\u0301pute\u0301s. C\u2019est le cas de la baisse de l\u2019impo\u0302t sur le revenu (notamment gra\u0302ce a\u0300 une baisse du taux de la premie\u0300re tranche), ainsi que de la simplification de la de\u0301claration de ces impo\u0302ts (les foyers dits \u00ab stables \u00bb et dont les de\u0301clarations pre\u0301-remplies ne ne\u0301cessitent pas de comple\u0301ment n\u2019auront plus a\u0300 faire de de\u0301claration annuelle). <\/p>\n<p>Par ailleurs, la suppression progressive de la taxe d\u2019habitation (sur les re\u0301sidences principales) se poursuit. <\/p>\n<p>D\u2019autres mesures, qui n\u2019ont, elles pas encore e\u0301te\u0301 adopte\u0301es, concernent directement la paie. En effet, la prime exceptionnelle de pouvoir d\u2019achat de 1 000 \u20ac comple\u0300tement exone\u0301re\u0301e (\u00ab prime Macron \u00bb) est reconduite en 2020, mais sous re\u0301serve de la mise en place d\u2019un accord d\u2019inte\u0301ressement. <\/p>\n<p>Par ailleurs, le projet fait e\u0301galement part du souhait d\u2019unifier le recouvrement de toutes les cotisations et contributions d\u2019ici a\u0300 2025&nbsp;; l\u2019Urssaf serait alors collecteur quasi unique, tant pour les employeurs prive\u0301s que publics. <\/p>\n<i><a href=\"http:\/\/www.assemblee-nationale.fr\/15\/projets\/pl2272.asp\">Projet de loi de finances pour 2020, enregistre\u0301 a\u0300 la pre\u0301sidence de l&rsquo;Assemble\u0301e nationale le 27 septembre 2019, n\u00b0 2272 <\/a><\/i>\n<p><a href=\"#haut\">Retour haut de page<\/a><\/p>\n<\/div>\n<br>\n\n<div id=\"actu-7\"><hr>\n<h2 style=\"color:#d10016;\"><strong>Plafond de la s\u00e9curit\u00e9 sociale pour 2020<\/strong><\/h2>\n<i><a href=\"https:\/\/www.securite-sociale.fr\/la-secu-en-detail\/comptes-de-la-securite-sociale\/rapports-de-la-commission\">Rapport a\u0300 la commission des comptes de la Se\u0301curite\u0301 sociale (pre\u0301sentation des re\u0301sultats des comptes de 2018, les pre\u0301visions 2019 et 2020), 30 septembre 2019 <\/a><\/i>\n<p>Comme chaque anne\u0301e, le plafond annuel de Se\u0301curite\u0301 Sociale sera revalorise\u0301. En 2020, il est pre\u0301vu (sous re\u0301serve de validation d\u2019ici la fin de l\u2019anne\u0301e) de s\u2019e\u0301lever a\u0300 41 088\u20ac, soit une hausse de 1,4 % pre\u0301conise\u0301e par la Commission des comptes de la Se\u0301curite\u0301 Sociale. Le plafond mensuel serait alors de 3 424\u20ac. <\/p>\n<p><a href=\"#haut\">Retour haut de page<\/a><\/p>\n<\/div>\n<br>\n","protected":false},"excerpt":{"rendered":"<p>1\u00e8re partie&nbsp;: Loi de transformation de la fonction publique R\u00e9gime indemnitaire pendant les cong\u00e9s maternit\u00e9, paternit\u00e9 et d&rsquo;accueil de l&rsquo;enfant SFT et garde altern\u00e9e Jour de carence pour les femmes enceintes D\u00e9tachement et retenue pour pension Prime de pr\u00e9carit\u00e9 pour les CDD\u00a0\u00bb 2\u00e8me partie&nbsp;: Projet de loi de finances 2020 3\u00e8me partie&nbsp;: Plafond de la [&hellip;]<\/p>\n","protected":false},"author":32,"featured_media":12968,"comment_status":"open","ping_status":"open","sticky":false,"template":"","format":"standard","meta":{"_acf_changed":false,"_mi_skip_tracking":false,"footnotes":""},"categories":[6],"tags":[1809,1807,1808],"class_list":["post-12939","post","type-post","status-publish","format-standard","has-post-thumbnail","hentry","category-fonction-publique","tag-loi-de-finance-2020","tag-loi-de-transformation-de-la-fonction-publique","tag-plafond-securite-sociale"],"acf":[],"yoast_head":"<!-- This site is optimized with the Yoast SEO plugin v23.4 - https:\/\/yoast.com\/wordpress\/plugins\/seo\/ -->\n<title>Fonction publique : quelles actualit\u00e9s en mati\u00e8re de paie ? - Le Blog GERESO<\/title>\n<meta name=\"robots\" content=\"index, follow, max-snippet:-1, max-image-preview:large, max-video-preview:-1\" \/>\n<link rel=\"canonical\" href=\"https:\/\/www.gereso.com\/actualites\/2019\/12\/03\/fonction-publique-actualites-paie-octobre-2019\/\" \/>\n<meta property=\"og:locale\" content=\"fr_FR\" \/>\n<meta property=\"og:type\" content=\"article\" \/>\n<meta property=\"og:title\" content=\"Fonction publique : quelles actualit\u00e9s en mati\u00e8re de paie ? - Le Blog GERESO\" \/>\n<meta property=\"og:description\" content=\"1\u00e8re partie&nbsp;: Loi de transformation de la fonction publique R\u00e9gime indemnitaire pendant les cong\u00e9s maternit\u00e9, paternit\u00e9 et d&rsquo;accueil de l&rsquo;enfant SFT et garde altern\u00e9e Jour de carence pour les femmes enceintes D\u00e9tachement et retenue pour pension Prime de pr\u00e9carit\u00e9 pour les CDD\u00a0\u00bb 2\u00e8me partie&nbsp;: Projet de loi de finances 2020 3\u00e8me partie&nbsp;: Plafond de la [&hellip;]\" \/>\n<meta property=\"og:url\" content=\"https:\/\/www.gereso.com\/actualites\/2019\/12\/03\/fonction-publique-actualites-paie-octobre-2019\/\" \/>\n<meta property=\"og:site_name\" content=\"Le Blog GERESO\" \/>\n<meta property=\"article:published_time\" content=\"2019-12-03T08:31:23+00:00\" \/>\n<meta property=\"article:modified_time\" content=\"2019-12-17T10:56:27+00:00\" \/>\n<meta property=\"og:image\" content=\"https:\/\/www.gereso.com\/actualites\/wp-content\/uploads\/2019\/12\/Actualite\u0301sPaie-FP.jpg\" \/>\n\t<meta property=\"og:image:width\" content=\"600\" \/>\n\t<meta property=\"og:image:height\" content=\"400\" \/>\n\t<meta property=\"og:image:type\" content=\"image\/jpeg\" \/>\n<meta name=\"author\" content=\"\u00c9quipe GERESO\" \/>\n<meta name=\"twitter:card\" content=\"summary_large_image\" \/>\n<script type=\"application\/ld+json\" class=\"yoast-schema-graph\">{\"@context\":\"https:\/\/schema.org\",\"@graph\":[{\"@type\":\"WebPage\",\"@id\":\"https:\/\/www.gereso.com\/actualites\/2019\/12\/03\/fonction-publique-actualites-paie-octobre-2019\/\",\"url\":\"https:\/\/www.gereso.com\/actualites\/2019\/12\/03\/fonction-publique-actualites-paie-octobre-2019\/\",\"name\":\"Fonction publique : quelles actualit\u00e9s en mati\u00e8re de paie ? - Le Blog GERESO\",\"isPartOf\":{\"@id\":\"https:\/\/www.gereso.com\/actualites\/#website\"},\"primaryImageOfPage\":{\"@id\":\"https:\/\/www.gereso.com\/actualites\/2019\/12\/03\/fonction-publique-actualites-paie-octobre-2019\/#primaryimage\"},\"image\":{\"@id\":\"https:\/\/www.gereso.com\/actualites\/2019\/12\/03\/fonction-publique-actualites-paie-octobre-2019\/#primaryimage\"},\"thumbnailUrl\":\"https:\/\/www.gereso.com\/actualites\/wp-content\/uploads\/2019\/12\/Actualite\u0301sPaie-FP.jpg\",\"datePublished\":\"2019-12-03T08:31:23+00:00\",\"dateModified\":\"2019-12-17T10:56:27+00:00\",\"author\":{\"@id\":\"https:\/\/www.gereso.com\/actualites\/#\/schema\/person\/197d8aef40cb4ae3f6a0aa9e1d3df2a6\"},\"breadcrumb\":{\"@id\":\"https:\/\/www.gereso.com\/actualites\/2019\/12\/03\/fonction-publique-actualites-paie-octobre-2019\/#breadcrumb\"},\"inLanguage\":\"fr-FR\",\"potentialAction\":[{\"@type\":\"ReadAction\",\"target\":[\"https:\/\/www.gereso.com\/actualites\/2019\/12\/03\/fonction-publique-actualites-paie-octobre-2019\/\"]}]},{\"@type\":\"ImageObject\",\"inLanguage\":\"fr-FR\",\"@id\":\"https:\/\/www.gereso.com\/actualites\/2019\/12\/03\/fonction-publique-actualites-paie-octobre-2019\/#primaryimage\",\"url\":\"https:\/\/www.gereso.com\/actualites\/wp-content\/uploads\/2019\/12\/Actualite\u0301sPaie-FP.jpg\",\"contentUrl\":\"https:\/\/www.gereso.com\/actualites\/wp-content\/uploads\/2019\/12\/Actualite\u0301sPaie-FP.jpg\",\"width\":600,\"height\":400,\"caption\":\"Fonction publique : quelles actualit\u00e9s en mati\u00e8re de paie ?\"},{\"@type\":\"BreadcrumbList\",\"@id\":\"https:\/\/www.gereso.com\/actualites\/2019\/12\/03\/fonction-publique-actualites-paie-octobre-2019\/#breadcrumb\",\"itemListElement\":[{\"@type\":\"ListItem\",\"position\":1,\"name\":\"Home\",\"item\":\"https:\/\/www.gereso.com\/actualites\/\"},{\"@type\":\"ListItem\",\"position\":2,\"name\":\"Fonction publique : quelles actualit\u00e9s en mati\u00e8re de paie ?\"}]},{\"@type\":\"WebSite\",\"@id\":\"https:\/\/www.gereso.com\/actualites\/#website\",\"url\":\"https:\/\/www.gereso.com\/actualites\/\",\"name\":\"Le Blog GERESO\",\"description\":\"Toute l&#039;actu RH, Finance, Fonction Publique, Management...\",\"potentialAction\":[{\"@type\":\"SearchAction\",\"target\":{\"@type\":\"EntryPoint\",\"urlTemplate\":\"https:\/\/www.gereso.com\/actualites\/?s={search_term_string}\"},\"query-input\":{\"@type\":\"PropertyValueSpecification\",\"valueRequired\":true,\"valueName\":\"search_term_string\"}}],\"inLanguage\":\"fr-FR\"},{\"@type\":\"Person\",\"@id\":\"https:\/\/www.gereso.com\/actualites\/#\/schema\/person\/197d8aef40cb4ae3f6a0aa9e1d3df2a6\",\"name\":\"\u00c9quipe GERESO\",\"image\":{\"@type\":\"ImageObject\",\"inLanguage\":\"fr-FR\",\"@id\":\"https:\/\/www.gereso.com\/actualites\/#\/schema\/person\/image\/\",\"url\":\"https:\/\/www.gereso.com\/actualites\/wp-content\/uploads\/2013\/12\/avatar-gereso-1.png\",\"contentUrl\":\"https:\/\/www.gereso.com\/actualites\/wp-content\/uploads\/2013\/12\/avatar-gereso-1.png\",\"caption\":\"\u00c9quipe GERESO\"},\"url\":\"https:\/\/www.gereso.com\/actualites\/author\/gereso\/\"}]}<\/script>\n<!-- \/ Yoast SEO plugin. -->","yoast_head_json":{"title":"Fonction publique : quelles actualit\u00e9s en mati\u00e8re de paie ? - Le Blog GERESO","robots":{"index":"index","follow":"follow","max-snippet":"max-snippet:-1","max-image-preview":"max-image-preview:large","max-video-preview":"max-video-preview:-1"},"canonical":"https:\/\/www.gereso.com\/actualites\/2019\/12\/03\/fonction-publique-actualites-paie-octobre-2019\/","og_locale":"fr_FR","og_type":"article","og_title":"Fonction publique : quelles actualit\u00e9s en mati\u00e8re de paie ? - Le Blog GERESO","og_description":"1\u00e8re partie&nbsp;: Loi de transformation de la fonction publique R\u00e9gime indemnitaire pendant les cong\u00e9s maternit\u00e9, paternit\u00e9 et d&rsquo;accueil de l&rsquo;enfant SFT et garde altern\u00e9e Jour de carence pour les femmes enceintes D\u00e9tachement et retenue pour pension Prime de pr\u00e9carit\u00e9 pour les CDD\u00a0\u00bb 2\u00e8me partie&nbsp;: Projet de loi de finances 2020 3\u00e8me partie&nbsp;: Plafond de la [&hellip;]","og_url":"https:\/\/www.gereso.com\/actualites\/2019\/12\/03\/fonction-publique-actualites-paie-octobre-2019\/","og_site_name":"Le Blog GERESO","article_published_time":"2019-12-03T08:31:23+00:00","article_modified_time":"2019-12-17T10:56:27+00:00","og_image":[{"width":600,"height":400,"url":"https:\/\/www.gereso.com\/actualites\/wp-content\/uploads\/2019\/12\/Actualite\u0301sPaie-FP.jpg","type":"image\/jpeg"}],"author":"\u00c9quipe GERESO","twitter_card":"summary_large_image","schema":{"@context":"https:\/\/schema.org","@graph":[{"@type":"WebPage","@id":"https:\/\/www.gereso.com\/actualites\/2019\/12\/03\/fonction-publique-actualites-paie-octobre-2019\/","url":"https:\/\/www.gereso.com\/actualites\/2019\/12\/03\/fonction-publique-actualites-paie-octobre-2019\/","name":"Fonction publique : quelles actualit\u00e9s en mati\u00e8re de paie ? - Le Blog GERESO","isPartOf":{"@id":"https:\/\/www.gereso.com\/actualites\/#website"},"primaryImageOfPage":{"@id":"https:\/\/www.gereso.com\/actualites\/2019\/12\/03\/fonction-publique-actualites-paie-octobre-2019\/#primaryimage"},"image":{"@id":"https:\/\/www.gereso.com\/actualites\/2019\/12\/03\/fonction-publique-actualites-paie-octobre-2019\/#primaryimage"},"thumbnailUrl":"https:\/\/www.gereso.com\/actualites\/wp-content\/uploads\/2019\/12\/Actualite\u0301sPaie-FP.jpg","datePublished":"2019-12-03T08:31:23+00:00","dateModified":"2019-12-17T10:56:27+00:00","author":{"@id":"https:\/\/www.gereso.com\/actualites\/#\/schema\/person\/197d8aef40cb4ae3f6a0aa9e1d3df2a6"},"breadcrumb":{"@id":"https:\/\/www.gereso.com\/actualites\/2019\/12\/03\/fonction-publique-actualites-paie-octobre-2019\/#breadcrumb"},"inLanguage":"fr-FR","potentialAction":[{"@type":"ReadAction","target":["https:\/\/www.gereso.com\/actualites\/2019\/12\/03\/fonction-publique-actualites-paie-octobre-2019\/"]}]},{"@type":"ImageObject","inLanguage":"fr-FR","@id":"https:\/\/www.gereso.com\/actualites\/2019\/12\/03\/fonction-publique-actualites-paie-octobre-2019\/#primaryimage","url":"https:\/\/www.gereso.com\/actualites\/wp-content\/uploads\/2019\/12\/Actualite\u0301sPaie-FP.jpg","contentUrl":"https:\/\/www.gereso.com\/actualites\/wp-content\/uploads\/2019\/12\/Actualite\u0301sPaie-FP.jpg","width":600,"height":400,"caption":"Fonction publique : quelles actualit\u00e9s en mati\u00e8re de paie ?"},{"@type":"BreadcrumbList","@id":"https:\/\/www.gereso.com\/actualites\/2019\/12\/03\/fonction-publique-actualites-paie-octobre-2019\/#breadcrumb","itemListElement":[{"@type":"ListItem","position":1,"name":"Home","item":"https:\/\/www.gereso.com\/actualites\/"},{"@type":"ListItem","position":2,"name":"Fonction publique : quelles actualit\u00e9s en mati\u00e8re de paie ?"}]},{"@type":"WebSite","@id":"https:\/\/www.gereso.com\/actualites\/#website","url":"https:\/\/www.gereso.com\/actualites\/","name":"Le Blog GERESO","description":"Toute l&#039;actu RH, Finance, Fonction Publique, Management...","potentialAction":[{"@type":"SearchAction","target":{"@type":"EntryPoint","urlTemplate":"https:\/\/www.gereso.com\/actualites\/?s={search_term_string}"},"query-input":{"@type":"PropertyValueSpecification","valueRequired":true,"valueName":"search_term_string"}}],"inLanguage":"fr-FR"},{"@type":"Person","@id":"https:\/\/www.gereso.com\/actualites\/#\/schema\/person\/197d8aef40cb4ae3f6a0aa9e1d3df2a6","name":"\u00c9quipe GERESO","image":{"@type":"ImageObject","inLanguage":"fr-FR","@id":"https:\/\/www.gereso.com\/actualites\/#\/schema\/person\/image\/","url":"https:\/\/www.gereso.com\/actualites\/wp-content\/uploads\/2013\/12\/avatar-gereso-1.png","contentUrl":"https:\/\/www.gereso.com\/actualites\/wp-content\/uploads\/2013\/12\/avatar-gereso-1.png","caption":"\u00c9quipe GERESO"},"url":"https:\/\/www.gereso.com\/actualites\/author\/gereso\/"}]}},"_links":{"self":[{"href":"https:\/\/www.gereso.com\/actualites\/wp-json\/wp\/v2\/posts\/12939","targetHints":{"allow":["GET"]}}],"collection":[{"href":"https:\/\/www.gereso.com\/actualites\/wp-json\/wp\/v2\/posts"}],"about":[{"href":"https:\/\/www.gereso.com\/actualites\/wp-json\/wp\/v2\/types\/post"}],"author":[{"embeddable":true,"href":"https:\/\/www.gereso.com\/actualites\/wp-json\/wp\/v2\/users\/32"}],"replies":[{"embeddable":true,"href":"https:\/\/www.gereso.com\/actualites\/wp-json\/wp\/v2\/comments?post=12939"}],"version-history":[{"count":17,"href":"https:\/\/www.gereso.com\/actualites\/wp-json\/wp\/v2\/posts\/12939\/revisions"}],"predecessor-version":[{"id":12974,"href":"https:\/\/www.gereso.com\/actualites\/wp-json\/wp\/v2\/posts\/12939\/revisions\/12974"}],"wp:featuredmedia":[{"embeddable":true,"href":"https:\/\/www.gereso.com\/actualites\/wp-json\/wp\/v2\/media\/12968"}],"wp:attachment":[{"href":"https:\/\/www.gereso.com\/actualites\/wp-json\/wp\/v2\/media?parent=12939"}],"wp:term":[{"taxonomy":"category","embeddable":true,"href":"https:\/\/www.gereso.com\/actualites\/wp-json\/wp\/v2\/categories?post=12939"},{"taxonomy":"post_tag","embeddable":true,"href":"https:\/\/www.gereso.com\/actualites\/wp-json\/wp\/v2\/tags?post=12939"}],"curies":[{"name":"wp","href":"https:\/\/api.w.org\/{rel}","templated":true}]}}