{"id":1312,"date":"2006-01-01T00:00:00","date_gmt":"2005-12-31T22:00:00","guid":{"rendered":"https:\/\/www.gereso.com\/actualites\/2006\/01\/gestion-du-personnel-les-limites-au-pouvoir-de-surveillance-de-lemployeur\/"},"modified":"2006-01-01T00:00:00","modified_gmt":"2005-12-31T22:00:00","slug":"gestion-du-personnel-les-limites-au-pouvoir-de-surveillance-de-lemployeur","status":"publish","type":"post","link":"https:\/\/www.gereso.com\/actualites\/2006\/01\/01\/gestion-du-personnel-les-limites-au-pouvoir-de-surveillance-de-lemployeur\/","title":{"rendered":"Gestion du personnel : les limites au pouvoir de surveillance de l&#039;employeur"},"content":{"rendered":"<h3>Synth\u00e8se<br \/><\/h3>\n<p>L&#8217;employeur a le droit de contr\u00f4ler l&rsquo;activit\u00e9 des salari\u00e9s pendant le temps de travail s&rsquo;il respecte <b>trois r\u00e8gles<\/b> :<\/p>\n<li><b>justifier d&rsquo;un int\u00e9r\u00eat l\u00e9gitime<\/b> pour l&rsquo;entreprise \u00e0 la mise en place de la surveillance ;<\/li>\n<li> <b>consulter le comit\u00e9 d&rsquo;entreprise<\/b> sur le projet de mise en oeuvre d&rsquo;un dispositif de contr\u00f4le des salari\u00e9s ;<\/li>\n<li> <b>informer les salari\u00e9s,<\/b>avant la mise en oeuvre de la surveillance, des modalit\u00e9s de celle-ci.Les informations obtenues en violation de ces r\u00e8gles ne constituent pasdes preuves valables et ne peuvent donc justifier ni sanction, nilicenciement.<\/li>\n<h3>A savoir<\/h3>\n<p>Tout traitement informatis\u00e9 d&rsquo;informations nominatives doit faire l&rsquo;objet d&rsquo;une <b>d\u00e9claration pr\u00e9alable aupr\u00e8s de la CNIL, <\/b>organisme qui d\u00e9livre par ailleurs un certain nombre de recommandations en mati\u00e8re de \u00a0\u00bb cybersurveillance \u00a0\u00bb des salari\u00e9s (www.cnil.fr).<\/p>\n<h3>L&rsquo;existence d&rsquo;un int\u00e9r\u00eat l\u00e9gitime<\/h3>\n<p>La surveillance des salari\u00e9s doit \u00eatre <b>justifi\u00e9e par la nature du travail \u00e0 accomplir et proportionn\u00e9e au but recherch\u00e9.<\/b>Par exemple, le contr\u00f4le par appareils de d\u00e9tection ou fouilles peut\u00eatre mis en oeuvre, sous certaines conditions (respect de la dignit\u00e9 etde l&rsquo;intimit\u00e9 de la personne), lorsque les salari\u00e9s travaillent avecdes m\u00e9taux pr\u00e9cieux ou des mati\u00e8res dangereuses.<\/p>\n<p>Un d\u00e9l\u00e9gu\u00e9 du personnel qui constate une atteinte injustifi\u00e9e oudisproportionn\u00e9e aux droits des personnes et aux libert\u00e9s individuellespeut exercer un <b>droit d&rsquo;alerte<\/b>.L&#8217;employeur doit alors proc\u00e9der sans d\u00e9lai, avec le d\u00e9l\u00e9gu\u00e9 dupersonnel, \u00e0 une enqu\u00eate et prendre toutes les dispositions n\u00e9cessairespour faire cesser la situation. A d\u00e9faut, les prud&rsquo;hommes peuvent \u00eatresaisis en urgence.<\/p>\n<h3>L&rsquo;information pr\u00e9alable du CE<\/h3>\n<p>Avantd&rsquo;arr\u00eater la d\u00e9cision de mettre en oeuvre des techniques ou moyens poursurveiller l&rsquo;activit\u00e9 des salari\u00e9s, l&#8217;employeur est tenu de<b> consulter le comit\u00e9 d&rsquo;entreprise<\/b>.<\/p>\n<h3>L&rsquo;information pr\u00e9alable des salari\u00e9s<\/h3>\n<p>Vid\u00e9osurveillance, enregistrement, exploration de disques durs, autocommutateurs t\u00e9l\u00e9phoniques&#8230; : <b>les salari\u00e9s doivent \u00eatre inform\u00e9s,<\/b>avant leur mise en oeuvre, des proc\u00e9d\u00e9s de surveillance choisis parl&#8217;employeur. Les syst\u00e8mes install\u00e9s \u00e0 l&rsquo;insu des salari\u00e9s ne peuventpas \u00eatre utilis\u00e9s.<\/p>\n<h3>Qui contacter&nbsp;?<br \/><\/h3>\n<li>Inspection du travail<\/li>\n<li> Commission Nationale Informatique et Libert\u00e9s : CNIL &#8211; www.cnil.fr &#8211; 21, rue Saint-Guillaume, 75040 Paris cedex 07 &#8211; Fax : 01 53 73 22 00 &#8211; Minitel 3615 CNIL<\/li>\n<h3>Textes de r\u00e9f\u00e9rence <b><br \/><\/b><\/h3>\n<h4>Code du travail &#8211; Article L120- 2 (justification et proportionnalit\u00e9)<\/h4>\n<p> (ins\u00e9r\u00e9 par Loi n\u00c2\u00ba 92-1446 du 31 d\u00e9cembre 1992 art. 25 I Journal Officiel du 1er janvier 1993)<\/p>\n<p>Nul ne peut apporter aux droits des personnes et aux libert\u00e9sindividuelles et collectives de restrictions qui ne seraient pasjustifi\u00e9es par la nature de la t\u00e2che \u00e0 accomplir ni proportionn\u00e9es aubut recherch\u00e9.<\/p>\n<h4>Code du travail &#8211; Article L 121-8 (information pr\u00e9alable des salari\u00e9s)<\/h4>\n<p> (ins\u00e9r\u00e9 par Loi n\u00c2\u00ba 92-1446 du 31 d\u00e9cembre 1992 art. 26 Journal Officiel du 1er janvier 1993)<\/p>\n<p>Aucune information concernant personnellement un salari\u00e9 ou un candidat \u00e0 un emploi ne peut \u00eatre collect\u00e9e par un dispositif qui n&rsquo;a pas \u00e9t\u00e9port\u00e9 pr\u00e9alablement \u00e0 la connaissance du salari\u00e9 ou du candidat \u00e0 unemploi.<\/p>\n<h4>Code du travail &#8211; Article L 422-1-1 (d\u00e9l\u00e9gu\u00e9s du personnel, droit d&rsquo;alerte)<\/h4>\n<p> (Loi n\u00c2\u00ba 92-1446 du 31 d\u00e9cembre 1992 art. 29 Journal Officiel du 1er janvier 1993)<\/p>\n<p> (Loi n\u00c2\u00ba 2001-152 du 19 f\u00e9vrier 2001 art. 1 I Journal Officiel du 20 f\u00e9vrier 2001)<\/p>\n<p> (Loi n\u00c2\u00ba 2001-1066 du 16 novembre 2001 art. 2 III Journal Officiel du 17 novembre 2001)<\/p>\n<p> (Loi n\u00c2\u00ba 2002-73 du 17 janvier 2002 art. 176 Journal Officiel du 18 janvier 2002)<\/p>\n<p>Si un d\u00e9l\u00e9gu\u00e9 du personnel constate, notamment par l&rsquo;interm\u00e9diaire d&rsquo;unsalari\u00e9, qu&rsquo;il existe une atteinte aux droits des personnes, \u00e0 leursant\u00e9 physique et mentale ou aux libert\u00e9s individuelles dansl&rsquo;entreprise qui ne serait pas justifi\u00e9e par la nature de la t\u00e2che\u00e0accomplir ni proportionn\u00e9e au but recherch\u00e9, il en saisit imm\u00e9diatementl&#8217;employeur. Cette atteinte aux droits des personnes, \u00e0 leur sant\u00e9physique et mentale ou aux libert\u00e9s individuelles peut notammentr\u00e9sulter de toute mesure discriminatoire en mati\u00e8re d&#8217;embauche, der\u00e9mun\u00e9ration, de formation, de reclassement, d&rsquo;affectation, declassification, de qualification, de promotion professionnelle, demutation, de renouvellement de contrat, de sanction ou de licenciement.<\/p>\n<p>L&#8217;employeur ou son repr\u00e9sentant est tenu de proc\u00e9der sans d\u00e9lai \u00e0 uneenqu\u00eate avec le d\u00e9l\u00e9gu\u00e9 et de prendre les dispositions n\u00e9cessaires pourrem\u00e9dier \u00e0 cette situation.<\/p>\n<p>En cas de carence de l&#8217;employeur ou de divergence sur la r\u00e9alit\u00e9 decette atteinte et \u00e0 d\u00e9faut de solution trouv\u00e9e avec l&#8217;employeur, lesalari\u00e9, ou le d\u00e9l\u00e9gu\u00e9 si le salari\u00e9 concern\u00e9 averti par \u00e9crit ne s&rsquo;yoppose pas, saisit le bureau de jugement du conseil de prud&rsquo;hommes quistatue selon les formes applicables au r\u00e9f\u00e9r\u00e9.<\/p>\n<p>Le juge peut ordonner toutes mesures propres \u00e0 faire cesser cetteatteinte et assortir sa d\u00e9cision d&rsquo;une astreinte qui sera liquid\u00e9e auprofit du Tr\u00e9sor.<\/p>\n<h4>Code du travail &#8211; Article L 432-2-1 (consultation du CE)<\/h4>\n<p> (Loi n\u00c2\u00ba 92-1446 du 31 d\u00e9cembre 1992 art. 28 Journal Officiel du 1er janvier 1993)<\/p>\n<p> (Loi n\u00c2\u00ba 2001-152 du 19 f\u00e9vrier 2001 art. 1 I Journal Officiel du 20 f\u00e9vrier 2001)<\/p>\n<p>Le comit\u00e9 d&rsquo;entreprise est inform\u00e9, pr\u00e9alablement \u00e0 leur utilisation,sur les m\u00e9thodes ou techniques d&rsquo;aide au recrutement des candidats \u00e0 unemploi ainsi que sur toute modification de ceux-ci.<\/p>\n<p>Il est aussi inform\u00e9, pr\u00e9alablement \u00e0 leur introduction dansl&rsquo;entreprise, sur les traitements automatis\u00e9s de gestion du personnelet sur toute modification de ceux-ci.<\/p>\n<p>Le comit\u00e9 d&rsquo;entreprise est inform\u00e9 et consult\u00e9, pr\u00e9alablement \u00e0 lad\u00e9cision de mise en oeuvre dans l&rsquo;entreprise, sur les moyens ou lestechniques permettant un contr\u00f4le de l&rsquo;activit\u00e9 des salari\u00e9s.<\/p>\n","protected":false},"excerpt":{"rendered":"<p>Synth\u00e8se L&#8217;employeur a le droit de contr\u00f4ler l&rsquo;activit\u00e9 des salari\u00e9s pendant le temps de travail s&rsquo;il respecte trois r\u00e8gles : justifier d&rsquo;un int\u00e9r\u00eat l\u00e9gitime pour l&rsquo;entreprise \u00e0 la mise en place de la surveillance ; consulter le comit\u00e9 d&rsquo;entreprise sur le projet de mise en oeuvre d&rsquo;un dispositif de contr\u00f4le des salari\u00e9s ; informer les [&hellip;]<\/p>\n","protected":false},"author":32,"featured_media":0,"comment_status":"open","ping_status":"open","sticky":false,"template":"","format":"standard","meta":{"_acf_changed":false,"_mi_skip_tracking":false,"footnotes":""},"categories":[2],"tags":[],"class_list":["post-1312","post","type-post","status-publish","format-standard","hentry","category-ressources-humaines"],"acf":[],"yoast_head":"<!-- This site is optimized with the Yoast SEO plugin v23.4 - https:\/\/yoast.com\/wordpress\/plugins\/seo\/ -->\n<title>Gestion du personnel : les limites au pouvoir de surveillance de l&#039;employeur - Le Blog GERESO<\/title>\n<meta name=\"robots\" content=\"index, follow, max-snippet:-1, max-image-preview:large, max-video-preview:-1\" \/>\n<link rel=\"canonical\" href=\"https:\/\/www.gereso.com\/actualites\/2006\/01\/01\/gestion-du-personnel-les-limites-au-pouvoir-de-surveillance-de-lemployeur\/\" \/>\n<meta property=\"og:locale\" content=\"fr_FR\" \/>\n<meta property=\"og:type\" content=\"article\" \/>\n<meta property=\"og:title\" content=\"Gestion du personnel : les limites au pouvoir de surveillance de l&#039;employeur - Le Blog GERESO\" \/>\n<meta property=\"og:description\" content=\"Synth\u00e8se L&#8217;employeur a le droit de contr\u00f4ler l&rsquo;activit\u00e9 des salari\u00e9s pendant le temps de travail s&rsquo;il respecte trois r\u00e8gles : justifier d&rsquo;un int\u00e9r\u00eat l\u00e9gitime pour l&rsquo;entreprise \u00e0 la mise en place de la surveillance ; consulter le comit\u00e9 d&rsquo;entreprise sur le projet de mise en oeuvre d&rsquo;un dispositif de contr\u00f4le des salari\u00e9s ; informer les [&hellip;]\" \/>\n<meta property=\"og:url\" content=\"https:\/\/www.gereso.com\/actualites\/2006\/01\/01\/gestion-du-personnel-les-limites-au-pouvoir-de-surveillance-de-lemployeur\/\" \/>\n<meta property=\"og:site_name\" content=\"Le Blog GERESO\" \/>\n<meta property=\"article:published_time\" content=\"2005-12-31T22:00:00+00:00\" \/>\n<meta name=\"author\" content=\"\u00c9quipe GERESO\" \/>\n<meta name=\"twitter:card\" content=\"summary_large_image\" \/>\n<script type=\"application\/ld+json\" class=\"yoast-schema-graph\">{\"@context\":\"https:\/\/schema.org\",\"@graph\":[{\"@type\":\"WebPage\",\"@id\":\"https:\/\/www.gereso.com\/actualites\/2006\/01\/01\/gestion-du-personnel-les-limites-au-pouvoir-de-surveillance-de-lemployeur\/\",\"url\":\"https:\/\/www.gereso.com\/actualites\/2006\/01\/01\/gestion-du-personnel-les-limites-au-pouvoir-de-surveillance-de-lemployeur\/\",\"name\":\"Gestion du personnel : les limites au pouvoir de surveillance de l&#039;employeur - Le Blog GERESO\",\"isPartOf\":{\"@id\":\"https:\/\/www.gereso.com\/actualites\/#website\"},\"datePublished\":\"2005-12-31T22:00:00+00:00\",\"dateModified\":\"2005-12-31T22:00:00+00:00\",\"author\":{\"@id\":\"https:\/\/www.gereso.com\/actualites\/#\/schema\/person\/197d8aef40cb4ae3f6a0aa9e1d3df2a6\"},\"breadcrumb\":{\"@id\":\"https:\/\/www.gereso.com\/actualites\/2006\/01\/01\/gestion-du-personnel-les-limites-au-pouvoir-de-surveillance-de-lemployeur\/#breadcrumb\"},\"inLanguage\":\"fr-FR\",\"potentialAction\":[{\"@type\":\"ReadAction\",\"target\":[\"https:\/\/www.gereso.com\/actualites\/2006\/01\/01\/gestion-du-personnel-les-limites-au-pouvoir-de-surveillance-de-lemployeur\/\"]}]},{\"@type\":\"BreadcrumbList\",\"@id\":\"https:\/\/www.gereso.com\/actualites\/2006\/01\/01\/gestion-du-personnel-les-limites-au-pouvoir-de-surveillance-de-lemployeur\/#breadcrumb\",\"itemListElement\":[{\"@type\":\"ListItem\",\"position\":1,\"name\":\"Home\",\"item\":\"https:\/\/www.gereso.com\/actualites\/\"},{\"@type\":\"ListItem\",\"position\":2,\"name\":\"Gestion du personnel : les limites au pouvoir de surveillance de l&#039;employeur\"}]},{\"@type\":\"WebSite\",\"@id\":\"https:\/\/www.gereso.com\/actualites\/#website\",\"url\":\"https:\/\/www.gereso.com\/actualites\/\",\"name\":\"Le Blog GERESO\",\"description\":\"Toute l&#039;actu RH, Finance, Fonction Publique, Management...\",\"potentialAction\":[{\"@type\":\"SearchAction\",\"target\":{\"@type\":\"EntryPoint\",\"urlTemplate\":\"https:\/\/www.gereso.com\/actualites\/?s={search_term_string}\"},\"query-input\":{\"@type\":\"PropertyValueSpecification\",\"valueRequired\":true,\"valueName\":\"search_term_string\"}}],\"inLanguage\":\"fr-FR\"},{\"@type\":\"Person\",\"@id\":\"https:\/\/www.gereso.com\/actualites\/#\/schema\/person\/197d8aef40cb4ae3f6a0aa9e1d3df2a6\",\"name\":\"\u00c9quipe GERESO\",\"image\":{\"@type\":\"ImageObject\",\"inLanguage\":\"fr-FR\",\"@id\":\"https:\/\/www.gereso.com\/actualites\/#\/schema\/person\/image\/\",\"url\":\"https:\/\/www.gereso.com\/actualites\/wp-content\/uploads\/2013\/12\/avatar-gereso-1.png\",\"contentUrl\":\"https:\/\/www.gereso.com\/actualites\/wp-content\/uploads\/2013\/12\/avatar-gereso-1.png\",\"caption\":\"\u00c9quipe GERESO\"},\"url\":\"https:\/\/www.gereso.com\/actualites\/author\/gereso\/\"}]}<\/script>\n<!-- \/ Yoast SEO plugin. -->","yoast_head_json":{"title":"Gestion du personnel : les limites au pouvoir de surveillance de l&#039;employeur - Le Blog GERESO","robots":{"index":"index","follow":"follow","max-snippet":"max-snippet:-1","max-image-preview":"max-image-preview:large","max-video-preview":"max-video-preview:-1"},"canonical":"https:\/\/www.gereso.com\/actualites\/2006\/01\/01\/gestion-du-personnel-les-limites-au-pouvoir-de-surveillance-de-lemployeur\/","og_locale":"fr_FR","og_type":"article","og_title":"Gestion du personnel : les limites au pouvoir de surveillance de l&#039;employeur - Le Blog GERESO","og_description":"Synth\u00e8se L&#8217;employeur a le droit de contr\u00f4ler l&rsquo;activit\u00e9 des salari\u00e9s pendant le temps de travail s&rsquo;il respecte trois r\u00e8gles : justifier d&rsquo;un int\u00e9r\u00eat l\u00e9gitime pour l&rsquo;entreprise \u00e0 la mise en place de la surveillance ; consulter le comit\u00e9 d&rsquo;entreprise sur le projet de mise en oeuvre d&rsquo;un dispositif de contr\u00f4le des salari\u00e9s ; informer les [&hellip;]","og_url":"https:\/\/www.gereso.com\/actualites\/2006\/01\/01\/gestion-du-personnel-les-limites-au-pouvoir-de-surveillance-de-lemployeur\/","og_site_name":"Le Blog GERESO","article_published_time":"2005-12-31T22:00:00+00:00","author":"\u00c9quipe GERESO","twitter_card":"summary_large_image","schema":{"@context":"https:\/\/schema.org","@graph":[{"@type":"WebPage","@id":"https:\/\/www.gereso.com\/actualites\/2006\/01\/01\/gestion-du-personnel-les-limites-au-pouvoir-de-surveillance-de-lemployeur\/","url":"https:\/\/www.gereso.com\/actualites\/2006\/01\/01\/gestion-du-personnel-les-limites-au-pouvoir-de-surveillance-de-lemployeur\/","name":"Gestion du personnel : les limites au pouvoir de surveillance de l&#039;employeur - Le Blog GERESO","isPartOf":{"@id":"https:\/\/www.gereso.com\/actualites\/#website"},"datePublished":"2005-12-31T22:00:00+00:00","dateModified":"2005-12-31T22:00:00+00:00","author":{"@id":"https:\/\/www.gereso.com\/actualites\/#\/schema\/person\/197d8aef40cb4ae3f6a0aa9e1d3df2a6"},"breadcrumb":{"@id":"https:\/\/www.gereso.com\/actualites\/2006\/01\/01\/gestion-du-personnel-les-limites-au-pouvoir-de-surveillance-de-lemployeur\/#breadcrumb"},"inLanguage":"fr-FR","potentialAction":[{"@type":"ReadAction","target":["https:\/\/www.gereso.com\/actualites\/2006\/01\/01\/gestion-du-personnel-les-limites-au-pouvoir-de-surveillance-de-lemployeur\/"]}]},{"@type":"BreadcrumbList","@id":"https:\/\/www.gereso.com\/actualites\/2006\/01\/01\/gestion-du-personnel-les-limites-au-pouvoir-de-surveillance-de-lemployeur\/#breadcrumb","itemListElement":[{"@type":"ListItem","position":1,"name":"Home","item":"https:\/\/www.gereso.com\/actualites\/"},{"@type":"ListItem","position":2,"name":"Gestion du personnel : les limites au pouvoir de surveillance de l&#039;employeur"}]},{"@type":"WebSite","@id":"https:\/\/www.gereso.com\/actualites\/#website","url":"https:\/\/www.gereso.com\/actualites\/","name":"Le Blog GERESO","description":"Toute l&#039;actu RH, Finance, Fonction Publique, Management...","potentialAction":[{"@type":"SearchAction","target":{"@type":"EntryPoint","urlTemplate":"https:\/\/www.gereso.com\/actualites\/?s={search_term_string}"},"query-input":{"@type":"PropertyValueSpecification","valueRequired":true,"valueName":"search_term_string"}}],"inLanguage":"fr-FR"},{"@type":"Person","@id":"https:\/\/www.gereso.com\/actualites\/#\/schema\/person\/197d8aef40cb4ae3f6a0aa9e1d3df2a6","name":"\u00c9quipe GERESO","image":{"@type":"ImageObject","inLanguage":"fr-FR","@id":"https:\/\/www.gereso.com\/actualites\/#\/schema\/person\/image\/","url":"https:\/\/www.gereso.com\/actualites\/wp-content\/uploads\/2013\/12\/avatar-gereso-1.png","contentUrl":"https:\/\/www.gereso.com\/actualites\/wp-content\/uploads\/2013\/12\/avatar-gereso-1.png","caption":"\u00c9quipe GERESO"},"url":"https:\/\/www.gereso.com\/actualites\/author\/gereso\/"}]}},"_links":{"self":[{"href":"https:\/\/www.gereso.com\/actualites\/wp-json\/wp\/v2\/posts\/1312","targetHints":{"allow":["GET"]}}],"collection":[{"href":"https:\/\/www.gereso.com\/actualites\/wp-json\/wp\/v2\/posts"}],"about":[{"href":"https:\/\/www.gereso.com\/actualites\/wp-json\/wp\/v2\/types\/post"}],"author":[{"embeddable":true,"href":"https:\/\/www.gereso.com\/actualites\/wp-json\/wp\/v2\/users\/32"}],"replies":[{"embeddable":true,"href":"https:\/\/www.gereso.com\/actualites\/wp-json\/wp\/v2\/comments?post=1312"}],"version-history":[{"count":0,"href":"https:\/\/www.gereso.com\/actualites\/wp-json\/wp\/v2\/posts\/1312\/revisions"}],"wp:attachment":[{"href":"https:\/\/www.gereso.com\/actualites\/wp-json\/wp\/v2\/media?parent=1312"}],"wp:term":[{"taxonomy":"category","embeddable":true,"href":"https:\/\/www.gereso.com\/actualites\/wp-json\/wp\/v2\/categories?post=1312"},{"taxonomy":"post_tag","embeddable":true,"href":"https:\/\/www.gereso.com\/actualites\/wp-json\/wp\/v2\/tags?post=1312"}],"curies":[{"name":"wp","href":"https:\/\/api.w.org\/{rel}","templated":true}]}}