{"id":1315,"date":"2008-04-01T00:00:00","date_gmt":"2008-03-31T22:00:00","guid":{"rendered":"https:\/\/www.gereso.com\/actualites\/2008\/04\/mobilite-des-fonctionnaires-detat-fixation-du-montant-des-indemnites\/"},"modified":"2008-04-01T00:00:00","modified_gmt":"2008-03-31T22:00:00","slug":"mobilite-des-fonctionnaires-detat-fixation-du-montant-des-indemnites","status":"publish","type":"post","link":"https:\/\/www.gereso.com\/actualites\/2008\/04\/01\/mobilite-des-fonctionnaires-detat-fixation-du-montant-des-indemnites\/","title":{"rendered":"Mobilit\u00e9 des fonctionnaires d&#039;\u00c9tat : fixation du montant des indemnit\u00e9s"},"content":{"rendered":"<h3>Le d\u00e9tail des indemnit\u00e9s<br \/><\/h3>\n<p>Parmi ces mesures, <b>une prime de restructuration de service d&rsquo;un montant maximal de 15 000 euros<\/b> et <b>une allocation d&rsquo;aide \u00e0 la mobilit\u00e9 du conjoint fix\u00e9 \u00e0 6 000 euros sont institu\u00e9es.<br \/><\/b><\/p>\n<p><b>Un compl\u00e9ment indemnitaire en faveur de certains fonctionnaires del&rsquo;\u00c9tat qui perdraient un poste de responsabilit\u00e9 \u00e0 l&rsquo;occasiond&rsquo;op\u00e9rations de restructuration est \u00e9galement pr\u00e9vu<\/b>.Ce compl\u00e9ment compense en partie la perte de r\u00e9mun\u00e9ration de fa\u00e7ond\u00e9gressive, sur une dur\u00e9e de 2 ans, son cumul \u00e9tant possible avec laprime de restructuration.<\/p>\n<p><b>L&rsquo;indemnit\u00e9 de d\u00e9part volontaire<\/b>s&rsquo;adresse pour sa part aux fonctionnaires et aux non titulaires encontrat \u00e0 dur\u00e9e ind\u00e9termin\u00e9e qui d\u00e9cident de quitter la fonctionpublique pour un nouveau projet professionnel. Son montant ne peutexc\u00e9der <b>une somme \u00e9quivalente \u00e0 24 mois de la r\u00e9mun\u00e9ration brute annuelle. <\/b>Lesagents se situant \u00e0 5 ann\u00e9es ou moins de l&rsquo;\u00e2ge d&rsquo;ouverture de leurdroit \u00e0 pension ne sont pas concern\u00e9s par cette derni\u00e8re mesure.<\/p>\n<p>En parall\u00e8le \u00e0 ces mesures, un projet de loi sur la mobilit\u00e9 desfonctionnaires a \u00e9t\u00e9 pr\u00e9sent\u00e9 le 9 avril dernier en conseil desministres. (cf. notre article \u00ab\u00a0Le projet de loi sur la mobilit\u00e9 des fonctionnaires adopt\u00e9 au S\u00e9nat\u00a0\u00bb) <\/p>\n<h3>Liens utiles<br \/><\/h3>\n<p>&gt; L\u00e9gifrance, site public d&rsquo;acc\u00e8s au droit : Journal officiel du samedi 19 avril 2008<\/p>\n<p>&gt; Minist\u00e8re du budget, des comptes publics et de la fonction publique : Communiqu\u00e9 de presse du 23\/04\/08<\/p>\n<p>&gt; Vie-publique.fr : Projet de loi relatif \u00e0 la mobilit\u00e9<\/p>\n","protected":false},"excerpt":{"rendered":"<p>Le d\u00e9tail des indemnit\u00e9s Parmi ces mesures, une prime de restructuration de service d&rsquo;un montant maximal de 15 000 euros et une allocation d&rsquo;aide \u00e0 la mobilit\u00e9 du conjoint fix\u00e9 \u00e0 6 000 euros sont institu\u00e9es. Un compl\u00e9ment indemnitaire en faveur de certains fonctionnaires del&rsquo;\u00c9tat qui perdraient un poste de responsabilit\u00e9 \u00e0 l&rsquo;occasiond&rsquo;op\u00e9rations de restructuration [&hellip;]<\/p>\n","protected":false},"author":32,"featured_media":0,"comment_status":"open","ping_status":"open","sticky":false,"template":"","format":"standard","meta":{"_acf_changed":false,"_mi_skip_tracking":false,"footnotes":""},"categories":[2],"tags":[],"class_list":["post-1315","post","type-post","status-publish","format-standard","hentry","category-ressources-humaines"],"acf":[],"yoast_head":"<!-- This site is optimized with the Yoast SEO plugin v23.4 - https:\/\/yoast.com\/wordpress\/plugins\/seo\/ -->\n<title>Mobilit\u00e9 des fonctionnaires d&#039;\u00c9tat : fixation du montant des indemnit\u00e9s - Le Blog GERESO<\/title>\n<meta name=\"robots\" content=\"index, follow, max-snippet:-1, max-image-preview:large, max-video-preview:-1\" \/>\n<link rel=\"canonical\" href=\"https:\/\/www.gereso.com\/actualites\/2008\/04\/01\/mobilite-des-fonctionnaires-detat-fixation-du-montant-des-indemnites\/\" \/>\n<meta property=\"og:locale\" content=\"fr_FR\" \/>\n<meta property=\"og:type\" content=\"article\" \/>\n<meta property=\"og:title\" content=\"Mobilit\u00e9 des fonctionnaires d&#039;\u00c9tat : fixation du montant des indemnit\u00e9s - Le Blog GERESO\" \/>\n<meta property=\"og:description\" content=\"Le d\u00e9tail des indemnit\u00e9s Parmi ces mesures, une prime de restructuration de service d&rsquo;un montant maximal de 15 000 euros et une allocation d&rsquo;aide \u00e0 la mobilit\u00e9 du conjoint fix\u00e9 \u00e0 6 000 euros sont institu\u00e9es. Un compl\u00e9ment indemnitaire en faveur de certains fonctionnaires del&rsquo;\u00c9tat qui perdraient un poste de responsabilit\u00e9 \u00e0 l&rsquo;occasiond&rsquo;op\u00e9rations de restructuration [&hellip;]\" \/>\n<meta property=\"og:url\" content=\"https:\/\/www.gereso.com\/actualites\/2008\/04\/01\/mobilite-des-fonctionnaires-detat-fixation-du-montant-des-indemnites\/\" \/>\n<meta property=\"og:site_name\" content=\"Le Blog GERESO\" \/>\n<meta property=\"article:published_time\" content=\"2008-03-31T22:00:00+00:00\" \/>\n<meta name=\"author\" content=\"\u00c9quipe GERESO\" \/>\n<meta name=\"twitter:card\" content=\"summary_large_image\" \/>\n<script type=\"application\/ld+json\" class=\"yoast-schema-graph\">{\"@context\":\"https:\/\/schema.org\",\"@graph\":[{\"@type\":\"WebPage\",\"@id\":\"https:\/\/www.gereso.com\/actualites\/2008\/04\/01\/mobilite-des-fonctionnaires-detat-fixation-du-montant-des-indemnites\/\",\"url\":\"https:\/\/www.gereso.com\/actualites\/2008\/04\/01\/mobilite-des-fonctionnaires-detat-fixation-du-montant-des-indemnites\/\",\"name\":\"Mobilit\u00e9 des fonctionnaires d&#039;\u00c9tat : fixation du montant des indemnit\u00e9s - Le Blog GERESO\",\"isPartOf\":{\"@id\":\"https:\/\/www.gereso.com\/actualites\/#website\"},\"datePublished\":\"2008-03-31T22:00:00+00:00\",\"dateModified\":\"2008-03-31T22:00:00+00:00\",\"author\":{\"@id\":\"https:\/\/www.gereso.com\/actualites\/#\/schema\/person\/197d8aef40cb4ae3f6a0aa9e1d3df2a6\"},\"breadcrumb\":{\"@id\":\"https:\/\/www.gereso.com\/actualites\/2008\/04\/01\/mobilite-des-fonctionnaires-detat-fixation-du-montant-des-indemnites\/#breadcrumb\"},\"inLanguage\":\"fr-FR\",\"potentialAction\":[{\"@type\":\"ReadAction\",\"target\":[\"https:\/\/www.gereso.com\/actualites\/2008\/04\/01\/mobilite-des-fonctionnaires-detat-fixation-du-montant-des-indemnites\/\"]}]},{\"@type\":\"BreadcrumbList\",\"@id\":\"https:\/\/www.gereso.com\/actualites\/2008\/04\/01\/mobilite-des-fonctionnaires-detat-fixation-du-montant-des-indemnites\/#breadcrumb\",\"itemListElement\":[{\"@type\":\"ListItem\",\"position\":1,\"name\":\"Home\",\"item\":\"https:\/\/www.gereso.com\/actualites\/\"},{\"@type\":\"ListItem\",\"position\":2,\"name\":\"Mobilit\u00e9 des fonctionnaires d&#039;\u00c9tat : fixation du montant des indemnit\u00e9s\"}]},{\"@type\":\"WebSite\",\"@id\":\"https:\/\/www.gereso.com\/actualites\/#website\",\"url\":\"https:\/\/www.gereso.com\/actualites\/\",\"name\":\"Le Blog GERESO\",\"description\":\"Toute l&#039;actu RH, Finance, Fonction Publique, Management...\",\"potentialAction\":[{\"@type\":\"SearchAction\",\"target\":{\"@type\":\"EntryPoint\",\"urlTemplate\":\"https:\/\/www.gereso.com\/actualites\/?s={search_term_string}\"},\"query-input\":{\"@type\":\"PropertyValueSpecification\",\"valueRequired\":true,\"valueName\":\"search_term_string\"}}],\"inLanguage\":\"fr-FR\"},{\"@type\":\"Person\",\"@id\":\"https:\/\/www.gereso.com\/actualites\/#\/schema\/person\/197d8aef40cb4ae3f6a0aa9e1d3df2a6\",\"name\":\"\u00c9quipe GERESO\",\"image\":{\"@type\":\"ImageObject\",\"inLanguage\":\"fr-FR\",\"@id\":\"https:\/\/www.gereso.com\/actualites\/#\/schema\/person\/image\/\",\"url\":\"https:\/\/www.gereso.com\/actualites\/wp-content\/uploads\/2013\/12\/avatar-gereso-1.png\",\"contentUrl\":\"https:\/\/www.gereso.com\/actualites\/wp-content\/uploads\/2013\/12\/avatar-gereso-1.png\",\"caption\":\"\u00c9quipe GERESO\"},\"url\":\"https:\/\/www.gereso.com\/actualites\/author\/gereso\/\"}]}<\/script>\n<!-- \/ Yoast SEO plugin. -->","yoast_head_json":{"title":"Mobilit\u00e9 des fonctionnaires d&#039;\u00c9tat : fixation du montant des indemnit\u00e9s - Le Blog GERESO","robots":{"index":"index","follow":"follow","max-snippet":"max-snippet:-1","max-image-preview":"max-image-preview:large","max-video-preview":"max-video-preview:-1"},"canonical":"https:\/\/www.gereso.com\/actualites\/2008\/04\/01\/mobilite-des-fonctionnaires-detat-fixation-du-montant-des-indemnites\/","og_locale":"fr_FR","og_type":"article","og_title":"Mobilit\u00e9 des fonctionnaires d&#039;\u00c9tat : fixation du montant des indemnit\u00e9s - Le Blog GERESO","og_description":"Le d\u00e9tail des indemnit\u00e9s Parmi ces mesures, une prime de restructuration de service d&rsquo;un montant maximal de 15 000 euros et une allocation d&rsquo;aide \u00e0 la mobilit\u00e9 du conjoint fix\u00e9 \u00e0 6 000 euros sont institu\u00e9es. Un compl\u00e9ment indemnitaire en faveur de certains fonctionnaires del&rsquo;\u00c9tat qui perdraient un poste de responsabilit\u00e9 \u00e0 l&rsquo;occasiond&rsquo;op\u00e9rations de restructuration [&hellip;]","og_url":"https:\/\/www.gereso.com\/actualites\/2008\/04\/01\/mobilite-des-fonctionnaires-detat-fixation-du-montant-des-indemnites\/","og_site_name":"Le Blog GERESO","article_published_time":"2008-03-31T22:00:00+00:00","author":"\u00c9quipe GERESO","twitter_card":"summary_large_image","schema":{"@context":"https:\/\/schema.org","@graph":[{"@type":"WebPage","@id":"https:\/\/www.gereso.com\/actualites\/2008\/04\/01\/mobilite-des-fonctionnaires-detat-fixation-du-montant-des-indemnites\/","url":"https:\/\/www.gereso.com\/actualites\/2008\/04\/01\/mobilite-des-fonctionnaires-detat-fixation-du-montant-des-indemnites\/","name":"Mobilit\u00e9 des fonctionnaires d&#039;\u00c9tat : fixation du montant des indemnit\u00e9s - Le Blog GERESO","isPartOf":{"@id":"https:\/\/www.gereso.com\/actualites\/#website"},"datePublished":"2008-03-31T22:00:00+00:00","dateModified":"2008-03-31T22:00:00+00:00","author":{"@id":"https:\/\/www.gereso.com\/actualites\/#\/schema\/person\/197d8aef40cb4ae3f6a0aa9e1d3df2a6"},"breadcrumb":{"@id":"https:\/\/www.gereso.com\/actualites\/2008\/04\/01\/mobilite-des-fonctionnaires-detat-fixation-du-montant-des-indemnites\/#breadcrumb"},"inLanguage":"fr-FR","potentialAction":[{"@type":"ReadAction","target":["https:\/\/www.gereso.com\/actualites\/2008\/04\/01\/mobilite-des-fonctionnaires-detat-fixation-du-montant-des-indemnites\/"]}]},{"@type":"BreadcrumbList","@id":"https:\/\/www.gereso.com\/actualites\/2008\/04\/01\/mobilite-des-fonctionnaires-detat-fixation-du-montant-des-indemnites\/#breadcrumb","itemListElement":[{"@type":"ListItem","position":1,"name":"Home","item":"https:\/\/www.gereso.com\/actualites\/"},{"@type":"ListItem","position":2,"name":"Mobilit\u00e9 des fonctionnaires d&#039;\u00c9tat : fixation du montant des indemnit\u00e9s"}]},{"@type":"WebSite","@id":"https:\/\/www.gereso.com\/actualites\/#website","url":"https:\/\/www.gereso.com\/actualites\/","name":"Le Blog GERESO","description":"Toute l&#039;actu RH, Finance, Fonction Publique, Management...","potentialAction":[{"@type":"SearchAction","target":{"@type":"EntryPoint","urlTemplate":"https:\/\/www.gereso.com\/actualites\/?s={search_term_string}"},"query-input":{"@type":"PropertyValueSpecification","valueRequired":true,"valueName":"search_term_string"}}],"inLanguage":"fr-FR"},{"@type":"Person","@id":"https:\/\/www.gereso.com\/actualites\/#\/schema\/person\/197d8aef40cb4ae3f6a0aa9e1d3df2a6","name":"\u00c9quipe GERESO","image":{"@type":"ImageObject","inLanguage":"fr-FR","@id":"https:\/\/www.gereso.com\/actualites\/#\/schema\/person\/image\/","url":"https:\/\/www.gereso.com\/actualites\/wp-content\/uploads\/2013\/12\/avatar-gereso-1.png","contentUrl":"https:\/\/www.gereso.com\/actualites\/wp-content\/uploads\/2013\/12\/avatar-gereso-1.png","caption":"\u00c9quipe GERESO"},"url":"https:\/\/www.gereso.com\/actualites\/author\/gereso\/"}]}},"_links":{"self":[{"href":"https:\/\/www.gereso.com\/actualites\/wp-json\/wp\/v2\/posts\/1315","targetHints":{"allow":["GET"]}}],"collection":[{"href":"https:\/\/www.gereso.com\/actualites\/wp-json\/wp\/v2\/posts"}],"about":[{"href":"https:\/\/www.gereso.com\/actualites\/wp-json\/wp\/v2\/types\/post"}],"author":[{"embeddable":true,"href":"https:\/\/www.gereso.com\/actualites\/wp-json\/wp\/v2\/users\/32"}],"replies":[{"embeddable":true,"href":"https:\/\/www.gereso.com\/actualites\/wp-json\/wp\/v2\/comments?post=1315"}],"version-history":[{"count":0,"href":"https:\/\/www.gereso.com\/actualites\/wp-json\/wp\/v2\/posts\/1315\/revisions"}],"wp:attachment":[{"href":"https:\/\/www.gereso.com\/actualites\/wp-json\/wp\/v2\/media?parent=1315"}],"wp:term":[{"taxonomy":"category","embeddable":true,"href":"https:\/\/www.gereso.com\/actualites\/wp-json\/wp\/v2\/categories?post=1315"},{"taxonomy":"post_tag","embeddable":true,"href":"https:\/\/www.gereso.com\/actualites\/wp-json\/wp\/v2\/tags?post=1315"}],"curies":[{"name":"wp","href":"https:\/\/api.w.org\/{rel}","templated":true}]}}