{"id":13180,"date":"2019-12-20T09:50:28","date_gmt":"2019-12-20T07:50:28","guid":{"rendered":"https:\/\/www.gereso.com\/actualites\/?p=13180"},"modified":"2019-12-20T09:58:27","modified_gmt":"2019-12-20T07:58:27","slug":"revalorisation-smic-1er-janvier-2020","status":"publish","type":"post","link":"https:\/\/www.gereso.com\/actualites\/2019\/12\/20\/revalorisation-smic-1er-janvier-2020\/","title":{"rendered":"Revalorisation du SMIC au 1er janvier 2020"},"content":{"rendered":"\t\t<div data-elementor-type=\"wp-post\" data-elementor-id=\"13180\" class=\"elementor elementor-13180\">\n\t\t\t\t\t\t<section class=\"elementor-section elementor-top-section elementor-element elementor-element-70214b20 elementor-section-boxed elementor-section-height-default elementor-section-height-default\" data-id=\"70214b20\" data-element_type=\"section\">\n\t\t\t\t\t\t<div class=\"elementor-container elementor-column-gap-default\">\n\t\t\t\t\t<div class=\"elementor-column elementor-col-100 elementor-top-column elementor-element elementor-element-12b917c7\" data-id=\"12b917c7\" data-element_type=\"column\">\n\t\t\t<div class=\"elementor-widget-wrap elementor-element-populated\">\n\t\t\t\t\t\t<div class=\"elementor-element elementor-element-1e204f60 elementor-widget elementor-widget-text-editor\" data-id=\"1e204f60\" data-element_type=\"widget\" data-widget_type=\"text-editor.default\">\n\t\t\t\t<div class=\"elementor-widget-container\">\n\t\t\t\t\t\t\t<p><!-- wp:paragraph --><\/p>\n<p>C\u2019est officiel, la ministre du Travail a annonc\u00e9 le 17 d\u00e9cembre 2019 une revalorisation du SMIC \u00e0 compter du 1<sup>er<\/sup> janvier 2020 de <b>1,2 %<\/b>.<\/p>\n<p><!-- \/wp:paragraph --><!-- wp:paragraph --><\/p>\n<p>Un salari\u00e9 qui percevait <b>1 204 euros net par mois <\/b>en 2019, touchera d\u00e9sormais <b>1 219 euros net <\/b>mensuel soit une valorisation de <b>15 euros.<\/b><\/p>\n<p><!-- \/wp:paragraph --><!-- wp:paragraph --><\/p>\n<p>Cette augmentation r\u00e9sulte de <b>deux variables :<\/b><\/p>\n<p><!-- \/wp:paragraph --><!-- wp:list --><\/p>\n<ul>\n<li>Une hausse de l&rsquo;inflation de <b>0,7 %<\/b><\/li>\n<li>Une hausse des salaires des ouvriers et employ\u00e9s de <b>0,5 %<\/b>.<\/li>\n<\/ul>\n<p><!-- \/wp:list --><\/p>\t\t\t\t\t\t<\/div>\n\t\t\t\t<\/div>\n\t\t\t\t\t<\/div>\n\t\t<\/div>\n\t\t\t\t\t<\/div>\n\t\t<\/section>\n\t\t\t\t<\/div>\n\t\t","protected":false},"excerpt":{"rendered":"<p>C\u2019est officiel, la ministre du Travail a annonc\u00e9 le 17 d\u00e9cembre 2019 une revalorisation du SMIC \u00e0 compter du 1er janvier 2020 de 1,2 %. Un salari\u00e9 qui percevait 1 204 euros net par mois en 2019, touchera d\u00e9sormais 1 219 euros net mensuel soit une valorisation de 15 euros. Cette augmentation r\u00e9sulte de deux [&hellip;]<\/p>\n","protected":false},"author":32,"featured_media":0,"comment_status":"open","ping_status":"open","sticky":false,"template":"","format":"quote","meta":{"_acf_changed":false,"_mi_skip_tracking":false,"footnotes":""},"categories":[8],"tags":[424],"class_list":["post-13180","post","type-post","status-publish","format-quote","hentry","category-paie-et-administration-du-personnel","tag-smic","post_format-post-format-quote"],"acf":[],"yoast_head":"<!-- This site is optimized with the Yoast SEO plugin v23.4 - https:\/\/yoast.com\/wordpress\/plugins\/seo\/ -->\n<title>Revalorisation du SMIC au 1er janvier 2020 - Le Blog GERESO<\/title>\n<meta name=\"robots\" content=\"index, follow, max-snippet:-1, max-image-preview:large, max-video-preview:-1\" \/>\n<link rel=\"canonical\" href=\"https:\/\/www.gereso.com\/actualites\/2019\/12\/20\/revalorisation-smic-1er-janvier-2020\/\" \/>\n<meta property=\"og:locale\" content=\"fr_FR\" \/>\n<meta property=\"og:type\" content=\"article\" \/>\n<meta property=\"og:title\" content=\"Revalorisation du SMIC au 1er janvier 2020 - Le Blog GERESO\" \/>\n<meta property=\"og:description\" content=\"C\u2019est officiel, la ministre du Travail a annonc\u00e9 le 17 d\u00e9cembre 2019 une revalorisation du SMIC \u00e0 compter du 1er janvier 2020 de 1,2 %. Un salari\u00e9 qui percevait 1 204 euros net par mois en 2019, touchera d\u00e9sormais 1 219 euros net mensuel soit une valorisation de 15 euros. Cette augmentation r\u00e9sulte de deux [&hellip;]\" \/>\n<meta property=\"og:url\" content=\"https:\/\/www.gereso.com\/actualites\/2019\/12\/20\/revalorisation-smic-1er-janvier-2020\/\" \/>\n<meta property=\"og:site_name\" content=\"Le Blog GERESO\" \/>\n<meta property=\"article:published_time\" content=\"2019-12-20T07:50:28+00:00\" \/>\n<meta property=\"article:modified_time\" content=\"2019-12-20T07:58:27+00:00\" \/>\n<meta name=\"author\" content=\"\u00c9quipe GERESO\" \/>\n<meta name=\"twitter:card\" content=\"summary_large_image\" \/>\n<script type=\"application\/ld+json\" class=\"yoast-schema-graph\">{\"@context\":\"https:\/\/schema.org\",\"@graph\":[{\"@type\":\"WebPage\",\"@id\":\"https:\/\/www.gereso.com\/actualites\/2019\/12\/20\/revalorisation-smic-1er-janvier-2020\/\",\"url\":\"https:\/\/www.gereso.com\/actualites\/2019\/12\/20\/revalorisation-smic-1er-janvier-2020\/\",\"name\":\"Revalorisation du SMIC au 1er janvier 2020 - Le Blog GERESO\",\"isPartOf\":{\"@id\":\"https:\/\/www.gereso.com\/actualites\/#website\"},\"datePublished\":\"2019-12-20T07:50:28+00:00\",\"dateModified\":\"2019-12-20T07:58:27+00:00\",\"author\":{\"@id\":\"https:\/\/www.gereso.com\/actualites\/#\/schema\/person\/197d8aef40cb4ae3f6a0aa9e1d3df2a6\"},\"breadcrumb\":{\"@id\":\"https:\/\/www.gereso.com\/actualites\/2019\/12\/20\/revalorisation-smic-1er-janvier-2020\/#breadcrumb\"},\"inLanguage\":\"fr-FR\",\"potentialAction\":[{\"@type\":\"ReadAction\",\"target\":[\"https:\/\/www.gereso.com\/actualites\/2019\/12\/20\/revalorisation-smic-1er-janvier-2020\/\"]}]},{\"@type\":\"BreadcrumbList\",\"@id\":\"https:\/\/www.gereso.com\/actualites\/2019\/12\/20\/revalorisation-smic-1er-janvier-2020\/#breadcrumb\",\"itemListElement\":[{\"@type\":\"ListItem\",\"position\":1,\"name\":\"Home\",\"item\":\"https:\/\/www.gereso.com\/actualites\/\"},{\"@type\":\"ListItem\",\"position\":2,\"name\":\"Revalorisation du SMIC au 1er janvier 2020\"}]},{\"@type\":\"WebSite\",\"@id\":\"https:\/\/www.gereso.com\/actualites\/#website\",\"url\":\"https:\/\/www.gereso.com\/actualites\/\",\"name\":\"Le Blog GERESO\",\"description\":\"Toute l&#039;actu RH, Finance, Fonction Publique, Management...\",\"potentialAction\":[{\"@type\":\"SearchAction\",\"target\":{\"@type\":\"EntryPoint\",\"urlTemplate\":\"https:\/\/www.gereso.com\/actualites\/?s={search_term_string}\"},\"query-input\":{\"@type\":\"PropertyValueSpecification\",\"valueRequired\":true,\"valueName\":\"search_term_string\"}}],\"inLanguage\":\"fr-FR\"},{\"@type\":\"Person\",\"@id\":\"https:\/\/www.gereso.com\/actualites\/#\/schema\/person\/197d8aef40cb4ae3f6a0aa9e1d3df2a6\",\"name\":\"\u00c9quipe GERESO\",\"image\":{\"@type\":\"ImageObject\",\"inLanguage\":\"fr-FR\",\"@id\":\"https:\/\/www.gereso.com\/actualites\/#\/schema\/person\/image\/\",\"url\":\"https:\/\/www.gereso.com\/actualites\/wp-content\/uploads\/2013\/12\/avatar-gereso-1.png\",\"contentUrl\":\"https:\/\/www.gereso.com\/actualites\/wp-content\/uploads\/2013\/12\/avatar-gereso-1.png\",\"caption\":\"\u00c9quipe GERESO\"},\"url\":\"https:\/\/www.gereso.com\/actualites\/author\/gereso\/\"}]}<\/script>\n<!-- \/ Yoast SEO plugin. -->","yoast_head_json":{"title":"Revalorisation du SMIC au 1er janvier 2020 - Le Blog GERESO","robots":{"index":"index","follow":"follow","max-snippet":"max-snippet:-1","max-image-preview":"max-image-preview:large","max-video-preview":"max-video-preview:-1"},"canonical":"https:\/\/www.gereso.com\/actualites\/2019\/12\/20\/revalorisation-smic-1er-janvier-2020\/","og_locale":"fr_FR","og_type":"article","og_title":"Revalorisation du SMIC au 1er janvier 2020 - Le Blog GERESO","og_description":"C\u2019est officiel, la ministre du Travail a annonc\u00e9 le 17 d\u00e9cembre 2019 une revalorisation du SMIC \u00e0 compter du 1er janvier 2020 de 1,2 %. Un salari\u00e9 qui percevait 1 204 euros net par mois en 2019, touchera d\u00e9sormais 1 219 euros net mensuel soit une valorisation de 15 euros. Cette augmentation r\u00e9sulte de deux [&hellip;]","og_url":"https:\/\/www.gereso.com\/actualites\/2019\/12\/20\/revalorisation-smic-1er-janvier-2020\/","og_site_name":"Le Blog GERESO","article_published_time":"2019-12-20T07:50:28+00:00","article_modified_time":"2019-12-20T07:58:27+00:00","author":"\u00c9quipe GERESO","twitter_card":"summary_large_image","schema":{"@context":"https:\/\/schema.org","@graph":[{"@type":"WebPage","@id":"https:\/\/www.gereso.com\/actualites\/2019\/12\/20\/revalorisation-smic-1er-janvier-2020\/","url":"https:\/\/www.gereso.com\/actualites\/2019\/12\/20\/revalorisation-smic-1er-janvier-2020\/","name":"Revalorisation du SMIC au 1er janvier 2020 - Le Blog GERESO","isPartOf":{"@id":"https:\/\/www.gereso.com\/actualites\/#website"},"datePublished":"2019-12-20T07:50:28+00:00","dateModified":"2019-12-20T07:58:27+00:00","author":{"@id":"https:\/\/www.gereso.com\/actualites\/#\/schema\/person\/197d8aef40cb4ae3f6a0aa9e1d3df2a6"},"breadcrumb":{"@id":"https:\/\/www.gereso.com\/actualites\/2019\/12\/20\/revalorisation-smic-1er-janvier-2020\/#breadcrumb"},"inLanguage":"fr-FR","potentialAction":[{"@type":"ReadAction","target":["https:\/\/www.gereso.com\/actualites\/2019\/12\/20\/revalorisation-smic-1er-janvier-2020\/"]}]},{"@type":"BreadcrumbList","@id":"https:\/\/www.gereso.com\/actualites\/2019\/12\/20\/revalorisation-smic-1er-janvier-2020\/#breadcrumb","itemListElement":[{"@type":"ListItem","position":1,"name":"Home","item":"https:\/\/www.gereso.com\/actualites\/"},{"@type":"ListItem","position":2,"name":"Revalorisation du SMIC au 1er janvier 2020"}]},{"@type":"WebSite","@id":"https:\/\/www.gereso.com\/actualites\/#website","url":"https:\/\/www.gereso.com\/actualites\/","name":"Le Blog GERESO","description":"Toute l&#039;actu RH, Finance, Fonction Publique, Management...","potentialAction":[{"@type":"SearchAction","target":{"@type":"EntryPoint","urlTemplate":"https:\/\/www.gereso.com\/actualites\/?s={search_term_string}"},"query-input":{"@type":"PropertyValueSpecification","valueRequired":true,"valueName":"search_term_string"}}],"inLanguage":"fr-FR"},{"@type":"Person","@id":"https:\/\/www.gereso.com\/actualites\/#\/schema\/person\/197d8aef40cb4ae3f6a0aa9e1d3df2a6","name":"\u00c9quipe GERESO","image":{"@type":"ImageObject","inLanguage":"fr-FR","@id":"https:\/\/www.gereso.com\/actualites\/#\/schema\/person\/image\/","url":"https:\/\/www.gereso.com\/actualites\/wp-content\/uploads\/2013\/12\/avatar-gereso-1.png","contentUrl":"https:\/\/www.gereso.com\/actualites\/wp-content\/uploads\/2013\/12\/avatar-gereso-1.png","caption":"\u00c9quipe GERESO"},"url":"https:\/\/www.gereso.com\/actualites\/author\/gereso\/"}]}},"_links":{"self":[{"href":"https:\/\/www.gereso.com\/actualites\/wp-json\/wp\/v2\/posts\/13180","targetHints":{"allow":["GET"]}}],"collection":[{"href":"https:\/\/www.gereso.com\/actualites\/wp-json\/wp\/v2\/posts"}],"about":[{"href":"https:\/\/www.gereso.com\/actualites\/wp-json\/wp\/v2\/types\/post"}],"author":[{"embeddable":true,"href":"https:\/\/www.gereso.com\/actualites\/wp-json\/wp\/v2\/users\/32"}],"replies":[{"embeddable":true,"href":"https:\/\/www.gereso.com\/actualites\/wp-json\/wp\/v2\/comments?post=13180"}],"version-history":[{"count":6,"href":"https:\/\/www.gereso.com\/actualites\/wp-json\/wp\/v2\/posts\/13180\/revisions"}],"predecessor-version":[{"id":13186,"href":"https:\/\/www.gereso.com\/actualites\/wp-json\/wp\/v2\/posts\/13180\/revisions\/13186"}],"wp:attachment":[{"href":"https:\/\/www.gereso.com\/actualites\/wp-json\/wp\/v2\/media?parent=13180"}],"wp:term":[{"taxonomy":"category","embeddable":true,"href":"https:\/\/www.gereso.com\/actualites\/wp-json\/wp\/v2\/categories?post=13180"},{"taxonomy":"post_tag","embeddable":true,"href":"https:\/\/www.gereso.com\/actualites\/wp-json\/wp\/v2\/tags?post=13180"}],"curies":[{"name":"wp","href":"https:\/\/api.w.org\/{rel}","templated":true}]}}