{"id":1319,"date":"2008-01-01T00:00:00","date_gmt":"2007-12-31T22:00:00","guid":{"rendered":"https:\/\/www.gereso.com\/actualites\/2008\/01\/les-jours-feries-du-1er-mai-et-du-jeudi-de-lascension\/"},"modified":"2008-01-01T00:00:00","modified_gmt":"2007-12-31T22:00:00","slug":"les-jours-feries-du-1er-mai-et-du-jeudi-de-lascension","status":"publish","type":"post","link":"https:\/\/www.gereso.com\/actualites\/2008\/01\/01\/les-jours-feries-du-1er-mai-et-du-jeudi-de-lascension\/","title":{"rendered":"Les jours f\u00e9ri\u00e9s du 1er mai et du jeudi de l&#039;Ascension"},"content":{"rendered":"<h3>Explications de texte<\/h3>\n<p>Parmi les 11 jours f\u00e9ri\u00e9s figurant au code du travail : <\/p>\n<li>1er janvier,<\/li>\n<li> lundi de P\u00e2ques<\/li>\n<li> 1er mai,<\/li>\n<li> 8 mai,<\/li>\n<li> Ascension,<\/li>\n<li> lundi de Pentec\u00f4te<\/li>\n<li> 14 juillet, <\/li>\n<li> Assomption,<\/li>\n<li> Toussaint,<\/li>\n<li> 11 novembre, <\/li>\n<li> No\u00ebl,<\/li>\n<p>seul le 1er mai est un jour f\u00e9ri\u00e9 ch\u00f4m\u00e9 qui, lorsqu&rsquo;il est travaill\u00e9,doit \u00eatre r\u00e9mun\u00e9r\u00e9 avec une majoration de 100%, quelle que soitl&rsquo;anciennet\u00e9 du salari\u00e9.<\/p>\n<p>Pour les salari\u00e9s dont la convention collective ne pr\u00e9voit ni indemnisation ni r\u00e9cup\u00e9ration des jours f\u00e9ri\u00e9s, ceux qui ne travaillent pas le 1er mai perdent un jour de cong\u00e9 au titre du jeudi de l&rsquo;Ascension.<\/p>\n<p>Ceux qui travaillent ont droit, au titre de la f\u00eate du travail, audoublement de leur salaire, mais aucune indemnisation n&rsquo;est pr\u00e9vue pourle jeudi de l&rsquo;Ascension.<\/p>\n<p>Dansle cas o\u00f9 la convention collective pr\u00e9voit que le jeudi de l&rsquo;Ascensionest aussi un jour f\u00e9ri\u00e9 ch\u00f4m\u00e9, alors le salari\u00e9 doit b\u00e9n\u00e9ficier d&rsquo;unjour de repos suppl\u00e9mentaire dans l&rsquo;ann\u00e9e.<\/p>\n<p>Ceuxqui travaillent ce jour-l\u00e0 disposent de deux jours de repos ou d&rsquo;unedouble indemnit\u00e9 compensatrice. Dans les cas o\u00f9 l&rsquo;indemnit\u00e9 est \u00e9gale \u00e0100% du salaire, les salari\u00e9s voient donc leur r\u00e9mun\u00e9ration tripler.<\/p>\n<p>Letroisi\u00e8me cas, enfin, regroupe les secteurs (dont la presse) o\u00f9 lesjours f\u00e9ri\u00e9s travaill\u00e9s sont r\u00e9cup\u00e9r\u00e9s. Les salari\u00e9s qui travaillent le1er mai 2008 doivent b\u00e9n\u00e9ficier de deux jours de repos suppl\u00e9mentaires(au titre du 1er mai et de l&rsquo;Ascension) et du doublement de leursalaire (au titre de la f\u00eate du travail).<\/p>\n","protected":false},"excerpt":{"rendered":"<p>Explications de texte Parmi les 11 jours f\u00e9ri\u00e9s figurant au code du travail : 1er janvier, lundi de P\u00e2ques 1er mai, 8 mai, Ascension, lundi de Pentec\u00f4te 14 juillet, Assomption, Toussaint, 11 novembre, No\u00ebl, seul le 1er mai est un jour f\u00e9ri\u00e9 ch\u00f4m\u00e9 qui, lorsqu&rsquo;il est travaill\u00e9,doit \u00eatre r\u00e9mun\u00e9r\u00e9 avec une majoration de 100%, quelle [&hellip;]<\/p>\n","protected":false},"author":32,"featured_media":0,"comment_status":"open","ping_status":"open","sticky":false,"template":"","format":"standard","meta":{"_acf_changed":false,"_mi_skip_tracking":false,"footnotes":""},"categories":[2],"tags":[],"class_list":["post-1319","post","type-post","status-publish","format-standard","hentry","category-ressources-humaines"],"acf":[],"yoast_head":"<!-- This site is optimized with the Yoast SEO plugin v23.4 - https:\/\/yoast.com\/wordpress\/plugins\/seo\/ -->\n<title>Les jours f\u00e9ri\u00e9s du 1er mai et du jeudi de l&#039;Ascension - Le Blog GERESO<\/title>\n<meta name=\"robots\" content=\"index, follow, max-snippet:-1, max-image-preview:large, max-video-preview:-1\" \/>\n<link rel=\"canonical\" href=\"https:\/\/www.gereso.com\/actualites\/2008\/01\/01\/les-jours-feries-du-1er-mai-et-du-jeudi-de-lascension\/\" \/>\n<meta property=\"og:locale\" content=\"fr_FR\" \/>\n<meta property=\"og:type\" content=\"article\" \/>\n<meta property=\"og:title\" content=\"Les jours f\u00e9ri\u00e9s du 1er mai et du jeudi de l&#039;Ascension - Le Blog GERESO\" \/>\n<meta property=\"og:description\" content=\"Explications de texte Parmi les 11 jours f\u00e9ri\u00e9s figurant au code du travail : 1er janvier, lundi de P\u00e2ques 1er mai, 8 mai, Ascension, lundi de Pentec\u00f4te 14 juillet, Assomption, Toussaint, 11 novembre, No\u00ebl, seul le 1er mai est un jour f\u00e9ri\u00e9 ch\u00f4m\u00e9 qui, lorsqu&rsquo;il est travaill\u00e9,doit \u00eatre r\u00e9mun\u00e9r\u00e9 avec une majoration de 100%, quelle [&hellip;]\" \/>\n<meta property=\"og:url\" content=\"https:\/\/www.gereso.com\/actualites\/2008\/01\/01\/les-jours-feries-du-1er-mai-et-du-jeudi-de-lascension\/\" \/>\n<meta property=\"og:site_name\" content=\"Le Blog GERESO\" \/>\n<meta property=\"article:published_time\" content=\"2007-12-31T22:00:00+00:00\" \/>\n<meta name=\"author\" content=\"\u00c9quipe GERESO\" \/>\n<meta name=\"twitter:card\" content=\"summary_large_image\" \/>\n<script type=\"application\/ld+json\" class=\"yoast-schema-graph\">{\"@context\":\"https:\/\/schema.org\",\"@graph\":[{\"@type\":\"WebPage\",\"@id\":\"https:\/\/www.gereso.com\/actualites\/2008\/01\/01\/les-jours-feries-du-1er-mai-et-du-jeudi-de-lascension\/\",\"url\":\"https:\/\/www.gereso.com\/actualites\/2008\/01\/01\/les-jours-feries-du-1er-mai-et-du-jeudi-de-lascension\/\",\"name\":\"Les jours f\u00e9ri\u00e9s du 1er mai et du jeudi de l&#039;Ascension - Le Blog GERESO\",\"isPartOf\":{\"@id\":\"https:\/\/www.gereso.com\/actualites\/#website\"},\"datePublished\":\"2007-12-31T22:00:00+00:00\",\"dateModified\":\"2007-12-31T22:00:00+00:00\",\"author\":{\"@id\":\"https:\/\/www.gereso.com\/actualites\/#\/schema\/person\/197d8aef40cb4ae3f6a0aa9e1d3df2a6\"},\"breadcrumb\":{\"@id\":\"https:\/\/www.gereso.com\/actualites\/2008\/01\/01\/les-jours-feries-du-1er-mai-et-du-jeudi-de-lascension\/#breadcrumb\"},\"inLanguage\":\"fr-FR\",\"potentialAction\":[{\"@type\":\"ReadAction\",\"target\":[\"https:\/\/www.gereso.com\/actualites\/2008\/01\/01\/les-jours-feries-du-1er-mai-et-du-jeudi-de-lascension\/\"]}]},{\"@type\":\"BreadcrumbList\",\"@id\":\"https:\/\/www.gereso.com\/actualites\/2008\/01\/01\/les-jours-feries-du-1er-mai-et-du-jeudi-de-lascension\/#breadcrumb\",\"itemListElement\":[{\"@type\":\"ListItem\",\"position\":1,\"name\":\"Home\",\"item\":\"https:\/\/www.gereso.com\/actualites\/\"},{\"@type\":\"ListItem\",\"position\":2,\"name\":\"Les jours f\u00e9ri\u00e9s du 1er mai et du jeudi de l&#039;Ascension\"}]},{\"@type\":\"WebSite\",\"@id\":\"https:\/\/www.gereso.com\/actualites\/#website\",\"url\":\"https:\/\/www.gereso.com\/actualites\/\",\"name\":\"Le Blog GERESO\",\"description\":\"Toute l&#039;actu RH, Finance, Fonction Publique, Management...\",\"potentialAction\":[{\"@type\":\"SearchAction\",\"target\":{\"@type\":\"EntryPoint\",\"urlTemplate\":\"https:\/\/www.gereso.com\/actualites\/?s={search_term_string}\"},\"query-input\":{\"@type\":\"PropertyValueSpecification\",\"valueRequired\":true,\"valueName\":\"search_term_string\"}}],\"inLanguage\":\"fr-FR\"},{\"@type\":\"Person\",\"@id\":\"https:\/\/www.gereso.com\/actualites\/#\/schema\/person\/197d8aef40cb4ae3f6a0aa9e1d3df2a6\",\"name\":\"\u00c9quipe GERESO\",\"image\":{\"@type\":\"ImageObject\",\"inLanguage\":\"fr-FR\",\"@id\":\"https:\/\/www.gereso.com\/actualites\/#\/schema\/person\/image\/\",\"url\":\"https:\/\/www.gereso.com\/actualites\/wp-content\/uploads\/2013\/12\/avatar-gereso-1.png\",\"contentUrl\":\"https:\/\/www.gereso.com\/actualites\/wp-content\/uploads\/2013\/12\/avatar-gereso-1.png\",\"caption\":\"\u00c9quipe GERESO\"},\"url\":\"https:\/\/www.gereso.com\/actualites\/author\/gereso\/\"}]}<\/script>\n<!-- \/ Yoast SEO plugin. -->","yoast_head_json":{"title":"Les jours f\u00e9ri\u00e9s du 1er mai et du jeudi de l&#039;Ascension - Le Blog GERESO","robots":{"index":"index","follow":"follow","max-snippet":"max-snippet:-1","max-image-preview":"max-image-preview:large","max-video-preview":"max-video-preview:-1"},"canonical":"https:\/\/www.gereso.com\/actualites\/2008\/01\/01\/les-jours-feries-du-1er-mai-et-du-jeudi-de-lascension\/","og_locale":"fr_FR","og_type":"article","og_title":"Les jours f\u00e9ri\u00e9s du 1er mai et du jeudi de l&#039;Ascension - Le Blog GERESO","og_description":"Explications de texte Parmi les 11 jours f\u00e9ri\u00e9s figurant au code du travail : 1er janvier, lundi de P\u00e2ques 1er mai, 8 mai, Ascension, lundi de Pentec\u00f4te 14 juillet, Assomption, Toussaint, 11 novembre, No\u00ebl, seul le 1er mai est un jour f\u00e9ri\u00e9 ch\u00f4m\u00e9 qui, lorsqu&rsquo;il est travaill\u00e9,doit \u00eatre r\u00e9mun\u00e9r\u00e9 avec une majoration de 100%, quelle [&hellip;]","og_url":"https:\/\/www.gereso.com\/actualites\/2008\/01\/01\/les-jours-feries-du-1er-mai-et-du-jeudi-de-lascension\/","og_site_name":"Le Blog GERESO","article_published_time":"2007-12-31T22:00:00+00:00","author":"\u00c9quipe GERESO","twitter_card":"summary_large_image","schema":{"@context":"https:\/\/schema.org","@graph":[{"@type":"WebPage","@id":"https:\/\/www.gereso.com\/actualites\/2008\/01\/01\/les-jours-feries-du-1er-mai-et-du-jeudi-de-lascension\/","url":"https:\/\/www.gereso.com\/actualites\/2008\/01\/01\/les-jours-feries-du-1er-mai-et-du-jeudi-de-lascension\/","name":"Les jours f\u00e9ri\u00e9s du 1er mai et du jeudi de l&#039;Ascension - Le Blog GERESO","isPartOf":{"@id":"https:\/\/www.gereso.com\/actualites\/#website"},"datePublished":"2007-12-31T22:00:00+00:00","dateModified":"2007-12-31T22:00:00+00:00","author":{"@id":"https:\/\/www.gereso.com\/actualites\/#\/schema\/person\/197d8aef40cb4ae3f6a0aa9e1d3df2a6"},"breadcrumb":{"@id":"https:\/\/www.gereso.com\/actualites\/2008\/01\/01\/les-jours-feries-du-1er-mai-et-du-jeudi-de-lascension\/#breadcrumb"},"inLanguage":"fr-FR","potentialAction":[{"@type":"ReadAction","target":["https:\/\/www.gereso.com\/actualites\/2008\/01\/01\/les-jours-feries-du-1er-mai-et-du-jeudi-de-lascension\/"]}]},{"@type":"BreadcrumbList","@id":"https:\/\/www.gereso.com\/actualites\/2008\/01\/01\/les-jours-feries-du-1er-mai-et-du-jeudi-de-lascension\/#breadcrumb","itemListElement":[{"@type":"ListItem","position":1,"name":"Home","item":"https:\/\/www.gereso.com\/actualites\/"},{"@type":"ListItem","position":2,"name":"Les jours f\u00e9ri\u00e9s du 1er mai et du jeudi de l&#039;Ascension"}]},{"@type":"WebSite","@id":"https:\/\/www.gereso.com\/actualites\/#website","url":"https:\/\/www.gereso.com\/actualites\/","name":"Le Blog GERESO","description":"Toute l&#039;actu RH, Finance, Fonction Publique, Management...","potentialAction":[{"@type":"SearchAction","target":{"@type":"EntryPoint","urlTemplate":"https:\/\/www.gereso.com\/actualites\/?s={search_term_string}"},"query-input":{"@type":"PropertyValueSpecification","valueRequired":true,"valueName":"search_term_string"}}],"inLanguage":"fr-FR"},{"@type":"Person","@id":"https:\/\/www.gereso.com\/actualites\/#\/schema\/person\/197d8aef40cb4ae3f6a0aa9e1d3df2a6","name":"\u00c9quipe GERESO","image":{"@type":"ImageObject","inLanguage":"fr-FR","@id":"https:\/\/www.gereso.com\/actualites\/#\/schema\/person\/image\/","url":"https:\/\/www.gereso.com\/actualites\/wp-content\/uploads\/2013\/12\/avatar-gereso-1.png","contentUrl":"https:\/\/www.gereso.com\/actualites\/wp-content\/uploads\/2013\/12\/avatar-gereso-1.png","caption":"\u00c9quipe GERESO"},"url":"https:\/\/www.gereso.com\/actualites\/author\/gereso\/"}]}},"_links":{"self":[{"href":"https:\/\/www.gereso.com\/actualites\/wp-json\/wp\/v2\/posts\/1319","targetHints":{"allow":["GET"]}}],"collection":[{"href":"https:\/\/www.gereso.com\/actualites\/wp-json\/wp\/v2\/posts"}],"about":[{"href":"https:\/\/www.gereso.com\/actualites\/wp-json\/wp\/v2\/types\/post"}],"author":[{"embeddable":true,"href":"https:\/\/www.gereso.com\/actualites\/wp-json\/wp\/v2\/users\/32"}],"replies":[{"embeddable":true,"href":"https:\/\/www.gereso.com\/actualites\/wp-json\/wp\/v2\/comments?post=1319"}],"version-history":[{"count":0,"href":"https:\/\/www.gereso.com\/actualites\/wp-json\/wp\/v2\/posts\/1319\/revisions"}],"wp:attachment":[{"href":"https:\/\/www.gereso.com\/actualites\/wp-json\/wp\/v2\/media?parent=1319"}],"wp:term":[{"taxonomy":"category","embeddable":true,"href":"https:\/\/www.gereso.com\/actualites\/wp-json\/wp\/v2\/categories?post=1319"},{"taxonomy":"post_tag","embeddable":true,"href":"https:\/\/www.gereso.com\/actualites\/wp-json\/wp\/v2\/tags?post=1319"}],"curies":[{"name":"wp","href":"https:\/\/api.w.org\/{rel}","templated":true}]}}