{"id":13205,"date":"2019-12-24T10:27:47","date_gmt":"2019-12-24T08:27:47","guid":{"rendered":"https:\/\/www.gereso.com\/actualites\/?p=13205"},"modified":"2021-04-16T10:28:12","modified_gmt":"2021-04-16T08:28:12","slug":"transformation-fonction-publique-lignes-directrices-gestion-evolution-attributions-commissions-administratives-paritaires","status":"publish","type":"post","link":"https:\/\/www.gereso.com\/actualites\/2019\/12\/24\/transformation-fonction-publique-lignes-directrices-gestion-evolution-attributions-commissions-administratives-paritaires\/","title":{"rendered":"Transformation de la fonction publique : parution du d\u00e9cret n\u00b0 2019-1265 relatif aux lignes directrices de gestion et \u00e0 l&rsquo;\u00e9volution des attributions des commissions administratives paritaires"},"content":{"rendered":"\n<h2 style=\"color:#d10016;\"><strong>La g\u00e9n\u00e9ralisation des lignes directrices de gestion<\/strong><\/h2>\n\n\n\n<p>Cr\u00e9\u00e9es par la loi du 20 avril 2016 relative \u00e0 la d\u00e9ontologie et aux droits et obligations des fonctionnaires (<a href=\"https:\/\/www.legifrance.gouv.fr\/affichTexte.do?cidTexte=JORFTEXT000032433852&amp;categorieLien=id\">Loi n\u00b0 2016-483 du 20 avril 2016<\/a>), les lignes directrices de gestion (LDG) avaient pour objet, dans la fonction publique d\u2019\u00c9tat, la d\u00e9finition de crit\u00e8res suppl\u00e9mentaires en vue du classement pr\u00e9alable des demandes de mutation par l\u2019administration. <\/p>\n\n\n\n<p>La <a href=\"https:\/\/www.legifrance.gouv.fr\/affichTexte.do?cidTexte=JORFTEXT000038889182&amp;categorieLien=id\">loi du 6 ao\u00fbt 2019<\/a> et le <a href=\"https:\/\/www.legifrance.gouv.fr\/affichTexte.do?cidTexte=JORFTEXT000039434533&amp;categorieLien=id\">d\u00e9cret du 29 novembre<\/a> dernier en \u00e9tendent sensiblement le champ d\u2019application. <\/p>\n\n\n\n<h3 class=\"wp-block-heading\">\u00c9laboration des lignes directrices de gestion<\/h3>\n\n\n\n<p>L\u2019autorit\u00e9\ncomp\u00e9tente pour \u00e9laborer les LDG diff\u00e8re logiquement selon le versant de la\nfonction publique concern\u00e9. <\/p>\n\n\n\n<h4 class=\"wp-block-heading\"><em>Fonction publique d\u2019\u00c9tat<\/em><\/h4>\n\n\n\n<p>Les LDG sont\n\u00e9tablies par le ministre pour le d\u00e9partement minist\u00e9riel dont il est charg\u00e9, et\nsont transmises pour accord au ministre charg\u00e9 de la fonction publique. Elles peuvent\ncomporter des dispositions propres notamment \u00e0 certains services ou \u00e0 un ensemble\nde corps.<\/p>\n\n\n\n<p>Sous r\u00e9serve que\nles LGD minist\u00e9rielles le pr\u00e9voient, des LDG peuvent \u00e9galement \u00eatre \u00e9tablies\npar un chef de service pour un ensemble de services centraux ou d\u00e9concentr\u00e9s\nainsi que par les chefs de services d\u00e9concentr\u00e9s. <\/p>\n\n\n\n<p>Dans les \u00e9tablissements\npublics, les organes dirigeants ayant autorit\u00e9 sur les personnels sont\npareillement comp\u00e9tents pour \u00e9laborer des LDG. <\/p>\n\n\n\n<p>Ces lignes doivent\ntoutefois \u00eatre rendues compatibles avec les LDG \u00e9tablies par le(s) ministre(s),\nauxquelles elles peuvent se r\u00e9f\u00e9rer.<\/p>\n\n\n\n<h4 class=\"wp-block-heading\"><em>Fonction publique territoriale<\/em><\/h4>\n\n\n\n<p>Les LDG sont \u00e9tablies par l&rsquo;autorit\u00e9 territoriale et, comme dans\nla fonction publique d\u2019\u00c9tat, peuvent prendre en compte les sp\u00e9cificit\u00e9s de\ncertains services ou cadres d\u2019emplois. <\/p>\n\n\n\n<p>Par d\u00e9rogation, le centre de gestion est comp\u00e9tent pour\n\u00e9laborer les LDG en mati\u00e8re de promotion interne pour les collectivit\u00e9s\nterritoriales et \u00e9tablissements publics obligatoirement affili\u00e9s \u00e0 un centre de\ngestion, ou volontairement lorsqu\u2019ils lui ont confi\u00e9 la comp\u00e9tence\nd&rsquo;\u00e9tablissement des listes d&rsquo;aptitude. Dans cette hypoth\u00e8se, le projet de LDG\ndoit \u00eatre transmis \u00e0 chaque collectivit\u00e9 ou \u00e9tablissement affili\u00e9 pour avis de son\ncomit\u00e9 social territorial. <\/p>\n\n\n\n<h4 class=\"wp-block-heading\"><em>Fonction publique hospitali\u00e8re<\/em><\/h4>\n\n\n\n<p>Les LDG sont r\u00e9alis\u00e9es par le chef d&rsquo;\u00e9tablissement et sont\nsusceptibles d\u2019\u00eatre adapt\u00e9es \u00e0 certaines missions, certaines structures\ninternes ou certains corps. <\/p>\n\n\n\n<p>C\u2019est en revanche au directeur g\u00e9n\u00e9ral du Centre national de\ngestion qu\u2019il revient d\u2019\u00e9laborer les LDG relatives aux corps et emplois des\npersonnels de direction et des directeurs des soins.<\/p>\n\n\n\n<p>\u00c9tablies pour une dur\u00e9e pluriannuelle qui ne peut toutefois exc\u00e9der\ncinq ann\u00e9es dans les fonctions publiques d\u2019\u00c9tat et hospitali\u00e8re, et six ann\u00e9es\ndans la fonction publique territoriale, les LDG peuvent, en cours de p\u00e9riode, faire\nl&rsquo;objet d&rsquo;une r\u00e9vision selon la m\u00eame proc\u00e9dure.<\/p>\n\n\n\n<p>Le comit\u00e9 social d\u2019administration (FPE), le comit\u00e9 social\nterritorial (FPT) ou le comit\u00e9 social d\u2019\u00e9tablissement (FPH) est consult\u00e9 sur tout\nprojet de LDG. <\/p>\n\n\n\n<h3 class=\"wp-block-heading\">Contenu des lignes directrices de gestion<\/h3>\n\n\n\n<p>Au sein du m\u00eame titre I, le d\u00e9cret\npr\u00e9cise le contenu des LDG relativement \u00e0 la strat\u00e9gie pluriannuelle de\npilotage des ressources humaines, la promotion et la valorisation des parcours\nprofessionnels et, pour la seule fonction publique d\u2019\u00c9tat, en mati\u00e8re de\nmobilit\u00e9.<\/p>\n\n\n\n<h4 class=\"wp-block-heading\"><em>La strat\u00e9gie pluriannuelle de pilotage des ressources humaines<\/em><\/h4>\n\n\n\n<p>Les LDG ont pour objet la d\u00e9finition des enjeux et des\nobjectifs de la politique de ressources humaines \u00e0 conduire au sein de\nl&rsquo;administration, compte tenu des politiques publiques qui y sont men\u00e9es et de\nla situation des effectifs, des m\u00e9tiers et des comp\u00e9tences. Elles portent par\nexemple sur le recrutement, la gestion pr\u00e9visionnelle des emplois et des\ncomp\u00e9tences, ou l&rsquo;accompagnement des transitions professionnelles.<\/p>\n\n\n\n<p>Dans la fonction\npublique hospitali\u00e8re, les LDG prennent en compte les missions confi\u00e9es \u00e0\nl\u2019\u00e9tablissement notamment dans le cadre du projet m\u00e9dical ou soignant, et\npeuvent d\u00e9finir l&rsquo;accompagnement du d\u00e9veloppement des\ncoop\u00e9rations professionnelles, ou l&rsquo;\u00e9volution des organisations de travail.<\/p>\n\n\n\n<h4 class=\"wp-block-heading\"><em>La promotion et la valorisation des parcours professionnels <\/em><\/h4>\n\n\n\n<p>Les LDG sont\namen\u00e9es \u00e0 fixer les orientations et les crit\u00e8res g\u00e9n\u00e9raux \u00e0 int\u00e9grer pour les\npromotions au choix dans les corps\/cadres d\u2019emplois et les grades ainsi que les\nmesures favorisant l&rsquo;\u00e9volution professionnelle des agents et leur acc\u00e8s \u00e0 des\nresponsabilit\u00e9s sup\u00e9rieures.<\/p>\n\n\n\n<p>Ainsi peuvent-elles\npr\u00e9ciser dans quelle mesure sont consid\u00e9r\u00e9s la valeur professionnelle et les\nacquis de l&rsquo;exp\u00e9rience des agents, eu \u00e9gard notamment aux fonctions exerc\u00e9es y\ncompris dans le cadre d\u2019une activit\u00e9 syndicale ainsi qu\u2019aux formations suivies.<\/p>\n\n\n\n<p>Les LDG tendent\n\u00e9galement \u00e0 assurer l&rsquo;\u00e9galit\u00e9 entre les femmes et les hommes dans les\nproc\u00e9dures de promotion relativement \u00e0 leur part respective dans les corps\/cadres\nd\u2019emplois et grades concern\u00e9s.<\/p>\n\n\n\n<p>Pour les fonctions publiques territoriale et hospitali\u00e8re, le d\u00e9cret ajoute que les LDG visent par exemple \u00e0 favoriser, dans le cadre des recrutements, l&rsquo;adaptation des comp\u00e9tences \u00e0 l&rsquo;\u00e9volution des m\u00e9tiers et la diversit\u00e9 des profils<a href=\"#_ftn2\">[<\/a>.<\/p>\n\n\n\n<p>S\u2019agissant des personnels de direction et des directeurs de soins dans la fonction publique hospitali\u00e8re, les LDG encouragent la mobilit\u00e9 et pr\u00e9voient les modalit\u00e9s de prise en compte des crit\u00e8res suppl\u00e9mentaires (<a href=\"https:\/\/www.legifrance.gouv.fr\/affichTexteArticle.do?idArticle=LEGIARTI000006695876&amp;cidTexte=LEGITEXT000006068965&amp;dateTexte=20050212\">article 38 de la loi n\u00b0 86-33 du 9 janvier 1986<\/a>) \u00e9tablis pour l\u2019examen des demandes individuelles de mobilit\u00e9.<\/p>\n\n\n\n<h4 class=\"wp-block-heading\"><em>La mobilit\u00e9 au sein de la fonction publique d\u2019\u00c9tat<\/em><\/h4>\n\n\n\n<p>Les LDG fixent les orientations g\u00e9n\u00e9rales de la politique de mobilit\u00e9<a href=\"#_ftn4\">[<\/a>, les proc\u00e9dures de gestion des demandes individuelles de mobilit\u00e9 ainsi que la prise en compte des priorit\u00e9s de mutation. <\/p>\n\n\n\n<p>Le d\u00e9cret comprend en annexe une liste d\u2019administrations et\nservices susceptibles d\u2019\u00e9tablir des tableaux p\u00e9riodiques de mutation.<\/p>\n\n\n\n<p>Ces lignes fixent\n\u00e9galement les modalit\u00e9s d&rsquo;application des dur\u00e9es minimales et maximales\nd&rsquo;occupation de certains emplois compte tenu par exemple des difficult\u00e9s de\nrecrutement, des imp\u00e9ratifs de continuit\u00e9 du service ou des enjeux de pr\u00e9vention des risques d&rsquo;usure professionnelle.<\/p>\n\n\n\n<p>Les LDG d\u00e9terminent la strat\u00e9gie pluriannuelle de pilotage\ndes ressources humaines d\u00e8s le 1<sup>er<\/sup> janvier 2020, alors que les\nlignes relatives \u00e0 la promotion et la valorisation des parcours, comme celles\nayant trait \u00e0 la mobilit\u00e9 dans la fonction publique d\u2019\u00c9tat, s&rsquo;appliqueront pour\nl&rsquo;\u00e9laboration des d\u00e9cisions individuelles prenant effet \u00e0 compter du 1<sup>er<\/sup>\njanvier 2021.<\/p>\n\n\n\n<h2 style=\"color:#d10016;\"><strong>L\u2019&nbsp;\u00ab&nbsp;\u00e9volution&nbsp;\u00bb des attributions des commissions administratives paritaires<\/strong><\/h2>\n\n\n\n<p>Le l\u00e9gislateur, dans la loi du 6 ao\u00fbt susvis\u00e9e (<a href=\"https:\/\/www.legifrance.gouv.fr\/affichTexteArticle.do;jsessionid=449F160B1836F0D0534CBD6BA41DA4E6.tplgfr30s_2?idArticle=JORFARTI000038889198&amp;cidTexte=JORFTEXT000038889182&amp;dateTexte=29990101&amp;categorieLien=id\">Art. 10, loi n\u00b02019-828 du 6 ao\u00fbt 2019 de trans\u00adfor\u00adma\u00adtion de la fonc\u00adtion publi\u00adque<\/a>), avait laiss\u00e9 \u00e0 la comp\u00e9tence du pouvoir r\u00e9glementaire le soin de pr\u00e9ciser les contours de l\u2019\u00e9volution des comp\u00e9tences des commissions administratives paritaires (CAP). Le d\u00e9cret supprime nombre d\u2019attributions, alors que les CAP ne demeurent comp\u00e9tentes qu\u2019en mati\u00e8re de d\u00e9cisions individuelles d\u00e9favorables complexes. <\/p>\n\n\n\n<h3 class=\"wp-block-heading\">Suppression des attributions en mati\u00e8re de mobilit\u00e9, d\u2019avancement et de promotion<\/h3>\n\n\n\n<p>D\u00e8s le 1<sup>er<\/sup>\njanvier 2020, les CAP perdent leurs comp\u00e9tences en mati\u00e8re de changement\nd\u2019affectation, de d\u00e9tachement, d\u2019int\u00e9gration, de r\u00e9int\u00e9gration\napr\u00e8s d\u00e9tachement, et de mise en disponibilit\u00e9.<\/p>\n\n\n\n<p>\u00c0 compter du 1<sup>er<\/sup> janvier 2021, elles ne seront plus saisies pour l\u2019examen des d\u00e9cisions d\u2019avancement de grade et de promotion interne. <em>Le d\u00e9cret supprime en cons\u00e9quence les r\u00e9f\u00e9rences \u00e0 la consultation des commissions administratives paritaires en mati\u00e8re de mobilit\u00e9, d\u2019avancement et de promotion dans le <a href=\"https:\/\/www.legifrance.gouv.fr\/affichTexte.do?cidTexte=JORFTEXT000000879673\">d\u00e9cret n\u00b082-451 du 28 mai 1982<\/a> modifi\u00e9 relatif aux commissions administratives paritaires, le <a href=\"https:\/\/www.legifrance.gouv.fr\/affichTexte.do?cidTexte=LEGITEXT000006067031\">d\u00e9cret n\u00b089-229 du 17 avril 1989 <\/a>modifi\u00e9 relatif aux commissions administratives paritaires des collectivit\u00e9s territoriales et de leurs \u00e9tablissements publics, et le <a href=\"https:\/\/www.legifrance.gouv.fr\/affichTexte.do?cidTexte=LEGITEXT000005634787\">d\u00e9cret n\u00b02003-655 du 18 juillet 2003<\/a> modifi\u00e9 relatif aux commissions administratives paritaires locales et d\u00e9partementales de la fonction publique hospitali\u00e8re.<\/em><\/p>\n\n\n\n<br>\n<table width=\"100%\" cellspacing=\"10\" cellpadding=\"10\" border=\"0\" bgcolor=\"#f6f6f6\">\n<tbody>\n<tr>\n<td style=\"border-left: 15px solid #f6f6f6; border-right: 15px solid #f6f6f6; border-top: 15px solid #f6f6f6;\" bgcolor=\"#f6f6f6\">\n\t<center>\n\t\t<span style=\"font-size: 18px; color: #d10016; font-family:Helvetica;\"><strong>Vos formations sur ce th\u00e8me<br>\n\t\t\t\u00ab&nbsp;CONSTRUIRE LES LIGNES DIRECTRICES DE GESTION (LDG)&nbsp;\u00bb<br>\n\t\t\t2 jours &#8211; \u00c0 distance ou en pr\u00e9sentiel<\/strong><\/span><br>\n\t<\/center>\n\t\t<br>\n<ul>\n\t<li><strong>Conna\u00eetre les obligations l\u00e9gales et r\u00e9glementaires<\/strong> en mati\u00e8re de Lignes Directrices de Gestion (LDG) suite \u00e0 la loi de transformation de la fonction publique<\/li>\n\t<li><strong>Acqu\u00e9rir les outils m\u00e9thodologiques de construction<\/strong> des lignes directrices de gestion, dans le cadre du dialogue social<\/li>\n\t<li><strong>D\u00e9finir le contenu des LDG<\/strong> et leur mise en \u0153uvre.<\/li>\n<\/ul>\n\n<center><p><span style=\"font-size: 14px; font-family:Helvetica;\">Construire les Lignes Directrices de Gestion (LDG) dans la <strong>fonction publique territoriale<\/strong>&nbsp;:<\/span><\/p><\/center>\n\n<table width=\"100%\" border=\"0\">\n  <tbody>\n    <tr>\n\t\t<td ;=\"\" bgcolor=\"#d10016\"><center><a href=\"https:\/\/www.gereso.com\/LDGT\" target=\"_blank\" style=\"text-decoration:none; color:#ffffff\" rel=\"noopener noreferrer\"><strong>&gt;&nbsp;En savoir plus\u2026<\/strong><\/a><\/center><\/td>\n\t\t<td ;=\"\" bgcolor=\"f6f6f6\"><center>&nbsp;<\/center><\/td>\n\t\t<td ;=\"\" bgcolor=\"#d10016\"><center><a href=\"https:\/\/www.gereso.com\/client\/programme-pdf\/LDGT.pdf\" target=\"_blank\" style=\"text-decoration:none; color:#ffffff\" rel=\"noopener noreferrer\"><strong>&gt;&nbsp;T\u00e9l\u00e9charger le programme PDF<\/strong><\/a><\/center><\/td>\n    <\/tr>\n  <\/tbody>\n<\/table>\n\n<center><p><span style=\"font-size: 14px; font-family:Helvetica;\">Construire les Lignes Directrices de Gestion (LDG) dans la <strong>fonction publique d&rsquo;Etat<\/strong>&nbsp;:<\/span><\/p><\/center>\n\n<table width=\"100%\" border=\"0\">\n  <tbody>\n    <tr>\n\t\t<td ;=\"\" bgcolor=\"#d10016\"><center><a href=\"https:\/\/www.gereso.com\/LDGE\" target=\"_blank\" style=\"text-decoration:none; color:#ffffff\" rel=\"noopener noreferrer\"><strong>&gt;&nbsp;En savoir plus\u2026<\/strong><\/a><\/center><\/td>\n\t\t<td ;=\"\" bgcolor=\"f6f6f6\"><center>&nbsp;<\/center><\/td>\n\t\t<td ;=\"\" bgcolor=\"#d10016\"><center><a href=\"https:\/\/www.gereso.com\/client\/programme-pdf\/LDGE.pdf\" target=\"_blank\" style=\"text-decoration:none; color:#ffffff\" rel=\"noopener noreferrer\"><strong>&gt;&nbsp;T\u00e9l\u00e9charger le programme PDF<\/strong><\/a><\/center><\/td>\n    <\/tr>\n  <\/tbody>\n<\/table>\n\n\n<center><p><span style=\"font-size: 14px; font-family:Helvetica;\">Construire les Lignes Directrices de Gestion (LDG) dans la <strong>fonction publique hospitali\u00e8re<\/strong>&nbsp;:<\/span><\/p><\/center>\n\n<table width=\"100%\" border=\"0\">\n  <tbody>\n    <tr>\n\t\t<td ;=\"\" bgcolor=\"#d10016\"><center><a href=\"https:\/\/www.gereso.com\/LDGH\" target=\"_blank\" style=\"text-decoration:none; color:#ffffff\" rel=\"noopener noreferrer\"><strong>&gt;&nbsp;En savoir plus\u2026<\/strong><\/a><\/center><\/td>\n\t\t<td ;=\"\" bgcolor=\"f6f6f6\"><center>&nbsp;<\/center><\/td>\n\t\t<td ;=\"\" bgcolor=\"#d10016\"><center><a href=\"https:\/\/www.gereso.com\/client\/programme-pdf\/LDGH.pdf\" target=\"_blank\" style=\"text-decoration:none; color:#ffffff\" rel=\"noopener noreferrer\"><strong>&gt;&nbsp;T\u00e9l\u00e9charger le programme PDF<\/strong><\/a><\/center><\/td>\n    <\/tr>\n  <\/tbody>\n<\/table>\n\n\n<\/td>\n<\/tr>\n<\/tbody>\n<\/table>\n\n\n\n<h3 class=\"wp-block-heading\">Resserrement de la comp\u00e9tence sur les d\u00e9cisions individuelles d\u00e9favorables<\/h3>\n\n\n\n<p>Les CAP demeurent\ncomp\u00e9tentes en mati\u00e8re de d\u00e9cision individuelle d\u00e9favorable \u00e0 l\u2019agent&nbsp;;\nelles connaissent de droit&nbsp;:<\/p>\n\n\n\n<ul class=\"wp-block-list\"><li>des\nrefus de titularisation et des licenciements en cours de stage&nbsp;;<\/li><li>du\nlicenciement du fonctionnaire mis en disponibilit\u00e9 apr\u00e8s refus de trois postes\nqui lui sont propos\u00e9s en vue de sa r\u00e9int\u00e9gration et du licenciement pour\ninsuffisance professionnelle ;<\/li><li>du\nrefus des cong\u00e9s pour formation syndicale&nbsp;et pour formation en mati\u00e8re\nd&rsquo;hygi\u00e8ne et de s\u00e9curit\u00e9 au travail ;<\/li><li>des\ndoubles refus successifs (FPT), et des refus (FPH) de certaines formations ;<\/li><li>des\npropositions de sanction des deuxi\u00e8me, troisi\u00e8me et quatri\u00e8me groupes&nbsp;;<\/li><li>de la r\u00e9int\u00e9gration apr\u00e8s privation des droits civiques, interdiction\nd&rsquo;exercer un emploi public ou recouvrement de la nationalit\u00e9 fran\u00e7aise.\u2028<\/li><\/ul>\n\n\n\n<p>\u00c0 la demande du\nfonctionnaire, les CAP sont \u00e9galement saisies :<\/p>\n\n\n\n<ul class=\"wp-block-list\"><li>des\nd\u00e9cisions ayant trait aux disponibilit\u00e9s ;<\/li><li>des\nd\u00e9cisions refusant l&rsquo;autorisation d&rsquo;accomplir un service \u00e0 temps partiel, et des\nlitiges d&rsquo;ordre individuel relatifs aux conditions d&rsquo;exercice du temps partiel&nbsp;;<\/li><li>des\nd\u00e9cisions refusant des autorisations d&rsquo;absence pour suivre une action de\npr\u00e9paration \u00e0 un concours administratif ou une action de formation continue\n(FPE) ;<\/li><li>des\nd\u00e9cisions de refus de d\u00e9mission ;<\/li><li>des\nd\u00e9cisions relatives \u00e0 la r\u00e9vision du compte rendu de l&rsquo;entretien professionnel ;<\/li><li>des\nd\u00e9cisions refusant une demande de mobilisation du compte personnel de formation\n;<\/li><li>des\nd\u00e9cisions refusant une demande initiale ou de renouvellement de t\u00e9l\u00e9travail ;<\/li><li>des\nd\u00e9cisions refusant une demande de cong\u00e9s au titre du compte \u00e9pargne-temps.<\/li><\/ul>\n\n\n\n<p>Le d\u00e9cret pr\u00e9cise\nenfin que tout agent peut se faire assister par un conseiller syndical d\u00e9sign\u00e9\npar l\u2019organisation syndicale repr\u00e9sentative de son choix dans le cadre d\u2019un\nrecours administratif form\u00e9 contre une d\u00e9cision individuelle en mati\u00e8re de\nmobilit\u00e9, de promotion ou d\u2019avancement. <\/p>\n\n\n\n<p>Si le chantier\nr\u00e9glementaire est loin d\u2019\u00eatre termin\u00e9 \u2013 une cinquantaine de d\u00e9crets doivent\n\u00eatre pris en application de la loi du 6 ao\u00fbt 2019 \u2013, il devrait rapidement \u00e9voluer\navec la publication ces prochains jours de d\u00e9crets tout aussi attendus en\nmati\u00e8re de recrutement des agents contractuels, de rupture conventionnelle ou\nde formation professionnelle.<br><\/p>\n","protected":false},"excerpt":{"rendered":"<p>La g\u00e9n\u00e9ralisation des lignes directrices de gestion Cr\u00e9\u00e9es par la loi du 20 avril 2016 relative \u00e0 la d\u00e9ontologie et aux droits et obligations des fonctionnaires (Loi n\u00b0 2016-483 du 20 avril 2016), les lignes directrices de gestion (LDG) avaient pour objet, dans la fonction publique d\u2019\u00c9tat, la d\u00e9finition de crit\u00e8res suppl\u00e9mentaires en vue du [&hellip;]<\/p>\n","protected":false},"author":83,"featured_media":13220,"comment_status":"open","ping_status":"open","sticky":false,"template":"","format":"standard","meta":{"_acf_changed":false,"_mi_skip_tracking":false,"footnotes":""},"categories":[6],"tags":[1487,1816,1825],"class_list":["post-13205","post","type-post","status-publish","format-standard","has-post-thumbnail","hentry","category-fonction-publique","tag-cap","tag-commissions-administratives-paritaires","tag-transformation-de-la-fonction-publique"],"acf":[],"yoast_head":"<!-- This site is optimized with the Yoast SEO plugin v23.4 - https:\/\/yoast.com\/wordpress\/plugins\/seo\/ -->\n<title>Transformation de la fonction publique : parution du d\u00e9cret n\u00b0 2019-1265 relatif aux lignes directrices de gestion et \u00e0 l&#039;\u00e9volution des attributions des commissions administratives paritaires - Le Blog GERESO<\/title>\n<meta name=\"robots\" content=\"index, follow, max-snippet:-1, max-image-preview:large, max-video-preview:-1\" \/>\n<link rel=\"canonical\" href=\"https:\/\/www.gereso.com\/actualites\/2019\/12\/24\/transformation-fonction-publique-lignes-directrices-gestion-evolution-attributions-commissions-administratives-paritaires\/\" \/>\n<meta property=\"og:locale\" content=\"fr_FR\" \/>\n<meta property=\"og:type\" content=\"article\" \/>\n<meta property=\"og:title\" content=\"Transformation de la fonction publique : parution du d\u00e9cret n\u00b0 2019-1265 relatif aux lignes directrices de gestion et \u00e0 l&#039;\u00e9volution des attributions des commissions administratives paritaires - Le Blog GERESO\" \/>\n<meta property=\"og:description\" content=\"La g\u00e9n\u00e9ralisation des lignes directrices de gestion Cr\u00e9\u00e9es par la loi du 20 avril 2016 relative \u00e0 la d\u00e9ontologie et aux droits et obligations des fonctionnaires (Loi n\u00b0 2016-483 du 20 avril 2016), les lignes directrices de gestion (LDG) avaient pour objet, dans la fonction publique d\u2019\u00c9tat, la d\u00e9finition de crit\u00e8res suppl\u00e9mentaires en vue du [&hellip;]\" \/>\n<meta property=\"og:url\" content=\"https:\/\/www.gereso.com\/actualites\/2019\/12\/24\/transformation-fonction-publique-lignes-directrices-gestion-evolution-attributions-commissions-administratives-paritaires\/\" \/>\n<meta property=\"og:site_name\" content=\"Le Blog GERESO\" \/>\n<meta property=\"article:published_time\" content=\"2019-12-24T08:27:47+00:00\" \/>\n<meta property=\"article:modified_time\" content=\"2021-04-16T08:28:12+00:00\" \/>\n<meta property=\"og:image\" content=\"https:\/\/www.gereso.com\/actualites\/wp-content\/uploads\/2019\/12\/TransformationFonctionPublique.jpg\" \/>\n\t<meta property=\"og:image:width\" content=\"600\" \/>\n\t<meta property=\"og:image:height\" content=\"400\" \/>\n\t<meta property=\"og:image:type\" content=\"image\/jpeg\" \/>\n<meta name=\"author\" content=\"Chlo\u00e9 Sablayrolles\" \/>\n<meta name=\"twitter:card\" content=\"summary_large_image\" \/>\n<script type=\"application\/ld+json\" class=\"yoast-schema-graph\">{\"@context\":\"https:\/\/schema.org\",\"@graph\":[{\"@type\":\"WebPage\",\"@id\":\"https:\/\/www.gereso.com\/actualites\/2019\/12\/24\/transformation-fonction-publique-lignes-directrices-gestion-evolution-attributions-commissions-administratives-paritaires\/\",\"url\":\"https:\/\/www.gereso.com\/actualites\/2019\/12\/24\/transformation-fonction-publique-lignes-directrices-gestion-evolution-attributions-commissions-administratives-paritaires\/\",\"name\":\"Transformation de la fonction publique : parution du d\u00e9cret n\u00b0 2019-1265 relatif aux lignes directrices de gestion et \u00e0 l'\u00e9volution des attributions des commissions administratives paritaires - Le Blog GERESO\",\"isPartOf\":{\"@id\":\"https:\/\/www.gereso.com\/actualites\/#website\"},\"primaryImageOfPage\":{\"@id\":\"https:\/\/www.gereso.com\/actualites\/2019\/12\/24\/transformation-fonction-publique-lignes-directrices-gestion-evolution-attributions-commissions-administratives-paritaires\/#primaryimage\"},\"image\":{\"@id\":\"https:\/\/www.gereso.com\/actualites\/2019\/12\/24\/transformation-fonction-publique-lignes-directrices-gestion-evolution-attributions-commissions-administratives-paritaires\/#primaryimage\"},\"thumbnailUrl\":\"https:\/\/www.gereso.com\/actualites\/wp-content\/uploads\/2019\/12\/TransformationFonctionPublique.jpg\",\"datePublished\":\"2019-12-24T08:27:47+00:00\",\"dateModified\":\"2021-04-16T08:28:12+00:00\",\"author\":{\"@id\":\"https:\/\/www.gereso.com\/actualites\/#\/schema\/person\/193acf2f4776e2bede898424ef860589\"},\"breadcrumb\":{\"@id\":\"https:\/\/www.gereso.com\/actualites\/2019\/12\/24\/transformation-fonction-publique-lignes-directrices-gestion-evolution-attributions-commissions-administratives-paritaires\/#breadcrumb\"},\"inLanguage\":\"fr-FR\",\"potentialAction\":[{\"@type\":\"ReadAction\",\"target\":[\"https:\/\/www.gereso.com\/actualites\/2019\/12\/24\/transformation-fonction-publique-lignes-directrices-gestion-evolution-attributions-commissions-administratives-paritaires\/\"]}]},{\"@type\":\"ImageObject\",\"inLanguage\":\"fr-FR\",\"@id\":\"https:\/\/www.gereso.com\/actualites\/2019\/12\/24\/transformation-fonction-publique-lignes-directrices-gestion-evolution-attributions-commissions-administratives-paritaires\/#primaryimage\",\"url\":\"https:\/\/www.gereso.com\/actualites\/wp-content\/uploads\/2019\/12\/TransformationFonctionPublique.jpg\",\"contentUrl\":\"https:\/\/www.gereso.com\/actualites\/wp-content\/uploads\/2019\/12\/TransformationFonctionPublique.jpg\",\"width\":600,\"height\":400,\"caption\":\"Transformation de la fonction publique : parution du d\u00e9cret n\u00b0 2019-1265 relatif aux lignes directrices de gestion et \u00e0 l'\u00e9volution des attributions des commissions administratives paritaires\"},{\"@type\":\"BreadcrumbList\",\"@id\":\"https:\/\/www.gereso.com\/actualites\/2019\/12\/24\/transformation-fonction-publique-lignes-directrices-gestion-evolution-attributions-commissions-administratives-paritaires\/#breadcrumb\",\"itemListElement\":[{\"@type\":\"ListItem\",\"position\":1,\"name\":\"Home\",\"item\":\"https:\/\/www.gereso.com\/actualites\/\"},{\"@type\":\"ListItem\",\"position\":2,\"name\":\"Transformation de la fonction publique : parution du d\u00e9cret n\u00b0 2019-1265 relatif aux lignes directrices de gestion et \u00e0 l&rsquo;\u00e9volution des attributions des commissions administratives paritaires\"}]},{\"@type\":\"WebSite\",\"@id\":\"https:\/\/www.gereso.com\/actualites\/#website\",\"url\":\"https:\/\/www.gereso.com\/actualites\/\",\"name\":\"Le Blog GERESO\",\"description\":\"Toute l&#039;actu RH, Finance, Fonction Publique, Management...\",\"potentialAction\":[{\"@type\":\"SearchAction\",\"target\":{\"@type\":\"EntryPoint\",\"urlTemplate\":\"https:\/\/www.gereso.com\/actualites\/?s={search_term_string}\"},\"query-input\":{\"@type\":\"PropertyValueSpecification\",\"valueRequired\":true,\"valueName\":\"search_term_string\"}}],\"inLanguage\":\"fr-FR\"},{\"@type\":\"Person\",\"@id\":\"https:\/\/www.gereso.com\/actualites\/#\/schema\/person\/193acf2f4776e2bede898424ef860589\",\"name\":\"Chlo\u00e9 Sablayrolles\",\"image\":{\"@type\":\"ImageObject\",\"inLanguage\":\"fr-FR\",\"@id\":\"https:\/\/www.gereso.com\/actualites\/#\/schema\/person\/image\/\",\"url\":\"https:\/\/www.gereso.com\/actualites\/wp-content\/uploads\/2021\/03\/Chloe-Sablayrolles-144x144.jpg\",\"contentUrl\":\"https:\/\/www.gereso.com\/actualites\/wp-content\/uploads\/2021\/03\/Chloe-Sablayrolles-144x144.jpg\",\"caption\":\"Chlo\u00e9 Sablayrolles\"},\"description\":\"Juriste en entreprise, Chlo\u00e9 exerce un r\u00f4le de conseil pour les op\u00e9rationnels. Elle enseigne aussi \u00e0 l'universit\u00e9 (licence, master 1 et 2). D\u00e9sireuse de poursuivre dans la transmission et le d\u00e9veloppement des comp\u00e9tences, elle est consultante pour GERESO depuis 2018.\",\"url\":\"https:\/\/www.gereso.com\/actualites\/author\/c-sablayrolles\/\"}]}<\/script>\n<!-- \/ Yoast SEO plugin. -->","yoast_head_json":{"title":"Transformation de la fonction publique : parution du d\u00e9cret n\u00b0 2019-1265 relatif aux lignes directrices de gestion et \u00e0 l'\u00e9volution des attributions des commissions administratives paritaires - Le Blog GERESO","robots":{"index":"index","follow":"follow","max-snippet":"max-snippet:-1","max-image-preview":"max-image-preview:large","max-video-preview":"max-video-preview:-1"},"canonical":"https:\/\/www.gereso.com\/actualites\/2019\/12\/24\/transformation-fonction-publique-lignes-directrices-gestion-evolution-attributions-commissions-administratives-paritaires\/","og_locale":"fr_FR","og_type":"article","og_title":"Transformation de la fonction publique : parution du d\u00e9cret n\u00b0 2019-1265 relatif aux lignes directrices de gestion et \u00e0 l'\u00e9volution des attributions des commissions administratives paritaires - Le Blog GERESO","og_description":"La g\u00e9n\u00e9ralisation des lignes directrices de gestion Cr\u00e9\u00e9es par la loi du 20 avril 2016 relative \u00e0 la d\u00e9ontologie et aux droits et obligations des fonctionnaires (Loi n\u00b0 2016-483 du 20 avril 2016), les lignes directrices de gestion (LDG) avaient pour objet, dans la fonction publique d\u2019\u00c9tat, la d\u00e9finition de crit\u00e8res suppl\u00e9mentaires en vue du [&hellip;]","og_url":"https:\/\/www.gereso.com\/actualites\/2019\/12\/24\/transformation-fonction-publique-lignes-directrices-gestion-evolution-attributions-commissions-administratives-paritaires\/","og_site_name":"Le Blog GERESO","article_published_time":"2019-12-24T08:27:47+00:00","article_modified_time":"2021-04-16T08:28:12+00:00","og_image":[{"width":600,"height":400,"url":"https:\/\/www.gereso.com\/actualites\/wp-content\/uploads\/2019\/12\/TransformationFonctionPublique.jpg","type":"image\/jpeg"}],"author":"Chlo\u00e9 Sablayrolles","twitter_card":"summary_large_image","schema":{"@context":"https:\/\/schema.org","@graph":[{"@type":"WebPage","@id":"https:\/\/www.gereso.com\/actualites\/2019\/12\/24\/transformation-fonction-publique-lignes-directrices-gestion-evolution-attributions-commissions-administratives-paritaires\/","url":"https:\/\/www.gereso.com\/actualites\/2019\/12\/24\/transformation-fonction-publique-lignes-directrices-gestion-evolution-attributions-commissions-administratives-paritaires\/","name":"Transformation de la fonction publique : parution du d\u00e9cret n\u00b0 2019-1265 relatif aux lignes directrices de gestion et \u00e0 l'\u00e9volution des attributions des commissions administratives paritaires - Le Blog GERESO","isPartOf":{"@id":"https:\/\/www.gereso.com\/actualites\/#website"},"primaryImageOfPage":{"@id":"https:\/\/www.gereso.com\/actualites\/2019\/12\/24\/transformation-fonction-publique-lignes-directrices-gestion-evolution-attributions-commissions-administratives-paritaires\/#primaryimage"},"image":{"@id":"https:\/\/www.gereso.com\/actualites\/2019\/12\/24\/transformation-fonction-publique-lignes-directrices-gestion-evolution-attributions-commissions-administratives-paritaires\/#primaryimage"},"thumbnailUrl":"https:\/\/www.gereso.com\/actualites\/wp-content\/uploads\/2019\/12\/TransformationFonctionPublique.jpg","datePublished":"2019-12-24T08:27:47+00:00","dateModified":"2021-04-16T08:28:12+00:00","author":{"@id":"https:\/\/www.gereso.com\/actualites\/#\/schema\/person\/193acf2f4776e2bede898424ef860589"},"breadcrumb":{"@id":"https:\/\/www.gereso.com\/actualites\/2019\/12\/24\/transformation-fonction-publique-lignes-directrices-gestion-evolution-attributions-commissions-administratives-paritaires\/#breadcrumb"},"inLanguage":"fr-FR","potentialAction":[{"@type":"ReadAction","target":["https:\/\/www.gereso.com\/actualites\/2019\/12\/24\/transformation-fonction-publique-lignes-directrices-gestion-evolution-attributions-commissions-administratives-paritaires\/"]}]},{"@type":"ImageObject","inLanguage":"fr-FR","@id":"https:\/\/www.gereso.com\/actualites\/2019\/12\/24\/transformation-fonction-publique-lignes-directrices-gestion-evolution-attributions-commissions-administratives-paritaires\/#primaryimage","url":"https:\/\/www.gereso.com\/actualites\/wp-content\/uploads\/2019\/12\/TransformationFonctionPublique.jpg","contentUrl":"https:\/\/www.gereso.com\/actualites\/wp-content\/uploads\/2019\/12\/TransformationFonctionPublique.jpg","width":600,"height":400,"caption":"Transformation de la fonction publique : parution du d\u00e9cret n\u00b0 2019-1265 relatif aux lignes directrices de gestion et \u00e0 l'\u00e9volution des attributions des commissions administratives paritaires"},{"@type":"BreadcrumbList","@id":"https:\/\/www.gereso.com\/actualites\/2019\/12\/24\/transformation-fonction-publique-lignes-directrices-gestion-evolution-attributions-commissions-administratives-paritaires\/#breadcrumb","itemListElement":[{"@type":"ListItem","position":1,"name":"Home","item":"https:\/\/www.gereso.com\/actualites\/"},{"@type":"ListItem","position":2,"name":"Transformation de la fonction publique : parution du d\u00e9cret n\u00b0 2019-1265 relatif aux lignes directrices de gestion et \u00e0 l&rsquo;\u00e9volution des attributions des commissions administratives paritaires"}]},{"@type":"WebSite","@id":"https:\/\/www.gereso.com\/actualites\/#website","url":"https:\/\/www.gereso.com\/actualites\/","name":"Le Blog GERESO","description":"Toute l&#039;actu RH, Finance, Fonction Publique, Management...","potentialAction":[{"@type":"SearchAction","target":{"@type":"EntryPoint","urlTemplate":"https:\/\/www.gereso.com\/actualites\/?s={search_term_string}"},"query-input":{"@type":"PropertyValueSpecification","valueRequired":true,"valueName":"search_term_string"}}],"inLanguage":"fr-FR"},{"@type":"Person","@id":"https:\/\/www.gereso.com\/actualites\/#\/schema\/person\/193acf2f4776e2bede898424ef860589","name":"Chlo\u00e9 Sablayrolles","image":{"@type":"ImageObject","inLanguage":"fr-FR","@id":"https:\/\/www.gereso.com\/actualites\/#\/schema\/person\/image\/","url":"https:\/\/www.gereso.com\/actualites\/wp-content\/uploads\/2021\/03\/Chloe-Sablayrolles-144x144.jpg","contentUrl":"https:\/\/www.gereso.com\/actualites\/wp-content\/uploads\/2021\/03\/Chloe-Sablayrolles-144x144.jpg","caption":"Chlo\u00e9 Sablayrolles"},"description":"Juriste en entreprise, Chlo\u00e9 exerce un r\u00f4le de conseil pour les op\u00e9rationnels. Elle enseigne aussi \u00e0 l'universit\u00e9 (licence, master 1 et 2). D\u00e9sireuse de poursuivre dans la transmission et le d\u00e9veloppement des comp\u00e9tences, elle est consultante pour GERESO depuis 2018.","url":"https:\/\/www.gereso.com\/actualites\/author\/c-sablayrolles\/"}]}},"_links":{"self":[{"href":"https:\/\/www.gereso.com\/actualites\/wp-json\/wp\/v2\/posts\/13205","targetHints":{"allow":["GET"]}}],"collection":[{"href":"https:\/\/www.gereso.com\/actualites\/wp-json\/wp\/v2\/posts"}],"about":[{"href":"https:\/\/www.gereso.com\/actualites\/wp-json\/wp\/v2\/types\/post"}],"author":[{"embeddable":true,"href":"https:\/\/www.gereso.com\/actualites\/wp-json\/wp\/v2\/users\/83"}],"replies":[{"embeddable":true,"href":"https:\/\/www.gereso.com\/actualites\/wp-json\/wp\/v2\/comments?post=13205"}],"version-history":[{"count":19,"href":"https:\/\/www.gereso.com\/actualites\/wp-json\/wp\/v2\/posts\/13205\/revisions"}],"predecessor-version":[{"id":21191,"href":"https:\/\/www.gereso.com\/actualites\/wp-json\/wp\/v2\/posts\/13205\/revisions\/21191"}],"wp:featuredmedia":[{"embeddable":true,"href":"https:\/\/www.gereso.com\/actualites\/wp-json\/wp\/v2\/media\/13220"}],"wp:attachment":[{"href":"https:\/\/www.gereso.com\/actualites\/wp-json\/wp\/v2\/media?parent=13205"}],"wp:term":[{"taxonomy":"category","embeddable":true,"href":"https:\/\/www.gereso.com\/actualites\/wp-json\/wp\/v2\/categories?post=13205"},{"taxonomy":"post_tag","embeddable":true,"href":"https:\/\/www.gereso.com\/actualites\/wp-json\/wp\/v2\/tags?post=13205"}],"curies":[{"name":"wp","href":"https:\/\/api.w.org\/{rel}","templated":true}]}}