{"id":1321,"date":"2008-01-01T00:00:00","date_gmt":"2007-12-31T22:00:00","guid":{"rendered":"https:\/\/www.gereso.com\/actualites\/2008\/01\/lundi-de-pentecote-suite-et-fin-la-loi-enfin-publiee\/"},"modified":"2008-01-01T00:00:00","modified_gmt":"2007-12-31T22:00:00","slug":"lundi-de-pentecote-suite-et-fin-la-loi-enfin-publiee","status":"publish","type":"post","link":"https:\/\/www.gereso.com\/actualites\/2008\/01\/01\/lundi-de-pentecote-suite-et-fin-la-loi-enfin-publiee\/","title":{"rendered":"Lundi de Pentec\u00f4te suite et&#8230; fin : la loi enfin publi\u00e9e !"},"content":{"rendered":"<h3>Les modalit\u00e9s<\/h3>\n<p> Lel\u00e9gislateur introduit donc une certaine souplesse, puisqu&rsquo;il laisse \u00e0l&#8217;employeur le choix des modalit\u00e9s de cette journ\u00e9e de solidarit\u00e9 :<\/p>\n<li><b>travail d&rsquo;un jour f\u00e9ri\u00e9 pr\u00e9c\u00e9demment ch\u00f4m\u00e9 autre que le 1er mai<\/b><\/li>\n<li><b>travail d&rsquo;un jour de RTT<\/b><\/li>\n<li><b> toute modalit\u00e9 permettant le travail de 7 heures pr\u00e9c\u00e9demment non travaill\u00e9es, autre que les cong\u00e9s annuels.<\/b><\/li>\n<p>\u00a0<\/p>\n<p>Dans les collectivit\u00e9s, c&rsquo;est \u00e0 l&rsquo;organe ex\u00e9cutif qu&rsquo;il revient defixer, apr\u00e8s avis du comit\u00e9 technique paritaire, les modalit\u00e9s de cettejourn\u00e9e de solidarit\u00e9 (qui, dans les d\u00e9partements de la Moselle, duHaut-Rhin et du Bas-Rhin, ne peut \u00eatre fix\u00e9e les premier et secondjours de No\u00ebl ni le vendredi saint).<\/p>\n<p>Les d\u00e9cisions qui auraient d\u00e9j\u00e0 pu \u00eatre prises pour fixer la date de lajourn\u00e9e de solidarit\u00e9 au titre de l&rsquo;ann\u00e9e 2008 demeurent en vigueur sielles sont conformes aux principes \u00e9nonc\u00e9s ci-dessus.<\/p>\n<h3>Rappel sur la journ\u00e9e de solidarit\u00e9 : de quoi s&rsquo;agit-il&nbsp;?<br \/><\/h3>\n<p>Le texte de la proposition modifie <b>la loi du 30 juin 2004<\/b> instituant notamment une journ\u00e9e de solidarit\u00e9 pour les personnes \u00e2g\u00e9es et les personnes handicap\u00e9es.<\/p>\n<p>Cette<b> journ\u00e9e travaill\u00e9e mais non pay\u00e9e donne lieu au paiement par les entreprises d&rsquo;une contribution de 0,3% de la masse salariale <\/b>quidoit correspondre aux salaires non vers\u00e9s. Cette journ\u00e9e fix\u00e9einitialement au lundi de Pentec\u00f4te a, dans les faits, \u00e9t\u00e9 appliqu\u00e9e defa\u00e7on tr\u00e8s in\u00e9gale.<\/p>\n<p>La loi maintient le principe d&rsquo;une journ\u00e9e de solidarit\u00e9 mais donne <b>\u00ab\u00a0enti\u00e8re libert\u00e9\u00a0\u00bb aux partenaires sociaux au sein de l&rsquo;entreprise, ou \u00e0 d\u00e9faut, au niveau de la branche<\/b>pour fixer les modalit\u00e9s d&rsquo;application \u00ab\u00a0les plus adapt\u00e9es aux besoinsde l&rsquo;entreprise\u00a0\u00bb (travail d&rsquo;un jour f\u00e9ri\u00e9 autre que le 1er mai,suppression d&rsquo;une journ\u00e9e \u00ab\u00a0r\u00e9duction du temps de travail (RTT), etc.).<\/p>\n<p>L&rsquo;Assembl\u00e9e nationale a ajout\u00e9 au texte <b>plusieurs amendements dont l&rsquo;un pr\u00e9cise que ce dispositif concerne aussi l&rsquo;ensemble de la fonction publique <\/b>etun autre qui vise \u00e0 tenir compte du r\u00e9gime concordataire toujours envigueur dans les d\u00e9partements du Bas-Rhin, du Haut-Rhin et de laMoselle et donc interdit l&rsquo;organisation de cette journ\u00e9e, dans cesd\u00e9partements, le vendredi saint, le jour de No\u00ebl et le lendemain deNo\u00ebl.<\/p>\n<h3>Le texte de loi<\/h3>\n<p><b>&gt; T\u00e9l\u00e9charger le texte de loi sur legifrance.gouv.fr<br \/><\/b><br \/>JORF n\u00b00091 du 17 avril 2008 page 6378<br \/> texte n\u00b0 2<\/p>\n<h4>LOI n\u00b0 2008-351 du 16 avril 2008 relative \u00e0 la journ\u00e9e de solidarit\u00e9 (1)<\/h4>\n<p>NOR: MTSX0807748L<\/p>\n<p> L&rsquo;Assembl\u00e9e nationale et le S\u00e9nat ont adopt\u00e9,<br \/> Le Pr\u00e9sident de la R\u00e9publique promulgue la loi dont la teneur suit :<\/p>\n<h4>Article 1<\/h4>\n<p>I.- Le code du travail, dans sa r\u00e9daction issue de l&rsquo;ordonnance n\u00b02007-329 du 12 mars 2007 relative au code du travail (partiel\u00e9gislative), est ainsi modifi\u00e9 :<\/p>\n<p>1\u00b0 Dans le 2\u00b0 del&rsquo;article L. 3133-7, la r\u00e9f\u00e9rence : \u00ab article 11 de la loi n\u00b0 2004-626du 30 juin 2004 relative \u00e0 la solidarit\u00e9 pour l&rsquo;autonomie des personnes\u00e2g\u00e9es et des personnes handicap\u00e9es \u00bb est remplac\u00e9e par la r\u00e9f\u00e9rence : \u00abarticle L. 14-10-4 du code de l&rsquo;action sociale et des familles \u00bb ;<\/p>\n<p>2\u00b0 L&rsquo;article L. 3133-8 est ainsi r\u00e9dig\u00e9 :<\/p>\n<p>\u00ab Art. L. 3133-8. &#8211; Les modalit\u00e9s d&rsquo;accomplissement de la journ\u00e9e desolidarit\u00e9 sont fix\u00e9es par accord d&rsquo;entreprise ou d&rsquo;\u00e9tablissement ou, \u00e0d\u00e9faut, par accord de branche.<\/p>\n<p>\u00ab L&rsquo;accord peut pr\u00e9voir :<\/p>\n<p><b>\u00ab 1\u00b0 Soit le travail d&rsquo;un jour f\u00e9ri\u00e9 pr\u00e9c\u00e9demment ch\u00f4m\u00e9 autre que le 1er mai ;<\/b><\/p>\n<p><b>\u00ab 2\u00b0 Soit le travail d&rsquo;un jour de r\u00e9duction du temps de travail tel que pr\u00e9vu aux articles L. 3122-6 et L. 3122-19 ;<\/b><\/p>\n<p><b>\u00ab3\u00b0 Soit toute autre modalit\u00e9 permettant le travail de sept heurespr\u00e9c\u00e9demment non travaill\u00e9es en application de dispositionsconventionnelles ou des modalit\u00e9s d&rsquo;organisation des entreprises.<\/b><\/p>\n<p><b>\u00abA d\u00e9faut d&rsquo;accord collectif, les modalit\u00e9s d&rsquo;accomplissement de lajourn\u00e9e de solidarit\u00e9 sont d\u00e9finies par l&#8217;employeur, apr\u00e8s consultationdu comit\u00e9 d&rsquo;entreprise ou, \u00e0 d\u00e9faut, des d\u00e9l\u00e9gu\u00e9s du personnel s&rsquo;ilsexistent.<\/b><\/p>\n<p><b>\u00ab Toutefois, dansles d\u00e9partements de la Moselle, du Haut-Rhin et du Bas-Rhin, l&rsquo;accordou, \u00e0 d\u00e9faut, la d\u00e9cision de l&#8217;employeur ne peut d\u00e9terminer ni lepremier et le second jour de No\u00ebl ni, ind\u00e9pendamment de la pr\u00e9senced&rsquo;un temple protestant ou d&rsquo;une \u00e9glise mixte dans les communes, leVendredi Saint comme la date de la journ\u00e9e de solidarit\u00e9. \u00bb ;<\/b><\/p>\n<p>3\u00b0 L&rsquo;article L. 3133-9 est abrog\u00e9.<\/p>\n<p>II. &#8211; 1. A compter de la publication de la pr\u00e9sente loi et \u00e0 titreexceptionnel pour l&rsquo;ann\u00e9e 2008, \u00e0 d\u00e9faut d&rsquo;accord collectif,l&#8217;employeur peut d\u00e9finir unilat\u00e9ralement les modalit\u00e9sd&rsquo;accomplissement de la journ\u00e9e de solidarit\u00e9 apr\u00e8s consultation ducomit\u00e9 d&rsquo;entreprise ou, \u00e0 d\u00e9faut, des d\u00e9l\u00e9gu\u00e9s du personnel s&rsquo;ilsexistent.<\/p>\n<p>2. Le cinqui\u00e8me alin\u00e9a de l&rsquo;article L. 212-16 du code du travail est supprim\u00e9.<\/p>\n<h4>Article 2<\/h4>\n<p>I.-L&rsquo;article6 de la loi n\u00b0 2004-626 du 30 juin 2004 relative \u00e0 la solidarit\u00e9 pourl&rsquo;autonomie des personnes \u00e2g\u00e9es et des personnes handicap\u00e9es est ainsir\u00e9dig\u00e9 :<\/p>\n<p>\u00ab Art. 6.-Pour les fonctionnaires etagents non titulaires relevant de la loi n\u00b0 84-16 du 11 janvier 1984portant dispositions statutaires relatives \u00e0 la fonction publique del&rsquo;Etat, de la loi n\u00b0 84-53 du 26 janvier 1984 portant dispositionsstatutaires relatives \u00e0 la fonction publique territoriale et de la loin\u00b0 86-33 du 9 janvier 1986 portant dispositions statutaires relatives \u00e0la fonction publique hospitali\u00e8re ainsi que pour les praticiensmentionn\u00e9s \u00e0 l&rsquo;article L. 6152-1 du code de la sant\u00e9 publique, lajourn\u00e9e de solidarit\u00e9 mentionn\u00e9e \u00e0 l&rsquo;article L. 3133-7 du code dutravail est fix\u00e9e dans les conditions suivantes :<\/p>\n<p>\u00ab&nbsp;? dans la fonction publique territoriale, par une d\u00e9lib\u00e9ration del&rsquo;organe ex\u00e9cutif de l&rsquo;assembl\u00e9e territoriale comp\u00e9tente, apr\u00e8s avis ducomit\u00e9 technique paritaire concern\u00e9 ;<\/p>\n<p>\u00ab&nbsp;? dans la fonction publique hospitali\u00e8re ainsi que pour lespraticiens mentionn\u00e9s \u00e0 l&rsquo;article L. 6152-1 du code de la sant\u00e9publique, par une d\u00e9cision des directeurs des \u00e9tablissements, apr\u00e8savis des instances concern\u00e9es ;<\/p>\n<p>\u00ab&nbsp;? dans la fonction publique de l&rsquo;Etat, par un arr\u00eat\u00e9 du ministrecomp\u00e9tent pris apr\u00e8s avis du comit\u00e9 technique paritaire minist\u00e9rielconcern\u00e9.<\/p>\n<p>\u00ab Dans le respect des proc\u00e9dures \u00e9nonc\u00e9es aux alin\u00e9as pr\u00e9c\u00e9dents, lajourn\u00e9e de solidarit\u00e9 peut \u00eatre accomplie selon les modalit\u00e9s suivantes:<\/p>\n<p>\u00ab 1\u00b0 Le travail d&rsquo;un jour f\u00e9ri\u00e9 pr\u00e9c\u00e9demment ch\u00f4m\u00e9 autre que le 1er mai ;<\/p>\n<p>\u00ab 2\u00b0 Le travail d&rsquo;un jour de r\u00e9duction du temps de travail tel que pr\u00e9vu par les r\u00e8gles en vigueur ;<\/p>\n<p>\u00ab 3\u00b0 Toute autre modalit\u00e9 permettant le travail de sept heurespr\u00e9c\u00e9demment non travaill\u00e9es, \u00e0 l&rsquo;exclusion des jours de cong\u00e9 annuel. \u00bb<\/p>\n<p>II.-Les dispositifs d&rsquo;application de l&rsquo;article 6 de la loi n\u00b0 2004-626du 30 juin 2004 pr\u00e9cit\u00e9e en vigueur \u00e0 la date de publication de lapr\u00e9sente loi et qui sont conformes au I du pr\u00e9sent article demeurent envigueur.<\/p>\n<p>Toutefois, dans les d\u00e9partements de la Moselle, du Haut-Rhin et duBas-Rhin, la journ\u00e9e de solidarit\u00e9 ne peut \u00eatre accomplie ni lespremier et second jours de No\u00ebl ni, ind\u00e9pendamment de la pr\u00e9sence d&rsquo;untemple protestant ou d&rsquo;une \u00e9glise mixte dans les communes, le VendrediSaint.<\/p>\n<p>La pr\u00e9sente loi sera ex\u00e9cut\u00e9e comme loi de l&rsquo;Etat.<\/p>\n<p>Fait \u00e0 Paris, le 16 avril 2008.<\/p>\n<p>Nicolas Sarkozy<br \/> Par le Pr\u00e9sident de la R\u00e9publique :<br \/> Le Premier ministre,<br \/> Fran\u00e7ois Fillon<br \/> Le ministre du travail, des relations sociales, de la famille et de la solidarit\u00e9,<br \/> Xavier Bertrand<br \/> Le ministre du budget, des comptes publics et de la fonction publique,<br \/> Eric Woerth<\/p>\n<p>(1) Travaux pr\u00e9paratoires : loi n\u00b0 2008-351.<\/p>\n<p>Assembl\u00e9e nationale :<br \/> Proposition de loi n\u00b0 711 ;<br \/> Rapport de M. Jea<br \/>\nn Leonetti, au nom de la commission des affaires culturelles, n\u00b0 738 ;<br \/> Discussion et adoption le 26 mars 2008 (TA n\u00b0 116).<\/p>\n<p>S\u00e9nat :<br \/> Proposition de loi, adopt\u00e9e par l&rsquo;Assembl\u00e9e nationale, n\u00b0 245 (2007-2008) ;<br \/> Rapport de M. Andr\u00e9 Lardeux, au nom de la commission des affaires sociales, n\u00b0 259 (2007-2008) ;<br \/> Discussion et adoption le 9 avril 2008 (TA n\u00b0 71).<\/p>\n","protected":false},"excerpt":{"rendered":"<p>Les modalit\u00e9s Lel\u00e9gislateur introduit donc une certaine souplesse, puisqu&rsquo;il laisse \u00e0l&#8217;employeur le choix des modalit\u00e9s de cette journ\u00e9e de solidarit\u00e9 : travail d&rsquo;un jour f\u00e9ri\u00e9 pr\u00e9c\u00e9demment ch\u00f4m\u00e9 autre que le 1er mai travail d&rsquo;un jour de RTT toute modalit\u00e9 permettant le travail de 7 heures pr\u00e9c\u00e9demment non travaill\u00e9es, autre que les cong\u00e9s annuels. \u00a0 Dans [&hellip;]<\/p>\n","protected":false},"author":32,"featured_media":0,"comment_status":"open","ping_status":"open","sticky":false,"template":"","format":"standard","meta":{"_acf_changed":false,"_mi_skip_tracking":false,"footnotes":""},"categories":[2],"tags":[],"class_list":["post-1321","post","type-post","status-publish","format-standard","hentry","category-ressources-humaines"],"acf":[],"yoast_head":"<!-- This site is optimized with the Yoast SEO plugin v23.4 - https:\/\/yoast.com\/wordpress\/plugins\/seo\/ -->\n<title>Lundi de Pentec\u00f4te suite et... fin : la loi enfin publi\u00e9e ! - Le Blog GERESO<\/title>\n<meta name=\"robots\" content=\"index, follow, max-snippet:-1, max-image-preview:large, max-video-preview:-1\" \/>\n<link rel=\"canonical\" href=\"https:\/\/www.gereso.com\/actualites\/2008\/01\/01\/lundi-de-pentecote-suite-et-fin-la-loi-enfin-publiee\/\" \/>\n<meta property=\"og:locale\" content=\"fr_FR\" \/>\n<meta property=\"og:type\" content=\"article\" \/>\n<meta property=\"og:title\" content=\"Lundi de Pentec\u00f4te suite et... fin : la loi enfin publi\u00e9e ! - Le Blog GERESO\" \/>\n<meta property=\"og:description\" content=\"Les modalit\u00e9s Lel\u00e9gislateur introduit donc une certaine souplesse, puisqu&rsquo;il laisse \u00e0l&#8217;employeur le choix des modalit\u00e9s de cette journ\u00e9e de solidarit\u00e9 : travail d&rsquo;un jour f\u00e9ri\u00e9 pr\u00e9c\u00e9demment ch\u00f4m\u00e9 autre que le 1er mai travail d&rsquo;un jour de RTT toute modalit\u00e9 permettant le travail de 7 heures pr\u00e9c\u00e9demment non travaill\u00e9es, autre que les cong\u00e9s annuels. \u00a0 Dans [&hellip;]\" \/>\n<meta property=\"og:url\" content=\"https:\/\/www.gereso.com\/actualites\/2008\/01\/01\/lundi-de-pentecote-suite-et-fin-la-loi-enfin-publiee\/\" \/>\n<meta property=\"og:site_name\" content=\"Le Blog GERESO\" \/>\n<meta property=\"article:published_time\" content=\"2007-12-31T22:00:00+00:00\" \/>\n<meta name=\"author\" content=\"\u00c9quipe GERESO\" \/>\n<meta name=\"twitter:card\" content=\"summary_large_image\" \/>\n<script type=\"application\/ld+json\" class=\"yoast-schema-graph\">{\"@context\":\"https:\/\/schema.org\",\"@graph\":[{\"@type\":\"WebPage\",\"@id\":\"https:\/\/www.gereso.com\/actualites\/2008\/01\/01\/lundi-de-pentecote-suite-et-fin-la-loi-enfin-publiee\/\",\"url\":\"https:\/\/www.gereso.com\/actualites\/2008\/01\/01\/lundi-de-pentecote-suite-et-fin-la-loi-enfin-publiee\/\",\"name\":\"Lundi de Pentec\u00f4te suite et... fin : la loi enfin publi\u00e9e ! - Le Blog GERESO\",\"isPartOf\":{\"@id\":\"https:\/\/www.gereso.com\/actualites\/#website\"},\"datePublished\":\"2007-12-31T22:00:00+00:00\",\"dateModified\":\"2007-12-31T22:00:00+00:00\",\"author\":{\"@id\":\"https:\/\/www.gereso.com\/actualites\/#\/schema\/person\/197d8aef40cb4ae3f6a0aa9e1d3df2a6\"},\"breadcrumb\":{\"@id\":\"https:\/\/www.gereso.com\/actualites\/2008\/01\/01\/lundi-de-pentecote-suite-et-fin-la-loi-enfin-publiee\/#breadcrumb\"},\"inLanguage\":\"fr-FR\",\"potentialAction\":[{\"@type\":\"ReadAction\",\"target\":[\"https:\/\/www.gereso.com\/actualites\/2008\/01\/01\/lundi-de-pentecote-suite-et-fin-la-loi-enfin-publiee\/\"]}]},{\"@type\":\"BreadcrumbList\",\"@id\":\"https:\/\/www.gereso.com\/actualites\/2008\/01\/01\/lundi-de-pentecote-suite-et-fin-la-loi-enfin-publiee\/#breadcrumb\",\"itemListElement\":[{\"@type\":\"ListItem\",\"position\":1,\"name\":\"Home\",\"item\":\"https:\/\/www.gereso.com\/actualites\/\"},{\"@type\":\"ListItem\",\"position\":2,\"name\":\"Lundi de Pentec\u00f4te suite et&#8230; fin : la loi enfin publi\u00e9e !\"}]},{\"@type\":\"WebSite\",\"@id\":\"https:\/\/www.gereso.com\/actualites\/#website\",\"url\":\"https:\/\/www.gereso.com\/actualites\/\",\"name\":\"Le Blog GERESO\",\"description\":\"Toute l&#039;actu RH, Finance, Fonction Publique, Management...\",\"potentialAction\":[{\"@type\":\"SearchAction\",\"target\":{\"@type\":\"EntryPoint\",\"urlTemplate\":\"https:\/\/www.gereso.com\/actualites\/?s={search_term_string}\"},\"query-input\":{\"@type\":\"PropertyValueSpecification\",\"valueRequired\":true,\"valueName\":\"search_term_string\"}}],\"inLanguage\":\"fr-FR\"},{\"@type\":\"Person\",\"@id\":\"https:\/\/www.gereso.com\/actualites\/#\/schema\/person\/197d8aef40cb4ae3f6a0aa9e1d3df2a6\",\"name\":\"\u00c9quipe GERESO\",\"image\":{\"@type\":\"ImageObject\",\"inLanguage\":\"fr-FR\",\"@id\":\"https:\/\/www.gereso.com\/actualites\/#\/schema\/person\/image\/\",\"url\":\"https:\/\/www.gereso.com\/actualites\/wp-content\/uploads\/2013\/12\/avatar-gereso-1.png\",\"contentUrl\":\"https:\/\/www.gereso.com\/actualites\/wp-content\/uploads\/2013\/12\/avatar-gereso-1.png\",\"caption\":\"\u00c9quipe GERESO\"},\"url\":\"https:\/\/www.gereso.com\/actualites\/author\/gereso\/\"}]}<\/script>\n<!-- \/ Yoast SEO plugin. -->","yoast_head_json":{"title":"Lundi de Pentec\u00f4te suite et... fin : la loi enfin publi\u00e9e ! - Le Blog GERESO","robots":{"index":"index","follow":"follow","max-snippet":"max-snippet:-1","max-image-preview":"max-image-preview:large","max-video-preview":"max-video-preview:-1"},"canonical":"https:\/\/www.gereso.com\/actualites\/2008\/01\/01\/lundi-de-pentecote-suite-et-fin-la-loi-enfin-publiee\/","og_locale":"fr_FR","og_type":"article","og_title":"Lundi de Pentec\u00f4te suite et... fin : la loi enfin publi\u00e9e ! - Le Blog GERESO","og_description":"Les modalit\u00e9s Lel\u00e9gislateur introduit donc une certaine souplesse, puisqu&rsquo;il laisse \u00e0l&#8217;employeur le choix des modalit\u00e9s de cette journ\u00e9e de solidarit\u00e9 : travail d&rsquo;un jour f\u00e9ri\u00e9 pr\u00e9c\u00e9demment ch\u00f4m\u00e9 autre que le 1er mai travail d&rsquo;un jour de RTT toute modalit\u00e9 permettant le travail de 7 heures pr\u00e9c\u00e9demment non travaill\u00e9es, autre que les cong\u00e9s annuels. \u00a0 Dans [&hellip;]","og_url":"https:\/\/www.gereso.com\/actualites\/2008\/01\/01\/lundi-de-pentecote-suite-et-fin-la-loi-enfin-publiee\/","og_site_name":"Le Blog GERESO","article_published_time":"2007-12-31T22:00:00+00:00","author":"\u00c9quipe GERESO","twitter_card":"summary_large_image","schema":{"@context":"https:\/\/schema.org","@graph":[{"@type":"WebPage","@id":"https:\/\/www.gereso.com\/actualites\/2008\/01\/01\/lundi-de-pentecote-suite-et-fin-la-loi-enfin-publiee\/","url":"https:\/\/www.gereso.com\/actualites\/2008\/01\/01\/lundi-de-pentecote-suite-et-fin-la-loi-enfin-publiee\/","name":"Lundi de Pentec\u00f4te suite et... fin : la loi enfin publi\u00e9e ! - Le Blog GERESO","isPartOf":{"@id":"https:\/\/www.gereso.com\/actualites\/#website"},"datePublished":"2007-12-31T22:00:00+00:00","dateModified":"2007-12-31T22:00:00+00:00","author":{"@id":"https:\/\/www.gereso.com\/actualites\/#\/schema\/person\/197d8aef40cb4ae3f6a0aa9e1d3df2a6"},"breadcrumb":{"@id":"https:\/\/www.gereso.com\/actualites\/2008\/01\/01\/lundi-de-pentecote-suite-et-fin-la-loi-enfin-publiee\/#breadcrumb"},"inLanguage":"fr-FR","potentialAction":[{"@type":"ReadAction","target":["https:\/\/www.gereso.com\/actualites\/2008\/01\/01\/lundi-de-pentecote-suite-et-fin-la-loi-enfin-publiee\/"]}]},{"@type":"BreadcrumbList","@id":"https:\/\/www.gereso.com\/actualites\/2008\/01\/01\/lundi-de-pentecote-suite-et-fin-la-loi-enfin-publiee\/#breadcrumb","itemListElement":[{"@type":"ListItem","position":1,"name":"Home","item":"https:\/\/www.gereso.com\/actualites\/"},{"@type":"ListItem","position":2,"name":"Lundi de Pentec\u00f4te suite et&#8230; fin : la loi enfin publi\u00e9e !"}]},{"@type":"WebSite","@id":"https:\/\/www.gereso.com\/actualites\/#website","url":"https:\/\/www.gereso.com\/actualites\/","name":"Le Blog GERESO","description":"Toute l&#039;actu RH, Finance, Fonction Publique, Management...","potentialAction":[{"@type":"SearchAction","target":{"@type":"EntryPoint","urlTemplate":"https:\/\/www.gereso.com\/actualites\/?s={search_term_string}"},"query-input":{"@type":"PropertyValueSpecification","valueRequired":true,"valueName":"search_term_string"}}],"inLanguage":"fr-FR"},{"@type":"Person","@id":"https:\/\/www.gereso.com\/actualites\/#\/schema\/person\/197d8aef40cb4ae3f6a0aa9e1d3df2a6","name":"\u00c9quipe GERESO","image":{"@type":"ImageObject","inLanguage":"fr-FR","@id":"https:\/\/www.gereso.com\/actualites\/#\/schema\/person\/image\/","url":"https:\/\/www.gereso.com\/actualites\/wp-content\/uploads\/2013\/12\/avatar-gereso-1.png","contentUrl":"https:\/\/www.gereso.com\/actualites\/wp-content\/uploads\/2013\/12\/avatar-gereso-1.png","caption":"\u00c9quipe GERESO"},"url":"https:\/\/www.gereso.com\/actualites\/author\/gereso\/"}]}},"_links":{"self":[{"href":"https:\/\/www.gereso.com\/actualites\/wp-json\/wp\/v2\/posts\/1321","targetHints":{"allow":["GET"]}}],"collection":[{"href":"https:\/\/www.gereso.com\/actualites\/wp-json\/wp\/v2\/posts"}],"about":[{"href":"https:\/\/www.gereso.com\/actualites\/wp-json\/wp\/v2\/types\/post"}],"author":[{"embeddable":true,"href":"https:\/\/www.gereso.com\/actualites\/wp-json\/wp\/v2\/users\/32"}],"replies":[{"embeddable":true,"href":"https:\/\/www.gereso.com\/actualites\/wp-json\/wp\/v2\/comments?post=1321"}],"version-history":[{"count":0,"href":"https:\/\/www.gereso.com\/actualites\/wp-json\/wp\/v2\/posts\/1321\/revisions"}],"wp:attachment":[{"href":"https:\/\/www.gereso.com\/actualites\/wp-json\/wp\/v2\/media?parent=1321"}],"wp:term":[{"taxonomy":"category","embeddable":true,"href":"https:\/\/www.gereso.com\/actualites\/wp-json\/wp\/v2\/categories?post=1321"},{"taxonomy":"post_tag","embeddable":true,"href":"https:\/\/www.gereso.com\/actualites\/wp-json\/wp\/v2\/tags?post=1321"}],"curies":[{"name":"wp","href":"https:\/\/api.w.org\/{rel}","templated":true}]}}