{"id":1343,"date":"2008-05-01T00:00:00","date_gmt":"2008-04-30T22:00:00","guid":{"rendered":"https:\/\/www.gereso.com\/actualites\/2008\/05\/le-projet-de-loi-sur-la-mobilite-des-fonctionnaires-adopte-au-senat\/"},"modified":"2008-05-01T00:00:00","modified_gmt":"2008-04-30T22:00:00","slug":"le-projet-de-loi-sur-la-mobilite-des-fonctionnaires-adopte-au-senat","status":"publish","type":"post","link":"https:\/\/www.gereso.com\/actualites\/2008\/05\/01\/le-projet-de-loi-sur-la-mobilite-des-fonctionnaires-adopte-au-senat\/","title":{"rendered":"Le projet de loi sur la mobilit\u00e9 des fonctionnaires adopt\u00e9 au S\u00e9nat"},"content":{"rendered":"<h3>Le projet de loi adopt\u00e9<br \/><\/h3>\n<p>Le S\u00e9nat a adopt\u00e9, en premi\u00e8re lecture apr\u00e8s d\u00e9claration d&rsquo;urgence, le 29 avril 2008, <b>le projet de loi sur la mobilit\u00e9 des fonctionnaires.<\/b><\/p>\n<p>\u00a0<\/p>\n<p> Le projet de loi avait \u00e9t\u00e9 pr\u00e9sent\u00e9 en Conseil des ministres le 9 avril 2008.<b><br \/><\/b><\/p>\n<h3>Les dispositions visant \u00e0 supprimer les obstacles juridiques et statutaires \u00e0 la mobilit\u00e9 des fonctionnaires :<\/h3>\n<li><b>simplification et syst\u00e9matisation des possibilit\u00e9s de d\u00e9tachement et d&rsquo;int\u00e9gration des fonctionnaires <\/b>dans des corps et emplois appartenant \u00e0 la m\u00eame cat\u00e9gorie, <\/li>\n<li><b>possibilit\u00e9 d&rsquo;int\u00e9grer directement un autre corps<\/b> lorsque les conditions pour y \u00eatre d\u00e9tach\u00e9s sont remplies,<\/li>\n<li><b>maintien des avantages acquis<\/b> dans le cadre des diff\u00e9rents emplois occup\u00e9s pendant la mobilit\u00e9.<\/li>\n<h3>Dispositions visant \u00e0 assurer la continuit\u00e9 du service tout en permettant son adaptation :<\/h3>\n<p>\u00a0<\/p>\n<li><b>possibilit\u00e9 de recourir au remplacement d&rsquo;un fonctionnaire momentan\u00e9ment absent <\/b>par un agent contractuel<\/li>\n<li> <b>possibilit\u00e9 de recourir \u00e0 l&rsquo;int\u00e9rim dans les 3 fonctions publiques <\/b>(fonctionpublique d&rsquo;Etat, fonction publique territoriale et fonction publiquehospitali\u00e8re) et plus seulement dans les h\u00f4pitaux,<\/li>\n<li> <b>\u00e9largissement des possibilit\u00e9s de cumul d&#8217;emplois \u00e0 temps partiel,<\/b><\/li>\n<li> <b>aides \u00e0 la r\u00e9orientation professionnelle<\/b> des fonctionnaires dont les services sont r\u00e9organis\u00e9s.<\/li>\n<h3>Outils financiers visant \u00e0 encourager l&rsquo;utilisation du droit \u00e0 la mobilit\u00e9 ou \u00e0 faciliter la mobilit\u00e9 oblig\u00e9e :<br \/><\/h3>\n<li><b>maintien du plafond indemnitaire <\/b>des agents contraints \u00e0 la mobilit\u00e9 du fait d&rsquo;une r\u00e9organisation lorsqu&rsquo;il est plus favorable que celui du nouvel emploi, <\/li>\n<li><b>cr\u00e9ation de primes<\/b> (fix\u00e9es par d\u00e9cret) pour les agents mut\u00e9s du fait de r\u00e9organisations de services,<\/li>\n<li><b>cr\u00e9ation d&rsquo;une indemnit\u00e9 de d\u00e9part volontaire<\/b>.<\/li>\n<p>Source : Minist\u00e8re du Budget, communiqu\u00e9 du 19 mars 2008<\/p>\n<p>\u00a0<\/p>\n<h3>Le texte du projet de loi<\/h3>\n<p>&gt; Projet de loi relatif \u00e0 la mobilit\u00e9 et aux parcours professionnels dans la fonction publique sur le site du S\u00e9nat,<\/p>\n","protected":false},"excerpt":{"rendered":"<p>Le projet de loi adopt\u00e9 Le S\u00e9nat a adopt\u00e9, en premi\u00e8re lecture apr\u00e8s d\u00e9claration d&rsquo;urgence, le 29 avril 2008, le projet de loi sur la mobilit\u00e9 des fonctionnaires. \u00a0 Le projet de loi avait \u00e9t\u00e9 pr\u00e9sent\u00e9 en Conseil des ministres le 9 avril 2008. Les dispositions visant \u00e0 supprimer les obstacles juridiques et statutaires \u00e0 [&hellip;]<\/p>\n","protected":false},"author":32,"featured_media":0,"comment_status":"open","ping_status":"open","sticky":false,"template":"","format":"standard","meta":{"_acf_changed":false,"_mi_skip_tracking":false,"footnotes":""},"categories":[2],"tags":[],"class_list":["post-1343","post","type-post","status-publish","format-standard","hentry","category-ressources-humaines"],"acf":[],"yoast_head":"<!-- This site is optimized with the Yoast SEO plugin v23.4 - https:\/\/yoast.com\/wordpress\/plugins\/seo\/ -->\n<title>Le projet de loi sur la mobilit\u00e9 des fonctionnaires adopt\u00e9 au S\u00e9nat - Le Blog GERESO<\/title>\n<meta name=\"robots\" content=\"index, follow, max-snippet:-1, max-image-preview:large, max-video-preview:-1\" \/>\n<link rel=\"canonical\" href=\"https:\/\/www.gereso.com\/actualites\/2008\/05\/01\/le-projet-de-loi-sur-la-mobilite-des-fonctionnaires-adopte-au-senat\/\" \/>\n<meta property=\"og:locale\" content=\"fr_FR\" \/>\n<meta property=\"og:type\" content=\"article\" \/>\n<meta property=\"og:title\" content=\"Le projet de loi sur la mobilit\u00e9 des fonctionnaires adopt\u00e9 au S\u00e9nat - Le Blog GERESO\" \/>\n<meta property=\"og:description\" content=\"Le projet de loi adopt\u00e9 Le S\u00e9nat a adopt\u00e9, en premi\u00e8re lecture apr\u00e8s d\u00e9claration d&rsquo;urgence, le 29 avril 2008, le projet de loi sur la mobilit\u00e9 des fonctionnaires. \u00a0 Le projet de loi avait \u00e9t\u00e9 pr\u00e9sent\u00e9 en Conseil des ministres le 9 avril 2008. Les dispositions visant \u00e0 supprimer les obstacles juridiques et statutaires \u00e0 [&hellip;]\" \/>\n<meta property=\"og:url\" content=\"https:\/\/www.gereso.com\/actualites\/2008\/05\/01\/le-projet-de-loi-sur-la-mobilite-des-fonctionnaires-adopte-au-senat\/\" \/>\n<meta property=\"og:site_name\" content=\"Le Blog GERESO\" \/>\n<meta property=\"article:published_time\" content=\"2008-04-30T22:00:00+00:00\" \/>\n<meta name=\"author\" content=\"\u00c9quipe GERESO\" \/>\n<meta name=\"twitter:card\" content=\"summary_large_image\" \/>\n<script type=\"application\/ld+json\" class=\"yoast-schema-graph\">{\"@context\":\"https:\/\/schema.org\",\"@graph\":[{\"@type\":\"WebPage\",\"@id\":\"https:\/\/www.gereso.com\/actualites\/2008\/05\/01\/le-projet-de-loi-sur-la-mobilite-des-fonctionnaires-adopte-au-senat\/\",\"url\":\"https:\/\/www.gereso.com\/actualites\/2008\/05\/01\/le-projet-de-loi-sur-la-mobilite-des-fonctionnaires-adopte-au-senat\/\",\"name\":\"Le projet de loi sur la mobilit\u00e9 des fonctionnaires adopt\u00e9 au S\u00e9nat - Le Blog GERESO\",\"isPartOf\":{\"@id\":\"https:\/\/www.gereso.com\/actualites\/#website\"},\"datePublished\":\"2008-04-30T22:00:00+00:00\",\"dateModified\":\"2008-04-30T22:00:00+00:00\",\"author\":{\"@id\":\"https:\/\/www.gereso.com\/actualites\/#\/schema\/person\/197d8aef40cb4ae3f6a0aa9e1d3df2a6\"},\"breadcrumb\":{\"@id\":\"https:\/\/www.gereso.com\/actualites\/2008\/05\/01\/le-projet-de-loi-sur-la-mobilite-des-fonctionnaires-adopte-au-senat\/#breadcrumb\"},\"inLanguage\":\"fr-FR\",\"potentialAction\":[{\"@type\":\"ReadAction\",\"target\":[\"https:\/\/www.gereso.com\/actualites\/2008\/05\/01\/le-projet-de-loi-sur-la-mobilite-des-fonctionnaires-adopte-au-senat\/\"]}]},{\"@type\":\"BreadcrumbList\",\"@id\":\"https:\/\/www.gereso.com\/actualites\/2008\/05\/01\/le-projet-de-loi-sur-la-mobilite-des-fonctionnaires-adopte-au-senat\/#breadcrumb\",\"itemListElement\":[{\"@type\":\"ListItem\",\"position\":1,\"name\":\"Home\",\"item\":\"https:\/\/www.gereso.com\/actualites\/\"},{\"@type\":\"ListItem\",\"position\":2,\"name\":\"Le projet de loi sur la mobilit\u00e9 des fonctionnaires adopt\u00e9 au S\u00e9nat\"}]},{\"@type\":\"WebSite\",\"@id\":\"https:\/\/www.gereso.com\/actualites\/#website\",\"url\":\"https:\/\/www.gereso.com\/actualites\/\",\"name\":\"Le Blog GERESO\",\"description\":\"Toute l&#039;actu RH, Finance, Fonction Publique, Management...\",\"potentialAction\":[{\"@type\":\"SearchAction\",\"target\":{\"@type\":\"EntryPoint\",\"urlTemplate\":\"https:\/\/www.gereso.com\/actualites\/?s={search_term_string}\"},\"query-input\":{\"@type\":\"PropertyValueSpecification\",\"valueRequired\":true,\"valueName\":\"search_term_string\"}}],\"inLanguage\":\"fr-FR\"},{\"@type\":\"Person\",\"@id\":\"https:\/\/www.gereso.com\/actualites\/#\/schema\/person\/197d8aef40cb4ae3f6a0aa9e1d3df2a6\",\"name\":\"\u00c9quipe GERESO\",\"image\":{\"@type\":\"ImageObject\",\"inLanguage\":\"fr-FR\",\"@id\":\"https:\/\/www.gereso.com\/actualites\/#\/schema\/person\/image\/\",\"url\":\"https:\/\/www.gereso.com\/actualites\/wp-content\/uploads\/2013\/12\/avatar-gereso-1.png\",\"contentUrl\":\"https:\/\/www.gereso.com\/actualites\/wp-content\/uploads\/2013\/12\/avatar-gereso-1.png\",\"caption\":\"\u00c9quipe GERESO\"},\"url\":\"https:\/\/www.gereso.com\/actualites\/author\/gereso\/\"}]}<\/script>\n<!-- \/ Yoast SEO plugin. -->","yoast_head_json":{"title":"Le projet de loi sur la mobilit\u00e9 des fonctionnaires adopt\u00e9 au S\u00e9nat - Le Blog GERESO","robots":{"index":"index","follow":"follow","max-snippet":"max-snippet:-1","max-image-preview":"max-image-preview:large","max-video-preview":"max-video-preview:-1"},"canonical":"https:\/\/www.gereso.com\/actualites\/2008\/05\/01\/le-projet-de-loi-sur-la-mobilite-des-fonctionnaires-adopte-au-senat\/","og_locale":"fr_FR","og_type":"article","og_title":"Le projet de loi sur la mobilit\u00e9 des fonctionnaires adopt\u00e9 au S\u00e9nat - Le Blog GERESO","og_description":"Le projet de loi adopt\u00e9 Le S\u00e9nat a adopt\u00e9, en premi\u00e8re lecture apr\u00e8s d\u00e9claration d&rsquo;urgence, le 29 avril 2008, le projet de loi sur la mobilit\u00e9 des fonctionnaires. \u00a0 Le projet de loi avait \u00e9t\u00e9 pr\u00e9sent\u00e9 en Conseil des ministres le 9 avril 2008. Les dispositions visant \u00e0 supprimer les obstacles juridiques et statutaires \u00e0 [&hellip;]","og_url":"https:\/\/www.gereso.com\/actualites\/2008\/05\/01\/le-projet-de-loi-sur-la-mobilite-des-fonctionnaires-adopte-au-senat\/","og_site_name":"Le Blog GERESO","article_published_time":"2008-04-30T22:00:00+00:00","author":"\u00c9quipe GERESO","twitter_card":"summary_large_image","schema":{"@context":"https:\/\/schema.org","@graph":[{"@type":"WebPage","@id":"https:\/\/www.gereso.com\/actualites\/2008\/05\/01\/le-projet-de-loi-sur-la-mobilite-des-fonctionnaires-adopte-au-senat\/","url":"https:\/\/www.gereso.com\/actualites\/2008\/05\/01\/le-projet-de-loi-sur-la-mobilite-des-fonctionnaires-adopte-au-senat\/","name":"Le projet de loi sur la mobilit\u00e9 des fonctionnaires adopt\u00e9 au S\u00e9nat - Le Blog GERESO","isPartOf":{"@id":"https:\/\/www.gereso.com\/actualites\/#website"},"datePublished":"2008-04-30T22:00:00+00:00","dateModified":"2008-04-30T22:00:00+00:00","author":{"@id":"https:\/\/www.gereso.com\/actualites\/#\/schema\/person\/197d8aef40cb4ae3f6a0aa9e1d3df2a6"},"breadcrumb":{"@id":"https:\/\/www.gereso.com\/actualites\/2008\/05\/01\/le-projet-de-loi-sur-la-mobilite-des-fonctionnaires-adopte-au-senat\/#breadcrumb"},"inLanguage":"fr-FR","potentialAction":[{"@type":"ReadAction","target":["https:\/\/www.gereso.com\/actualites\/2008\/05\/01\/le-projet-de-loi-sur-la-mobilite-des-fonctionnaires-adopte-au-senat\/"]}]},{"@type":"BreadcrumbList","@id":"https:\/\/www.gereso.com\/actualites\/2008\/05\/01\/le-projet-de-loi-sur-la-mobilite-des-fonctionnaires-adopte-au-senat\/#breadcrumb","itemListElement":[{"@type":"ListItem","position":1,"name":"Home","item":"https:\/\/www.gereso.com\/actualites\/"},{"@type":"ListItem","position":2,"name":"Le projet de loi sur la mobilit\u00e9 des fonctionnaires adopt\u00e9 au S\u00e9nat"}]},{"@type":"WebSite","@id":"https:\/\/www.gereso.com\/actualites\/#website","url":"https:\/\/www.gereso.com\/actualites\/","name":"Le Blog GERESO","description":"Toute l&#039;actu RH, Finance, Fonction Publique, Management...","potentialAction":[{"@type":"SearchAction","target":{"@type":"EntryPoint","urlTemplate":"https:\/\/www.gereso.com\/actualites\/?s={search_term_string}"},"query-input":{"@type":"PropertyValueSpecification","valueRequired":true,"valueName":"search_term_string"}}],"inLanguage":"fr-FR"},{"@type":"Person","@id":"https:\/\/www.gereso.com\/actualites\/#\/schema\/person\/197d8aef40cb4ae3f6a0aa9e1d3df2a6","name":"\u00c9quipe GERESO","image":{"@type":"ImageObject","inLanguage":"fr-FR","@id":"https:\/\/www.gereso.com\/actualites\/#\/schema\/person\/image\/","url":"https:\/\/www.gereso.com\/actualites\/wp-content\/uploads\/2013\/12\/avatar-gereso-1.png","contentUrl":"https:\/\/www.gereso.com\/actualites\/wp-content\/uploads\/2013\/12\/avatar-gereso-1.png","caption":"\u00c9quipe GERESO"},"url":"https:\/\/www.gereso.com\/actualites\/author\/gereso\/"}]}},"_links":{"self":[{"href":"https:\/\/www.gereso.com\/actualites\/wp-json\/wp\/v2\/posts\/1343","targetHints":{"allow":["GET"]}}],"collection":[{"href":"https:\/\/www.gereso.com\/actualites\/wp-json\/wp\/v2\/posts"}],"about":[{"href":"https:\/\/www.gereso.com\/actualites\/wp-json\/wp\/v2\/types\/post"}],"author":[{"embeddable":true,"href":"https:\/\/www.gereso.com\/actualites\/wp-json\/wp\/v2\/users\/32"}],"replies":[{"embeddable":true,"href":"https:\/\/www.gereso.com\/actualites\/wp-json\/wp\/v2\/comments?post=1343"}],"version-history":[{"count":0,"href":"https:\/\/www.gereso.com\/actualites\/wp-json\/wp\/v2\/posts\/1343\/revisions"}],"wp:attachment":[{"href":"https:\/\/www.gereso.com\/actualites\/wp-json\/wp\/v2\/media?parent=1343"}],"wp:term":[{"taxonomy":"category","embeddable":true,"href":"https:\/\/www.gereso.com\/actualites\/wp-json\/wp\/v2\/categories?post=1343"},{"taxonomy":"post_tag","embeddable":true,"href":"https:\/\/www.gereso.com\/actualites\/wp-json\/wp\/v2\/tags?post=1343"}],"curies":[{"name":"wp","href":"https:\/\/api.w.org\/{rel}","templated":true}]}}