{"id":13439,"date":"2020-01-30T08:00:09","date_gmt":"2020-01-30T06:00:09","guid":{"rendered":"https:\/\/www.gereso.com\/actualites\/?p=13439"},"modified":"2020-01-30T10:01:09","modified_gmt":"2020-01-30T08:01:09","slug":"tva-revalorisation-des-seuils","status":"publish","type":"post","link":"https:\/\/www.gereso.com\/actualites\/2020\/01\/30\/tva-revalorisation-des-seuils\/","title":{"rendered":"TVA : revalorisation des seuils"},"content":{"rendered":"\n<p>Les seuils de chiffre d\u2019affaires\npermettant de b\u00e9n\u00e9ficier en mati\u00e8re de TVA du r\u00e9gime de la <strong>franchise en base<\/strong>\net du <strong>r\u00e9gime simplifi\u00e9 d\u2019imposition<\/strong> sont d\u00e9sormais connus pour la\np\u00e9riode 2020-2022.<\/p>\n\n\n\n<h2 class=\"wp-block-heading\"><strong>Une revalorisation tous les 3\nans<\/strong><\/h2>\n\n\n\n<p>Les <strong>plafonds de chiffre d\u2019affaires<\/strong>\nfixant le r\u00e9gime de TVA applicable de plein droit sont revaloris\u00e9s <strong>tous les\n3 ans<\/strong> dans la m\u00eame proportion que l\u2019\u00e9volution du niveau de la premi\u00e8re\ntranche de l\u2019imp\u00f4t sur le revenu applicable entre les revenus de 2016 et 2019. <\/p>\n\n\n\n<p>Pour le r\u00e9gime de la franchise en\nbase, les sommes revaloris\u00e9es sont arrondies \u00e0 la centaine d\u2019euros la plus proche,\net au millier d\u2019euros le plus proche pour le r\u00e9gime simplifi\u00e9 d\u2019imposition.<\/p>\n\n\n\n<p>Une entreprise sous le r\u00e9gime de\nla <strong>franchise en base<\/strong> est <strong>exon\u00e9r\u00e9e<\/strong> de TVA sur ses ventes, mais ne\npeut en revanche r\u00e9cup\u00e9rer la TVA sur ses achats. Le r\u00e9gime simplifi\u00e9 d\u2019imposition\npermet de d\u00e9clarer la TVA sur une base annuelle et non mensuelle comme pour le\nr\u00e9el normal et de s\u2019acquitter de 2 acomptes (en juillet et d\u00e9cembre). Il est\npossible pour une soci\u00e9t\u00e9 d\u2019<strong>opter <\/strong>pour un r\u00e9gime r\u00e9el sup\u00e9rieur. Pour\n\u00eatre applicable \u00e0 cette ann\u00e9e, l\u2019option doit \u00eatre transmise avant le 1<sup>er<\/sup>\nf\u00e9vrier 2020.<\/p>\n\n\n\n<h2 class=\"wp-block-heading\"><strong>Seuils 2020-2022<\/strong><\/h2>\n\n\n\n<p>Apr\u00e8s la p\u00e9riode triennale 2017-2019, les seuils de la <strong>p\u00e9riode 2020-2022<\/strong> sont d\u00e9sormais connus. Ils viennent d\u2019\u00eatre publi\u00e9s par l\u2019administration fiscale dans sa documentation (<a href=\"https:\/\/bofip.impots.gouv.fr\/bofip\/12173-PGP?branch=2\">BOFiP, actualit\u00e9 du 29 janvier 2020<\/a>).<\/p>\n\n\n\n<html>\n<body>\n<table border=\"1\">\n<tbody>\n<tr>\n\t<td style=\"text-align: center;\" bgcolor=\"#d10016\" width=\"253\"><p><span style=\"color: #ffffff;\"><strong>Activit\u00e9s<\/strong><\/span><\/p><\/td>\n\t<td style=\"text-align: center;\" bgcolor=\"#d10016\" width=\"253\"><p><span style=\"color: #ffffff;\"><strong>R\u00e9gime du r\u00e9el normal<\/strong><\/span><\/p><\/td>\n\t<td style=\"text-align: center;\" bgcolor=\"#d10016\" width=\"253\"><p><span style=\"color: #ffffff;\"><strong>R\u00e9gime du r\u00e9el simplifi\u00e9<\/strong><\/span><\/p><\/td>\n\t<td style=\"text-align: center;\" bgcolor=\"#d10016\" width=\"253\"><p><span style=\"color: #ffffff;\"><strong>R\u00e9gime de la franchise en base<\/strong><\/span><\/p><\/td>\n<\/tr>\n<tr>\n\t<td style=\"text-align: center; width: 134px;\"><p><strong>Livraisons de biens, ventes \u00e0 consommer sur place, h\u00e9bergement<\/strong><\/p><\/td>\n\t<td style=\"text-align: center; width: 134px;\"><p>CA HT > 818.000&nbsp;\u20ac<\/p><\/td>\n\t<td style=\"text-align: center; width: 134px;\"><p>85.800&nbsp;\u20ac < CA HT < 818.000&nbsp;\u20ac<\/p><\/td>\n\t<td style=\"text-align: center; width: 134px;\"><p>CA HT \u2264 85.800&nbsp;\u20ac<\/p><\/td>\n<\/tr>\n<tr>\n\t<td style=\"text-align: center; width: 134px;\"><p><strong>Prestations de services<\/strong><\/p><\/td>\n\t<td style=\"text-align: center; width: 134px;\"><p>CA HT > 247.000&nbsp;\u20ac<\/p><\/td>\n\t<td style=\"text-align: center; width: 134px;\"><p>34.400&nbsp;\u20ac < CA HT < 247.000&nbsp;\u20ac<\/p><\/td>\n\t<td style=\"text-align: center; width: 134px;\"><p>CA HT \u2264 34.400&nbsp;\u20ac<\/p><\/td>\n\n<\/tr>\n<tr>\n\t<td style=\"text-align: center; width: 134px;\"><p><strong>Activit\u00e9s sp\u00e9cifiques des avovats, auteurs et artistes-interpr\u00e8tes<\/strong><\/p><\/td>\n\t<td style=\"text-align: center; width: 134px;\"><p>CA HT > 247.000&nbsp;\u20ac<\/p><\/td>\n\t<td style=\"text-align: center; width: 134px;\"><p>44.500&nbsp;\u20ac < CA HT < 247.000&nbsp;\u20ac<\/p><\/td>\n\t<td style=\"text-align: center; width: 134px;\"><p>CA HT \u2264 44.500&nbsp;\u20ac<\/p><\/td>\n\n<\/tr>\n\n\n\n<\/tbody><!doctype html>\n\t<\/table>\n<html>\n<head>\n<meta charset=\"UTF-8\">\n<title>Document sans nom<\/title>\n<\/head>\n\n<body>\n<\/body>\n<\/html>\n\n\n\n<p>Les <strong>seconds seuils<\/strong> sont \u00e9galement revaloris\u00e9s\u00a0: <\/p>\n\n\n\n<ul class=\"wp-block-list\"><li>Livraisons de biens&nbsp;: 94.300 et 901.000 \u20ac<\/li><li>Prestations de services&nbsp;: 36.500 et 279.000\n\u20ac<\/li><li>Avocats, auteurs et artistes&nbsp;: 44.500 et\n279.000 \u20ac<\/li><\/ul>\n\n\n\n<p>Ainsi pour les livraisons de biens, pour pouvoir b\u00e9n\u00e9ficier\nde la franchise en base en mati\u00e8re de TVA, le chiffre d\u2019affaires de l\u2019exercice\npr\u00e9c\u00e9dent (N-1) doit \u00eatre inf\u00e9rieur au premier seuil (85.800 \u20ac) ou m\u00eame au\nsecond seuil (94.300 \u20ac) si le chiffre d\u2019affaires du p\u00e9nulti\u00e8me exercice (N-2)\n\u00e9tait inf\u00e9rieur \u00e0 85.800 \u20ac.<\/p>\n","protected":false},"excerpt":{"rendered":"<p>Les seuils de chiffre d\u2019affaires permettant de b\u00e9n\u00e9ficier en mati\u00e8re de TVA du r\u00e9gime de la franchise en base et du r\u00e9gime simplifi\u00e9 d\u2019imposition sont d\u00e9sormais connus pour la p\u00e9riode 2020-2022. Une revalorisation tous les 3 ans Les plafonds de chiffre d\u2019affaires fixant le r\u00e9gime de TVA applicable de plein droit sont revaloris\u00e9s tous les [&hellip;]<\/p>\n","protected":false},"author":45,"featured_media":0,"comment_status":"open","ping_status":"open","sticky":false,"template":"","format":"quote","meta":{"_acf_changed":false,"_mi_skip_tracking":false,"footnotes":""},"categories":[12,3],"tags":[1842,1047],"class_list":["post-13439","post","type-post","status-publish","format-quote","hentry","category-actualites","category-comptabilite-fiscalite-et-gestion-financiere","tag-regime-simplifie-dimposition","tag-tva","post_format-post-format-quote"],"acf":[],"yoast_head":"<!-- This site is optimized with the Yoast SEO plugin v23.4 - https:\/\/yoast.com\/wordpress\/plugins\/seo\/ -->\n<title>TVA : revalorisation des seuils - Le Blog GERESO<\/title>\n<meta name=\"robots\" content=\"index, follow, max-snippet:-1, max-image-preview:large, max-video-preview:-1\" \/>\n<link rel=\"canonical\" href=\"https:\/\/www.gereso.com\/actualites\/2020\/01\/30\/tva-revalorisation-des-seuils\/\" \/>\n<meta property=\"og:locale\" content=\"fr_FR\" \/>\n<meta property=\"og:type\" content=\"article\" \/>\n<meta property=\"og:title\" content=\"TVA : revalorisation des seuils - Le Blog GERESO\" \/>\n<meta property=\"og:description\" content=\"Les seuils de chiffre d\u2019affaires permettant de b\u00e9n\u00e9ficier en mati\u00e8re de TVA du r\u00e9gime de la franchise en base et du r\u00e9gime simplifi\u00e9 d\u2019imposition sont d\u00e9sormais connus pour la p\u00e9riode 2020-2022. Une revalorisation tous les 3 ans Les plafonds de chiffre d\u2019affaires fixant le r\u00e9gime de TVA applicable de plein droit sont revaloris\u00e9s tous les [&hellip;]\" \/>\n<meta property=\"og:url\" content=\"https:\/\/www.gereso.com\/actualites\/2020\/01\/30\/tva-revalorisation-des-seuils\/\" \/>\n<meta property=\"og:site_name\" content=\"Le Blog GERESO\" \/>\n<meta property=\"article:published_time\" content=\"2020-01-30T06:00:09+00:00\" \/>\n<meta property=\"article:modified_time\" content=\"2020-01-30T08:01:09+00:00\" \/>\n<meta name=\"author\" content=\"Damien P\u00e9an\" \/>\n<meta name=\"twitter:card\" content=\"summary_large_image\" \/>\n<script type=\"application\/ld+json\" class=\"yoast-schema-graph\">{\"@context\":\"https:\/\/schema.org\",\"@graph\":[{\"@type\":\"WebPage\",\"@id\":\"https:\/\/www.gereso.com\/actualites\/2020\/01\/30\/tva-revalorisation-des-seuils\/\",\"url\":\"https:\/\/www.gereso.com\/actualites\/2020\/01\/30\/tva-revalorisation-des-seuils\/\",\"name\":\"TVA : revalorisation des seuils - Le Blog GERESO\",\"isPartOf\":{\"@id\":\"https:\/\/www.gereso.com\/actualites\/#website\"},\"datePublished\":\"2020-01-30T06:00:09+00:00\",\"dateModified\":\"2020-01-30T08:01:09+00:00\",\"author\":{\"@id\":\"https:\/\/www.gereso.com\/actualites\/#\/schema\/person\/c91814f92d627ed4715993fbbf7c7e8d\"},\"breadcrumb\":{\"@id\":\"https:\/\/www.gereso.com\/actualites\/2020\/01\/30\/tva-revalorisation-des-seuils\/#breadcrumb\"},\"inLanguage\":\"fr-FR\",\"potentialAction\":[{\"@type\":\"ReadAction\",\"target\":[\"https:\/\/www.gereso.com\/actualites\/2020\/01\/30\/tva-revalorisation-des-seuils\/\"]}]},{\"@type\":\"BreadcrumbList\",\"@id\":\"https:\/\/www.gereso.com\/actualites\/2020\/01\/30\/tva-revalorisation-des-seuils\/#breadcrumb\",\"itemListElement\":[{\"@type\":\"ListItem\",\"position\":1,\"name\":\"Home\",\"item\":\"https:\/\/www.gereso.com\/actualites\/\"},{\"@type\":\"ListItem\",\"position\":2,\"name\":\"TVA : revalorisation des seuils\"}]},{\"@type\":\"WebSite\",\"@id\":\"https:\/\/www.gereso.com\/actualites\/#website\",\"url\":\"https:\/\/www.gereso.com\/actualites\/\",\"name\":\"Le Blog GERESO\",\"description\":\"Toute l&#039;actu RH, Finance, Fonction Publique, Management...\",\"potentialAction\":[{\"@type\":\"SearchAction\",\"target\":{\"@type\":\"EntryPoint\",\"urlTemplate\":\"https:\/\/www.gereso.com\/actualites\/?s={search_term_string}\"},\"query-input\":{\"@type\":\"PropertyValueSpecification\",\"valueRequired\":true,\"valueName\":\"search_term_string\"}}],\"inLanguage\":\"fr-FR\"},{\"@type\":\"Person\",\"@id\":\"https:\/\/www.gereso.com\/actualites\/#\/schema\/person\/c91814f92d627ed4715993fbbf7c7e8d\",\"name\":\"Damien P\u00e9an\",\"image\":{\"@type\":\"ImageObject\",\"inLanguage\":\"fr-FR\",\"@id\":\"https:\/\/www.gereso.com\/actualites\/#\/schema\/person\/image\/\",\"url\":\"https:\/\/www.gereso.com\/actualites\/wp-content\/uploads\/2016\/03\/damien-pean.jpg\",\"contentUrl\":\"https:\/\/www.gereso.com\/actualites\/wp-content\/uploads\/2016\/03\/damien-pean.jpg\",\"caption\":\"Damien P\u00e9an\"},\"description\":\"Damien P\u00c9AN est titulaire du Dipl\u00f4me d'\u00e9tudes sup\u00e9rieures comptables et financi\u00e8res (DESCF). Il intervient depuis plusieurs ann\u00e9es aupr\u00e8s d'\u00e9tudiants en licence de comptabilit\u00e9 et de gestion, \u00e0 qui il enseigne le contr\u00f4le de gestion, la comptabilit\u00e9 approfondie, le management, la fiscalit\u00e9, le droit des soci\u00e9t\u00e9s et le droit du travail. Il intervient \u00e9galement en formation continue pour le compte de divers organismes de formation sur des th\u00e9matiques techniques en comptabilit\u00e9 et fiscalit\u00e9. Il forme aussi un public de non-initi\u00e9s aux fondamentaux de la finance.\",\"url\":\"https:\/\/www.gereso.com\/actualites\/author\/d-pean\/\"}]}<\/script>\n<!-- \/ Yoast SEO plugin. -->","yoast_head_json":{"title":"TVA : revalorisation des seuils - Le Blog GERESO","robots":{"index":"index","follow":"follow","max-snippet":"max-snippet:-1","max-image-preview":"max-image-preview:large","max-video-preview":"max-video-preview:-1"},"canonical":"https:\/\/www.gereso.com\/actualites\/2020\/01\/30\/tva-revalorisation-des-seuils\/","og_locale":"fr_FR","og_type":"article","og_title":"TVA : revalorisation des seuils - Le Blog GERESO","og_description":"Les seuils de chiffre d\u2019affaires permettant de b\u00e9n\u00e9ficier en mati\u00e8re de TVA du r\u00e9gime de la franchise en base et du r\u00e9gime simplifi\u00e9 d\u2019imposition sont d\u00e9sormais connus pour la p\u00e9riode 2020-2022. Une revalorisation tous les 3 ans Les plafonds de chiffre d\u2019affaires fixant le r\u00e9gime de TVA applicable de plein droit sont revaloris\u00e9s tous les [&hellip;]","og_url":"https:\/\/www.gereso.com\/actualites\/2020\/01\/30\/tva-revalorisation-des-seuils\/","og_site_name":"Le Blog GERESO","article_published_time":"2020-01-30T06:00:09+00:00","article_modified_time":"2020-01-30T08:01:09+00:00","author":"Damien P\u00e9an","twitter_card":"summary_large_image","schema":{"@context":"https:\/\/schema.org","@graph":[{"@type":"WebPage","@id":"https:\/\/www.gereso.com\/actualites\/2020\/01\/30\/tva-revalorisation-des-seuils\/","url":"https:\/\/www.gereso.com\/actualites\/2020\/01\/30\/tva-revalorisation-des-seuils\/","name":"TVA : revalorisation des seuils - Le Blog GERESO","isPartOf":{"@id":"https:\/\/www.gereso.com\/actualites\/#website"},"datePublished":"2020-01-30T06:00:09+00:00","dateModified":"2020-01-30T08:01:09+00:00","author":{"@id":"https:\/\/www.gereso.com\/actualites\/#\/schema\/person\/c91814f92d627ed4715993fbbf7c7e8d"},"breadcrumb":{"@id":"https:\/\/www.gereso.com\/actualites\/2020\/01\/30\/tva-revalorisation-des-seuils\/#breadcrumb"},"inLanguage":"fr-FR","potentialAction":[{"@type":"ReadAction","target":["https:\/\/www.gereso.com\/actualites\/2020\/01\/30\/tva-revalorisation-des-seuils\/"]}]},{"@type":"BreadcrumbList","@id":"https:\/\/www.gereso.com\/actualites\/2020\/01\/30\/tva-revalorisation-des-seuils\/#breadcrumb","itemListElement":[{"@type":"ListItem","position":1,"name":"Home","item":"https:\/\/www.gereso.com\/actualites\/"},{"@type":"ListItem","position":2,"name":"TVA : revalorisation des seuils"}]},{"@type":"WebSite","@id":"https:\/\/www.gereso.com\/actualites\/#website","url":"https:\/\/www.gereso.com\/actualites\/","name":"Le Blog GERESO","description":"Toute l&#039;actu RH, Finance, Fonction Publique, Management...","potentialAction":[{"@type":"SearchAction","target":{"@type":"EntryPoint","urlTemplate":"https:\/\/www.gereso.com\/actualites\/?s={search_term_string}"},"query-input":{"@type":"PropertyValueSpecification","valueRequired":true,"valueName":"search_term_string"}}],"inLanguage":"fr-FR"},{"@type":"Person","@id":"https:\/\/www.gereso.com\/actualites\/#\/schema\/person\/c91814f92d627ed4715993fbbf7c7e8d","name":"Damien P\u00e9an","image":{"@type":"ImageObject","inLanguage":"fr-FR","@id":"https:\/\/www.gereso.com\/actualites\/#\/schema\/person\/image\/","url":"https:\/\/www.gereso.com\/actualites\/wp-content\/uploads\/2016\/03\/damien-pean.jpg","contentUrl":"https:\/\/www.gereso.com\/actualites\/wp-content\/uploads\/2016\/03\/damien-pean.jpg","caption":"Damien P\u00e9an"},"description":"Damien P\u00c9AN est titulaire du Dipl\u00f4me d'\u00e9tudes sup\u00e9rieures comptables et financi\u00e8res (DESCF). Il intervient depuis plusieurs ann\u00e9es aupr\u00e8s d'\u00e9tudiants en licence de comptabilit\u00e9 et de gestion, \u00e0 qui il enseigne le contr\u00f4le de gestion, la comptabilit\u00e9 approfondie, le management, la fiscalit\u00e9, le droit des soci\u00e9t\u00e9s et le droit du travail. Il intervient \u00e9galement en formation continue pour le compte de divers organismes de formation sur des th\u00e9matiques techniques en comptabilit\u00e9 et fiscalit\u00e9. Il forme aussi un public de non-initi\u00e9s aux fondamentaux de la finance.","url":"https:\/\/www.gereso.com\/actualites\/author\/d-pean\/"}]}},"_links":{"self":[{"href":"https:\/\/www.gereso.com\/actualites\/wp-json\/wp\/v2\/posts\/13439","targetHints":{"allow":["GET"]}}],"collection":[{"href":"https:\/\/www.gereso.com\/actualites\/wp-json\/wp\/v2\/posts"}],"about":[{"href":"https:\/\/www.gereso.com\/actualites\/wp-json\/wp\/v2\/types\/post"}],"author":[{"embeddable":true,"href":"https:\/\/www.gereso.com\/actualites\/wp-json\/wp\/v2\/users\/45"}],"replies":[{"embeddable":true,"href":"https:\/\/www.gereso.com\/actualites\/wp-json\/wp\/v2\/comments?post=13439"}],"version-history":[{"count":3,"href":"https:\/\/www.gereso.com\/actualites\/wp-json\/wp\/v2\/posts\/13439\/revisions"}],"predecessor-version":[{"id":13443,"href":"https:\/\/www.gereso.com\/actualites\/wp-json\/wp\/v2\/posts\/13439\/revisions\/13443"}],"wp:attachment":[{"href":"https:\/\/www.gereso.com\/actualites\/wp-json\/wp\/v2\/media?parent=13439"}],"wp:term":[{"taxonomy":"category","embeddable":true,"href":"https:\/\/www.gereso.com\/actualites\/wp-json\/wp\/v2\/categories?post=13439"},{"taxonomy":"post_tag","embeddable":true,"href":"https:\/\/www.gereso.com\/actualites\/wp-json\/wp\/v2\/tags?post=13439"}],"curies":[{"name":"wp","href":"https:\/\/api.w.org\/{rel}","templated":true}]}}