{"id":1344,"date":"2008-03-01T00:00:00","date_gmt":"2008-02-29T22:00:00","guid":{"rendered":"https:\/\/www.gereso.com\/actualites\/2008\/03\/100-propositions-des-fonctionnaires-et-usagers-pour-reformer-la-fonction-publique\/"},"modified":"2008-03-01T00:00:00","modified_gmt":"2008-02-29T22:00:00","slug":"100-propositions-des-fonctionnaires-et-usagers-pour-reformer-la-fonction-publique","status":"publish","type":"post","link":"https:\/\/www.gereso.com\/actualites\/2008\/03\/01\/100-propositions-des-fonctionnaires-et-usagers-pour-reformer-la-fonction-publique\/","title":{"rendered":"100 propositions des fonctionnaires et usagers pour r\u00e9former la fonction publique"},"content":{"rendered":"<h3>Les propositions en d\u00e9tail<\/h3>\n<p>Parmi les propositions figurent<b> la r\u00e9forme des concours d&rsquo;acc\u00e8s \u00e0 la fonction publique,<\/b><b>led\u00e9veloppement de la mobilit\u00e9, la mise en place de passerelles entre lestrois fonctions publiques ainsi que la cr\u00e9ation d&rsquo;un service centralis\u00e9de professionnels des ressources humaines<\/b> (au niveau du d\u00e9partementou de la r\u00e9gion) d\u00e9di\u00e9 aux mutations, formations et \u00e9volutions decarri\u00e8re au sein de la fonction publique. <\/p>\n<p><b>Une convention de coop\u00e9ration entre les entreprises (priv\u00e9es et publiques) et les administrations<\/b> pourrait \u00e9galement \u00eatre \u00e9labor\u00e9e. <\/p>\n<p>Est, de plus, propos\u00e9e <b>la suppression de la notation actuelle au profit d&rsquo;une \u00e9valuation sur la base de crit\u00e8res pr\u00e9d\u00e9finis<\/b>(l&rsquo;importance de la valeur produite ou la performance) et non enfonction du nombre de personnes encadr\u00e9es et du budget d\u00e9pens\u00e9.<\/p>\n<p>Par ailleurs, sont pr\u00e9conis\u00e9es la mise en oeuvre : <\/p>\n<li>d&rsquo;un cadre de fonctionnement avec des objectifs, <\/li>\n<li> des indicateurs et un calendrier ; <\/li>\n<li> de la gestion pr\u00e9visionnelle des emplois, des effectifs et des comp\u00e9tences (GPEC) pour l&rsquo;ensemble des agents.<\/li>\n<p>Un Livre Blanc sera remis en avril prochain aux Gouvernement parJean-Ludovic Silicani, rapporteur g\u00e9n\u00e9ral, qui servira de base \u00e0 unprojet de loi de r\u00e9forme de la fonction publique.<\/p>\n<h3>Liens utiles<br \/><\/h3>\n<p>&gt; Lire le communiqu\u00e9 sur le portail du minist\u00e8re.<\/p>\n<p>&gt; T\u00e9l\u00e9charger les 100 propositions des fonctionnaires et usagers pour la fonction publique de demain<\/p>\n<\/p>\n<\/p>\n<p>Source : Minist\u00e8re de la Fonction publique, communiqu\u00e9 du 3 mars 2008.<\/p>\n","protected":false},"excerpt":{"rendered":"<p>Les propositions en d\u00e9tail Parmi les propositions figurent la r\u00e9forme des concours d&rsquo;acc\u00e8s \u00e0 la fonction publique,led\u00e9veloppement de la mobilit\u00e9, la mise en place de passerelles entre lestrois fonctions publiques ainsi que la cr\u00e9ation d&rsquo;un service centralis\u00e9de professionnels des ressources humaines (au niveau du d\u00e9partementou de la r\u00e9gion) d\u00e9di\u00e9 aux mutations, formations et \u00e9volutions decarri\u00e8re [&hellip;]<\/p>\n","protected":false},"author":32,"featured_media":0,"comment_status":"open","ping_status":"open","sticky":false,"template":"","format":"standard","meta":{"_acf_changed":false,"_mi_skip_tracking":false,"footnotes":""},"categories":[2],"tags":[],"class_list":["post-1344","post","type-post","status-publish","format-standard","hentry","category-ressources-humaines"],"acf":[],"yoast_head":"<!-- This site is optimized with the Yoast SEO plugin v23.4 - https:\/\/yoast.com\/wordpress\/plugins\/seo\/ -->\n<title>100 propositions des fonctionnaires et usagers pour r\u00e9former la fonction publique - Le Blog GERESO<\/title>\n<meta name=\"robots\" content=\"index, follow, max-snippet:-1, max-image-preview:large, max-video-preview:-1\" \/>\n<link rel=\"canonical\" href=\"https:\/\/www.gereso.com\/actualites\/2008\/03\/01\/100-propositions-des-fonctionnaires-et-usagers-pour-reformer-la-fonction-publique\/\" \/>\n<meta property=\"og:locale\" content=\"fr_FR\" \/>\n<meta property=\"og:type\" content=\"article\" \/>\n<meta property=\"og:title\" content=\"100 propositions des fonctionnaires et usagers pour r\u00e9former la fonction publique - Le Blog GERESO\" \/>\n<meta property=\"og:description\" content=\"Les propositions en d\u00e9tail Parmi les propositions figurent la r\u00e9forme des concours d&rsquo;acc\u00e8s \u00e0 la fonction publique,led\u00e9veloppement de la mobilit\u00e9, la mise en place de passerelles entre lestrois fonctions publiques ainsi que la cr\u00e9ation d&rsquo;un service centralis\u00e9de professionnels des ressources humaines (au niveau du d\u00e9partementou de la r\u00e9gion) d\u00e9di\u00e9 aux mutations, formations et \u00e9volutions decarri\u00e8re [&hellip;]\" \/>\n<meta property=\"og:url\" content=\"https:\/\/www.gereso.com\/actualites\/2008\/03\/01\/100-propositions-des-fonctionnaires-et-usagers-pour-reformer-la-fonction-publique\/\" \/>\n<meta property=\"og:site_name\" content=\"Le Blog GERESO\" \/>\n<meta property=\"article:published_time\" content=\"2008-02-29T22:00:00+00:00\" \/>\n<meta name=\"author\" content=\"\u00c9quipe GERESO\" \/>\n<meta name=\"twitter:card\" content=\"summary_large_image\" \/>\n<script type=\"application\/ld+json\" class=\"yoast-schema-graph\">{\"@context\":\"https:\/\/schema.org\",\"@graph\":[{\"@type\":\"WebPage\",\"@id\":\"https:\/\/www.gereso.com\/actualites\/2008\/03\/01\/100-propositions-des-fonctionnaires-et-usagers-pour-reformer-la-fonction-publique\/\",\"url\":\"https:\/\/www.gereso.com\/actualites\/2008\/03\/01\/100-propositions-des-fonctionnaires-et-usagers-pour-reformer-la-fonction-publique\/\",\"name\":\"100 propositions des fonctionnaires et usagers pour r\u00e9former la fonction publique - Le Blog GERESO\",\"isPartOf\":{\"@id\":\"https:\/\/www.gereso.com\/actualites\/#website\"},\"datePublished\":\"2008-02-29T22:00:00+00:00\",\"dateModified\":\"2008-02-29T22:00:00+00:00\",\"author\":{\"@id\":\"https:\/\/www.gereso.com\/actualites\/#\/schema\/person\/197d8aef40cb4ae3f6a0aa9e1d3df2a6\"},\"breadcrumb\":{\"@id\":\"https:\/\/www.gereso.com\/actualites\/2008\/03\/01\/100-propositions-des-fonctionnaires-et-usagers-pour-reformer-la-fonction-publique\/#breadcrumb\"},\"inLanguage\":\"fr-FR\",\"potentialAction\":[{\"@type\":\"ReadAction\",\"target\":[\"https:\/\/www.gereso.com\/actualites\/2008\/03\/01\/100-propositions-des-fonctionnaires-et-usagers-pour-reformer-la-fonction-publique\/\"]}]},{\"@type\":\"BreadcrumbList\",\"@id\":\"https:\/\/www.gereso.com\/actualites\/2008\/03\/01\/100-propositions-des-fonctionnaires-et-usagers-pour-reformer-la-fonction-publique\/#breadcrumb\",\"itemListElement\":[{\"@type\":\"ListItem\",\"position\":1,\"name\":\"Home\",\"item\":\"https:\/\/www.gereso.com\/actualites\/\"},{\"@type\":\"ListItem\",\"position\":2,\"name\":\"100 propositions des fonctionnaires et usagers pour r\u00e9former la fonction publique\"}]},{\"@type\":\"WebSite\",\"@id\":\"https:\/\/www.gereso.com\/actualites\/#website\",\"url\":\"https:\/\/www.gereso.com\/actualites\/\",\"name\":\"Le Blog GERESO\",\"description\":\"Toute l&#039;actu RH, Finance, Fonction Publique, Management...\",\"potentialAction\":[{\"@type\":\"SearchAction\",\"target\":{\"@type\":\"EntryPoint\",\"urlTemplate\":\"https:\/\/www.gereso.com\/actualites\/?s={search_term_string}\"},\"query-input\":{\"@type\":\"PropertyValueSpecification\",\"valueRequired\":true,\"valueName\":\"search_term_string\"}}],\"inLanguage\":\"fr-FR\"},{\"@type\":\"Person\",\"@id\":\"https:\/\/www.gereso.com\/actualites\/#\/schema\/person\/197d8aef40cb4ae3f6a0aa9e1d3df2a6\",\"name\":\"\u00c9quipe GERESO\",\"image\":{\"@type\":\"ImageObject\",\"inLanguage\":\"fr-FR\",\"@id\":\"https:\/\/www.gereso.com\/actualites\/#\/schema\/person\/image\/\",\"url\":\"https:\/\/www.gereso.com\/actualites\/wp-content\/uploads\/2013\/12\/avatar-gereso-1.png\",\"contentUrl\":\"https:\/\/www.gereso.com\/actualites\/wp-content\/uploads\/2013\/12\/avatar-gereso-1.png\",\"caption\":\"\u00c9quipe GERESO\"},\"url\":\"https:\/\/www.gereso.com\/actualites\/author\/gereso\/\"}]}<\/script>\n<!-- \/ Yoast SEO plugin. -->","yoast_head_json":{"title":"100 propositions des fonctionnaires et usagers pour r\u00e9former la fonction publique - Le Blog GERESO","robots":{"index":"index","follow":"follow","max-snippet":"max-snippet:-1","max-image-preview":"max-image-preview:large","max-video-preview":"max-video-preview:-1"},"canonical":"https:\/\/www.gereso.com\/actualites\/2008\/03\/01\/100-propositions-des-fonctionnaires-et-usagers-pour-reformer-la-fonction-publique\/","og_locale":"fr_FR","og_type":"article","og_title":"100 propositions des fonctionnaires et usagers pour r\u00e9former la fonction publique - Le Blog GERESO","og_description":"Les propositions en d\u00e9tail Parmi les propositions figurent la r\u00e9forme des concours d&rsquo;acc\u00e8s \u00e0 la fonction publique,led\u00e9veloppement de la mobilit\u00e9, la mise en place de passerelles entre lestrois fonctions publiques ainsi que la cr\u00e9ation d&rsquo;un service centralis\u00e9de professionnels des ressources humaines (au niveau du d\u00e9partementou de la r\u00e9gion) d\u00e9di\u00e9 aux mutations, formations et \u00e9volutions decarri\u00e8re [&hellip;]","og_url":"https:\/\/www.gereso.com\/actualites\/2008\/03\/01\/100-propositions-des-fonctionnaires-et-usagers-pour-reformer-la-fonction-publique\/","og_site_name":"Le Blog GERESO","article_published_time":"2008-02-29T22:00:00+00:00","author":"\u00c9quipe GERESO","twitter_card":"summary_large_image","schema":{"@context":"https:\/\/schema.org","@graph":[{"@type":"WebPage","@id":"https:\/\/www.gereso.com\/actualites\/2008\/03\/01\/100-propositions-des-fonctionnaires-et-usagers-pour-reformer-la-fonction-publique\/","url":"https:\/\/www.gereso.com\/actualites\/2008\/03\/01\/100-propositions-des-fonctionnaires-et-usagers-pour-reformer-la-fonction-publique\/","name":"100 propositions des fonctionnaires et usagers pour r\u00e9former la fonction publique - Le Blog GERESO","isPartOf":{"@id":"https:\/\/www.gereso.com\/actualites\/#website"},"datePublished":"2008-02-29T22:00:00+00:00","dateModified":"2008-02-29T22:00:00+00:00","author":{"@id":"https:\/\/www.gereso.com\/actualites\/#\/schema\/person\/197d8aef40cb4ae3f6a0aa9e1d3df2a6"},"breadcrumb":{"@id":"https:\/\/www.gereso.com\/actualites\/2008\/03\/01\/100-propositions-des-fonctionnaires-et-usagers-pour-reformer-la-fonction-publique\/#breadcrumb"},"inLanguage":"fr-FR","potentialAction":[{"@type":"ReadAction","target":["https:\/\/www.gereso.com\/actualites\/2008\/03\/01\/100-propositions-des-fonctionnaires-et-usagers-pour-reformer-la-fonction-publique\/"]}]},{"@type":"BreadcrumbList","@id":"https:\/\/www.gereso.com\/actualites\/2008\/03\/01\/100-propositions-des-fonctionnaires-et-usagers-pour-reformer-la-fonction-publique\/#breadcrumb","itemListElement":[{"@type":"ListItem","position":1,"name":"Home","item":"https:\/\/www.gereso.com\/actualites\/"},{"@type":"ListItem","position":2,"name":"100 propositions des fonctionnaires et usagers pour r\u00e9former la fonction publique"}]},{"@type":"WebSite","@id":"https:\/\/www.gereso.com\/actualites\/#website","url":"https:\/\/www.gereso.com\/actualites\/","name":"Le Blog GERESO","description":"Toute l&#039;actu RH, Finance, Fonction Publique, Management...","potentialAction":[{"@type":"SearchAction","target":{"@type":"EntryPoint","urlTemplate":"https:\/\/www.gereso.com\/actualites\/?s={search_term_string}"},"query-input":{"@type":"PropertyValueSpecification","valueRequired":true,"valueName":"search_term_string"}}],"inLanguage":"fr-FR"},{"@type":"Person","@id":"https:\/\/www.gereso.com\/actualites\/#\/schema\/person\/197d8aef40cb4ae3f6a0aa9e1d3df2a6","name":"\u00c9quipe GERESO","image":{"@type":"ImageObject","inLanguage":"fr-FR","@id":"https:\/\/www.gereso.com\/actualites\/#\/schema\/person\/image\/","url":"https:\/\/www.gereso.com\/actualites\/wp-content\/uploads\/2013\/12\/avatar-gereso-1.png","contentUrl":"https:\/\/www.gereso.com\/actualites\/wp-content\/uploads\/2013\/12\/avatar-gereso-1.png","caption":"\u00c9quipe GERESO"},"url":"https:\/\/www.gereso.com\/actualites\/author\/gereso\/"}]}},"_links":{"self":[{"href":"https:\/\/www.gereso.com\/actualites\/wp-json\/wp\/v2\/posts\/1344","targetHints":{"allow":["GET"]}}],"collection":[{"href":"https:\/\/www.gereso.com\/actualites\/wp-json\/wp\/v2\/posts"}],"about":[{"href":"https:\/\/www.gereso.com\/actualites\/wp-json\/wp\/v2\/types\/post"}],"author":[{"embeddable":true,"href":"https:\/\/www.gereso.com\/actualites\/wp-json\/wp\/v2\/users\/32"}],"replies":[{"embeddable":true,"href":"https:\/\/www.gereso.com\/actualites\/wp-json\/wp\/v2\/comments?post=1344"}],"version-history":[{"count":0,"href":"https:\/\/www.gereso.com\/actualites\/wp-json\/wp\/v2\/posts\/1344\/revisions"}],"wp:attachment":[{"href":"https:\/\/www.gereso.com\/actualites\/wp-json\/wp\/v2\/media?parent=1344"}],"wp:term":[{"taxonomy":"category","embeddable":true,"href":"https:\/\/www.gereso.com\/actualites\/wp-json\/wp\/v2\/categories?post=1344"},{"taxonomy":"post_tag","embeddable":true,"href":"https:\/\/www.gereso.com\/actualites\/wp-json\/wp\/v2\/tags?post=1344"}],"curies":[{"name":"wp","href":"https:\/\/api.w.org\/{rel}","templated":true}]}}