{"id":1356,"date":"2008-12-18T00:00:00","date_gmt":"2008-12-17T22:00:00","guid":{"rendered":"https:\/\/www.gereso.com\/actualites\/2008\/12\/une-charte-pour-la-promotion-de-legalite-dans-la-fonction-publique\/"},"modified":"2008-12-18T00:00:00","modified_gmt":"2008-12-17T22:00:00","slug":"une-charte-pour-la-promotion-de-legalite-dans-la-fonction-publique","status":"publish","type":"post","link":"https:\/\/www.gereso.com\/actualites\/2008\/12\/18\/une-charte-pour-la-promotion-de-legalite-dans-la-fonction-publique\/","title":{"rendered":"Une charte pour la promotion de l&#039;\u00e9galit\u00e9 dans la fonction publique"},"content":{"rendered":"<p>Le 2 d\u00e9cembre 2008, \u00c9ric Woerth, ministre du Budget, des Comptes publics et de la Fonction publique et Andr\u00e9 Santini, secr\u00e9taire d&rsquo;\u00c9tat charg\u00e9 de la Fonction publique, ont sign\u00e9 avec Louis Schweitzer, pr\u00e9sident de la HALDE, <span style=\"font-weight: bold;\">la Charte pour la promotion de l&rsquo;\u00e9galit\u00e9 dans la fonction publique <\/span>en pr\u00e9sence notamment de Fadela Amara, secr\u00e9taire d&rsquo;\u00c9tat charg\u00e9e de la Politique de la ville et du Logement.<\/p>\n<p>Cette charte a pour objectifs de <span style=\"font-weight: bold;\">promouvoir l&rsquo;\u00e9galit\u00e9 dans toutes les fonctions publiques<\/span> et de <span style=\"font-weight: bold;\">pr\u00e9venir toutes formes de discriminations,<\/span> en ce qui concerne <span style=\"font-weight: bold;\">l&rsquo;acc\u00e8s \u00e0 la fonction publique, le d\u00e9roulement des carri\u00e8res, et l&rsquo;exercice du droit \u00e0 la formation ou les cessations d\u00e9finitives de fonctions.<\/span> <\/p>\n<p>Elle a vocation \u00e0 s&rsquo;appliquer aux trois fonctions publiques.<\/p>\n<p><span style=\"font-weight: bold;\">Six grands engagements<\/span> ont \u00e9t\u00e9 pris :   <\/p>\n<li>agir en amont du recrutement pour promouvoir l&rsquo;\u00e9gal acc\u00e8s de tous aux emplois publics ;<\/li>\n<li>veiller aux conditions de recrutement pour r\u00e9pondre aux besoins sans discriminer ;<\/li>\n<li>r\u00e9nover les parcours professionnels des agents et garantir l&rsquo;\u00e9galit\u00e9 de traitement dans tous les actes de gestion ;<\/li>\n<li>sensibiliser et former les agents de l&rsquo;Administration ;<\/li>\n<li>informer les administrations pour diffuser les bonnes pratiques en mati\u00e8re de pr\u00e9vention des discriminations ;<\/li>\n<li>mettre en oeuvre et suivre la charte pour la promotion de l&rsquo;\u00e9galit\u00e9 dans la fonction publique ;<\/li>\n<p>Le suivi de cette charte sera assur\u00e9 par la <span style=\"font-weight: bold;\">Direction g\u00e9n\u00e9rale de l&rsquo;Administration et de la fonction publique<\/span> dans le cadre de l&rsquo;animation r\u00e9guli\u00e8re du r\u00e9seau des DRH de l&rsquo;ensemble des administrations, ainsi qu&rsquo;au sein d&rsquo;un comit\u00e9 de pilotage pour la promotion de l&rsquo;\u00e9galit\u00e9 dans la fonction publique auquel participera la HALDE.<\/p>\n<p>La Charte pour la promotion de l&rsquo;\u00c9galit\u00e9 dans la fonction publique est consultable sur le site de la r\u00e9forme de la fonction publique : www.ensemblefonctionpublique.org<br \/>\u00a0<br \/><span style=\"font-style: italic;\">Source : Communiqu\u00e9 du Minist\u00e8re de la Fonction publique du 2 d\u00e9cembre 2008<\/span><\/p>\n","protected":false},"excerpt":{"rendered":"<p>Le 2 d\u00e9cembre 2008, \u00c9ric Woerth, ministre du Budget, des Comptes publics et de la Fonction publique et Andr\u00e9 Santini, secr\u00e9taire d&rsquo;\u00c9tat charg\u00e9 de la Fonction publique, ont sign\u00e9 avec Louis Schweitzer, pr\u00e9sident de la HALDE, la Charte pour la promotion de l&rsquo;\u00e9galit\u00e9 dans la fonction publique en pr\u00e9sence notamment de Fadela Amara, secr\u00e9taire d&rsquo;\u00c9tat [&hellip;]<\/p>\n","protected":false},"author":32,"featured_media":0,"comment_status":"open","ping_status":"open","sticky":false,"template":"","format":"standard","meta":{"_acf_changed":false,"_mi_skip_tracking":false,"footnotes":""},"categories":[2],"tags":[],"class_list":["post-1356","post","type-post","status-publish","format-standard","hentry","category-ressources-humaines"],"acf":[],"yoast_head":"<!-- This site is optimized with the Yoast SEO plugin v23.4 - https:\/\/yoast.com\/wordpress\/plugins\/seo\/ -->\n<title>Une charte pour la promotion de l&#039;\u00e9galit\u00e9 dans la fonction publique - Le Blog GERESO<\/title>\n<meta name=\"robots\" content=\"index, follow, max-snippet:-1, max-image-preview:large, max-video-preview:-1\" \/>\n<link rel=\"canonical\" href=\"https:\/\/www.gereso.com\/actualites\/2008\/12\/18\/une-charte-pour-la-promotion-de-legalite-dans-la-fonction-publique\/\" \/>\n<meta property=\"og:locale\" content=\"fr_FR\" \/>\n<meta property=\"og:type\" content=\"article\" \/>\n<meta property=\"og:title\" content=\"Une charte pour la promotion de l&#039;\u00e9galit\u00e9 dans la fonction publique - Le Blog GERESO\" \/>\n<meta property=\"og:description\" content=\"Le 2 d\u00e9cembre 2008, \u00c9ric Woerth, ministre du Budget, des Comptes publics et de la Fonction publique et Andr\u00e9 Santini, secr\u00e9taire d&rsquo;\u00c9tat charg\u00e9 de la Fonction publique, ont sign\u00e9 avec Louis Schweitzer, pr\u00e9sident de la HALDE, la Charte pour la promotion de l&rsquo;\u00e9galit\u00e9 dans la fonction publique en pr\u00e9sence notamment de Fadela Amara, secr\u00e9taire d&rsquo;\u00c9tat [&hellip;]\" \/>\n<meta property=\"og:url\" content=\"https:\/\/www.gereso.com\/actualites\/2008\/12\/18\/une-charte-pour-la-promotion-de-legalite-dans-la-fonction-publique\/\" \/>\n<meta property=\"og:site_name\" content=\"Le Blog GERESO\" \/>\n<meta property=\"article:published_time\" content=\"2008-12-17T22:00:00+00:00\" \/>\n<meta name=\"author\" content=\"\u00c9quipe GERESO\" \/>\n<meta name=\"twitter:card\" content=\"summary_large_image\" \/>\n<script type=\"application\/ld+json\" class=\"yoast-schema-graph\">{\"@context\":\"https:\/\/schema.org\",\"@graph\":[{\"@type\":\"WebPage\",\"@id\":\"https:\/\/www.gereso.com\/actualites\/2008\/12\/18\/une-charte-pour-la-promotion-de-legalite-dans-la-fonction-publique\/\",\"url\":\"https:\/\/www.gereso.com\/actualites\/2008\/12\/18\/une-charte-pour-la-promotion-de-legalite-dans-la-fonction-publique\/\",\"name\":\"Une charte pour la promotion de l&#039;\u00e9galit\u00e9 dans la fonction publique - Le Blog GERESO\",\"isPartOf\":{\"@id\":\"https:\/\/www.gereso.com\/actualites\/#website\"},\"datePublished\":\"2008-12-17T22:00:00+00:00\",\"dateModified\":\"2008-12-17T22:00:00+00:00\",\"author\":{\"@id\":\"https:\/\/www.gereso.com\/actualites\/#\/schema\/person\/197d8aef40cb4ae3f6a0aa9e1d3df2a6\"},\"breadcrumb\":{\"@id\":\"https:\/\/www.gereso.com\/actualites\/2008\/12\/18\/une-charte-pour-la-promotion-de-legalite-dans-la-fonction-publique\/#breadcrumb\"},\"inLanguage\":\"fr-FR\",\"potentialAction\":[{\"@type\":\"ReadAction\",\"target\":[\"https:\/\/www.gereso.com\/actualites\/2008\/12\/18\/une-charte-pour-la-promotion-de-legalite-dans-la-fonction-publique\/\"]}]},{\"@type\":\"BreadcrumbList\",\"@id\":\"https:\/\/www.gereso.com\/actualites\/2008\/12\/18\/une-charte-pour-la-promotion-de-legalite-dans-la-fonction-publique\/#breadcrumb\",\"itemListElement\":[{\"@type\":\"ListItem\",\"position\":1,\"name\":\"Home\",\"item\":\"https:\/\/www.gereso.com\/actualites\/\"},{\"@type\":\"ListItem\",\"position\":2,\"name\":\"Une charte pour la promotion de l&#039;\u00e9galit\u00e9 dans la fonction publique\"}]},{\"@type\":\"WebSite\",\"@id\":\"https:\/\/www.gereso.com\/actualites\/#website\",\"url\":\"https:\/\/www.gereso.com\/actualites\/\",\"name\":\"Le Blog GERESO\",\"description\":\"Toute l&#039;actu RH, Finance, Fonction Publique, Management...\",\"potentialAction\":[{\"@type\":\"SearchAction\",\"target\":{\"@type\":\"EntryPoint\",\"urlTemplate\":\"https:\/\/www.gereso.com\/actualites\/?s={search_term_string}\"},\"query-input\":{\"@type\":\"PropertyValueSpecification\",\"valueRequired\":true,\"valueName\":\"search_term_string\"}}],\"inLanguage\":\"fr-FR\"},{\"@type\":\"Person\",\"@id\":\"https:\/\/www.gereso.com\/actualites\/#\/schema\/person\/197d8aef40cb4ae3f6a0aa9e1d3df2a6\",\"name\":\"\u00c9quipe GERESO\",\"image\":{\"@type\":\"ImageObject\",\"inLanguage\":\"fr-FR\",\"@id\":\"https:\/\/www.gereso.com\/actualites\/#\/schema\/person\/image\/\",\"url\":\"https:\/\/www.gereso.com\/actualites\/wp-content\/uploads\/2013\/12\/avatar-gereso-1.png\",\"contentUrl\":\"https:\/\/www.gereso.com\/actualites\/wp-content\/uploads\/2013\/12\/avatar-gereso-1.png\",\"caption\":\"\u00c9quipe GERESO\"},\"url\":\"https:\/\/www.gereso.com\/actualites\/author\/gereso\/\"}]}<\/script>\n<!-- \/ Yoast SEO plugin. -->","yoast_head_json":{"title":"Une charte pour la promotion de l&#039;\u00e9galit\u00e9 dans la fonction publique - Le Blog GERESO","robots":{"index":"index","follow":"follow","max-snippet":"max-snippet:-1","max-image-preview":"max-image-preview:large","max-video-preview":"max-video-preview:-1"},"canonical":"https:\/\/www.gereso.com\/actualites\/2008\/12\/18\/une-charte-pour-la-promotion-de-legalite-dans-la-fonction-publique\/","og_locale":"fr_FR","og_type":"article","og_title":"Une charte pour la promotion de l&#039;\u00e9galit\u00e9 dans la fonction publique - Le Blog GERESO","og_description":"Le 2 d\u00e9cembre 2008, \u00c9ric Woerth, ministre du Budget, des Comptes publics et de la Fonction publique et Andr\u00e9 Santini, secr\u00e9taire d&rsquo;\u00c9tat charg\u00e9 de la Fonction publique, ont sign\u00e9 avec Louis Schweitzer, pr\u00e9sident de la HALDE, la Charte pour la promotion de l&rsquo;\u00e9galit\u00e9 dans la fonction publique en pr\u00e9sence notamment de Fadela Amara, secr\u00e9taire d&rsquo;\u00c9tat [&hellip;]","og_url":"https:\/\/www.gereso.com\/actualites\/2008\/12\/18\/une-charte-pour-la-promotion-de-legalite-dans-la-fonction-publique\/","og_site_name":"Le Blog GERESO","article_published_time":"2008-12-17T22:00:00+00:00","author":"\u00c9quipe GERESO","twitter_card":"summary_large_image","schema":{"@context":"https:\/\/schema.org","@graph":[{"@type":"WebPage","@id":"https:\/\/www.gereso.com\/actualites\/2008\/12\/18\/une-charte-pour-la-promotion-de-legalite-dans-la-fonction-publique\/","url":"https:\/\/www.gereso.com\/actualites\/2008\/12\/18\/une-charte-pour-la-promotion-de-legalite-dans-la-fonction-publique\/","name":"Une charte pour la promotion de l&#039;\u00e9galit\u00e9 dans la fonction publique - Le Blog GERESO","isPartOf":{"@id":"https:\/\/www.gereso.com\/actualites\/#website"},"datePublished":"2008-12-17T22:00:00+00:00","dateModified":"2008-12-17T22:00:00+00:00","author":{"@id":"https:\/\/www.gereso.com\/actualites\/#\/schema\/person\/197d8aef40cb4ae3f6a0aa9e1d3df2a6"},"breadcrumb":{"@id":"https:\/\/www.gereso.com\/actualites\/2008\/12\/18\/une-charte-pour-la-promotion-de-legalite-dans-la-fonction-publique\/#breadcrumb"},"inLanguage":"fr-FR","potentialAction":[{"@type":"ReadAction","target":["https:\/\/www.gereso.com\/actualites\/2008\/12\/18\/une-charte-pour-la-promotion-de-legalite-dans-la-fonction-publique\/"]}]},{"@type":"BreadcrumbList","@id":"https:\/\/www.gereso.com\/actualites\/2008\/12\/18\/une-charte-pour-la-promotion-de-legalite-dans-la-fonction-publique\/#breadcrumb","itemListElement":[{"@type":"ListItem","position":1,"name":"Home","item":"https:\/\/www.gereso.com\/actualites\/"},{"@type":"ListItem","position":2,"name":"Une charte pour la promotion de l&#039;\u00e9galit\u00e9 dans la fonction publique"}]},{"@type":"WebSite","@id":"https:\/\/www.gereso.com\/actualites\/#website","url":"https:\/\/www.gereso.com\/actualites\/","name":"Le Blog GERESO","description":"Toute l&#039;actu RH, Finance, Fonction Publique, Management...","potentialAction":[{"@type":"SearchAction","target":{"@type":"EntryPoint","urlTemplate":"https:\/\/www.gereso.com\/actualites\/?s={search_term_string}"},"query-input":{"@type":"PropertyValueSpecification","valueRequired":true,"valueName":"search_term_string"}}],"inLanguage":"fr-FR"},{"@type":"Person","@id":"https:\/\/www.gereso.com\/actualites\/#\/schema\/person\/197d8aef40cb4ae3f6a0aa9e1d3df2a6","name":"\u00c9quipe GERESO","image":{"@type":"ImageObject","inLanguage":"fr-FR","@id":"https:\/\/www.gereso.com\/actualites\/#\/schema\/person\/image\/","url":"https:\/\/www.gereso.com\/actualites\/wp-content\/uploads\/2013\/12\/avatar-gereso-1.png","contentUrl":"https:\/\/www.gereso.com\/actualites\/wp-content\/uploads\/2013\/12\/avatar-gereso-1.png","caption":"\u00c9quipe GERESO"},"url":"https:\/\/www.gereso.com\/actualites\/author\/gereso\/"}]}},"_links":{"self":[{"href":"https:\/\/www.gereso.com\/actualites\/wp-json\/wp\/v2\/posts\/1356","targetHints":{"allow":["GET"]}}],"collection":[{"href":"https:\/\/www.gereso.com\/actualites\/wp-json\/wp\/v2\/posts"}],"about":[{"href":"https:\/\/www.gereso.com\/actualites\/wp-json\/wp\/v2\/types\/post"}],"author":[{"embeddable":true,"href":"https:\/\/www.gereso.com\/actualites\/wp-json\/wp\/v2\/users\/32"}],"replies":[{"embeddable":true,"href":"https:\/\/www.gereso.com\/actualites\/wp-json\/wp\/v2\/comments?post=1356"}],"version-history":[{"count":0,"href":"https:\/\/www.gereso.com\/actualites\/wp-json\/wp\/v2\/posts\/1356\/revisions"}],"wp:attachment":[{"href":"https:\/\/www.gereso.com\/actualites\/wp-json\/wp\/v2\/media?parent=1356"}],"wp:term":[{"taxonomy":"category","embeddable":true,"href":"https:\/\/www.gereso.com\/actualites\/wp-json\/wp\/v2\/categories?post=1356"},{"taxonomy":"post_tag","embeddable":true,"href":"https:\/\/www.gereso.com\/actualites\/wp-json\/wp\/v2\/tags?post=1356"}],"curies":[{"name":"wp","href":"https:\/\/api.w.org\/{rel}","templated":true}]}}