{"id":13718,"date":"2020-02-24T10:00:58","date_gmt":"2020-02-24T08:00:58","guid":{"rendered":"https:\/\/www.gereso.com\/actualites\/?p=13718"},"modified":"2020-02-24T11:27:25","modified_gmt":"2020-02-24T09:27:25","slug":"taxe-sur-les-bureaux-en-ile-de-france-pour-2020","status":"publish","type":"post","link":"https:\/\/www.gereso.com\/actualites\/2020\/02\/24\/taxe-sur-les-bureaux-en-ile-de-france-pour-2020\/","title":{"rendered":"Taxe sur les bureaux en Ile-de-France pour 2020"},"content":{"rendered":"\n<p>Les professionnels disposant de locaux en \u00cele-de-France ont jusqu\u2019au 29\nf\u00e9vrier 2020 pour d\u00e9clarer et r\u00e9gler la taxe sur les bureaux en \u00cele-de-France\n(TSB). Depuis cette ann\u00e9e, il existe une nouvelle circonscription\n\u00ab&nbsp;premium&nbsp;\u00bb. <\/p>\n\n\n\n<h2 class=\"wp-block-heading\">Les redevables de la TSB<\/h2>\n\n\n\n<p>Sont redevables de la taxe sur les bureaux en \u00cele-de-France (TSB), les\npropri\u00e9taires de locaux de bureaux, commerciaux, de stockage ou de\nstationnement en \u00cele de France au 1er janvier de l&rsquo;ann\u00e9e d&rsquo;imposition. <\/p>\n\n\n\n<p>Le montant de la TSB d\u00e9pend de la surface et d\u2019un tarif par m\u00e8tre carr\u00e9 qui\nvarie selon la circonscription o\u00f9 se situe le b\u00e2timent. Depuis cette ann\u00e9e, au\nsens de la TSB, l\u2019\u00cele-de-France est divis\u00e9e en 4 circonscriptions&nbsp;: <\/p>\n\n\n\n<ul class=\"wp-block-list\"><li>1\u00e8re\ncirconscription&nbsp;: 1er , 2\u00e8me, 7\u00e8me, 8\u00e8me, 9\u00e8me, 10\u00e8me, 15\u00e8me, 16\u00e8me et\n17\u00e8me arrondissements de Paris ainsi que les communes de Boulogne-Billancourt,\nCourbevoie, Issy-les-Moulineaux, Levallois-Perret, Neuilly-sur-Seine et Puteaux\n<\/li><li>2nde\ncirconscription&nbsp;: Paris et le d\u00e9partement des Hauts-de-Seine en dehors des\nlieux inclus dans la 1\u00e8re circonscription<\/li><li>3\u00e8me\ncirconscription&nbsp;: communes de l&rsquo;unit\u00e9 urbaine de Paris autres que Paris et\nles communes du d\u00e9partement des Hauts-de-Seine <\/li><li>4\u00e8me\ncirconscription&nbsp;: autres communes de la r\u00e9gion \u00cele-de-France, non\ncomprises dans les 3 premi\u00e8res circonscriptions.<\/li><\/ul>\n\n\n\n<p>L\u2019article 18 de la loi de finances pour 2020 a instaur\u00e9 la nouvelle 1\u00e8re\ncirconscription \u00e9voqu\u00e9e ci-dessus avec un tarif plus de 18% plus \u00e9lev\u00e9 que\ncelui de la 2nde circonscription (ex-premi\u00e8re circonscription).<\/p>\n\n\n\n<p>Les locaux situ\u00e9s dans la 2nde circonscription et \u00e9ligibles \u00e0 la fois \u00e0\nDSU-CS et au FSRIF b\u00e9n\u00e9ficient d\u2019une r\u00e9duction de 10% du montant du tarif au\nm\u00e8tre carr\u00e9.<\/p>\n\n\n\n<h2 class=\"wp-block-heading\">Les tarifs 2020 de la TSB et de la TSS<\/h2>\n\n\n\n<p>Les tarifs de la TSB sont actualis\u00e9s en fonction de l\u2019indice des prix\npr\u00e9visionnel \u00e0 la consommation hors tabac retenue dans la derni\u00e8re loi de\nfinances, soit 1% pour l\u2019ann\u00e9e 2020.<\/p>\n\n\n\n<p>L\u2019administration fiscale a r\u00e9cemment publi\u00e9 les bar\u00e8mes pour l\u2019ann\u00e9e 2020 en tenant compte de cette revalorisation et de la nouvelle circonscription \u00ab&nbsp;premium&nbsp;\u00bb (<a href=\"https:\/\/bofip.impots.gouv.fr\/bofip\/593-PGP.html?identifiant=BOI-IF-AUT-50-20-20200219\">actualit\u00e9 BOFiP du 19 f\u00e9vrier 2020, BOI-IF-AUT-50-20,&nbsp;\u00a7200)<\/a>&nbsp;: <\/p>\n\n\n\n<html>\n<body>\n<table border=\"1\">\n<tbody>\n<tr>\n\t<td colspan=5 style=\"text-align: center; width: 134px;\"><p><strong>Tarifs 2020 de taxe annuelle sur les locaux \u00e0 usage de bureaux, les locaux commerciaux, les locaux de stockage et les surfaces de stationnement<\/strong><\/p><\/td>\n<\/tr>\n\n<tr>\n\t<td style=\"text-align: center;\" bgcolor=\"#d10016\" width=\"253\"><p><span style=\"color: #ffffff;\"><strong><\/strong><\/span><\/p><\/td>\n\t<td style=\"text-align: center;\" bgcolor=\"#d10016\" width=\"253\"><p><span style=\"color: #ffffff;\"><strong>Premi\u00e8re circonscription<\/strong><\/span><\/p><\/td>\n\t<td style=\"text-align: center;\" bgcolor=\"#d10016\" width=\"253\"><p><span style=\"color: #ffffff;\"><strong>Deuxi\u00e8me circonscription<\/strong><\/span><\/p><\/td>\n\t<td style=\"text-align: center;\" bgcolor=\"#d10016\" width=\"253\"><p><span style=\"color: #ffffff;\"><strong>Troisi\u00e8me circonscription<\/strong><\/span><\/p><\/td>\n\t<td style=\"text-align: center;\" bgcolor=\"#d10016\" width=\"253\"><p><span style=\"color: #ffffff;\"><strong>Quatri\u00e8me circonscription<\/strong><\/span><\/p><\/td>\n<\/tr>\n\n\t\n<tr>\n\t<td style=\"text-align: center;\" bgcolor=\"#d10016\" width=\"253\"><p><span style=\"color: #ffffff;\"><strong>Locaux \u00e0 usage de bureaux &#8211; Tarif normal<\/strong><\/span><\/p><\/td>\n\t<td style=\"text-align: center; width: 134px;\"><p>23,18 \u20ac<\/p><\/td>\n\t<td style=\"text-align: center; width: 134px;\"><p>19,51 \u20ac<\/p><\/td>\n\t<td style=\"text-align: center; width: 134px;\"><p>10,66 \u20ac<\/p><\/td>\n\t<td style=\"text-align: center; width: 134px;\"><p>5,14 \u20ac<\/p><\/td>\n<\/tr>\n\n<tr>\n\t<td style=\"text-align: center;\" bgcolor=\"#d10016\" width=\"253\"><p><span style=\"color: #ffffff;\"><strong>Locaux \u00e0 usage de bureaux &#8211; Tarif r\u00e9duit<\/strong><\/span><\/p><\/td>\n\t<td style=\"text-align: center; width: 134px;\"><p>11,51 \u20ac<\/p><\/td>\n\t<td style=\"text-align: center; width: 134px;\"><p>9,69 \u20ac<\/p><\/td>\n\t<td style=\"text-align: center; width: 134px;\"><p>6,41 \u20ac<\/p><\/td>\n\t<td style=\"text-align: center; width: 134px;\"><p>4,64 \u20ac<\/p><\/td>\n<\/tr>\n\t\n<tr>\n\t<td style=\"text-align: center;\" bgcolor=\"#d10016\" width=\"253\"><p><span style=\"color: #ffffff;\"><strong>Locaux commerciaux<\/strong><\/span><\/p><\/td>\n\t<td style=\"text-align: center; width: 134px;\"><p>7,94 \u20ac<\/p><\/td>\n\t<td style=\"text-align: center; width: 134px;\"><p>7,94 \u20ac<\/p><\/td>\n\t<td style=\"text-align: center; width: 134px;\"><p>4,11 \u20ac<\/p><\/td>\n\t<td style=\"text-align: center; width: 134px;\"><p>2,08 \u20ac<\/p><\/td>\n<\/tr>\n\t\n<tr>\n\t<td style=\"text-align: center;\" bgcolor=\"#d10016\" width=\"253\"><p><span style=\"color: #ffffff;\"><strong>Locaux de stockage<\/strong><\/span><\/p><\/td>\n\t<td style=\"text-align: center; width: 134px;\"><p>4,12 \u20ac<\/p><\/td>\n\t<td style=\"text-align: center; width: 134px;\"><p>4,12 \u20ac<\/p><\/td>\n\t<td style=\"text-align: center; width: 134px;\"><p>2,08 \u20ac<\/p><\/td>\n\t<td style=\"text-align: center; width: 134px;\"><p>1,07 \u20ac<\/p><\/td>\n<\/tr>\n\t\n<tr>\n\t<td style=\"text-align: center;\" bgcolor=\"#d10016\" width=\"253\"><p><span style=\"color: #ffffff;\"><strong>Surfaces de stationnement<\/strong><\/span><\/p><\/td>\n\t<td style=\"text-align: center; width: 134px;\"><p>2,61 \u20ac<\/p><\/td>\n\t<td style=\"text-align: center; width: 134px;\"><p>2,61 \u20ac<\/p><\/td>\n\t<td style=\"text-align: center; width: 134px;\"><p>1,40 \u20ac<\/p><\/td>\n\t<td style=\"text-align: center; width: 134px;\"><p>0,72 \u20ac<\/p><\/td>\n<\/tr>\n\t\n\n\t\n\t\n<\/tbody><!doctype html>\n\t<\/table>\n<html>\n<head>\n<meta charset=\"UTF-8\">\n<title>Document sans nom<\/title>\n<\/head>\n\n<body>\n<\/body>\n<\/html>\n\n\n\n\n<p>L\u2019administration fiscale a \u00e9galement publi\u00e9 les tarifs de la taxe sur les\nsurfaces de stationnement per\u00e7ues au profit de la r\u00e9gion \u00cele-de-France (TSS)\npour l\u2019ann\u00e9e 2020. Ils sont \u00e9galement revaloris\u00e9s de 1%&nbsp;:<\/p>\n\n\n\n<ul class=\"wp-block-list\"><li>1\u00e8re circonscription&nbsp;: 4,47 \u20ac<\/li><li>2nde circonscription&nbsp;: 2,58 \u20ac<\/li><li>3\u00e8me circonscription&nbsp;: 1,31 \u20ac.<\/li><\/ul>\n\n\n\n<p>Un\nabattement de 50% est appliqu\u00e9 sur ces tarifs en 2020 en cas d\u2019exploitation\ncommerciale de ces surfaces de stationnement. L\u2019abattement sera de 25% en 2021.<\/p>\n\n\n\n<p>La TSB et la TSS sont \u00e0 d\u00e9clarer respectivement sur les imprim\u00e9s 6705-B et 6705 TS pour le 29 f\u00e9vrier 2020 au plus tard avec le paiement correspondant. <\/p>\n","protected":false},"excerpt":{"rendered":"<p>Les professionnels disposant de locaux en \u00cele-de-France ont jusqu\u2019au 29 f\u00e9vrier 2020 pour d\u00e9clarer et r\u00e9gler la taxe sur les bureaux en \u00cele-de-France (TSB). Depuis cette ann\u00e9e, il existe une nouvelle circonscription \u00ab&nbsp;premium&nbsp;\u00bb. Les redevables de la TSB Sont redevables de la taxe sur les bureaux en \u00cele-de-France (TSB), les propri\u00e9taires de locaux de bureaux, [&hellip;]<\/p>\n","protected":false},"author":45,"featured_media":0,"comment_status":"open","ping_status":"open","sticky":false,"template":"","format":"quote","meta":{"_acf_changed":false,"_mi_skip_tracking":false,"footnotes":""},"categories":[12,3],"tags":[1621],"class_list":["post-13718","post","type-post","status-publish","format-quote","hentry","category-actualites","category-comptabilite-fiscalite-et-gestion-financiere","tag-taxe-sur-les-bureaux","post_format-post-format-quote"],"acf":[],"yoast_head":"<!-- This site is optimized with the Yoast SEO plugin v23.4 - https:\/\/yoast.com\/wordpress\/plugins\/seo\/ -->\n<title>Taxe sur les bureaux en Ile-de-France pour 2020 - Le Blog GERESO<\/title>\n<meta name=\"robots\" content=\"index, follow, max-snippet:-1, max-image-preview:large, max-video-preview:-1\" \/>\n<link rel=\"canonical\" href=\"https:\/\/www.gereso.com\/actualites\/2020\/02\/24\/taxe-sur-les-bureaux-en-ile-de-france-pour-2020\/\" \/>\n<meta property=\"og:locale\" content=\"fr_FR\" \/>\n<meta property=\"og:type\" content=\"article\" \/>\n<meta property=\"og:title\" content=\"Taxe sur les bureaux en Ile-de-France pour 2020 - Le Blog GERESO\" \/>\n<meta property=\"og:description\" content=\"Les professionnels disposant de locaux en \u00cele-de-France ont jusqu\u2019au 29 f\u00e9vrier 2020 pour d\u00e9clarer et r\u00e9gler la taxe sur les bureaux en \u00cele-de-France (TSB). Depuis cette ann\u00e9e, il existe une nouvelle circonscription \u00ab&nbsp;premium&nbsp;\u00bb. Les redevables de la TSB Sont redevables de la taxe sur les bureaux en \u00cele-de-France (TSB), les propri\u00e9taires de locaux de bureaux, [&hellip;]\" \/>\n<meta property=\"og:url\" content=\"https:\/\/www.gereso.com\/actualites\/2020\/02\/24\/taxe-sur-les-bureaux-en-ile-de-france-pour-2020\/\" \/>\n<meta property=\"og:site_name\" content=\"Le Blog GERESO\" \/>\n<meta property=\"article:published_time\" content=\"2020-02-24T08:00:58+00:00\" \/>\n<meta property=\"article:modified_time\" content=\"2020-02-24T09:27:25+00:00\" \/>\n<meta name=\"author\" content=\"Damien P\u00e9an\" \/>\n<meta name=\"twitter:card\" content=\"summary_large_image\" \/>\n<script type=\"application\/ld+json\" class=\"yoast-schema-graph\">{\"@context\":\"https:\/\/schema.org\",\"@graph\":[{\"@type\":\"WebPage\",\"@id\":\"https:\/\/www.gereso.com\/actualites\/2020\/02\/24\/taxe-sur-les-bureaux-en-ile-de-france-pour-2020\/\",\"url\":\"https:\/\/www.gereso.com\/actualites\/2020\/02\/24\/taxe-sur-les-bureaux-en-ile-de-france-pour-2020\/\",\"name\":\"Taxe sur les bureaux en Ile-de-France pour 2020 - Le Blog GERESO\",\"isPartOf\":{\"@id\":\"https:\/\/www.gereso.com\/actualites\/#website\"},\"datePublished\":\"2020-02-24T08:00:58+00:00\",\"dateModified\":\"2020-02-24T09:27:25+00:00\",\"author\":{\"@id\":\"https:\/\/www.gereso.com\/actualites\/#\/schema\/person\/c91814f92d627ed4715993fbbf7c7e8d\"},\"breadcrumb\":{\"@id\":\"https:\/\/www.gereso.com\/actualites\/2020\/02\/24\/taxe-sur-les-bureaux-en-ile-de-france-pour-2020\/#breadcrumb\"},\"inLanguage\":\"fr-FR\",\"potentialAction\":[{\"@type\":\"ReadAction\",\"target\":[\"https:\/\/www.gereso.com\/actualites\/2020\/02\/24\/taxe-sur-les-bureaux-en-ile-de-france-pour-2020\/\"]}]},{\"@type\":\"BreadcrumbList\",\"@id\":\"https:\/\/www.gereso.com\/actualites\/2020\/02\/24\/taxe-sur-les-bureaux-en-ile-de-france-pour-2020\/#breadcrumb\",\"itemListElement\":[{\"@type\":\"ListItem\",\"position\":1,\"name\":\"Home\",\"item\":\"https:\/\/www.gereso.com\/actualites\/\"},{\"@type\":\"ListItem\",\"position\":2,\"name\":\"Taxe sur les bureaux en Ile-de-France pour 2020\"}]},{\"@type\":\"WebSite\",\"@id\":\"https:\/\/www.gereso.com\/actualites\/#website\",\"url\":\"https:\/\/www.gereso.com\/actualites\/\",\"name\":\"Le Blog GERESO\",\"description\":\"Toute l&#039;actu RH, Finance, Fonction Publique, Management...\",\"potentialAction\":[{\"@type\":\"SearchAction\",\"target\":{\"@type\":\"EntryPoint\",\"urlTemplate\":\"https:\/\/www.gereso.com\/actualites\/?s={search_term_string}\"},\"query-input\":{\"@type\":\"PropertyValueSpecification\",\"valueRequired\":true,\"valueName\":\"search_term_string\"}}],\"inLanguage\":\"fr-FR\"},{\"@type\":\"Person\",\"@id\":\"https:\/\/www.gereso.com\/actualites\/#\/schema\/person\/c91814f92d627ed4715993fbbf7c7e8d\",\"name\":\"Damien P\u00e9an\",\"image\":{\"@type\":\"ImageObject\",\"inLanguage\":\"fr-FR\",\"@id\":\"https:\/\/www.gereso.com\/actualites\/#\/schema\/person\/image\/\",\"url\":\"https:\/\/www.gereso.com\/actualites\/wp-content\/uploads\/2016\/03\/damien-pean.jpg\",\"contentUrl\":\"https:\/\/www.gereso.com\/actualites\/wp-content\/uploads\/2016\/03\/damien-pean.jpg\",\"caption\":\"Damien P\u00e9an\"},\"description\":\"Damien P\u00c9AN est titulaire du Dipl\u00f4me d'\u00e9tudes sup\u00e9rieures comptables et financi\u00e8res (DESCF). Il intervient depuis plusieurs ann\u00e9es aupr\u00e8s d'\u00e9tudiants en licence de comptabilit\u00e9 et de gestion, \u00e0 qui il enseigne le contr\u00f4le de gestion, la comptabilit\u00e9 approfondie, le management, la fiscalit\u00e9, le droit des soci\u00e9t\u00e9s et le droit du travail. Il intervient \u00e9galement en formation continue pour le compte de divers organismes de formation sur des th\u00e9matiques techniques en comptabilit\u00e9 et fiscalit\u00e9. Il forme aussi un public de non-initi\u00e9s aux fondamentaux de la finance.\",\"url\":\"https:\/\/www.gereso.com\/actualites\/author\/d-pean\/\"}]}<\/script>\n<!-- \/ Yoast SEO plugin. -->","yoast_head_json":{"title":"Taxe sur les bureaux en Ile-de-France pour 2020 - Le Blog GERESO","robots":{"index":"index","follow":"follow","max-snippet":"max-snippet:-1","max-image-preview":"max-image-preview:large","max-video-preview":"max-video-preview:-1"},"canonical":"https:\/\/www.gereso.com\/actualites\/2020\/02\/24\/taxe-sur-les-bureaux-en-ile-de-france-pour-2020\/","og_locale":"fr_FR","og_type":"article","og_title":"Taxe sur les bureaux en Ile-de-France pour 2020 - Le Blog GERESO","og_description":"Les professionnels disposant de locaux en \u00cele-de-France ont jusqu\u2019au 29 f\u00e9vrier 2020 pour d\u00e9clarer et r\u00e9gler la taxe sur les bureaux en \u00cele-de-France (TSB). Depuis cette ann\u00e9e, il existe une nouvelle circonscription \u00ab&nbsp;premium&nbsp;\u00bb. Les redevables de la TSB Sont redevables de la taxe sur les bureaux en \u00cele-de-France (TSB), les propri\u00e9taires de locaux de bureaux, [&hellip;]","og_url":"https:\/\/www.gereso.com\/actualites\/2020\/02\/24\/taxe-sur-les-bureaux-en-ile-de-france-pour-2020\/","og_site_name":"Le Blog GERESO","article_published_time":"2020-02-24T08:00:58+00:00","article_modified_time":"2020-02-24T09:27:25+00:00","author":"Damien P\u00e9an","twitter_card":"summary_large_image","schema":{"@context":"https:\/\/schema.org","@graph":[{"@type":"WebPage","@id":"https:\/\/www.gereso.com\/actualites\/2020\/02\/24\/taxe-sur-les-bureaux-en-ile-de-france-pour-2020\/","url":"https:\/\/www.gereso.com\/actualites\/2020\/02\/24\/taxe-sur-les-bureaux-en-ile-de-france-pour-2020\/","name":"Taxe sur les bureaux en Ile-de-France pour 2020 - Le Blog GERESO","isPartOf":{"@id":"https:\/\/www.gereso.com\/actualites\/#website"},"datePublished":"2020-02-24T08:00:58+00:00","dateModified":"2020-02-24T09:27:25+00:00","author":{"@id":"https:\/\/www.gereso.com\/actualites\/#\/schema\/person\/c91814f92d627ed4715993fbbf7c7e8d"},"breadcrumb":{"@id":"https:\/\/www.gereso.com\/actualites\/2020\/02\/24\/taxe-sur-les-bureaux-en-ile-de-france-pour-2020\/#breadcrumb"},"inLanguage":"fr-FR","potentialAction":[{"@type":"ReadAction","target":["https:\/\/www.gereso.com\/actualites\/2020\/02\/24\/taxe-sur-les-bureaux-en-ile-de-france-pour-2020\/"]}]},{"@type":"BreadcrumbList","@id":"https:\/\/www.gereso.com\/actualites\/2020\/02\/24\/taxe-sur-les-bureaux-en-ile-de-france-pour-2020\/#breadcrumb","itemListElement":[{"@type":"ListItem","position":1,"name":"Home","item":"https:\/\/www.gereso.com\/actualites\/"},{"@type":"ListItem","position":2,"name":"Taxe sur les bureaux en Ile-de-France pour 2020"}]},{"@type":"WebSite","@id":"https:\/\/www.gereso.com\/actualites\/#website","url":"https:\/\/www.gereso.com\/actualites\/","name":"Le Blog GERESO","description":"Toute l&#039;actu RH, Finance, Fonction Publique, Management...","potentialAction":[{"@type":"SearchAction","target":{"@type":"EntryPoint","urlTemplate":"https:\/\/www.gereso.com\/actualites\/?s={search_term_string}"},"query-input":{"@type":"PropertyValueSpecification","valueRequired":true,"valueName":"search_term_string"}}],"inLanguage":"fr-FR"},{"@type":"Person","@id":"https:\/\/www.gereso.com\/actualites\/#\/schema\/person\/c91814f92d627ed4715993fbbf7c7e8d","name":"Damien P\u00e9an","image":{"@type":"ImageObject","inLanguage":"fr-FR","@id":"https:\/\/www.gereso.com\/actualites\/#\/schema\/person\/image\/","url":"https:\/\/www.gereso.com\/actualites\/wp-content\/uploads\/2016\/03\/damien-pean.jpg","contentUrl":"https:\/\/www.gereso.com\/actualites\/wp-content\/uploads\/2016\/03\/damien-pean.jpg","caption":"Damien P\u00e9an"},"description":"Damien P\u00c9AN est titulaire du Dipl\u00f4me d'\u00e9tudes sup\u00e9rieures comptables et financi\u00e8res (DESCF). Il intervient depuis plusieurs ann\u00e9es aupr\u00e8s d'\u00e9tudiants en licence de comptabilit\u00e9 et de gestion, \u00e0 qui il enseigne le contr\u00f4le de gestion, la comptabilit\u00e9 approfondie, le management, la fiscalit\u00e9, le droit des soci\u00e9t\u00e9s et le droit du travail. Il intervient \u00e9galement en formation continue pour le compte de divers organismes de formation sur des th\u00e9matiques techniques en comptabilit\u00e9 et fiscalit\u00e9. Il forme aussi un public de non-initi\u00e9s aux fondamentaux de la finance.","url":"https:\/\/www.gereso.com\/actualites\/author\/d-pean\/"}]}},"_links":{"self":[{"href":"https:\/\/www.gereso.com\/actualites\/wp-json\/wp\/v2\/posts\/13718","targetHints":{"allow":["GET"]}}],"collection":[{"href":"https:\/\/www.gereso.com\/actualites\/wp-json\/wp\/v2\/posts"}],"about":[{"href":"https:\/\/www.gereso.com\/actualites\/wp-json\/wp\/v2\/types\/post"}],"author":[{"embeddable":true,"href":"https:\/\/www.gereso.com\/actualites\/wp-json\/wp\/v2\/users\/45"}],"replies":[{"embeddable":true,"href":"https:\/\/www.gereso.com\/actualites\/wp-json\/wp\/v2\/comments?post=13718"}],"version-history":[{"count":5,"href":"https:\/\/www.gereso.com\/actualites\/wp-json\/wp\/v2\/posts\/13718\/revisions"}],"predecessor-version":[{"id":13727,"href":"https:\/\/www.gereso.com\/actualites\/wp-json\/wp\/v2\/posts\/13718\/revisions\/13727"}],"wp:attachment":[{"href":"https:\/\/www.gereso.com\/actualites\/wp-json\/wp\/v2\/media?parent=13718"}],"wp:term":[{"taxonomy":"category","embeddable":true,"href":"https:\/\/www.gereso.com\/actualites\/wp-json\/wp\/v2\/categories?post=13718"},{"taxonomy":"post_tag","embeddable":true,"href":"https:\/\/www.gereso.com\/actualites\/wp-json\/wp\/v2\/tags?post=13718"}],"curies":[{"name":"wp","href":"https:\/\/api.w.org\/{rel}","templated":true}]}}