{"id":1381,"date":"2010-02-18T00:00:00","date_gmt":"2010-02-17T22:00:00","guid":{"rendered":"https:\/\/www.gereso.com\/actualites\/2010\/02\/travailleurs-handicapes-plus-de-souplesse-pour-les-pme\/"},"modified":"2010-02-18T00:00:00","modified_gmt":"2010-02-17T22:00:00","slug":"travailleurs-handicapes-plus-de-souplesse-pour-les-pme","status":"publish","type":"post","link":"https:\/\/www.gereso.com\/actualites\/2010\/02\/18\/travailleurs-handicapes-plus-de-souplesse-pour-les-pme\/","title":{"rendered":"Travailleurs handicap\u00e9s : plus de souplesse pour les PME !"},"content":{"rendered":"\n<li> <b>Nouveau d\u00e9lai pour la surcontribution Agefiph: 30 juin 2010<\/b><\/li>\n<p><b><\/b>Les \u00e9tablissements qui comptent entre20 et 49 salari\u00e9s ont finalement jusqu&rsquo;au 30 juin 2010 pour r\u00e9aliserdes actions en faveur des travailleurs handicap\u00e9s. <\/p>\n<p>A l&rsquo;issue de ced\u00e9lai elles seront redevables de la surcontribution Agefiph calcul\u00e9esur la base de 1500 fois le smic horaire.<\/p>\n<h3><b>Difficult\u00e9s li\u00e9es au contexte\u00ab\u00a0exceptionnel\u00a0\u00bb<\/b><\/h3>\n<p>Ainsi, en cas de r\u00e9alisation d&rsquo;uneaction positive avant le 1er juillet 2010, l&rsquo;\u00e9tablissement nes&rsquo;acquittera, au titre de l&rsquo;Obligation d&#8217;emploi des travailleurshandicap\u00e9s, que de sa contribution \u00ab\u00a0normale\u00a0\u00bb*. <\/p>\n<p>Attention ! Ce n&rsquo;est pas une remise en cause de la disposition de laloi du 11 f\u00e9vrier 2005, \u00ab\u00a0qui constitue une avanc\u00e9eimportante pour l&rsquo;insertion professionnelle des personnes ensituation de handicap\u00a0\u00bb, indique conjointement lessecr\u00e9taires d&rsquo;\u00e9tat Laurent Wauquiez (pour l&#8217;emploi) et NadineMorano (pour la famille). \u00ab\u00a0La mise en oeuvre de cettedisposition sera appr\u00e9ci\u00e9e avec souplesse pour les \u00e9tablissementsde moins de 50 salari\u00e9s compte tenu du contexte \u00e9conomiqueexceptionnel et des difficult\u00e9s sp\u00e9cifiques qu&rsquo;ils rencontrentpour remplir leur obligation d&#8217;emploi des travailleurs handicap\u00e9s,compte tenu de leur taille \u00bb, est-ilpr\u00e9cis\u00e9.<\/p>\n<h3><b>Rappels<\/b><\/h3>\n<p>Sont consid\u00e9r\u00e9s comme actionspositives: <\/p>\n<li>l&#8217;emploi d&rsquo;un b\u00e9n\u00e9ficiaire del&rsquo;OETH en CDI, CDD, contrat d&rsquo;int\u00e9rim ou mise \u00e0 disposition,<\/li>\n<li>la conclusion d&rsquo;un contrat avec les\u00e9tablissements ou services d&rsquo;aide par le travail ou lesentreprises adapt\u00e9es,<\/li>\n<li>la conclusion d&rsquo;un accordd&rsquo;entreprise.<\/li>\n<p>A noter : l&rsquo;article L. 5212-10 duCode du travail pr\u00e9voit que les \u00e9tablissements de plus de 20salari\u00e9s, qui, pendant une p\u00e9riode sup\u00e9rieure \u00e0 trois ans n&rsquo;ontpas occup\u00e9 de b\u00e9n\u00e9ficiaires de l&rsquo;obligation d&#8217;emploi destravailleurs handicap\u00e9s, ni pass\u00e9 de contrats avec des entreprisesadapt\u00e9es ou des entreprises du secteur du travail prot\u00e9g\u00e9 ouappliqu\u00e9 un accord collectif sur l&#8217;emploi des travailleurshandicap\u00e9s, sont redevables d&rsquo;une contribution \u00e0 l&rsquo;Agefiphr\u00e9\u00e9valu\u00e9e \u00e0 1 500 fois le smic horaire.<\/p>\n<p>* \u00e9gale \u00e0 400 fois le smic horairepour les entreprises entre 20 et 199 salari\u00e9s, 500 fois le smichoraire entre 200 et 749 salari\u00e9s, et 600 fois le smic horaire \u00e0partir de 750 salari\u00e9s.<\/p>\n","protected":false},"excerpt":{"rendered":"<p>Nouveau d\u00e9lai pour la surcontribution Agefiph: 30 juin 2010 Les \u00e9tablissements qui comptent entre20 et 49 salari\u00e9s ont finalement jusqu&rsquo;au 30 juin 2010 pour r\u00e9aliserdes actions en faveur des travailleurs handicap\u00e9s. A l&rsquo;issue de ced\u00e9lai elles seront redevables de la surcontribution Agefiph calcul\u00e9esur la base de 1500 fois le smic horaire. Difficult\u00e9s li\u00e9es au contexte\u00ab\u00a0exceptionnel\u00a0\u00bb [&hellip;]<\/p>\n","protected":false},"author":32,"featured_media":0,"comment_status":"open","ping_status":"open","sticky":false,"template":"","format":"standard","meta":{"_acf_changed":false,"_mi_skip_tracking":false,"footnotes":""},"categories":[2],"tags":[],"class_list":["post-1381","post","type-post","status-publish","format-standard","hentry","category-ressources-humaines"],"acf":[],"yoast_head":"<!-- This site is optimized with the Yoast SEO plugin v23.4 - https:\/\/yoast.com\/wordpress\/plugins\/seo\/ -->\n<title>Travailleurs handicap\u00e9s : plus de souplesse pour les PME ! - Le Blog GERESO<\/title>\n<meta name=\"robots\" content=\"index, follow, max-snippet:-1, max-image-preview:large, max-video-preview:-1\" \/>\n<link rel=\"canonical\" href=\"https:\/\/www.gereso.com\/actualites\/2010\/02\/18\/travailleurs-handicapes-plus-de-souplesse-pour-les-pme\/\" \/>\n<meta property=\"og:locale\" content=\"fr_FR\" \/>\n<meta property=\"og:type\" content=\"article\" \/>\n<meta property=\"og:title\" content=\"Travailleurs handicap\u00e9s : plus de souplesse pour les PME ! - Le Blog GERESO\" \/>\n<meta property=\"og:description\" content=\"Nouveau d\u00e9lai pour la surcontribution Agefiph: 30 juin 2010 Les \u00e9tablissements qui comptent entre20 et 49 salari\u00e9s ont finalement jusqu&rsquo;au 30 juin 2010 pour r\u00e9aliserdes actions en faveur des travailleurs handicap\u00e9s. A l&rsquo;issue de ced\u00e9lai elles seront redevables de la surcontribution Agefiph calcul\u00e9esur la base de 1500 fois le smic horaire. Difficult\u00e9s li\u00e9es au contexte\u00ab\u00a0exceptionnel\u00a0\u00bb [&hellip;]\" \/>\n<meta property=\"og:url\" content=\"https:\/\/www.gereso.com\/actualites\/2010\/02\/18\/travailleurs-handicapes-plus-de-souplesse-pour-les-pme\/\" \/>\n<meta property=\"og:site_name\" content=\"Le Blog GERESO\" \/>\n<meta property=\"article:published_time\" content=\"2010-02-17T22:00:00+00:00\" \/>\n<meta name=\"author\" content=\"\u00c9quipe GERESO\" \/>\n<meta name=\"twitter:card\" content=\"summary_large_image\" \/>\n<script type=\"application\/ld+json\" class=\"yoast-schema-graph\">{\"@context\":\"https:\/\/schema.org\",\"@graph\":[{\"@type\":\"WebPage\",\"@id\":\"https:\/\/www.gereso.com\/actualites\/2010\/02\/18\/travailleurs-handicapes-plus-de-souplesse-pour-les-pme\/\",\"url\":\"https:\/\/www.gereso.com\/actualites\/2010\/02\/18\/travailleurs-handicapes-plus-de-souplesse-pour-les-pme\/\",\"name\":\"Travailleurs handicap\u00e9s : plus de souplesse pour les PME ! - Le Blog GERESO\",\"isPartOf\":{\"@id\":\"https:\/\/www.gereso.com\/actualites\/#website\"},\"datePublished\":\"2010-02-17T22:00:00+00:00\",\"dateModified\":\"2010-02-17T22:00:00+00:00\",\"author\":{\"@id\":\"https:\/\/www.gereso.com\/actualites\/#\/schema\/person\/197d8aef40cb4ae3f6a0aa9e1d3df2a6\"},\"breadcrumb\":{\"@id\":\"https:\/\/www.gereso.com\/actualites\/2010\/02\/18\/travailleurs-handicapes-plus-de-souplesse-pour-les-pme\/#breadcrumb\"},\"inLanguage\":\"fr-FR\",\"potentialAction\":[{\"@type\":\"ReadAction\",\"target\":[\"https:\/\/www.gereso.com\/actualites\/2010\/02\/18\/travailleurs-handicapes-plus-de-souplesse-pour-les-pme\/\"]}]},{\"@type\":\"BreadcrumbList\",\"@id\":\"https:\/\/www.gereso.com\/actualites\/2010\/02\/18\/travailleurs-handicapes-plus-de-souplesse-pour-les-pme\/#breadcrumb\",\"itemListElement\":[{\"@type\":\"ListItem\",\"position\":1,\"name\":\"Home\",\"item\":\"https:\/\/www.gereso.com\/actualites\/\"},{\"@type\":\"ListItem\",\"position\":2,\"name\":\"Travailleurs handicap\u00e9s : plus de souplesse pour les PME !\"}]},{\"@type\":\"WebSite\",\"@id\":\"https:\/\/www.gereso.com\/actualites\/#website\",\"url\":\"https:\/\/www.gereso.com\/actualites\/\",\"name\":\"Le Blog GERESO\",\"description\":\"Toute l&#039;actu RH, Finance, Fonction Publique, Management...\",\"potentialAction\":[{\"@type\":\"SearchAction\",\"target\":{\"@type\":\"EntryPoint\",\"urlTemplate\":\"https:\/\/www.gereso.com\/actualites\/?s={search_term_string}\"},\"query-input\":{\"@type\":\"PropertyValueSpecification\",\"valueRequired\":true,\"valueName\":\"search_term_string\"}}],\"inLanguage\":\"fr-FR\"},{\"@type\":\"Person\",\"@id\":\"https:\/\/www.gereso.com\/actualites\/#\/schema\/person\/197d8aef40cb4ae3f6a0aa9e1d3df2a6\",\"name\":\"\u00c9quipe GERESO\",\"image\":{\"@type\":\"ImageObject\",\"inLanguage\":\"fr-FR\",\"@id\":\"https:\/\/www.gereso.com\/actualites\/#\/schema\/person\/image\/\",\"url\":\"https:\/\/www.gereso.com\/actualites\/wp-content\/uploads\/2013\/12\/avatar-gereso-1.png\",\"contentUrl\":\"https:\/\/www.gereso.com\/actualites\/wp-content\/uploads\/2013\/12\/avatar-gereso-1.png\",\"caption\":\"\u00c9quipe GERESO\"},\"url\":\"https:\/\/www.gereso.com\/actualites\/author\/gereso\/\"}]}<\/script>\n<!-- \/ Yoast SEO plugin. -->","yoast_head_json":{"title":"Travailleurs handicap\u00e9s : plus de souplesse pour les PME ! - Le Blog GERESO","robots":{"index":"index","follow":"follow","max-snippet":"max-snippet:-1","max-image-preview":"max-image-preview:large","max-video-preview":"max-video-preview:-1"},"canonical":"https:\/\/www.gereso.com\/actualites\/2010\/02\/18\/travailleurs-handicapes-plus-de-souplesse-pour-les-pme\/","og_locale":"fr_FR","og_type":"article","og_title":"Travailleurs handicap\u00e9s : plus de souplesse pour les PME ! - Le Blog GERESO","og_description":"Nouveau d\u00e9lai pour la surcontribution Agefiph: 30 juin 2010 Les \u00e9tablissements qui comptent entre20 et 49 salari\u00e9s ont finalement jusqu&rsquo;au 30 juin 2010 pour r\u00e9aliserdes actions en faveur des travailleurs handicap\u00e9s. A l&rsquo;issue de ced\u00e9lai elles seront redevables de la surcontribution Agefiph calcul\u00e9esur la base de 1500 fois le smic horaire. Difficult\u00e9s li\u00e9es au contexte\u00ab\u00a0exceptionnel\u00a0\u00bb [&hellip;]","og_url":"https:\/\/www.gereso.com\/actualites\/2010\/02\/18\/travailleurs-handicapes-plus-de-souplesse-pour-les-pme\/","og_site_name":"Le Blog GERESO","article_published_time":"2010-02-17T22:00:00+00:00","author":"\u00c9quipe GERESO","twitter_card":"summary_large_image","schema":{"@context":"https:\/\/schema.org","@graph":[{"@type":"WebPage","@id":"https:\/\/www.gereso.com\/actualites\/2010\/02\/18\/travailleurs-handicapes-plus-de-souplesse-pour-les-pme\/","url":"https:\/\/www.gereso.com\/actualites\/2010\/02\/18\/travailleurs-handicapes-plus-de-souplesse-pour-les-pme\/","name":"Travailleurs handicap\u00e9s : plus de souplesse pour les PME ! - Le Blog GERESO","isPartOf":{"@id":"https:\/\/www.gereso.com\/actualites\/#website"},"datePublished":"2010-02-17T22:00:00+00:00","dateModified":"2010-02-17T22:00:00+00:00","author":{"@id":"https:\/\/www.gereso.com\/actualites\/#\/schema\/person\/197d8aef40cb4ae3f6a0aa9e1d3df2a6"},"breadcrumb":{"@id":"https:\/\/www.gereso.com\/actualites\/2010\/02\/18\/travailleurs-handicapes-plus-de-souplesse-pour-les-pme\/#breadcrumb"},"inLanguage":"fr-FR","potentialAction":[{"@type":"ReadAction","target":["https:\/\/www.gereso.com\/actualites\/2010\/02\/18\/travailleurs-handicapes-plus-de-souplesse-pour-les-pme\/"]}]},{"@type":"BreadcrumbList","@id":"https:\/\/www.gereso.com\/actualites\/2010\/02\/18\/travailleurs-handicapes-plus-de-souplesse-pour-les-pme\/#breadcrumb","itemListElement":[{"@type":"ListItem","position":1,"name":"Home","item":"https:\/\/www.gereso.com\/actualites\/"},{"@type":"ListItem","position":2,"name":"Travailleurs handicap\u00e9s : plus de souplesse pour les PME !"}]},{"@type":"WebSite","@id":"https:\/\/www.gereso.com\/actualites\/#website","url":"https:\/\/www.gereso.com\/actualites\/","name":"Le Blog GERESO","description":"Toute l&#039;actu RH, Finance, Fonction Publique, Management...","potentialAction":[{"@type":"SearchAction","target":{"@type":"EntryPoint","urlTemplate":"https:\/\/www.gereso.com\/actualites\/?s={search_term_string}"},"query-input":{"@type":"PropertyValueSpecification","valueRequired":true,"valueName":"search_term_string"}}],"inLanguage":"fr-FR"},{"@type":"Person","@id":"https:\/\/www.gereso.com\/actualites\/#\/schema\/person\/197d8aef40cb4ae3f6a0aa9e1d3df2a6","name":"\u00c9quipe GERESO","image":{"@type":"ImageObject","inLanguage":"fr-FR","@id":"https:\/\/www.gereso.com\/actualites\/#\/schema\/person\/image\/","url":"https:\/\/www.gereso.com\/actualites\/wp-content\/uploads\/2013\/12\/avatar-gereso-1.png","contentUrl":"https:\/\/www.gereso.com\/actualites\/wp-content\/uploads\/2013\/12\/avatar-gereso-1.png","caption":"\u00c9quipe GERESO"},"url":"https:\/\/www.gereso.com\/actualites\/author\/gereso\/"}]}},"_links":{"self":[{"href":"https:\/\/www.gereso.com\/actualites\/wp-json\/wp\/v2\/posts\/1381","targetHints":{"allow":["GET"]}}],"collection":[{"href":"https:\/\/www.gereso.com\/actualites\/wp-json\/wp\/v2\/posts"}],"about":[{"href":"https:\/\/www.gereso.com\/actualites\/wp-json\/wp\/v2\/types\/post"}],"author":[{"embeddable":true,"href":"https:\/\/www.gereso.com\/actualites\/wp-json\/wp\/v2\/users\/32"}],"replies":[{"embeddable":true,"href":"https:\/\/www.gereso.com\/actualites\/wp-json\/wp\/v2\/comments?post=1381"}],"version-history":[{"count":0,"href":"https:\/\/www.gereso.com\/actualites\/wp-json\/wp\/v2\/posts\/1381\/revisions"}],"wp:attachment":[{"href":"https:\/\/www.gereso.com\/actualites\/wp-json\/wp\/v2\/media?parent=1381"}],"wp:term":[{"taxonomy":"category","embeddable":true,"href":"https:\/\/www.gereso.com\/actualites\/wp-json\/wp\/v2\/categories?post=1381"},{"taxonomy":"post_tag","embeddable":true,"href":"https:\/\/www.gereso.com\/actualites\/wp-json\/wp\/v2\/tags?post=1381"}],"curies":[{"name":"wp","href":"https:\/\/api.w.org\/{rel}","templated":true}]}}