{"id":1382,"date":"2010-03-10T00:00:00","date_gmt":"2010-03-09T22:00:00","guid":{"rendered":"https:\/\/www.gereso.com\/actualites\/2010\/03\/conge-parental-la-directive-est-adoptee\/"},"modified":"2010-03-10T00:00:00","modified_gmt":"2010-03-09T22:00:00","slug":"conge-parental-la-directive-est-adoptee","status":"publish","type":"post","link":"https:\/\/www.gereso.com\/actualites\/2010\/03\/10\/conge-parental-la-directive-est-adoptee\/","title":{"rendered":"Cong\u00e9 parental : la directive est adopt\u00e9e"},"content":{"rendered":"\n<li><b>Un mois de plus pour le cong\u00e9<\/b><\/li>\n<li><b>Des mesures pour \u00ab\u00a0inciter les p\u00e8res \u00e0 le prendre\u00a0\u00bb <\/b><\/li>\n<li><b>Encore des questions \u00e0 trancher<\/b><\/li>\n<p>Le Conseil des ministres europ\u00e9ens charg\u00e9s de l&rsquo;Emploi et dela Politique sociale a adopt\u00e9 d\u00e9finitivement le 8 mars, la directive sur lecong\u00e9 parental. Ainsi, le nouveau texte consacre \u00ab\u00a0le droit individueldes travailleurs \u00e0 b\u00e9n\u00e9ficier d&rsquo;un cong\u00e9 parental pour pouvoir s&rsquo;occuper deleur enfant, biologique ou adoptif, jusqu&rsquo;\u00e0 un \u00e2ge d\u00e9termin\u00e9, pouvant allerjusqu&rsquo;\u00e0 huit ans\u00a0\u00bb, est-il indiqu\u00e9dans le quotidien Liaisons sociales dat\u00e9 du 10 mars. Cet \u00e2ge limite est \u00e0d\u00e9finir par les \u00c9tats membres et\/ou les partenaires sociaux.<\/p>\n<h3><b>Les points essentiels<\/b><\/h3>\n<li>\n<p>La dur\u00e9e minimale du cong\u00e9 est port\u00e9e \u00e0 <b>4 mois<\/b>. A noter qu&rsquo;il \u00e9tait fix\u00e9 \u00e0 3 mois par l&rsquo;accord de 1995.<\/p>\n<\/li>\n<li>\n<p>Le texte mentionne qu&rsquo;au moins un des quatre mois <b>ne peut \u00eatre transf\u00e9r\u00e9<\/b>. En clair, ce dernier est perdu s&rsquo;il n&rsquo;est pas pris. Cette mesure viserait \u00e0 inciter les p\u00e8res \u00e0 prendre leur cong\u00e9.<\/p>\n<\/li>\n<li>\n<p>Les modalit\u00e9s d&rsquo;application du cong\u00e9 parental sont <b>d\u00e9finies par les \u00c9tats membres et\/ou les partenaires sociaux<\/b>. Ils peuvent notamment d\u00e9cider d&rsquo;accorder le cong\u00e9 parental \u00e0 temps plein, \u00e0 temps partiel, de mani\u00e8re fragment\u00e9e ou sous forme d&rsquo;un cr\u00e9dit-temps, en tenant compte des besoins des employeurs et des travailleurs.<\/p>\n<\/li>\n<li>\n<p>Les nouvelles dispositions s&rsquo;appliquent \u00e0 <b>tous les travailleurs<\/b>, <b>hommes ou femmes,<\/b> ayant un contrat ou une relation de travail d\u00e9finie par la l\u00e9gislation, les conventions collectives et\/ou la pratique en vigueur dans chaque \u00c9tat membre. Les travailleurs \u00e0 temps partiel, \u00e0 dur\u00e9e d\u00e9termin\u00e9e et les int\u00e9rimaires ne peuvent donc \u00eatre priv\u00e9s du droit au cong\u00e9 parental.<\/p>\n<\/li>\n<li>\n<p>S&rsquo;agissant des <b>conditions d&rsquo;acc\u00e8s<\/b> au cong\u00e9 parental, les \u00c9tats membres et\/ou les partenaires sociaux peuvent subordonner le droit au cong\u00e9 parental \u00e0 une p\u00e9riode de travail et\/ou d&rsquo;anciennet\u00e9 qui <b>ne peut d\u00e9passer un an<\/b>. <br \/>Il est pr\u00e9cis\u00e9 qu&rsquo;il doit \u00eatretenu compte, pour calculer cette p\u00e9riode, de la dur\u00e9e totale des contratssuccessifs \u00e0 dur\u00e9e d\u00e9termin\u00e9e avec le m\u00eame employeur.<\/p>\n<\/li>\n<li>\n<p><b>La question de la r\u00e9mun\u00e9ration due pendant le cong\u00e9 n&rsquo;est pas tranch\u00e9e<\/b>. Elle devra \u00eatre d\u00e9termin\u00e9e par les \u00c9tats membres et\/ou les partenaires sociaux, en tenant compte du r\u00f4le du revenu (notamment), dans la prise du cong\u00e9. <\/p>\n<\/li>\n<li>\n<p>Les mesures n\u00e9cessaires pour prot\u00e9ger les travailleurs ayant demand\u00e9 ou pris un cong\u00e9 parental non seulement contre le licenciement, mais aussi contre le traitement moins favorable, doivent \u00eatre d\u00e9termin\u00e9es au niveau national.<\/p>\n<\/li>\n<li>\n<p>Le nouveau texte reprend les dispositions de l&rsquo;accord de 1995, selon lesquelles \u00e0 l&rsquo;issue du cong\u00e9 parental, le travailleur a le <b>droit de retrouver son poste de travail<\/b> ou, en cas d&rsquo;impossibilit\u00e9, un travail \u00e9quivalent ou similaire conforme \u00e0 son contrat ou \u00e0 sa relation de travail. <\/p>\n<\/li>\n<h3><b>Deux ans pour transposer la directive <\/b><\/h3>\n<p>Le nouveau texte <b>doit \u00eatre prochainement publi\u00e9 auJournal officiel de l&rsquo;Union europ\u00e9enne<\/b>.Les \u00c9tats membres de l&rsquo;UE disposent de <b>deux ans<\/b> pour transposer la directive dans leur droitnational.<\/p>\n<p>Ce texte permet l&rsquo;application de l&rsquo;accord-cadre europ\u00e9en du18 juin2009 sur le sujet. Il s&rsquo;agit de la r\u00e9vision de la directivecommunautaire 96-34 du 3juin 1996, reprenant l&rsquo;accord-cadre europ\u00e9en du 14d\u00e9cembre 1995.<\/p>\n<p>(Source Liaisons sociales Quotidien, 10 mars 2010)<\/p>\n","protected":false},"excerpt":{"rendered":"<p>Un mois de plus pour le cong\u00e9 Des mesures pour \u00ab\u00a0inciter les p\u00e8res \u00e0 le prendre\u00a0\u00bb Encore des questions \u00e0 trancher Le Conseil des ministres europ\u00e9ens charg\u00e9s de l&rsquo;Emploi et dela Politique sociale a adopt\u00e9 d\u00e9finitivement le 8 mars, la directive sur lecong\u00e9 parental. Ainsi, le nouveau texte consacre \u00ab\u00a0le droit individueldes travailleurs \u00e0 b\u00e9n\u00e9ficier [&hellip;]<\/p>\n","protected":false},"author":32,"featured_media":0,"comment_status":"open","ping_status":"open","sticky":false,"template":"","format":"standard","meta":{"_acf_changed":false,"_mi_skip_tracking":false,"footnotes":""},"categories":[2],"tags":[],"class_list":["post-1382","post","type-post","status-publish","format-standard","hentry","category-ressources-humaines"],"acf":[],"yoast_head":"<!-- This site is optimized with the Yoast SEO plugin v23.4 - https:\/\/yoast.com\/wordpress\/plugins\/seo\/ -->\n<title>Cong\u00e9 parental : la directive est adopt\u00e9e - Le Blog GERESO<\/title>\n<meta name=\"robots\" content=\"index, follow, max-snippet:-1, max-image-preview:large, max-video-preview:-1\" \/>\n<link rel=\"canonical\" href=\"https:\/\/www.gereso.com\/actualites\/2010\/03\/10\/conge-parental-la-directive-est-adoptee\/\" \/>\n<meta property=\"og:locale\" content=\"fr_FR\" \/>\n<meta property=\"og:type\" content=\"article\" \/>\n<meta property=\"og:title\" content=\"Cong\u00e9 parental : la directive est adopt\u00e9e - Le Blog GERESO\" \/>\n<meta property=\"og:description\" content=\"Un mois de plus pour le cong\u00e9 Des mesures pour \u00ab\u00a0inciter les p\u00e8res \u00e0 le prendre\u00a0\u00bb Encore des questions \u00e0 trancher Le Conseil des ministres europ\u00e9ens charg\u00e9s de l&rsquo;Emploi et dela Politique sociale a adopt\u00e9 d\u00e9finitivement le 8 mars, la directive sur lecong\u00e9 parental. Ainsi, le nouveau texte consacre \u00ab\u00a0le droit individueldes travailleurs \u00e0 b\u00e9n\u00e9ficier [&hellip;]\" \/>\n<meta property=\"og:url\" content=\"https:\/\/www.gereso.com\/actualites\/2010\/03\/10\/conge-parental-la-directive-est-adoptee\/\" \/>\n<meta property=\"og:site_name\" content=\"Le Blog GERESO\" \/>\n<meta property=\"article:published_time\" content=\"2010-03-09T22:00:00+00:00\" \/>\n<meta name=\"author\" content=\"\u00c9quipe GERESO\" \/>\n<meta name=\"twitter:card\" content=\"summary_large_image\" \/>\n<script type=\"application\/ld+json\" class=\"yoast-schema-graph\">{\"@context\":\"https:\/\/schema.org\",\"@graph\":[{\"@type\":\"WebPage\",\"@id\":\"https:\/\/www.gereso.com\/actualites\/2010\/03\/10\/conge-parental-la-directive-est-adoptee\/\",\"url\":\"https:\/\/www.gereso.com\/actualites\/2010\/03\/10\/conge-parental-la-directive-est-adoptee\/\",\"name\":\"Cong\u00e9 parental : la directive est adopt\u00e9e - Le Blog GERESO\",\"isPartOf\":{\"@id\":\"https:\/\/www.gereso.com\/actualites\/#website\"},\"datePublished\":\"2010-03-09T22:00:00+00:00\",\"dateModified\":\"2010-03-09T22:00:00+00:00\",\"author\":{\"@id\":\"https:\/\/www.gereso.com\/actualites\/#\/schema\/person\/197d8aef40cb4ae3f6a0aa9e1d3df2a6\"},\"breadcrumb\":{\"@id\":\"https:\/\/www.gereso.com\/actualites\/2010\/03\/10\/conge-parental-la-directive-est-adoptee\/#breadcrumb\"},\"inLanguage\":\"fr-FR\",\"potentialAction\":[{\"@type\":\"ReadAction\",\"target\":[\"https:\/\/www.gereso.com\/actualites\/2010\/03\/10\/conge-parental-la-directive-est-adoptee\/\"]}]},{\"@type\":\"BreadcrumbList\",\"@id\":\"https:\/\/www.gereso.com\/actualites\/2010\/03\/10\/conge-parental-la-directive-est-adoptee\/#breadcrumb\",\"itemListElement\":[{\"@type\":\"ListItem\",\"position\":1,\"name\":\"Home\",\"item\":\"https:\/\/www.gereso.com\/actualites\/\"},{\"@type\":\"ListItem\",\"position\":2,\"name\":\"Cong\u00e9 parental : la directive est adopt\u00e9e\"}]},{\"@type\":\"WebSite\",\"@id\":\"https:\/\/www.gereso.com\/actualites\/#website\",\"url\":\"https:\/\/www.gereso.com\/actualites\/\",\"name\":\"Le Blog GERESO\",\"description\":\"Toute l&#039;actu RH, Finance, Fonction Publique, Management...\",\"potentialAction\":[{\"@type\":\"SearchAction\",\"target\":{\"@type\":\"EntryPoint\",\"urlTemplate\":\"https:\/\/www.gereso.com\/actualites\/?s={search_term_string}\"},\"query-input\":{\"@type\":\"PropertyValueSpecification\",\"valueRequired\":true,\"valueName\":\"search_term_string\"}}],\"inLanguage\":\"fr-FR\"},{\"@type\":\"Person\",\"@id\":\"https:\/\/www.gereso.com\/actualites\/#\/schema\/person\/197d8aef40cb4ae3f6a0aa9e1d3df2a6\",\"name\":\"\u00c9quipe GERESO\",\"image\":{\"@type\":\"ImageObject\",\"inLanguage\":\"fr-FR\",\"@id\":\"https:\/\/www.gereso.com\/actualites\/#\/schema\/person\/image\/\",\"url\":\"https:\/\/www.gereso.com\/actualites\/wp-content\/uploads\/2013\/12\/avatar-gereso-1.png\",\"contentUrl\":\"https:\/\/www.gereso.com\/actualites\/wp-content\/uploads\/2013\/12\/avatar-gereso-1.png\",\"caption\":\"\u00c9quipe GERESO\"},\"url\":\"https:\/\/www.gereso.com\/actualites\/author\/gereso\/\"}]}<\/script>\n<!-- \/ Yoast SEO plugin. -->","yoast_head_json":{"title":"Cong\u00e9 parental : la directive est adopt\u00e9e - Le Blog GERESO","robots":{"index":"index","follow":"follow","max-snippet":"max-snippet:-1","max-image-preview":"max-image-preview:large","max-video-preview":"max-video-preview:-1"},"canonical":"https:\/\/www.gereso.com\/actualites\/2010\/03\/10\/conge-parental-la-directive-est-adoptee\/","og_locale":"fr_FR","og_type":"article","og_title":"Cong\u00e9 parental : la directive est adopt\u00e9e - Le Blog GERESO","og_description":"Un mois de plus pour le cong\u00e9 Des mesures pour \u00ab\u00a0inciter les p\u00e8res \u00e0 le prendre\u00a0\u00bb Encore des questions \u00e0 trancher Le Conseil des ministres europ\u00e9ens charg\u00e9s de l&rsquo;Emploi et dela Politique sociale a adopt\u00e9 d\u00e9finitivement le 8 mars, la directive sur lecong\u00e9 parental. Ainsi, le nouveau texte consacre \u00ab\u00a0le droit individueldes travailleurs \u00e0 b\u00e9n\u00e9ficier [&hellip;]","og_url":"https:\/\/www.gereso.com\/actualites\/2010\/03\/10\/conge-parental-la-directive-est-adoptee\/","og_site_name":"Le Blog GERESO","article_published_time":"2010-03-09T22:00:00+00:00","author":"\u00c9quipe GERESO","twitter_card":"summary_large_image","schema":{"@context":"https:\/\/schema.org","@graph":[{"@type":"WebPage","@id":"https:\/\/www.gereso.com\/actualites\/2010\/03\/10\/conge-parental-la-directive-est-adoptee\/","url":"https:\/\/www.gereso.com\/actualites\/2010\/03\/10\/conge-parental-la-directive-est-adoptee\/","name":"Cong\u00e9 parental : la directive est adopt\u00e9e - Le Blog GERESO","isPartOf":{"@id":"https:\/\/www.gereso.com\/actualites\/#website"},"datePublished":"2010-03-09T22:00:00+00:00","dateModified":"2010-03-09T22:00:00+00:00","author":{"@id":"https:\/\/www.gereso.com\/actualites\/#\/schema\/person\/197d8aef40cb4ae3f6a0aa9e1d3df2a6"},"breadcrumb":{"@id":"https:\/\/www.gereso.com\/actualites\/2010\/03\/10\/conge-parental-la-directive-est-adoptee\/#breadcrumb"},"inLanguage":"fr-FR","potentialAction":[{"@type":"ReadAction","target":["https:\/\/www.gereso.com\/actualites\/2010\/03\/10\/conge-parental-la-directive-est-adoptee\/"]}]},{"@type":"BreadcrumbList","@id":"https:\/\/www.gereso.com\/actualites\/2010\/03\/10\/conge-parental-la-directive-est-adoptee\/#breadcrumb","itemListElement":[{"@type":"ListItem","position":1,"name":"Home","item":"https:\/\/www.gereso.com\/actualites\/"},{"@type":"ListItem","position":2,"name":"Cong\u00e9 parental : la directive est adopt\u00e9e"}]},{"@type":"WebSite","@id":"https:\/\/www.gereso.com\/actualites\/#website","url":"https:\/\/www.gereso.com\/actualites\/","name":"Le Blog GERESO","description":"Toute l&#039;actu RH, Finance, Fonction Publique, Management...","potentialAction":[{"@type":"SearchAction","target":{"@type":"EntryPoint","urlTemplate":"https:\/\/www.gereso.com\/actualites\/?s={search_term_string}"},"query-input":{"@type":"PropertyValueSpecification","valueRequired":true,"valueName":"search_term_string"}}],"inLanguage":"fr-FR"},{"@type":"Person","@id":"https:\/\/www.gereso.com\/actualites\/#\/schema\/person\/197d8aef40cb4ae3f6a0aa9e1d3df2a6","name":"\u00c9quipe GERESO","image":{"@type":"ImageObject","inLanguage":"fr-FR","@id":"https:\/\/www.gereso.com\/actualites\/#\/schema\/person\/image\/","url":"https:\/\/www.gereso.com\/actualites\/wp-content\/uploads\/2013\/12\/avatar-gereso-1.png","contentUrl":"https:\/\/www.gereso.com\/actualites\/wp-content\/uploads\/2013\/12\/avatar-gereso-1.png","caption":"\u00c9quipe GERESO"},"url":"https:\/\/www.gereso.com\/actualites\/author\/gereso\/"}]}},"_links":{"self":[{"href":"https:\/\/www.gereso.com\/actualites\/wp-json\/wp\/v2\/posts\/1382","targetHints":{"allow":["GET"]}}],"collection":[{"href":"https:\/\/www.gereso.com\/actualites\/wp-json\/wp\/v2\/posts"}],"about":[{"href":"https:\/\/www.gereso.com\/actualites\/wp-json\/wp\/v2\/types\/post"}],"author":[{"embeddable":true,"href":"https:\/\/www.gereso.com\/actualites\/wp-json\/wp\/v2\/users\/32"}],"replies":[{"embeddable":true,"href":"https:\/\/www.gereso.com\/actualites\/wp-json\/wp\/v2\/comments?post=1382"}],"version-history":[{"count":0,"href":"https:\/\/www.gereso.com\/actualites\/wp-json\/wp\/v2\/posts\/1382\/revisions"}],"wp:attachment":[{"href":"https:\/\/www.gereso.com\/actualites\/wp-json\/wp\/v2\/media?parent=1382"}],"wp:term":[{"taxonomy":"category","embeddable":true,"href":"https:\/\/www.gereso.com\/actualites\/wp-json\/wp\/v2\/categories?post=1382"},{"taxonomy":"post_tag","embeddable":true,"href":"https:\/\/www.gereso.com\/actualites\/wp-json\/wp\/v2\/tags?post=1382"}],"curies":[{"name":"wp","href":"https:\/\/api.w.org\/{rel}","templated":true}]}}