{"id":13851,"date":"2020-02-28T11:25:39","date_gmt":"2020-02-28T09:25:39","guid":{"rendered":"https:\/\/www.gereso.com\/actualites\/?p=13851"},"modified":"2020-02-28T11:25:41","modified_gmt":"2020-02-28T09:25:41","slug":"declarations-de-resultats-pour-le-20-mai-2020","status":"publish","type":"post","link":"https:\/\/www.gereso.com\/actualites\/2020\/02\/28\/declarations-de-resultats-pour-le-20-mai-2020\/","title":{"rendered":"D\u00e9clarations de r\u00e9sultats pour le 20 mai 2020"},"content":{"rendered":"\n<p>La date de d\u00e9p\u00f4t des d\u00e9clarations de r\u00e9sultats pour les exercices clos au 31 d\u00e9cembre 2019 est fix\u00e9e au <strong>5 mai 2020<\/strong>, voire au <strong>20 mai en cas de t\u00e9l\u00e9proc\u00e9dure<\/strong>.<\/p>\n\n\n\n<h2 class=\"wp-block-heading\"><strong>Une \u00e9ch\u00e9ance au 20 mai 2020<\/strong><\/h2>\n\n\n\n<p>Tous les ans, une part importante des professionnels ont l\u2019obligation\nde d\u00e9poser leur <strong>liasse fiscale<\/strong> et leur <strong>d\u00e9claration de r\u00e9sultats<\/strong>\nau plus tard pour le 2<sup>\u00e8me<\/sup> jour ouvr\u00e9 suivant le 1<sup>er<\/sup> mai,\nsoit le 5 mai 2020 cette ann\u00e9e. <\/p>\n\n\n\n<p>En outre, un d\u00e9lai suppl\u00e9mentaire de 15 jours calendaires\napplicable automatiquement chaque ann\u00e9e est octroy\u00e9 pour les utilisateurs de <strong>t\u00e9l\u00e9proc\u00e9dures<\/strong>.\nLe d\u00e9p\u00f4t par t\u00e9l\u00e9transmission est obligatoire pour toutes les entreprises, quel\nque soit leur forme ou leur chiffre d\u2019affaires. Le d\u00e9lai est donc port\u00e9 pour\ntoutes ces entreprises au <strong>20 mai 2020<\/strong>. <\/p>\n\n\n\n<p>Sont concern\u00e9es par cette \u00e9ch\u00e9ance&nbsp;:<\/p>\n\n\n\n<ul class=\"wp-block-list\"><li>Les professionnels dont les b\u00e9n\u00e9fices sont\nimposables \u00e0 <strong>l\u2019imp\u00f4t sur le revenu<\/strong> dans la cat\u00e9gorie BIC (b\u00e9n\u00e9fices\nindustriels et commerciaux), BNC (b\u00e9n\u00e9fices non commerciaux) et BA (b\u00e9n\u00e9fices\nagricoles), quelle que soit leur date de <strong>cl\u00f4ture en 2019<\/strong><\/li><li>Les soci\u00e9t\u00e9s soumises \u00e0 <strong>l\u2019imp\u00f4t sur les\nsoci\u00e9t\u00e9s<\/strong> qui ont cl\u00f4tur\u00e9 leurs comptes annuels au <strong>31 d\u00e9cembre 2019<\/strong>.<\/li><\/ul>\n\n\n\n<p>On rappelle que les micro-entrepreneurs sont dispens\u00e9s de\nd\u00e9poser une d\u00e9claration de r\u00e9sultats.<\/p>\n\n\n\n<h2 class=\"wp-block-heading\"><strong>\u00c9ch\u00e9ances de la d\u00e9claration de revenus<\/strong><\/h2>\n\n\n\n<p>L\u2019administration fiscale vient de rappeler cette \u00e9ch\u00e9ance du 5 mai, \u00e9ventuellement major\u00e9e de 15 jours <a href=\"https:\/\/www.impots.gouv.fr\/portail\/actualite\/date-limite-de-depot-des-declarations-de-resultat-des-professionnels-soumis-limpot-sur-le\">(actualit\u00e9 impots.gouv.fr du 21 f\u00e9vrier 2020<\/a>). Cette publication mentionne \u00e9galement un ajustement des r\u00e8gles d\u2019\u00e9ch\u00e9ance pour le d\u00e9p\u00f4t de la <strong>d\u00e9claration des revenus<\/strong>.<\/p>\n\n\n\n<p>L\u2019article 155 de la <strong>loi de finances pour 2020<\/strong> fixe\nd\u00e9sormais la date d\u2019\u00e9ch\u00e9ance de droit commun au 2<sup>\u00e8me<\/sup> jour ouvr\u00e9\nsuivant le 1<sup>er<\/sup> avril (<strong>3 avril<\/strong> pour la campagne 2020). L\u2019administration\nfiscale conserve n\u00e9anmoins le droit de reporter cette \u00e9ch\u00e9ance sans pouvoir d\u00e9passer\nla date du 1<sup>er<\/sup> juillet.<\/p>\n\n\n\n<p>L\u2019administration pr\u00e9cise n\u00e9anmoins que cette nouvelle\n\u00e9ch\u00e9ance ne s\u2019applique pas aux d\u00e9clarations des r\u00e9sultats des professionnels\n(\u00e9ch\u00e9ance du 5 ou 20 mai).<\/p>\n\n\n\n<p>Des d\u00e9lais suppl\u00e9mentaires peuvent \u00eatre pr\u00e9vus pour les\nd\u00e9clarations r\u00e9alis\u00e9es par <strong>voie \u00e9lectronique<\/strong>. Chaque ann\u00e9e, l\u2019administration\nfixe un \u00e9ch\u00e9ancier autour du mois de mai pour les d\u00e9clarations en ligne avec\ndes dates diff\u00e9rentes selon le d\u00e9partement de r\u00e9sidence du foyer fiscal. <\/p>\n","protected":false},"excerpt":{"rendered":"<p>La date de d\u00e9p\u00f4t des d\u00e9clarations de r\u00e9sultats pour les exercices clos au 31 d\u00e9cembre 2019 est fix\u00e9e au 5 mai 2020, voire au 20 mai en cas de t\u00e9l\u00e9proc\u00e9dure. Une \u00e9ch\u00e9ance au 20 mai 2020 Tous les ans, une part importante des professionnels ont l\u2019obligation de d\u00e9poser leur liasse fiscale et leur d\u00e9claration de [&hellip;]<\/p>\n","protected":false},"author":45,"featured_media":0,"comment_status":"open","ping_status":"open","sticky":false,"template":"","format":"quote","meta":{"_acf_changed":false,"_mi_skip_tracking":false,"footnotes":""},"categories":[12,3],"tags":[1079,1441,1039,874],"class_list":["post-13851","post","type-post","status-publish","format-quote","hentry","category-actualites","category-comptabilite-fiscalite-et-gestion-financiere","tag-declaration-de-resultats","tag-declaration-des-revenus","tag-impot-sur-le-revenu","tag-impot-sur-les-societes","post_format-post-format-quote"],"acf":[],"yoast_head":"<!-- This site is optimized with the Yoast SEO plugin v23.4 - https:\/\/yoast.com\/wordpress\/plugins\/seo\/ -->\n<title>D\u00e9clarations de r\u00e9sultats pour le 20 mai 2020 - Le Blog GERESO<\/title>\n<meta name=\"robots\" content=\"index, follow, max-snippet:-1, max-image-preview:large, max-video-preview:-1\" \/>\n<link rel=\"canonical\" href=\"https:\/\/www.gereso.com\/actualites\/2020\/02\/28\/declarations-de-resultats-pour-le-20-mai-2020\/\" \/>\n<meta property=\"og:locale\" content=\"fr_FR\" \/>\n<meta property=\"og:type\" content=\"article\" \/>\n<meta property=\"og:title\" content=\"D\u00e9clarations de r\u00e9sultats pour le 20 mai 2020 - Le Blog GERESO\" \/>\n<meta property=\"og:description\" content=\"La date de d\u00e9p\u00f4t des d\u00e9clarations de r\u00e9sultats pour les exercices clos au 31 d\u00e9cembre 2019 est fix\u00e9e au 5 mai 2020, voire au 20 mai en cas de t\u00e9l\u00e9proc\u00e9dure. Une \u00e9ch\u00e9ance au 20 mai 2020 Tous les ans, une part importante des professionnels ont l\u2019obligation de d\u00e9poser leur liasse fiscale et leur d\u00e9claration de [&hellip;]\" \/>\n<meta property=\"og:url\" content=\"https:\/\/www.gereso.com\/actualites\/2020\/02\/28\/declarations-de-resultats-pour-le-20-mai-2020\/\" \/>\n<meta property=\"og:site_name\" content=\"Le Blog GERESO\" \/>\n<meta property=\"article:published_time\" content=\"2020-02-28T09:25:39+00:00\" \/>\n<meta property=\"article:modified_time\" content=\"2020-02-28T09:25:41+00:00\" \/>\n<meta name=\"author\" content=\"Damien P\u00e9an\" \/>\n<meta name=\"twitter:card\" content=\"summary_large_image\" \/>\n<script type=\"application\/ld+json\" class=\"yoast-schema-graph\">{\"@context\":\"https:\/\/schema.org\",\"@graph\":[{\"@type\":\"WebPage\",\"@id\":\"https:\/\/www.gereso.com\/actualites\/2020\/02\/28\/declarations-de-resultats-pour-le-20-mai-2020\/\",\"url\":\"https:\/\/www.gereso.com\/actualites\/2020\/02\/28\/declarations-de-resultats-pour-le-20-mai-2020\/\",\"name\":\"D\u00e9clarations de r\u00e9sultats pour le 20 mai 2020 - Le Blog GERESO\",\"isPartOf\":{\"@id\":\"https:\/\/www.gereso.com\/actualites\/#website\"},\"datePublished\":\"2020-02-28T09:25:39+00:00\",\"dateModified\":\"2020-02-28T09:25:41+00:00\",\"author\":{\"@id\":\"https:\/\/www.gereso.com\/actualites\/#\/schema\/person\/c91814f92d627ed4715993fbbf7c7e8d\"},\"breadcrumb\":{\"@id\":\"https:\/\/www.gereso.com\/actualites\/2020\/02\/28\/declarations-de-resultats-pour-le-20-mai-2020\/#breadcrumb\"},\"inLanguage\":\"fr-FR\",\"potentialAction\":[{\"@type\":\"ReadAction\",\"target\":[\"https:\/\/www.gereso.com\/actualites\/2020\/02\/28\/declarations-de-resultats-pour-le-20-mai-2020\/\"]}]},{\"@type\":\"BreadcrumbList\",\"@id\":\"https:\/\/www.gereso.com\/actualites\/2020\/02\/28\/declarations-de-resultats-pour-le-20-mai-2020\/#breadcrumb\",\"itemListElement\":[{\"@type\":\"ListItem\",\"position\":1,\"name\":\"Home\",\"item\":\"https:\/\/www.gereso.com\/actualites\/\"},{\"@type\":\"ListItem\",\"position\":2,\"name\":\"D\u00e9clarations de r\u00e9sultats pour le 20 mai 2020\"}]},{\"@type\":\"WebSite\",\"@id\":\"https:\/\/www.gereso.com\/actualites\/#website\",\"url\":\"https:\/\/www.gereso.com\/actualites\/\",\"name\":\"Le Blog GERESO\",\"description\":\"Toute l&#039;actu RH, Finance, Fonction Publique, Management...\",\"potentialAction\":[{\"@type\":\"SearchAction\",\"target\":{\"@type\":\"EntryPoint\",\"urlTemplate\":\"https:\/\/www.gereso.com\/actualites\/?s={search_term_string}\"},\"query-input\":{\"@type\":\"PropertyValueSpecification\",\"valueRequired\":true,\"valueName\":\"search_term_string\"}}],\"inLanguage\":\"fr-FR\"},{\"@type\":\"Person\",\"@id\":\"https:\/\/www.gereso.com\/actualites\/#\/schema\/person\/c91814f92d627ed4715993fbbf7c7e8d\",\"name\":\"Damien P\u00e9an\",\"image\":{\"@type\":\"ImageObject\",\"inLanguage\":\"fr-FR\",\"@id\":\"https:\/\/www.gereso.com\/actualites\/#\/schema\/person\/image\/\",\"url\":\"https:\/\/www.gereso.com\/actualites\/wp-content\/uploads\/2016\/03\/damien-pean.jpg\",\"contentUrl\":\"https:\/\/www.gereso.com\/actualites\/wp-content\/uploads\/2016\/03\/damien-pean.jpg\",\"caption\":\"Damien P\u00e9an\"},\"description\":\"Damien P\u00c9AN est titulaire du Dipl\u00f4me d'\u00e9tudes sup\u00e9rieures comptables et financi\u00e8res (DESCF). Il intervient depuis plusieurs ann\u00e9es aupr\u00e8s d'\u00e9tudiants en licence de comptabilit\u00e9 et de gestion, \u00e0 qui il enseigne le contr\u00f4le de gestion, la comptabilit\u00e9 approfondie, le management, la fiscalit\u00e9, le droit des soci\u00e9t\u00e9s et le droit du travail. Il intervient \u00e9galement en formation continue pour le compte de divers organismes de formation sur des th\u00e9matiques techniques en comptabilit\u00e9 et fiscalit\u00e9. Il forme aussi un public de non-initi\u00e9s aux fondamentaux de la finance.\",\"url\":\"https:\/\/www.gereso.com\/actualites\/author\/d-pean\/\"}]}<\/script>\n<!-- \/ Yoast SEO plugin. -->","yoast_head_json":{"title":"D\u00e9clarations de r\u00e9sultats pour le 20 mai 2020 - Le Blog GERESO","robots":{"index":"index","follow":"follow","max-snippet":"max-snippet:-1","max-image-preview":"max-image-preview:large","max-video-preview":"max-video-preview:-1"},"canonical":"https:\/\/www.gereso.com\/actualites\/2020\/02\/28\/declarations-de-resultats-pour-le-20-mai-2020\/","og_locale":"fr_FR","og_type":"article","og_title":"D\u00e9clarations de r\u00e9sultats pour le 20 mai 2020 - Le Blog GERESO","og_description":"La date de d\u00e9p\u00f4t des d\u00e9clarations de r\u00e9sultats pour les exercices clos au 31 d\u00e9cembre 2019 est fix\u00e9e au 5 mai 2020, voire au 20 mai en cas de t\u00e9l\u00e9proc\u00e9dure. Une \u00e9ch\u00e9ance au 20 mai 2020 Tous les ans, une part importante des professionnels ont l\u2019obligation de d\u00e9poser leur liasse fiscale et leur d\u00e9claration de [&hellip;]","og_url":"https:\/\/www.gereso.com\/actualites\/2020\/02\/28\/declarations-de-resultats-pour-le-20-mai-2020\/","og_site_name":"Le Blog GERESO","article_published_time":"2020-02-28T09:25:39+00:00","article_modified_time":"2020-02-28T09:25:41+00:00","author":"Damien P\u00e9an","twitter_card":"summary_large_image","schema":{"@context":"https:\/\/schema.org","@graph":[{"@type":"WebPage","@id":"https:\/\/www.gereso.com\/actualites\/2020\/02\/28\/declarations-de-resultats-pour-le-20-mai-2020\/","url":"https:\/\/www.gereso.com\/actualites\/2020\/02\/28\/declarations-de-resultats-pour-le-20-mai-2020\/","name":"D\u00e9clarations de r\u00e9sultats pour le 20 mai 2020 - Le Blog GERESO","isPartOf":{"@id":"https:\/\/www.gereso.com\/actualites\/#website"},"datePublished":"2020-02-28T09:25:39+00:00","dateModified":"2020-02-28T09:25:41+00:00","author":{"@id":"https:\/\/www.gereso.com\/actualites\/#\/schema\/person\/c91814f92d627ed4715993fbbf7c7e8d"},"breadcrumb":{"@id":"https:\/\/www.gereso.com\/actualites\/2020\/02\/28\/declarations-de-resultats-pour-le-20-mai-2020\/#breadcrumb"},"inLanguage":"fr-FR","potentialAction":[{"@type":"ReadAction","target":["https:\/\/www.gereso.com\/actualites\/2020\/02\/28\/declarations-de-resultats-pour-le-20-mai-2020\/"]}]},{"@type":"BreadcrumbList","@id":"https:\/\/www.gereso.com\/actualites\/2020\/02\/28\/declarations-de-resultats-pour-le-20-mai-2020\/#breadcrumb","itemListElement":[{"@type":"ListItem","position":1,"name":"Home","item":"https:\/\/www.gereso.com\/actualites\/"},{"@type":"ListItem","position":2,"name":"D\u00e9clarations de r\u00e9sultats pour le 20 mai 2020"}]},{"@type":"WebSite","@id":"https:\/\/www.gereso.com\/actualites\/#website","url":"https:\/\/www.gereso.com\/actualites\/","name":"Le Blog GERESO","description":"Toute l&#039;actu RH, Finance, Fonction Publique, Management...","potentialAction":[{"@type":"SearchAction","target":{"@type":"EntryPoint","urlTemplate":"https:\/\/www.gereso.com\/actualites\/?s={search_term_string}"},"query-input":{"@type":"PropertyValueSpecification","valueRequired":true,"valueName":"search_term_string"}}],"inLanguage":"fr-FR"},{"@type":"Person","@id":"https:\/\/www.gereso.com\/actualites\/#\/schema\/person\/c91814f92d627ed4715993fbbf7c7e8d","name":"Damien P\u00e9an","image":{"@type":"ImageObject","inLanguage":"fr-FR","@id":"https:\/\/www.gereso.com\/actualites\/#\/schema\/person\/image\/","url":"https:\/\/www.gereso.com\/actualites\/wp-content\/uploads\/2016\/03\/damien-pean.jpg","contentUrl":"https:\/\/www.gereso.com\/actualites\/wp-content\/uploads\/2016\/03\/damien-pean.jpg","caption":"Damien P\u00e9an"},"description":"Damien P\u00c9AN est titulaire du Dipl\u00f4me d'\u00e9tudes sup\u00e9rieures comptables et financi\u00e8res (DESCF). Il intervient depuis plusieurs ann\u00e9es aupr\u00e8s d'\u00e9tudiants en licence de comptabilit\u00e9 et de gestion, \u00e0 qui il enseigne le contr\u00f4le de gestion, la comptabilit\u00e9 approfondie, le management, la fiscalit\u00e9, le droit des soci\u00e9t\u00e9s et le droit du travail. Il intervient \u00e9galement en formation continue pour le compte de divers organismes de formation sur des th\u00e9matiques techniques en comptabilit\u00e9 et fiscalit\u00e9. Il forme aussi un public de non-initi\u00e9s aux fondamentaux de la finance.","url":"https:\/\/www.gereso.com\/actualites\/author\/d-pean\/"}]}},"_links":{"self":[{"href":"https:\/\/www.gereso.com\/actualites\/wp-json\/wp\/v2\/posts\/13851","targetHints":{"allow":["GET"]}}],"collection":[{"href":"https:\/\/www.gereso.com\/actualites\/wp-json\/wp\/v2\/posts"}],"about":[{"href":"https:\/\/www.gereso.com\/actualites\/wp-json\/wp\/v2\/types\/post"}],"author":[{"embeddable":true,"href":"https:\/\/www.gereso.com\/actualites\/wp-json\/wp\/v2\/users\/45"}],"replies":[{"embeddable":true,"href":"https:\/\/www.gereso.com\/actualites\/wp-json\/wp\/v2\/comments?post=13851"}],"version-history":[{"count":1,"href":"https:\/\/www.gereso.com\/actualites\/wp-json\/wp\/v2\/posts\/13851\/revisions"}],"predecessor-version":[{"id":13852,"href":"https:\/\/www.gereso.com\/actualites\/wp-json\/wp\/v2\/posts\/13851\/revisions\/13852"}],"wp:attachment":[{"href":"https:\/\/www.gereso.com\/actualites\/wp-json\/wp\/v2\/media?parent=13851"}],"wp:term":[{"taxonomy":"category","embeddable":true,"href":"https:\/\/www.gereso.com\/actualites\/wp-json\/wp\/v2\/categories?post=13851"},{"taxonomy":"post_tag","embeddable":true,"href":"https:\/\/www.gereso.com\/actualites\/wp-json\/wp\/v2\/tags?post=13851"}],"curies":[{"name":"wp","href":"https:\/\/api.w.org\/{rel}","templated":true}]}}