{"id":13913,"date":"2020-03-08T18:21:46","date_gmt":"2020-03-08T16:21:46","guid":{"rendered":"https:\/\/www.gereso.com\/actualites\/?p=13913"},"modified":"2020-03-08T18:21:48","modified_gmt":"2020-03-08T16:21:48","slug":"is-acompte-du-16-mars","status":"publish","type":"post","link":"https:\/\/www.gereso.com\/actualites\/2020\/03\/08\/is-acompte-du-16-mars\/","title":{"rendered":"IS : acompte du 16 mars"},"content":{"rendered":"\n<p>Les soci\u00e9t\u00e9s soumises \u00e0 l\u2019imp\u00f4t sur les soci\u00e9t\u00e9s doivent\nverser un acompte au plus tard pour le 16 mars prochain. Des contributions\nadditionnelles doivent le cas \u00e9ch\u00e9ant \u00eatre \u00e9galement vers\u00e9es.<\/p>\n\n\n\n<h2 class=\"wp-block-heading\"><strong>1<sup>er<\/sup> acompte pour les exercices clos au 31\nd\u00e9cembre<\/strong><\/h2>\n\n\n\n<p>Chaque ann\u00e9e, les professionnels redevables de l\u2019IS doivent\ns\u2019acquitter de <strong>4 acomptes<\/strong> (15 mars, 15 juin, 15 septembre et 15\nd\u00e9cembre). Cette ann\u00e9e, le 15 mars tombe un dimanche, l\u2019\u00e9ch\u00e9ance est donc\nreport\u00e9e au <strong>16 mars<\/strong>. Si ces dates sont imp\u00e9ratives, quelle que soit la\ndate de cl\u00f4ture, l\u2019ordre de l\u2019acompte varie en fonction de cette derni\u00e8re.\nAinsi, le 16 mars est&nbsp;:<\/p>\n\n\n\n<ul class=\"wp-block-list\"><li>Le 1<sup>er<\/sup> acompte pour les exercices\nclos entre le 20 novembre et le 19 f\u00e9vrier<\/li><li>Le 2<sup>nd<\/sup> acompte pour les exercices\nclos entre le 20 f\u00e9vrier et le 19 mai<\/li><li>Le 3<sup>\u00e8me<\/sup> acompte pour les exercices\nclos entre le 20 mai et le 19 ao\u00fbt<\/li><li>Le 4<sup>\u00e8me<\/sup> acompte pour les exercices\nclos entre le 20 ao\u00fbt et le 19 novembre.<\/li><\/ul>\n\n\n\n<p>Il s\u2019agit donc du <strong>1<sup>er<\/sup> acompte<\/strong> pour les\nexercices clos au 31 d\u00e9cembre.<\/p>\n\n\n\n<h2 class=\"wp-block-heading\"><strong>Calcul de l\u2019acompte d\u2019IS<\/strong><\/h2>\n\n\n\n<p>Le montant de l\u2019acompte est calcul\u00e9 par r\u00e9f\u00e9rence au dernier\nr\u00e9sultat fiscal connu. Pour le premier acompte, il s\u2019agit le plus souvent de\ncelui de <strong>2018<\/strong>. Pour le second acompte, une r\u00e9gularisation devra \u00eatre\neffectu\u00e9e en fonction du montant du r\u00e9sultat fiscal 2019 qui sera alors connu.<\/p>\n\n\n\n<p>La base est ainsi constitu\u00e9e de ce r\u00e9sultat fiscal, hors\nplus-values \u00e0 long terme. Plusieurs taux d\u2019imposition peuvent s\u2019appliquer&nbsp;:\n<\/p>\n\n\n\n<ul class=\"wp-block-list\"><li><strong>3,75%<\/strong> &nbsp;(soit 15% divis\u00e9 par 4 acomptes) pour les soci\u00e9t\u00e9s\nb\u00e9n\u00e9ficiant du taux r\u00e9duit des PME (15% jusqu\u2019\u00e0 38.120 \u20ac) ou pour les revenus\nde concessions de brevets<\/li><li><strong>7%<\/strong> (soit 28% divis\u00e9 par 4) pour le taux\nnormal d\u2019IS applicable en 2020 sur l\u2019int\u00e9gralit\u00e9 du b\u00e9n\u00e9fice fiscal pour les\nsoci\u00e9t\u00e9s dont le chiffre d\u2019affaires n\u2019exc\u00e8de pas 250 millions \u20ac<\/li><li><strong>7,75% <\/strong>(31% divis\u00e9 par 4) pour le taux d\u2019IS\napplicable pour les soci\u00e9t\u00e9s dont le chiffre d\u2019affaires exc\u00e8de 250 millions \u20ac\npour la quote-part du b\u00e9n\u00e9fice qui exc\u00e8de 500.000 \u20ac (en dessous de ce seuil, le\ntaux applicable est de 28%).<\/li><\/ul>\n\n\n\n<p>La loi de finances pour 2020 a en effet modifi\u00e9 la trajectoire\nde baisse du taux d\u2019IS \u00e0 taux normal pour les grandes soci\u00e9t\u00e9s. Ces derni\u00e8res\nseront soumises au taux de 27,5% en 2021 (26,5% pour les soci\u00e9t\u00e9s de moins de\n250 millions \u20ac de chiffre d\u2019affaires). En 2022, toutes les soci\u00e9t\u00e9s\nb\u00e9n\u00e9ficieront du taux d\u2019IS \u00e0 25%.<\/p>\n\n\n\n<h2 class=\"wp-block-heading\"><strong>Versement de l\u2019acompte<\/strong><\/h2>\n\n\n\n<p>L\u2019acompte doit \u00eatre <strong>t\u00e9l\u00e9d\u00e9clar\u00e9<\/strong> et faire l\u2019objet d\u2019un\nversement <strong>d\u00e9mat\u00e9rialis\u00e9 <\/strong>pour le 16 mars au plus tard. Sur la m\u00eame\nd\u00e9claration, les contributions additionnelles doivent \u00e9galement \u00eatre d\u00e9clar\u00e9es\net vers\u00e9es&nbsp;: <\/p>\n\n\n\n<ul class=\"wp-block-list\"><li>L\u2019acompte de <strong>CSB<\/strong> (contribution sociale\nsur les b\u00e9n\u00e9fices) pour les soci\u00e9t\u00e9s dont l\u2019IS exc\u00e8de 763.000 \u20ac avant\nimputation des cr\u00e9dits d\u2019imp\u00f4t<\/li><li>L\u2019acompte de <strong>CRL<\/strong> (contribution sur les revenus\nlocatifs) pour les soci\u00e9t\u00e9s dont le dernier exercice a \u00e9t\u00e9 clos entre le 20\nf\u00e9vrier et le 19 mai 2019.<\/li><\/ul>\n","protected":false},"excerpt":{"rendered":"<p>Les soci\u00e9t\u00e9s soumises \u00e0 l\u2019imp\u00f4t sur les soci\u00e9t\u00e9s doivent verser un acompte au plus tard pour le 16 mars prochain. Des contributions additionnelles doivent le cas \u00e9ch\u00e9ant \u00eatre \u00e9galement vers\u00e9es. 1er acompte pour les exercices clos au 31 d\u00e9cembre Chaque ann\u00e9e, les professionnels redevables de l\u2019IS doivent s\u2019acquitter de 4 acomptes (15 mars, 15 juin, [&hellip;]<\/p>\n","protected":false},"author":45,"featured_media":0,"comment_status":"open","ping_status":"open","sticky":false,"template":"","format":"quote","meta":{"_acf_changed":false,"_mi_skip_tracking":false,"footnotes":""},"categories":[12,3],"tags":[874],"class_list":["post-13913","post","type-post","status-publish","format-quote","hentry","category-actualites","category-comptabilite-fiscalite-et-gestion-financiere","tag-impot-sur-les-societes","post_format-post-format-quote"],"acf":[],"yoast_head":"<!-- This site is optimized with the Yoast SEO plugin v23.4 - https:\/\/yoast.com\/wordpress\/plugins\/seo\/ -->\n<title>IS : acompte du 16 mars - Le Blog GERESO<\/title>\n<meta name=\"robots\" content=\"index, follow, max-snippet:-1, max-image-preview:large, max-video-preview:-1\" \/>\n<link rel=\"canonical\" href=\"https:\/\/www.gereso.com\/actualites\/2020\/03\/08\/is-acompte-du-16-mars\/\" \/>\n<meta property=\"og:locale\" content=\"fr_FR\" \/>\n<meta property=\"og:type\" content=\"article\" \/>\n<meta property=\"og:title\" content=\"IS : acompte du 16 mars - Le Blog GERESO\" \/>\n<meta property=\"og:description\" content=\"Les soci\u00e9t\u00e9s soumises \u00e0 l\u2019imp\u00f4t sur les soci\u00e9t\u00e9s doivent verser un acompte au plus tard pour le 16 mars prochain. Des contributions additionnelles doivent le cas \u00e9ch\u00e9ant \u00eatre \u00e9galement vers\u00e9es. 1er acompte pour les exercices clos au 31 d\u00e9cembre Chaque ann\u00e9e, les professionnels redevables de l\u2019IS doivent s\u2019acquitter de 4 acomptes (15 mars, 15 juin, [&hellip;]\" \/>\n<meta property=\"og:url\" content=\"https:\/\/www.gereso.com\/actualites\/2020\/03\/08\/is-acompte-du-16-mars\/\" \/>\n<meta property=\"og:site_name\" content=\"Le Blog GERESO\" \/>\n<meta property=\"article:published_time\" content=\"2020-03-08T16:21:46+00:00\" \/>\n<meta property=\"article:modified_time\" content=\"2020-03-08T16:21:48+00:00\" \/>\n<meta name=\"author\" content=\"Damien P\u00e9an\" \/>\n<meta name=\"twitter:card\" content=\"summary_large_image\" \/>\n<script type=\"application\/ld+json\" class=\"yoast-schema-graph\">{\"@context\":\"https:\/\/schema.org\",\"@graph\":[{\"@type\":\"WebPage\",\"@id\":\"https:\/\/www.gereso.com\/actualites\/2020\/03\/08\/is-acompte-du-16-mars\/\",\"url\":\"https:\/\/www.gereso.com\/actualites\/2020\/03\/08\/is-acompte-du-16-mars\/\",\"name\":\"IS : acompte du 16 mars - Le Blog GERESO\",\"isPartOf\":{\"@id\":\"https:\/\/www.gereso.com\/actualites\/#website\"},\"datePublished\":\"2020-03-08T16:21:46+00:00\",\"dateModified\":\"2020-03-08T16:21:48+00:00\",\"author\":{\"@id\":\"https:\/\/www.gereso.com\/actualites\/#\/schema\/person\/c91814f92d627ed4715993fbbf7c7e8d\"},\"breadcrumb\":{\"@id\":\"https:\/\/www.gereso.com\/actualites\/2020\/03\/08\/is-acompte-du-16-mars\/#breadcrumb\"},\"inLanguage\":\"fr-FR\",\"potentialAction\":[{\"@type\":\"ReadAction\",\"target\":[\"https:\/\/www.gereso.com\/actualites\/2020\/03\/08\/is-acompte-du-16-mars\/\"]}]},{\"@type\":\"BreadcrumbList\",\"@id\":\"https:\/\/www.gereso.com\/actualites\/2020\/03\/08\/is-acompte-du-16-mars\/#breadcrumb\",\"itemListElement\":[{\"@type\":\"ListItem\",\"position\":1,\"name\":\"Home\",\"item\":\"https:\/\/www.gereso.com\/actualites\/\"},{\"@type\":\"ListItem\",\"position\":2,\"name\":\"IS : acompte du 16 mars\"}]},{\"@type\":\"WebSite\",\"@id\":\"https:\/\/www.gereso.com\/actualites\/#website\",\"url\":\"https:\/\/www.gereso.com\/actualites\/\",\"name\":\"Le Blog GERESO\",\"description\":\"Toute l&#039;actu RH, Finance, Fonction Publique, Management...\",\"potentialAction\":[{\"@type\":\"SearchAction\",\"target\":{\"@type\":\"EntryPoint\",\"urlTemplate\":\"https:\/\/www.gereso.com\/actualites\/?s={search_term_string}\"},\"query-input\":{\"@type\":\"PropertyValueSpecification\",\"valueRequired\":true,\"valueName\":\"search_term_string\"}}],\"inLanguage\":\"fr-FR\"},{\"@type\":\"Person\",\"@id\":\"https:\/\/www.gereso.com\/actualites\/#\/schema\/person\/c91814f92d627ed4715993fbbf7c7e8d\",\"name\":\"Damien P\u00e9an\",\"image\":{\"@type\":\"ImageObject\",\"inLanguage\":\"fr-FR\",\"@id\":\"https:\/\/www.gereso.com\/actualites\/#\/schema\/person\/image\/\",\"url\":\"https:\/\/www.gereso.com\/actualites\/wp-content\/uploads\/2016\/03\/damien-pean.jpg\",\"contentUrl\":\"https:\/\/www.gereso.com\/actualites\/wp-content\/uploads\/2016\/03\/damien-pean.jpg\",\"caption\":\"Damien P\u00e9an\"},\"description\":\"Damien P\u00c9AN est titulaire du Dipl\u00f4me d'\u00e9tudes sup\u00e9rieures comptables et financi\u00e8res (DESCF). Il intervient depuis plusieurs ann\u00e9es aupr\u00e8s d'\u00e9tudiants en licence de comptabilit\u00e9 et de gestion, \u00e0 qui il enseigne le contr\u00f4le de gestion, la comptabilit\u00e9 approfondie, le management, la fiscalit\u00e9, le droit des soci\u00e9t\u00e9s et le droit du travail. Il intervient \u00e9galement en formation continue pour le compte de divers organismes de formation sur des th\u00e9matiques techniques en comptabilit\u00e9 et fiscalit\u00e9. Il forme aussi un public de non-initi\u00e9s aux fondamentaux de la finance.\",\"url\":\"https:\/\/www.gereso.com\/actualites\/author\/d-pean\/\"}]}<\/script>\n<!-- \/ Yoast SEO plugin. -->","yoast_head_json":{"title":"IS : acompte du 16 mars - Le Blog GERESO","robots":{"index":"index","follow":"follow","max-snippet":"max-snippet:-1","max-image-preview":"max-image-preview:large","max-video-preview":"max-video-preview:-1"},"canonical":"https:\/\/www.gereso.com\/actualites\/2020\/03\/08\/is-acompte-du-16-mars\/","og_locale":"fr_FR","og_type":"article","og_title":"IS : acompte du 16 mars - Le Blog GERESO","og_description":"Les soci\u00e9t\u00e9s soumises \u00e0 l\u2019imp\u00f4t sur les soci\u00e9t\u00e9s doivent verser un acompte au plus tard pour le 16 mars prochain. Des contributions additionnelles doivent le cas \u00e9ch\u00e9ant \u00eatre \u00e9galement vers\u00e9es. 1er acompte pour les exercices clos au 31 d\u00e9cembre Chaque ann\u00e9e, les professionnels redevables de l\u2019IS doivent s\u2019acquitter de 4 acomptes (15 mars, 15 juin, [&hellip;]","og_url":"https:\/\/www.gereso.com\/actualites\/2020\/03\/08\/is-acompte-du-16-mars\/","og_site_name":"Le Blog GERESO","article_published_time":"2020-03-08T16:21:46+00:00","article_modified_time":"2020-03-08T16:21:48+00:00","author":"Damien P\u00e9an","twitter_card":"summary_large_image","schema":{"@context":"https:\/\/schema.org","@graph":[{"@type":"WebPage","@id":"https:\/\/www.gereso.com\/actualites\/2020\/03\/08\/is-acompte-du-16-mars\/","url":"https:\/\/www.gereso.com\/actualites\/2020\/03\/08\/is-acompte-du-16-mars\/","name":"IS : acompte du 16 mars - Le Blog GERESO","isPartOf":{"@id":"https:\/\/www.gereso.com\/actualites\/#website"},"datePublished":"2020-03-08T16:21:46+00:00","dateModified":"2020-03-08T16:21:48+00:00","author":{"@id":"https:\/\/www.gereso.com\/actualites\/#\/schema\/person\/c91814f92d627ed4715993fbbf7c7e8d"},"breadcrumb":{"@id":"https:\/\/www.gereso.com\/actualites\/2020\/03\/08\/is-acompte-du-16-mars\/#breadcrumb"},"inLanguage":"fr-FR","potentialAction":[{"@type":"ReadAction","target":["https:\/\/www.gereso.com\/actualites\/2020\/03\/08\/is-acompte-du-16-mars\/"]}]},{"@type":"BreadcrumbList","@id":"https:\/\/www.gereso.com\/actualites\/2020\/03\/08\/is-acompte-du-16-mars\/#breadcrumb","itemListElement":[{"@type":"ListItem","position":1,"name":"Home","item":"https:\/\/www.gereso.com\/actualites\/"},{"@type":"ListItem","position":2,"name":"IS : acompte du 16 mars"}]},{"@type":"WebSite","@id":"https:\/\/www.gereso.com\/actualites\/#website","url":"https:\/\/www.gereso.com\/actualites\/","name":"Le Blog GERESO","description":"Toute l&#039;actu RH, Finance, Fonction Publique, Management...","potentialAction":[{"@type":"SearchAction","target":{"@type":"EntryPoint","urlTemplate":"https:\/\/www.gereso.com\/actualites\/?s={search_term_string}"},"query-input":{"@type":"PropertyValueSpecification","valueRequired":true,"valueName":"search_term_string"}}],"inLanguage":"fr-FR"},{"@type":"Person","@id":"https:\/\/www.gereso.com\/actualites\/#\/schema\/person\/c91814f92d627ed4715993fbbf7c7e8d","name":"Damien P\u00e9an","image":{"@type":"ImageObject","inLanguage":"fr-FR","@id":"https:\/\/www.gereso.com\/actualites\/#\/schema\/person\/image\/","url":"https:\/\/www.gereso.com\/actualites\/wp-content\/uploads\/2016\/03\/damien-pean.jpg","contentUrl":"https:\/\/www.gereso.com\/actualites\/wp-content\/uploads\/2016\/03\/damien-pean.jpg","caption":"Damien P\u00e9an"},"description":"Damien P\u00c9AN est titulaire du Dipl\u00f4me d'\u00e9tudes sup\u00e9rieures comptables et financi\u00e8res (DESCF). Il intervient depuis plusieurs ann\u00e9es aupr\u00e8s d'\u00e9tudiants en licence de comptabilit\u00e9 et de gestion, \u00e0 qui il enseigne le contr\u00f4le de gestion, la comptabilit\u00e9 approfondie, le management, la fiscalit\u00e9, le droit des soci\u00e9t\u00e9s et le droit du travail. Il intervient \u00e9galement en formation continue pour le compte de divers organismes de formation sur des th\u00e9matiques techniques en comptabilit\u00e9 et fiscalit\u00e9. Il forme aussi un public de non-initi\u00e9s aux fondamentaux de la finance.","url":"https:\/\/www.gereso.com\/actualites\/author\/d-pean\/"}]}},"_links":{"self":[{"href":"https:\/\/www.gereso.com\/actualites\/wp-json\/wp\/v2\/posts\/13913","targetHints":{"allow":["GET"]}}],"collection":[{"href":"https:\/\/www.gereso.com\/actualites\/wp-json\/wp\/v2\/posts"}],"about":[{"href":"https:\/\/www.gereso.com\/actualites\/wp-json\/wp\/v2\/types\/post"}],"author":[{"embeddable":true,"href":"https:\/\/www.gereso.com\/actualites\/wp-json\/wp\/v2\/users\/45"}],"replies":[{"embeddable":true,"href":"https:\/\/www.gereso.com\/actualites\/wp-json\/wp\/v2\/comments?post=13913"}],"version-history":[{"count":1,"href":"https:\/\/www.gereso.com\/actualites\/wp-json\/wp\/v2\/posts\/13913\/revisions"}],"predecessor-version":[{"id":13914,"href":"https:\/\/www.gereso.com\/actualites\/wp-json\/wp\/v2\/posts\/13913\/revisions\/13914"}],"wp:attachment":[{"href":"https:\/\/www.gereso.com\/actualites\/wp-json\/wp\/v2\/media?parent=13913"}],"wp:term":[{"taxonomy":"category","embeddable":true,"href":"https:\/\/www.gereso.com\/actualites\/wp-json\/wp\/v2\/categories?post=13913"},{"taxonomy":"post_tag","embeddable":true,"href":"https:\/\/www.gereso.com\/actualites\/wp-json\/wp\/v2\/tags?post=13913"}],"curies":[{"name":"wp","href":"https:\/\/api.w.org\/{rel}","templated":true}]}}