{"id":1398,"date":"2011-02-09T00:00:00","date_gmt":"2011-02-08T22:00:00","guid":{"rendered":"https:\/\/www.gereso.com\/actualites\/2011\/02\/primes-et-indemnites-quel-traitement-en-cas-dabsence\/"},"modified":"2011-02-09T00:00:00","modified_gmt":"2011-02-08T22:00:00","slug":"primes-et-indemnites-quel-traitement-en-cas-dabsence","status":"publish","type":"post","link":"https:\/\/www.gereso.com\/actualites\/2011\/02\/09\/primes-et-indemnites-quel-traitement-en-cas-dabsence\/","title":{"rendered":"Primes et indemnit\u00e9s : quel traitement en cas d&#039;absence&nbsp;?"},"content":{"rendered":"<p>Jusqu&rsquo;\u00e0 pr\u00e9sent, les employeurs publics avaient une grande marge de man&oelig;uvre sur<strong> le maintien ou non des primes et des indemnit\u00e9s en cas d&rsquo;absence,<\/strong> d\u00e8s lors que les textes r\u00e9glementaires ne faisaient mention d&rsquo;aucune r\u00e8gle.<\/p>\n<p>A ce jour, seule<strong> la jurisprudence <\/strong>donnait des \u00e9l\u00e9ments de r\u00e9ponse.<\/p>\n<p>Par essence, <strong>le r\u00e9gime indemnitaire n&rsquo;a pas vocation \u00e0 \u00eatre maintenu<\/strong> en cas d&rsquo;absence.<\/p>\n<p>L&rsquo;employeur public peut donc d\u00e9cider de <strong>moduler ou non ces primes et indemnit\u00e9s<\/strong> li\u00e9es \u00e0 l&rsquo;exercice des fonctions en tenant compte de la pr\u00e9sence effective d&rsquo;un agent.<\/p>\n<p>Toutefois cette modulation doit \u00eatre <strong>pr\u00e9vue par d\u00e9lib\u00e9ration.<\/strong><\/p>\n<p>Ainsi, si le versement d&rsquo;une prime n&rsquo;est soumis \u00e0 aucun crit\u00e8re, il n&rsquo;est donc pas possible d&rsquo;effectuer un abattement en fonction de l&rsquo;absence ou de la pr\u00e9sence des agents.<\/p>\n<p>Sources : <\/p>\n<li>Conseil d&rsquo;Etat 11 septembre 2006<\/li>\n<li>Conseil d&rsquo;Etat 15 d\u00e9cembre 2004, n\u00b0254182<\/li>\n<li>Tribunal administratif de Nice, 11 d\u00e9cembre 2009, n\u00b0 0800345, Labalette<\/li>\n<p>Dans le cadre de <strong>l&rsquo;Accord Sant\u00e9 et S\u00e9curit\u00e9 au travail dans la fonction publique<\/strong> sign\u00e9 le 20 novembre 2009, il \u00e9tait pr\u00e9vu de clarifier les r\u00e8gles de proratisation des primes pendant un cong\u00e9 de maladie.<\/p>\n<p><strong>Le d\u00e9cret n\u00b0 2010-997 du 26 ao\u00fbt 2010<\/strong> relatif au r\u00e9gime de maintien des primes et indemnit\u00e9s des agents publics de l&rsquo;Etat et des magistrats de l&rsquo;ordre judiciaire dans certaines situations de cong\u00e9s (JO n\u00b0 200 du 29 ao\u00fbt 2010) vient donc mettre en application ce dispositif.<\/p>\n<li>En cas d&rsquo;absence pour <strong>cong\u00e9s annuels, cong\u00e9 ordinaire de maladie, cong\u00e9 de maternit\u00e9, paternit\u00e9 et d&rsquo;adoption<\/strong>, le principe est que les primes et indemnit\u00e9s sont maintenues dans les m\u00eames proportions que le traitement.<\/li>\n<li>Concernant les<strong> cong\u00e9s ordinaires de maladie,<\/strong> les primes et indemnit\u00e9s sont donc maintenues pendant <strong>trois mois, puis r\u00e9duites de\u00a0 moiti\u00e9 pendant neuf mois. <\/strong><\/li>\n<li>Toutefois, lorsque des dispositions pr\u00e9voient<strong> leur modulation en fonction des r\u00e9sultats et de la mani\u00e8re de servir,<\/strong> il convient alors\u00a0 d&rsquo;appliquer la modulation.<\/li>\n<li>De m\u00eame, lorsque <strong>des dispositions sp\u00e9cifiques pr\u00e9voient une suspension des primes li\u00e9es \u00e0 des suj\u00e9tions<\/strong> \u00e0 compter du remplacement de l&rsquo;agent, il convient de les appliquer.<\/li>\n<li><strong>Les primes et indemnit\u00e9s non forfaitaires <\/strong>li\u00e9es \u00e0 l&rsquo;organisation ou au d\u00e9passement du cycle de travail et au remboursement de frais sont \u00e9galement suspendues pendant les p\u00e9riodes de cong\u00e9s pr\u00e9cit\u00e9es.<\/li>\n<li>Lorsqu&lsquo;un cong\u00e9 de longue maladie ou un cong\u00e9 de longue dur\u00e9e est octroy\u00e9 \u00e0 l&rsquo;agent <strong>\u00e0 la suite d&rsquo;une demande formul\u00e9e lors d&rsquo;une p\u00e9riode de cong\u00e9 ordinaire de maladie,<\/strong> les primes et indemnit\u00e9s qui lui ont \u00e9t\u00e9 vers\u00e9es pendant cette p\u00e9riode initiale lui demeurent acquises. L&rsquo;agent ne peut donc plus pr\u00e9tendre aux versements de ses primes et indemnit\u00e9s pour la p\u00e9riode post\u00e9rieure de cong\u00e9 longue maladie ou de cong\u00e9 longue dur\u00e9e.<\/li>\n<p>\u00a0<span style=\"text-decoration: underline;\">Exemple\u00a0:<\/span><\/p>\n<p>Un fonctionnaire, en cong\u00e9 ordinaire de maladie \u00e0 compter du 15 octobre 2010 demande le b\u00e9n\u00e9fice d&rsquo;un cong\u00e9 de longue maladie qu&rsquo;il obtient apr\u00e8s avis du comit\u00e9 m\u00e9dical, par d\u00e9cision en date du 15 janvier 2011.<\/p>\n<p>L&rsquo;agent percevra donc ses primes et indemnit\u00e9s du 15 octobre 2010 au 14 janvier 2010 dans le cadre de son cong\u00e9 ordinaire de maladie.<\/p>\n<p>Ces derni\u00e8res ne lui seront plus vers\u00e9es \u00e0 compter du 15 janvier 2011, date d&rsquo;octroi de son cong\u00e9 de longue maladie.<\/p>\n<p>M\u00eame si la date d&rsquo;effet du cong\u00e9 de longue maladie est fix\u00e9e au 15 octobre 2010, les primes per\u00e7ues jusqu&rsquo;au 14 janvier 2010 ne pourront faire l&rsquo;objet d&rsquo;un reversement.\u00a0<\/p>\n<p><strong>Pour les agents non titulaires<\/strong>, le d\u00e9cret pr\u00e9voit le maintien des primes et indemnit\u00e9s pendant les cong\u00e9s dans les m\u00eames conditions que le traitement indiciaire\u00a0soit un maintien \u00e0 100 % pendant toute la dur\u00e9e des cong\u00e9s annuels et des cong\u00e9s de maternit\u00e9, de paternit\u00e9 ou d&rsquo;adoption et en cas de cong\u00e9 pour raison de\u00a0 sant\u00e9, le montant maintenu varie en fonction du nombre de mois de services<\/p>\n<p>Auteurs : Anne-Sophie Carr\u00e8re, consultante en paie et droit social, et Florent le Fraper, consultant en ressources humaines et en droit de la fonction publique.<\/p>\n","protected":false},"excerpt":{"rendered":"<p>Jusqu&rsquo;\u00e0 pr\u00e9sent, les employeurs publics avaient une grande marge de man&oelig;uvre sur le maintien ou non des primes et des indemnit\u00e9s en cas d&rsquo;absence, d\u00e8s lors que les textes r\u00e9glementaires ne faisaient mention d&rsquo;aucune r\u00e8gle. A ce jour, seule la jurisprudence donnait des \u00e9l\u00e9ments de r\u00e9ponse. Par essence, le r\u00e9gime indemnitaire n&rsquo;a pas vocation \u00e0 [&hellip;]<\/p>\n","protected":false},"author":32,"featured_media":0,"comment_status":"open","ping_status":"open","sticky":false,"template":"","format":"standard","meta":{"_acf_changed":false,"_mi_skip_tracking":false,"footnotes":""},"categories":[2],"tags":[],"class_list":["post-1398","post","type-post","status-publish","format-standard","hentry","category-ressources-humaines"],"acf":[],"yoast_head":"<!-- This site is optimized with the Yoast SEO plugin v23.4 - https:\/\/yoast.com\/wordpress\/plugins\/seo\/ -->\n<title>Primes et indemnit\u00e9s : quel traitement en cas d&#039;absence&nbsp;? - Le Blog GERESO<\/title>\n<meta name=\"robots\" content=\"index, follow, max-snippet:-1, max-image-preview:large, max-video-preview:-1\" \/>\n<link rel=\"canonical\" href=\"https:\/\/www.gereso.com\/actualites\/2011\/02\/09\/primes-et-indemnites-quel-traitement-en-cas-dabsence\/\" \/>\n<meta property=\"og:locale\" content=\"fr_FR\" \/>\n<meta property=\"og:type\" content=\"article\" \/>\n<meta property=\"og:title\" content=\"Primes et indemnit\u00e9s : quel traitement en cas d&#039;absence&nbsp;? - Le Blog GERESO\" \/>\n<meta property=\"og:description\" content=\"Jusqu&rsquo;\u00e0 pr\u00e9sent, les employeurs publics avaient une grande marge de man&oelig;uvre sur le maintien ou non des primes et des indemnit\u00e9s en cas d&rsquo;absence, d\u00e8s lors que les textes r\u00e9glementaires ne faisaient mention d&rsquo;aucune r\u00e8gle. A ce jour, seule la jurisprudence donnait des \u00e9l\u00e9ments de r\u00e9ponse. Par essence, le r\u00e9gime indemnitaire n&rsquo;a pas vocation \u00e0 [&hellip;]\" \/>\n<meta property=\"og:url\" content=\"https:\/\/www.gereso.com\/actualites\/2011\/02\/09\/primes-et-indemnites-quel-traitement-en-cas-dabsence\/\" \/>\n<meta property=\"og:site_name\" content=\"Le Blog GERESO\" \/>\n<meta property=\"article:published_time\" content=\"2011-02-08T22:00:00+00:00\" \/>\n<meta name=\"author\" content=\"\u00c9quipe GERESO\" \/>\n<meta name=\"twitter:card\" content=\"summary_large_image\" \/>\n<script type=\"application\/ld+json\" class=\"yoast-schema-graph\">{\"@context\":\"https:\/\/schema.org\",\"@graph\":[{\"@type\":\"WebPage\",\"@id\":\"https:\/\/www.gereso.com\/actualites\/2011\/02\/09\/primes-et-indemnites-quel-traitement-en-cas-dabsence\/\",\"url\":\"https:\/\/www.gereso.com\/actualites\/2011\/02\/09\/primes-et-indemnites-quel-traitement-en-cas-dabsence\/\",\"name\":\"Primes et indemnit\u00e9s : quel traitement en cas d&#039;absence&nbsp;? - Le Blog GERESO\",\"isPartOf\":{\"@id\":\"https:\/\/www.gereso.com\/actualites\/#website\"},\"datePublished\":\"2011-02-08T22:00:00+00:00\",\"dateModified\":\"2011-02-08T22:00:00+00:00\",\"author\":{\"@id\":\"https:\/\/www.gereso.com\/actualites\/#\/schema\/person\/197d8aef40cb4ae3f6a0aa9e1d3df2a6\"},\"breadcrumb\":{\"@id\":\"https:\/\/www.gereso.com\/actualites\/2011\/02\/09\/primes-et-indemnites-quel-traitement-en-cas-dabsence\/#breadcrumb\"},\"inLanguage\":\"fr-FR\",\"potentialAction\":[{\"@type\":\"ReadAction\",\"target\":[\"https:\/\/www.gereso.com\/actualites\/2011\/02\/09\/primes-et-indemnites-quel-traitement-en-cas-dabsence\/\"]}]},{\"@type\":\"BreadcrumbList\",\"@id\":\"https:\/\/www.gereso.com\/actualites\/2011\/02\/09\/primes-et-indemnites-quel-traitement-en-cas-dabsence\/#breadcrumb\",\"itemListElement\":[{\"@type\":\"ListItem\",\"position\":1,\"name\":\"Home\",\"item\":\"https:\/\/www.gereso.com\/actualites\/\"},{\"@type\":\"ListItem\",\"position\":2,\"name\":\"Primes et indemnit\u00e9s : quel traitement en cas d&#039;absence&nbsp;?\"}]},{\"@type\":\"WebSite\",\"@id\":\"https:\/\/www.gereso.com\/actualites\/#website\",\"url\":\"https:\/\/www.gereso.com\/actualites\/\",\"name\":\"Le Blog GERESO\",\"description\":\"Toute l&#039;actu RH, Finance, Fonction Publique, Management...\",\"potentialAction\":[{\"@type\":\"SearchAction\",\"target\":{\"@type\":\"EntryPoint\",\"urlTemplate\":\"https:\/\/www.gereso.com\/actualites\/?s={search_term_string}\"},\"query-input\":{\"@type\":\"PropertyValueSpecification\",\"valueRequired\":true,\"valueName\":\"search_term_string\"}}],\"inLanguage\":\"fr-FR\"},{\"@type\":\"Person\",\"@id\":\"https:\/\/www.gereso.com\/actualites\/#\/schema\/person\/197d8aef40cb4ae3f6a0aa9e1d3df2a6\",\"name\":\"\u00c9quipe GERESO\",\"image\":{\"@type\":\"ImageObject\",\"inLanguage\":\"fr-FR\",\"@id\":\"https:\/\/www.gereso.com\/actualites\/#\/schema\/person\/image\/\",\"url\":\"https:\/\/www.gereso.com\/actualites\/wp-content\/uploads\/2013\/12\/avatar-gereso-1.png\",\"contentUrl\":\"https:\/\/www.gereso.com\/actualites\/wp-content\/uploads\/2013\/12\/avatar-gereso-1.png\",\"caption\":\"\u00c9quipe GERESO\"},\"url\":\"https:\/\/www.gereso.com\/actualites\/author\/gereso\/\"}]}<\/script>\n<!-- \/ Yoast SEO plugin. -->","yoast_head_json":{"title":"Primes et indemnit\u00e9s : quel traitement en cas d&#039;absence&nbsp;? - Le Blog GERESO","robots":{"index":"index","follow":"follow","max-snippet":"max-snippet:-1","max-image-preview":"max-image-preview:large","max-video-preview":"max-video-preview:-1"},"canonical":"https:\/\/www.gereso.com\/actualites\/2011\/02\/09\/primes-et-indemnites-quel-traitement-en-cas-dabsence\/","og_locale":"fr_FR","og_type":"article","og_title":"Primes et indemnit\u00e9s : quel traitement en cas d&#039;absence&nbsp;? - Le Blog GERESO","og_description":"Jusqu&rsquo;\u00e0 pr\u00e9sent, les employeurs publics avaient une grande marge de man&oelig;uvre sur le maintien ou non des primes et des indemnit\u00e9s en cas d&rsquo;absence, d\u00e8s lors que les textes r\u00e9glementaires ne faisaient mention d&rsquo;aucune r\u00e8gle. A ce jour, seule la jurisprudence donnait des \u00e9l\u00e9ments de r\u00e9ponse. Par essence, le r\u00e9gime indemnitaire n&rsquo;a pas vocation \u00e0 [&hellip;]","og_url":"https:\/\/www.gereso.com\/actualites\/2011\/02\/09\/primes-et-indemnites-quel-traitement-en-cas-dabsence\/","og_site_name":"Le Blog GERESO","article_published_time":"2011-02-08T22:00:00+00:00","author":"\u00c9quipe GERESO","twitter_card":"summary_large_image","schema":{"@context":"https:\/\/schema.org","@graph":[{"@type":"WebPage","@id":"https:\/\/www.gereso.com\/actualites\/2011\/02\/09\/primes-et-indemnites-quel-traitement-en-cas-dabsence\/","url":"https:\/\/www.gereso.com\/actualites\/2011\/02\/09\/primes-et-indemnites-quel-traitement-en-cas-dabsence\/","name":"Primes et indemnit\u00e9s : quel traitement en cas d&#039;absence&nbsp;? - Le Blog GERESO","isPartOf":{"@id":"https:\/\/www.gereso.com\/actualites\/#website"},"datePublished":"2011-02-08T22:00:00+00:00","dateModified":"2011-02-08T22:00:00+00:00","author":{"@id":"https:\/\/www.gereso.com\/actualites\/#\/schema\/person\/197d8aef40cb4ae3f6a0aa9e1d3df2a6"},"breadcrumb":{"@id":"https:\/\/www.gereso.com\/actualites\/2011\/02\/09\/primes-et-indemnites-quel-traitement-en-cas-dabsence\/#breadcrumb"},"inLanguage":"fr-FR","potentialAction":[{"@type":"ReadAction","target":["https:\/\/www.gereso.com\/actualites\/2011\/02\/09\/primes-et-indemnites-quel-traitement-en-cas-dabsence\/"]}]},{"@type":"BreadcrumbList","@id":"https:\/\/www.gereso.com\/actualites\/2011\/02\/09\/primes-et-indemnites-quel-traitement-en-cas-dabsence\/#breadcrumb","itemListElement":[{"@type":"ListItem","position":1,"name":"Home","item":"https:\/\/www.gereso.com\/actualites\/"},{"@type":"ListItem","position":2,"name":"Primes et indemnit\u00e9s : quel traitement en cas d&#039;absence&nbsp;?"}]},{"@type":"WebSite","@id":"https:\/\/www.gereso.com\/actualites\/#website","url":"https:\/\/www.gereso.com\/actualites\/","name":"Le Blog GERESO","description":"Toute l&#039;actu RH, Finance, Fonction Publique, Management...","potentialAction":[{"@type":"SearchAction","target":{"@type":"EntryPoint","urlTemplate":"https:\/\/www.gereso.com\/actualites\/?s={search_term_string}"},"query-input":{"@type":"PropertyValueSpecification","valueRequired":true,"valueName":"search_term_string"}}],"inLanguage":"fr-FR"},{"@type":"Person","@id":"https:\/\/www.gereso.com\/actualites\/#\/schema\/person\/197d8aef40cb4ae3f6a0aa9e1d3df2a6","name":"\u00c9quipe GERESO","image":{"@type":"ImageObject","inLanguage":"fr-FR","@id":"https:\/\/www.gereso.com\/actualites\/#\/schema\/person\/image\/","url":"https:\/\/www.gereso.com\/actualites\/wp-content\/uploads\/2013\/12\/avatar-gereso-1.png","contentUrl":"https:\/\/www.gereso.com\/actualites\/wp-content\/uploads\/2013\/12\/avatar-gereso-1.png","caption":"\u00c9quipe GERESO"},"url":"https:\/\/www.gereso.com\/actualites\/author\/gereso\/"}]}},"_links":{"self":[{"href":"https:\/\/www.gereso.com\/actualites\/wp-json\/wp\/v2\/posts\/1398","targetHints":{"allow":["GET"]}}],"collection":[{"href":"https:\/\/www.gereso.com\/actualites\/wp-json\/wp\/v2\/posts"}],"about":[{"href":"https:\/\/www.gereso.com\/actualites\/wp-json\/wp\/v2\/types\/post"}],"author":[{"embeddable":true,"href":"https:\/\/www.gereso.com\/actualites\/wp-json\/wp\/v2\/users\/32"}],"replies":[{"embeddable":true,"href":"https:\/\/www.gereso.com\/actualites\/wp-json\/wp\/v2\/comments?post=1398"}],"version-history":[{"count":0,"href":"https:\/\/www.gereso.com\/actualites\/wp-json\/wp\/v2\/posts\/1398\/revisions"}],"wp:attachment":[{"href":"https:\/\/www.gereso.com\/actualites\/wp-json\/wp\/v2\/media?parent=1398"}],"wp:term":[{"taxonomy":"category","embeddable":true,"href":"https:\/\/www.gereso.com\/actualites\/wp-json\/wp\/v2\/categories?post=1398"},{"taxonomy":"post_tag","embeddable":true,"href":"https:\/\/www.gereso.com\/actualites\/wp-json\/wp\/v2\/tags?post=1398"}],"curies":[{"name":"wp","href":"https:\/\/api.w.org\/{rel}","templated":true}]}}