{"id":14108,"date":"2020-03-18T00:59:46","date_gmt":"2020-03-17T22:59:46","guid":{"rendered":"https:\/\/www.gereso.com\/actualites\/?p=14108"},"modified":"2022-03-14T11:34:51","modified_gmt":"2022-03-14T09:34:51","slug":"coronavirus-les-mesures-de-soutien-aux-entreprises","status":"publish","type":"post","link":"https:\/\/www.gereso.com\/actualites\/2020\/03\/18\/coronavirus-les-mesures-de-soutien-aux-entreprises\/","title":{"rendered":"Coronavirus : les mesures de soutien aux entreprises"},"content":{"rendered":"\n<p>Compte tenu des diff\u00e9rentes mesures impos\u00e9es par le Gouvernement pour \u00e9viter la propagation du <strong>Coronavirus Covid-19<\/strong>, le Gouvernement a mis en place plusieurs mesures de soutien aux entreprises (actualit\u00e9 <a href=\"https:\/\/www.economie.gouv.fr\/coronavirus-soutien-entreprises\">economie.gouv.fr<\/a> du 17 mars 2020).<\/p>\n\n\n\n<h2 class=\"wp-block-heading\"><strong>Des d\u00e9lais de paiement pour les imp\u00f4ts et les cotisations<\/strong><\/h2>\n\n\n\n<p>Pour faire face \u00e0 cette \u00e9pid\u00e9mie, l\u2019Ex\u00e9cutif a d\u00fb annoncer plusieurs\nmesures de confinement et des fermetures de nombreux commerces.\nProgressivement, des mesures d\u2019accompagnement des entreprises ont \u00e9t\u00e9\nannonc\u00e9es. <\/p>\n\n\n\n<p>Tout d\u2019abord des <strong>d\u00e9lais de paiement pour les <a href=\"https:\/\/www.economie.gouv.fr\/mesures-exceptionnelles-urssaf-et-services-impots-entreprises\">\u00e9ch\u00e9ances sociales et fiscales<\/a><\/strong><a href=\"https:\/\/www.economie.gouv.fr\/mesures-exceptionnelles-urssaf-et-services-impots-entreprises\"> <\/a>seront accord\u00e9s&nbsp;: <\/p>\n\n\n\n<ul class=\"wp-block-list\"><li>Report sans p\u00e9nalit\u00e9 de la prochaine \u00e9ch\u00e9ance d\u2019<strong>imp\u00f4t\nsur les soci\u00e9t\u00e9s<\/strong>, ou <strong>taxes sur les salaires<\/strong>&nbsp; (ou remboursement possible si le versement a\nd\u00e9j\u00e0 \u00e9t\u00e9 effectu\u00e9), suspension possible des acomptes de CFE (cotisations\nfonci\u00e8res des entreprises) et de taxe fonci\u00e8re<\/li><li>Report de tout ou partie du paiement des <strong>cotisations<\/strong>\nsalariales et patronales, jusqu\u2019\u00e0 3 mois, sans p\u00e9nalit\u00e9<\/li><li>Report possible pour les travailleurs\nind\u00e9pendants des <strong>acomptes de pr\u00e9l\u00e8vement \u00e0 la source<\/strong> (b\u00e9n\u00e9fices,\nr\u00e9mun\u00e9rations de g\u00e9rant) jusqu\u2019\u00e0 3 fois en cas d\u2019acomptes mensuels<\/li><li>Non-pr\u00e9l\u00e8vement de l\u2019\u00e9ch\u00e9ance du mois de mars des\ncotisations des ind\u00e9pendants <\/li><\/ul>\n\n\n\n<p>Bruno Le Maire a m\u00eame annonc\u00e9 hier sur RTL que ces \u00e9ch\u00e9ances\nfiscales et sociales pourraient m\u00eame \u00eatre annul\u00e9es pour les entreprises qui ne\npourraient les rembourser au bout des 3 mois de d\u00e9lais. L\u2019objectif affich\u00e9 du\nGouvernement est d\u2019\u00e9viter les faillites.<\/p>\n\n\n\n<p>Le Gouvernement encourage \u00e9galement les entreprises \u00e0 recourir\nau ch\u00f4mage partiel. Le dispositif vient d\u2019\u00eatre \u00e9largi.<\/p>\n\n\n\n<h2 class=\"wp-block-heading\"><strong>Les actions relatives aux \u00e9ch\u00e9ances d\u2019emprunts<\/strong><\/h2>\n\n\n\n<p>Lundi <strong>Bpifrance<\/strong> avait annonc\u00e9 6 mesures pour accompagner les entreprises. Elle propose de porter de 50% en temps normal \u00e0 <strong>90%<\/strong> la fraction des emprunts bancaires de 3 \u00e0 7 ans qu\u2019elle <strong>garantit<\/strong>. Elle a \u00e9galement annonc\u00e9 davantage de pr\u00eats sans garantie pour les PME, mais \u00e9galement les ETI (entreprises de taille interm\u00e9diaire). <\/p>\n\n\n\n<p>Lors de son allocution t\u00e9l\u00e9vis\u00e9e du lundi 16 mars, le\nPr\u00e9sident de la R\u00e9publique est all\u00e9 encore plus loin. L\u2019\u00c9tat garantira \u00e0\nhauteur de <strong>300 milliards \u20ac<\/strong> les pr\u00eats des entreprises aupr\u00e8s des banques\nleur permettant de faire face \u00e0 la crise. Bruno Le Maire a ajout\u00e9 que des\nnationalisations seraient \u00e9galement possibles si n\u00e9cessaire.<\/p>\n\n\n\n<h2 class=\"wp-block-heading\"><strong>Fonds de solidarit\u00e9<\/strong><\/h2>\n\n\n\n<p>Un fonds de solidarit\u00e9 \u00e0 hauteur de 2 milliards \u20ac pour\ncommencer sera cr\u00e9\u00e9 afin de verser une <strong>indemnit\u00e9<\/strong> d\u2019au moins <strong>1.500 \u20ac\npar mois <\/strong>pour les entreprises de moins d\u2019un million \u20ac de chiffre d\u2019affaires\net dont ce dernier a diminu\u00e9 de plus de 70% entre mars 2019 et mars 2020. Les\nentreprises qui ont eu l\u2019obligation de fermer sont \u00e9galement concern\u00e9es.<\/p>\n\n\n\n<p>Bruno Le Maire estime l\u2019ensemble de ces aides \u00e0 45 milliards\n\u20ac. Elles devraient porter le d\u00e9ficit pr\u00e9visionnel 2020 \u00e0 3,9% du PIB sur la\nbase d\u2019une pr\u00e9vision de croissance de -1%.<\/p>\n","protected":false},"excerpt":{"rendered":"<p>Compte tenu des diff\u00e9rentes mesures impos\u00e9es par le Gouvernement pour \u00e9viter la propagation du Coronavirus Covid-19, le Gouvernement a mis en place plusieurs mesures de soutien aux entreprises (actualit\u00e9 economie.gouv.fr du 17 mars 2020). Des d\u00e9lais de paiement pour les imp\u00f4ts et les cotisations Pour faire face \u00e0 cette \u00e9pid\u00e9mie, l\u2019Ex\u00e9cutif a d\u00fb annoncer plusieurs [&hellip;]<\/p>\n","protected":false},"author":45,"featured_media":0,"comment_status":"open","ping_status":"open","sticky":false,"template":"","format":"quote","meta":{"_acf_changed":false,"_mi_skip_tracking":false,"footnotes":""},"categories":[12,3,8],"tags":[1857,426],"class_list":["post-14108","post","type-post","status-publish","format-quote","hentry","category-actualites","category-comptabilite-fiscalite-et-gestion-financiere","category-paie-et-administration-du-personnel","tag-coronavirus","tag-cotisations-sociales","post_format-post-format-quote"],"acf":[],"yoast_head":"<!-- This site is optimized with the Yoast SEO plugin v23.4 - https:\/\/yoast.com\/wordpress\/plugins\/seo\/ -->\n<title>Coronavirus : les mesures de soutien aux entreprises - Le Blog GERESO<\/title>\n<meta name=\"robots\" content=\"index, follow, max-snippet:-1, max-image-preview:large, max-video-preview:-1\" \/>\n<link rel=\"canonical\" href=\"https:\/\/www.gereso.com\/actualites\/2020\/03\/18\/coronavirus-les-mesures-de-soutien-aux-entreprises\/\" \/>\n<meta property=\"og:locale\" content=\"fr_FR\" \/>\n<meta property=\"og:type\" content=\"article\" \/>\n<meta property=\"og:title\" content=\"Coronavirus : les mesures de soutien aux entreprises - Le Blog GERESO\" \/>\n<meta property=\"og:description\" content=\"Compte tenu des diff\u00e9rentes mesures impos\u00e9es par le Gouvernement pour \u00e9viter la propagation du Coronavirus Covid-19, le Gouvernement a mis en place plusieurs mesures de soutien aux entreprises (actualit\u00e9 economie.gouv.fr du 17 mars 2020). Des d\u00e9lais de paiement pour les imp\u00f4ts et les cotisations Pour faire face \u00e0 cette \u00e9pid\u00e9mie, l\u2019Ex\u00e9cutif a d\u00fb annoncer plusieurs [&hellip;]\" \/>\n<meta property=\"og:url\" content=\"https:\/\/www.gereso.com\/actualites\/2020\/03\/18\/coronavirus-les-mesures-de-soutien-aux-entreprises\/\" \/>\n<meta property=\"og:site_name\" content=\"Le Blog GERESO\" \/>\n<meta property=\"article:published_time\" content=\"2020-03-17T22:59:46+00:00\" \/>\n<meta property=\"article:modified_time\" content=\"2022-03-14T09:34:51+00:00\" \/>\n<meta name=\"author\" content=\"Damien P\u00e9an\" \/>\n<meta name=\"twitter:card\" content=\"summary_large_image\" \/>\n<script type=\"application\/ld+json\" class=\"yoast-schema-graph\">{\"@context\":\"https:\/\/schema.org\",\"@graph\":[{\"@type\":\"WebPage\",\"@id\":\"https:\/\/www.gereso.com\/actualites\/2020\/03\/18\/coronavirus-les-mesures-de-soutien-aux-entreprises\/\",\"url\":\"https:\/\/www.gereso.com\/actualites\/2020\/03\/18\/coronavirus-les-mesures-de-soutien-aux-entreprises\/\",\"name\":\"Coronavirus : les mesures de soutien aux entreprises - Le Blog GERESO\",\"isPartOf\":{\"@id\":\"https:\/\/www.gereso.com\/actualites\/#website\"},\"datePublished\":\"2020-03-17T22:59:46+00:00\",\"dateModified\":\"2022-03-14T09:34:51+00:00\",\"author\":{\"@id\":\"https:\/\/www.gereso.com\/actualites\/#\/schema\/person\/c91814f92d627ed4715993fbbf7c7e8d\"},\"breadcrumb\":{\"@id\":\"https:\/\/www.gereso.com\/actualites\/2020\/03\/18\/coronavirus-les-mesures-de-soutien-aux-entreprises\/#breadcrumb\"},\"inLanguage\":\"fr-FR\",\"potentialAction\":[{\"@type\":\"ReadAction\",\"target\":[\"https:\/\/www.gereso.com\/actualites\/2020\/03\/18\/coronavirus-les-mesures-de-soutien-aux-entreprises\/\"]}]},{\"@type\":\"BreadcrumbList\",\"@id\":\"https:\/\/www.gereso.com\/actualites\/2020\/03\/18\/coronavirus-les-mesures-de-soutien-aux-entreprises\/#breadcrumb\",\"itemListElement\":[{\"@type\":\"ListItem\",\"position\":1,\"name\":\"Home\",\"item\":\"https:\/\/www.gereso.com\/actualites\/\"},{\"@type\":\"ListItem\",\"position\":2,\"name\":\"Coronavirus : les mesures de soutien aux entreprises\"}]},{\"@type\":\"WebSite\",\"@id\":\"https:\/\/www.gereso.com\/actualites\/#website\",\"url\":\"https:\/\/www.gereso.com\/actualites\/\",\"name\":\"Le Blog GERESO\",\"description\":\"Toute l&#039;actu RH, Finance, Fonction Publique, Management...\",\"potentialAction\":[{\"@type\":\"SearchAction\",\"target\":{\"@type\":\"EntryPoint\",\"urlTemplate\":\"https:\/\/www.gereso.com\/actualites\/?s={search_term_string}\"},\"query-input\":{\"@type\":\"PropertyValueSpecification\",\"valueRequired\":true,\"valueName\":\"search_term_string\"}}],\"inLanguage\":\"fr-FR\"},{\"@type\":\"Person\",\"@id\":\"https:\/\/www.gereso.com\/actualites\/#\/schema\/person\/c91814f92d627ed4715993fbbf7c7e8d\",\"name\":\"Damien P\u00e9an\",\"image\":{\"@type\":\"ImageObject\",\"inLanguage\":\"fr-FR\",\"@id\":\"https:\/\/www.gereso.com\/actualites\/#\/schema\/person\/image\/\",\"url\":\"https:\/\/www.gereso.com\/actualites\/wp-content\/uploads\/2016\/03\/damien-pean.jpg\",\"contentUrl\":\"https:\/\/www.gereso.com\/actualites\/wp-content\/uploads\/2016\/03\/damien-pean.jpg\",\"caption\":\"Damien P\u00e9an\"},\"description\":\"Damien P\u00c9AN est titulaire du Dipl\u00f4me d'\u00e9tudes sup\u00e9rieures comptables et financi\u00e8res (DESCF). Il intervient depuis plusieurs ann\u00e9es aupr\u00e8s d'\u00e9tudiants en licence de comptabilit\u00e9 et de gestion, \u00e0 qui il enseigne le contr\u00f4le de gestion, la comptabilit\u00e9 approfondie, le management, la fiscalit\u00e9, le droit des soci\u00e9t\u00e9s et le droit du travail. Il intervient \u00e9galement en formation continue pour le compte de divers organismes de formation sur des th\u00e9matiques techniques en comptabilit\u00e9 et fiscalit\u00e9. Il forme aussi un public de non-initi\u00e9s aux fondamentaux de la finance.\",\"url\":\"https:\/\/www.gereso.com\/actualites\/author\/d-pean\/\"}]}<\/script>\n<!-- \/ Yoast SEO plugin. -->","yoast_head_json":{"title":"Coronavirus : les mesures de soutien aux entreprises - Le Blog GERESO","robots":{"index":"index","follow":"follow","max-snippet":"max-snippet:-1","max-image-preview":"max-image-preview:large","max-video-preview":"max-video-preview:-1"},"canonical":"https:\/\/www.gereso.com\/actualites\/2020\/03\/18\/coronavirus-les-mesures-de-soutien-aux-entreprises\/","og_locale":"fr_FR","og_type":"article","og_title":"Coronavirus : les mesures de soutien aux entreprises - Le Blog GERESO","og_description":"Compte tenu des diff\u00e9rentes mesures impos\u00e9es par le Gouvernement pour \u00e9viter la propagation du Coronavirus Covid-19, le Gouvernement a mis en place plusieurs mesures de soutien aux entreprises (actualit\u00e9 economie.gouv.fr du 17 mars 2020). Des d\u00e9lais de paiement pour les imp\u00f4ts et les cotisations Pour faire face \u00e0 cette \u00e9pid\u00e9mie, l\u2019Ex\u00e9cutif a d\u00fb annoncer plusieurs [&hellip;]","og_url":"https:\/\/www.gereso.com\/actualites\/2020\/03\/18\/coronavirus-les-mesures-de-soutien-aux-entreprises\/","og_site_name":"Le Blog GERESO","article_published_time":"2020-03-17T22:59:46+00:00","article_modified_time":"2022-03-14T09:34:51+00:00","author":"Damien P\u00e9an","twitter_card":"summary_large_image","schema":{"@context":"https:\/\/schema.org","@graph":[{"@type":"WebPage","@id":"https:\/\/www.gereso.com\/actualites\/2020\/03\/18\/coronavirus-les-mesures-de-soutien-aux-entreprises\/","url":"https:\/\/www.gereso.com\/actualites\/2020\/03\/18\/coronavirus-les-mesures-de-soutien-aux-entreprises\/","name":"Coronavirus : les mesures de soutien aux entreprises - Le Blog GERESO","isPartOf":{"@id":"https:\/\/www.gereso.com\/actualites\/#website"},"datePublished":"2020-03-17T22:59:46+00:00","dateModified":"2022-03-14T09:34:51+00:00","author":{"@id":"https:\/\/www.gereso.com\/actualites\/#\/schema\/person\/c91814f92d627ed4715993fbbf7c7e8d"},"breadcrumb":{"@id":"https:\/\/www.gereso.com\/actualites\/2020\/03\/18\/coronavirus-les-mesures-de-soutien-aux-entreprises\/#breadcrumb"},"inLanguage":"fr-FR","potentialAction":[{"@type":"ReadAction","target":["https:\/\/www.gereso.com\/actualites\/2020\/03\/18\/coronavirus-les-mesures-de-soutien-aux-entreprises\/"]}]},{"@type":"BreadcrumbList","@id":"https:\/\/www.gereso.com\/actualites\/2020\/03\/18\/coronavirus-les-mesures-de-soutien-aux-entreprises\/#breadcrumb","itemListElement":[{"@type":"ListItem","position":1,"name":"Home","item":"https:\/\/www.gereso.com\/actualites\/"},{"@type":"ListItem","position":2,"name":"Coronavirus : les mesures de soutien aux entreprises"}]},{"@type":"WebSite","@id":"https:\/\/www.gereso.com\/actualites\/#website","url":"https:\/\/www.gereso.com\/actualites\/","name":"Le Blog GERESO","description":"Toute l&#039;actu RH, Finance, Fonction Publique, Management...","potentialAction":[{"@type":"SearchAction","target":{"@type":"EntryPoint","urlTemplate":"https:\/\/www.gereso.com\/actualites\/?s={search_term_string}"},"query-input":{"@type":"PropertyValueSpecification","valueRequired":true,"valueName":"search_term_string"}}],"inLanguage":"fr-FR"},{"@type":"Person","@id":"https:\/\/www.gereso.com\/actualites\/#\/schema\/person\/c91814f92d627ed4715993fbbf7c7e8d","name":"Damien P\u00e9an","image":{"@type":"ImageObject","inLanguage":"fr-FR","@id":"https:\/\/www.gereso.com\/actualites\/#\/schema\/person\/image\/","url":"https:\/\/www.gereso.com\/actualites\/wp-content\/uploads\/2016\/03\/damien-pean.jpg","contentUrl":"https:\/\/www.gereso.com\/actualites\/wp-content\/uploads\/2016\/03\/damien-pean.jpg","caption":"Damien P\u00e9an"},"description":"Damien P\u00c9AN est titulaire du Dipl\u00f4me d'\u00e9tudes sup\u00e9rieures comptables et financi\u00e8res (DESCF). Il intervient depuis plusieurs ann\u00e9es aupr\u00e8s d'\u00e9tudiants en licence de comptabilit\u00e9 et de gestion, \u00e0 qui il enseigne le contr\u00f4le de gestion, la comptabilit\u00e9 approfondie, le management, la fiscalit\u00e9, le droit des soci\u00e9t\u00e9s et le droit du travail. Il intervient \u00e9galement en formation continue pour le compte de divers organismes de formation sur des th\u00e9matiques techniques en comptabilit\u00e9 et fiscalit\u00e9. Il forme aussi un public de non-initi\u00e9s aux fondamentaux de la finance.","url":"https:\/\/www.gereso.com\/actualites\/author\/d-pean\/"}]}},"_links":{"self":[{"href":"https:\/\/www.gereso.com\/actualites\/wp-json\/wp\/v2\/posts\/14108","targetHints":{"allow":["GET"]}}],"collection":[{"href":"https:\/\/www.gereso.com\/actualites\/wp-json\/wp\/v2\/posts"}],"about":[{"href":"https:\/\/www.gereso.com\/actualites\/wp-json\/wp\/v2\/types\/post"}],"author":[{"embeddable":true,"href":"https:\/\/www.gereso.com\/actualites\/wp-json\/wp\/v2\/users\/45"}],"replies":[{"embeddable":true,"href":"https:\/\/www.gereso.com\/actualites\/wp-json\/wp\/v2\/comments?post=14108"}],"version-history":[{"count":3,"href":"https:\/\/www.gereso.com\/actualites\/wp-json\/wp\/v2\/posts\/14108\/revisions"}],"predecessor-version":[{"id":26335,"href":"https:\/\/www.gereso.com\/actualites\/wp-json\/wp\/v2\/posts\/14108\/revisions\/26335"}],"wp:attachment":[{"href":"https:\/\/www.gereso.com\/actualites\/wp-json\/wp\/v2\/media?parent=14108"}],"wp:term":[{"taxonomy":"category","embeddable":true,"href":"https:\/\/www.gereso.com\/actualites\/wp-json\/wp\/v2\/categories?post=14108"},{"taxonomy":"post_tag","embeddable":true,"href":"https:\/\/www.gereso.com\/actualites\/wp-json\/wp\/v2\/tags?post=14108"}],"curies":[{"name":"wp","href":"https:\/\/api.w.org\/{rel}","templated":true}]}}