{"id":1438,"date":"2010-03-10T00:00:00","date_gmt":"2010-03-09T22:00:00","guid":{"rendered":"https:\/\/www.gereso.com\/actualites\/2010\/03\/nouvelles-obligations-de-teledeclaration-dimpots\/"},"modified":"2010-03-10T00:00:00","modified_gmt":"2010-03-09T22:00:00","slug":"nouvelles-obligations-de-teledeclaration-dimpots","status":"publish","type":"post","link":"https:\/\/www.gereso.com\/actualites\/2010\/03\/10\/nouvelles-obligations-de-teledeclaration-dimpots\/","title":{"rendered":"Nouvelles obligations de t\u00e9l\u00e9d\u00e9claration d&#039;imp\u00f4ts"},"content":{"rendered":"\n<p>Les seuils de chiffre d&rsquo;affaires entra\u00eenant l&rsquo;obligationpour les entreprises de d\u00e9clarer et r\u00e9gler par voie \u00e9lectronique la taxe sur lavaleur ajout\u00e9e (TVA), l&rsquo;imp\u00f4t sur les soci\u00e9t\u00e9s et la taxe sur les salaires vont\u00eatre progressivement abaiss\u00e9s (cf. art. 29 de la loi de financesrectificative pour 2009).<\/p>\n<p>Alors que cette obligation s&rsquo;appliquait depuis 2007 auxentreprises dont le chiffre d&rsquo;affaires d\u00e9passaient 760 000 &euro;, lat\u00e9l\u00e9d\u00e9claration et le t\u00e9l\u00e9r\u00e8glement deviennent obligatoires :<\/p>\n<li>\u00e0 partir du 1er octobre 2010 pour les entreprises dont le chiffre d&rsquo;affaires HTd\u00e9passe 500 000 &euro;,<\/li>\n<li>\u00e0 partir du 1er octobre 2011 pour les entreprises dont le chiffre d&rsquo;affaires HTest sup\u00e9rieur \u00e0 230 000 &euro;.<\/li>\n<p>(Source Service Public)<\/p>\n","protected":false},"excerpt":{"rendered":"<p>Les seuils de chiffre d&rsquo;affaires entra\u00eenant l&rsquo;obligationpour les entreprises de d\u00e9clarer et r\u00e9gler par voie \u00e9lectronique la taxe sur lavaleur ajout\u00e9e (TVA), l&rsquo;imp\u00f4t sur les soci\u00e9t\u00e9s et la taxe sur les salaires vont\u00eatre progressivement abaiss\u00e9s (cf. art. 29 de la loi de financesrectificative pour 2009). Alors que cette obligation s&rsquo;appliquait depuis 2007 auxentreprises dont le [&hellip;]<\/p>\n","protected":false},"author":32,"featured_media":0,"comment_status":"open","ping_status":"open","sticky":false,"template":"","format":"standard","meta":{"_acf_changed":false,"_mi_skip_tracking":false,"footnotes":""},"categories":[3],"tags":[],"class_list":["post-1438","post","type-post","status-publish","format-standard","hentry","category-comptabilite-fiscalite-et-gestion-financiere"],"acf":[],"yoast_head":"<!-- This site is optimized with the Yoast SEO plugin v23.4 - https:\/\/yoast.com\/wordpress\/plugins\/seo\/ -->\n<title>Nouvelles obligations de t\u00e9l\u00e9d\u00e9claration d&#039;imp\u00f4ts - Le Blog GERESO<\/title>\n<meta name=\"robots\" content=\"index, follow, max-snippet:-1, max-image-preview:large, max-video-preview:-1\" \/>\n<link rel=\"canonical\" href=\"https:\/\/www.gereso.com\/actualites\/2010\/03\/10\/nouvelles-obligations-de-teledeclaration-dimpots\/\" \/>\n<meta property=\"og:locale\" content=\"fr_FR\" \/>\n<meta property=\"og:type\" content=\"article\" \/>\n<meta property=\"og:title\" content=\"Nouvelles obligations de t\u00e9l\u00e9d\u00e9claration d&#039;imp\u00f4ts - Le Blog GERESO\" \/>\n<meta property=\"og:description\" content=\"Les seuils de chiffre d&rsquo;affaires entra\u00eenant l&rsquo;obligationpour les entreprises de d\u00e9clarer et r\u00e9gler par voie \u00e9lectronique la taxe sur lavaleur ajout\u00e9e (TVA), l&rsquo;imp\u00f4t sur les soci\u00e9t\u00e9s et la taxe sur les salaires vont\u00eatre progressivement abaiss\u00e9s (cf. art. 29 de la loi de financesrectificative pour 2009). Alors que cette obligation s&rsquo;appliquait depuis 2007 auxentreprises dont le [&hellip;]\" \/>\n<meta property=\"og:url\" content=\"https:\/\/www.gereso.com\/actualites\/2010\/03\/10\/nouvelles-obligations-de-teledeclaration-dimpots\/\" \/>\n<meta property=\"og:site_name\" content=\"Le Blog GERESO\" \/>\n<meta property=\"article:published_time\" content=\"2010-03-09T22:00:00+00:00\" \/>\n<meta name=\"author\" content=\"\u00c9quipe GERESO\" \/>\n<meta name=\"twitter:card\" content=\"summary_large_image\" \/>\n<script type=\"application\/ld+json\" class=\"yoast-schema-graph\">{\"@context\":\"https:\/\/schema.org\",\"@graph\":[{\"@type\":\"WebPage\",\"@id\":\"https:\/\/www.gereso.com\/actualites\/2010\/03\/10\/nouvelles-obligations-de-teledeclaration-dimpots\/\",\"url\":\"https:\/\/www.gereso.com\/actualites\/2010\/03\/10\/nouvelles-obligations-de-teledeclaration-dimpots\/\",\"name\":\"Nouvelles obligations de t\u00e9l\u00e9d\u00e9claration d&#039;imp\u00f4ts - Le Blog GERESO\",\"isPartOf\":{\"@id\":\"https:\/\/www.gereso.com\/actualites\/#website\"},\"datePublished\":\"2010-03-09T22:00:00+00:00\",\"dateModified\":\"2010-03-09T22:00:00+00:00\",\"author\":{\"@id\":\"https:\/\/www.gereso.com\/actualites\/#\/schema\/person\/197d8aef40cb4ae3f6a0aa9e1d3df2a6\"},\"breadcrumb\":{\"@id\":\"https:\/\/www.gereso.com\/actualites\/2010\/03\/10\/nouvelles-obligations-de-teledeclaration-dimpots\/#breadcrumb\"},\"inLanguage\":\"fr-FR\",\"potentialAction\":[{\"@type\":\"ReadAction\",\"target\":[\"https:\/\/www.gereso.com\/actualites\/2010\/03\/10\/nouvelles-obligations-de-teledeclaration-dimpots\/\"]}]},{\"@type\":\"BreadcrumbList\",\"@id\":\"https:\/\/www.gereso.com\/actualites\/2010\/03\/10\/nouvelles-obligations-de-teledeclaration-dimpots\/#breadcrumb\",\"itemListElement\":[{\"@type\":\"ListItem\",\"position\":1,\"name\":\"Home\",\"item\":\"https:\/\/www.gereso.com\/actualites\/\"},{\"@type\":\"ListItem\",\"position\":2,\"name\":\"Nouvelles obligations de t\u00e9l\u00e9d\u00e9claration d&#039;imp\u00f4ts\"}]},{\"@type\":\"WebSite\",\"@id\":\"https:\/\/www.gereso.com\/actualites\/#website\",\"url\":\"https:\/\/www.gereso.com\/actualites\/\",\"name\":\"Le Blog GERESO\",\"description\":\"Toute l&#039;actu RH, Finance, Fonction Publique, Management...\",\"potentialAction\":[{\"@type\":\"SearchAction\",\"target\":{\"@type\":\"EntryPoint\",\"urlTemplate\":\"https:\/\/www.gereso.com\/actualites\/?s={search_term_string}\"},\"query-input\":{\"@type\":\"PropertyValueSpecification\",\"valueRequired\":true,\"valueName\":\"search_term_string\"}}],\"inLanguage\":\"fr-FR\"},{\"@type\":\"Person\",\"@id\":\"https:\/\/www.gereso.com\/actualites\/#\/schema\/person\/197d8aef40cb4ae3f6a0aa9e1d3df2a6\",\"name\":\"\u00c9quipe GERESO\",\"image\":{\"@type\":\"ImageObject\",\"inLanguage\":\"fr-FR\",\"@id\":\"https:\/\/www.gereso.com\/actualites\/#\/schema\/person\/image\/\",\"url\":\"https:\/\/www.gereso.com\/actualites\/wp-content\/uploads\/2013\/12\/avatar-gereso-1.png\",\"contentUrl\":\"https:\/\/www.gereso.com\/actualites\/wp-content\/uploads\/2013\/12\/avatar-gereso-1.png\",\"caption\":\"\u00c9quipe GERESO\"},\"url\":\"https:\/\/www.gereso.com\/actualites\/author\/gereso\/\"}]}<\/script>\n<!-- \/ Yoast SEO plugin. -->","yoast_head_json":{"title":"Nouvelles obligations de t\u00e9l\u00e9d\u00e9claration d&#039;imp\u00f4ts - Le Blog GERESO","robots":{"index":"index","follow":"follow","max-snippet":"max-snippet:-1","max-image-preview":"max-image-preview:large","max-video-preview":"max-video-preview:-1"},"canonical":"https:\/\/www.gereso.com\/actualites\/2010\/03\/10\/nouvelles-obligations-de-teledeclaration-dimpots\/","og_locale":"fr_FR","og_type":"article","og_title":"Nouvelles obligations de t\u00e9l\u00e9d\u00e9claration d&#039;imp\u00f4ts - Le Blog GERESO","og_description":"Les seuils de chiffre d&rsquo;affaires entra\u00eenant l&rsquo;obligationpour les entreprises de d\u00e9clarer et r\u00e9gler par voie \u00e9lectronique la taxe sur lavaleur ajout\u00e9e (TVA), l&rsquo;imp\u00f4t sur les soci\u00e9t\u00e9s et la taxe sur les salaires vont\u00eatre progressivement abaiss\u00e9s (cf. art. 29 de la loi de financesrectificative pour 2009). Alors que cette obligation s&rsquo;appliquait depuis 2007 auxentreprises dont le [&hellip;]","og_url":"https:\/\/www.gereso.com\/actualites\/2010\/03\/10\/nouvelles-obligations-de-teledeclaration-dimpots\/","og_site_name":"Le Blog GERESO","article_published_time":"2010-03-09T22:00:00+00:00","author":"\u00c9quipe GERESO","twitter_card":"summary_large_image","schema":{"@context":"https:\/\/schema.org","@graph":[{"@type":"WebPage","@id":"https:\/\/www.gereso.com\/actualites\/2010\/03\/10\/nouvelles-obligations-de-teledeclaration-dimpots\/","url":"https:\/\/www.gereso.com\/actualites\/2010\/03\/10\/nouvelles-obligations-de-teledeclaration-dimpots\/","name":"Nouvelles obligations de t\u00e9l\u00e9d\u00e9claration d&#039;imp\u00f4ts - Le Blog GERESO","isPartOf":{"@id":"https:\/\/www.gereso.com\/actualites\/#website"},"datePublished":"2010-03-09T22:00:00+00:00","dateModified":"2010-03-09T22:00:00+00:00","author":{"@id":"https:\/\/www.gereso.com\/actualites\/#\/schema\/person\/197d8aef40cb4ae3f6a0aa9e1d3df2a6"},"breadcrumb":{"@id":"https:\/\/www.gereso.com\/actualites\/2010\/03\/10\/nouvelles-obligations-de-teledeclaration-dimpots\/#breadcrumb"},"inLanguage":"fr-FR","potentialAction":[{"@type":"ReadAction","target":["https:\/\/www.gereso.com\/actualites\/2010\/03\/10\/nouvelles-obligations-de-teledeclaration-dimpots\/"]}]},{"@type":"BreadcrumbList","@id":"https:\/\/www.gereso.com\/actualites\/2010\/03\/10\/nouvelles-obligations-de-teledeclaration-dimpots\/#breadcrumb","itemListElement":[{"@type":"ListItem","position":1,"name":"Home","item":"https:\/\/www.gereso.com\/actualites\/"},{"@type":"ListItem","position":2,"name":"Nouvelles obligations de t\u00e9l\u00e9d\u00e9claration d&#039;imp\u00f4ts"}]},{"@type":"WebSite","@id":"https:\/\/www.gereso.com\/actualites\/#website","url":"https:\/\/www.gereso.com\/actualites\/","name":"Le Blog GERESO","description":"Toute l&#039;actu RH, Finance, Fonction Publique, Management...","potentialAction":[{"@type":"SearchAction","target":{"@type":"EntryPoint","urlTemplate":"https:\/\/www.gereso.com\/actualites\/?s={search_term_string}"},"query-input":{"@type":"PropertyValueSpecification","valueRequired":true,"valueName":"search_term_string"}}],"inLanguage":"fr-FR"},{"@type":"Person","@id":"https:\/\/www.gereso.com\/actualites\/#\/schema\/person\/197d8aef40cb4ae3f6a0aa9e1d3df2a6","name":"\u00c9quipe GERESO","image":{"@type":"ImageObject","inLanguage":"fr-FR","@id":"https:\/\/www.gereso.com\/actualites\/#\/schema\/person\/image\/","url":"https:\/\/www.gereso.com\/actualites\/wp-content\/uploads\/2013\/12\/avatar-gereso-1.png","contentUrl":"https:\/\/www.gereso.com\/actualites\/wp-content\/uploads\/2013\/12\/avatar-gereso-1.png","caption":"\u00c9quipe GERESO"},"url":"https:\/\/www.gereso.com\/actualites\/author\/gereso\/"}]}},"_links":{"self":[{"href":"https:\/\/www.gereso.com\/actualites\/wp-json\/wp\/v2\/posts\/1438","targetHints":{"allow":["GET"]}}],"collection":[{"href":"https:\/\/www.gereso.com\/actualites\/wp-json\/wp\/v2\/posts"}],"about":[{"href":"https:\/\/www.gereso.com\/actualites\/wp-json\/wp\/v2\/types\/post"}],"author":[{"embeddable":true,"href":"https:\/\/www.gereso.com\/actualites\/wp-json\/wp\/v2\/users\/32"}],"replies":[{"embeddable":true,"href":"https:\/\/www.gereso.com\/actualites\/wp-json\/wp\/v2\/comments?post=1438"}],"version-history":[{"count":0,"href":"https:\/\/www.gereso.com\/actualites\/wp-json\/wp\/v2\/posts\/1438\/revisions"}],"wp:attachment":[{"href":"https:\/\/www.gereso.com\/actualites\/wp-json\/wp\/v2\/media?parent=1438"}],"wp:term":[{"taxonomy":"category","embeddable":true,"href":"https:\/\/www.gereso.com\/actualites\/wp-json\/wp\/v2\/categories?post=1438"},{"taxonomy":"post_tag","embeddable":true,"href":"https:\/\/www.gereso.com\/actualites\/wp-json\/wp\/v2\/tags?post=1438"}],"curies":[{"name":"wp","href":"https:\/\/api.w.org\/{rel}","templated":true}]}}