{"id":1442,"date":"2008-05-01T00:00:00","date_gmt":"2008-04-30T22:00:00","guid":{"rendered":"https:\/\/www.gereso.com\/actualites\/2008\/05\/extraits-video-de-la-conference-managez-votre-equipe-projet-dyves-sotiaux\/"},"modified":"2017-04-04T14:48:17","modified_gmt":"2017-04-04T12:48:17","slug":"extraits-video-de-la-conference-managez-votre-equipe-projet-dyves-sotiaux","status":"publish","type":"post","link":"https:\/\/www.gereso.com\/actualites\/2008\/05\/01\/extraits-video-de-la-conference-managez-votre-equipe-projet-dyves-sotiaux\/","title":{"rendered":"Extraits vid\u00e9o de la conf\u00e9rence &quot;Managez votre \u00e9quipe projet !&quot; d&rsquo;Yves SOTIAUX"},"content":{"rendered":"<p>Le mardi 20 mai dernier, <b>Yves SOTIAUX<\/b>,coach professionnel certifi\u00e9, consultant en management d&rsquo;\u00e9quipe et en conduite de projet, a souhait\u00e9 partager son expertise au cours d&rsquo;une conf\u00e9rence gratuite exceptionnelle, \u00e0 l&rsquo;Espace Formation GERESO de Paris Montparnasse.<\/p>\n<p>Au cours de son intervention intitul\u00e9e <b>\u00ab\u00a0Managez votre \u00e9quipe projet !\u00a0\u00bb<\/b>,il a livr\u00e9 aux participants les cl\u00e9s leur permettant d&rsquo;initier une m\u00e9thode de management d&rsquo;\u00e9quipe projet dans leur entreprise ou de progresser dans leurs pratiques.<\/p>\n<p>Retour en images sur ce rendez-vous exceptionnel&#8230;<\/p>\n<table border=\"0\" width=\"95%\" cellspacing=\"0\" cellpadding=\"10\" align=\"center\">\n<tbody>\n<tr align=\"left\" valign=\"top\">\n<td bgcolor=\"white\"><object data=\"http:\/\/www.gereso.com\/medias1\/videos\/player_flv_maxi.swf\" type=\"application\/x-shockwave-flash\" width=\"250\" height=\"188\"><param name=\"movie\" value=\"http:\/\/www.gereso.com\/medias1\/videos\/player_flv_maxi.swf\" \/><param name=\"FlashVars\" value=\"width=250&amp;height=188&amp;showstop=1&amp;showtime=2&amp;showplayer=always&amp;showloading=always&amp;flv=http:\/\/www.gereso.com\/medias1\/videos\/management-equiproj-01.flv&amp;title=Le management d'\u00e9quipe projet : introduction\" \/><\/object><\/td>\n<td bgcolor=\"white\"><object data=\"http:\/\/www.gereso.com\/medias1\/videos\/player_flv_maxi.swf\" type=\"application\/x-shockwave-flash\" width=\"250\" height=\"188\"><param name=\"movie\" value=\"http:\/\/www.gereso.com\/medias1\/videos\/player_flv_maxi.swf\" \/><param name=\"FlashVars\" value=\"width=250&amp;height=188&amp;showstop=1&amp;showtime=2&amp;showplayer=always&amp;showloading=always&amp;flv=http:\/\/www.gereso.com\/medias1\/videos\/management-equiproj-04.flv&amp;title=Constituer l'\u00e9quipe projet\" \/><\/object><\/td>\n<\/tr>\n<tr align=\"left\" valign=\"top\">\n<td bgcolor=\"white\"><object data=\"http:\/\/www.gereso.com\/medias1\/videos\/player_flv_maxi.swf\" type=\"application\/x-shockwave-flash\" width=\"250\" height=\"188\"><param name=\"movie\" value=\"http:\/\/www.gereso.com\/medias1\/videos\/player_flv_maxi.swf\" \/><param name=\"FlashVars\" value=\"width=250&amp;height=188&amp;showstop=1&amp;showtime=2&amp;showplayer=always&amp;showloading=always&amp;flv=http:\/\/www.gereso.com\/medias1\/videos\/management-equiproj-05.flv&amp;title=Le d\u00e9mant\u00e8lement de l'\u00e9quipe projet\" \/><\/object><\/td>\n<td bgcolor=\"white\"><object data=\"http:\/\/www.gereso.com\/medias1\/videos\/player_flv_maxi.swf\" type=\"application\/x-shockwave-flash\" width=\"250\" height=\"188\"><param name=\"movie\" value=\"http:\/\/www.gereso.com\/medias1\/videos\/player_flv_maxi.swf\" \/><param name=\"FlashVars\" value=\"width=250&amp;height=188&amp;showstop=1&amp;showtime=2&amp;showplayer=always&amp;showloading=always&amp;flv=http:\/\/www.gereso.com\/medias1\/videos\/management-equiproj-06.flv&amp;title=Le management de projet : une question de point de vue\" \/><\/object><\/td>\n<\/tr>\n<tr align=\"left\" valign=\"top\">\n<td bgcolor=\"white\"><object data=\"http:\/\/www.gereso.com\/medias1\/videos\/player_flv_maxi.swf\" type=\"application\/x-shockwave-flash\" width=\"250\" height=\"188\"><param name=\"movie\" value=\"http:\/\/www.gereso.com\/medias1\/videos\/player_flv_maxi.swf\" \/><param name=\"FlashVars\" value=\"width=250&amp;height=188&amp;showstop=1&amp;showtime=2&amp;showplayer=always&amp;showloading=always&amp;flv=http:\/\/www.gereso.com\/medias1\/videos\/management-equiproj-07.flv&amp;title=Le d\u00e9marrage du projet : une \u00e9tape essentielle\" \/><\/object><\/td>\n<td bgcolor=\"white\"><object data=\"http:\/\/www.gereso.com\/medias1\/videos\/player_flv_maxi.swf\" type=\"application\/x-shockwave-flash\" width=\"250\" height=\"188\"><param name=\"movie\" value=\"http:\/\/www.gereso.com\/medias1\/videos\/player_flv_maxi.swf\" \/><param name=\"FlashVars\" value=\"width=250&amp;height=188&amp;showstop=1&amp;showtime=2&amp;showplayer=always&amp;showloading=always&amp;flv=http:\/\/www.gereso.com\/medias1\/videos\/management-equiproj-08.flv&amp;title=Le choix des participants au projet\" \/><\/object><\/td>\n<\/tr>\n<\/tbody>\n<\/table>\n<p>&nbsp;<\/p>\n","protected":false},"excerpt":{"rendered":"<p>Le mardi 20 mai dernier, Yves SOTIAUX,coach professionnel certifi\u00e9, consultant en management d&rsquo;\u00e9quipe et en conduite de projet, a souhait\u00e9 partager son expertise au cours d&rsquo;une conf\u00e9rence gratuite exceptionnelle, \u00e0 l&rsquo;Espace Formation GERESO de Paris Montparnasse. Au cours de son intervention intitul\u00e9e \u00ab\u00a0Managez votre \u00e9quipe projet !\u00a0\u00bb,il a livr\u00e9 aux participants les cl\u00e9s leur permettant [&hellip;]<\/p>\n","protected":false},"author":32,"featured_media":0,"comment_status":"open","ping_status":"open","sticky":false,"template":"","format":"standard","meta":{"_acf_changed":false,"_mi_skip_tracking":false,"footnotes":""},"categories":[11],"tags":[],"class_list":["post-1442","post","type-post","status-publish","format-standard","hentry","category-management-de-projet-strategie-et-organisation"],"acf":[],"yoast_head":"<!-- This site is optimized with the Yoast SEO plugin v23.4 - https:\/\/yoast.com\/wordpress\/plugins\/seo\/ -->\n<title>Extraits vid\u00e9o de la conf\u00e9rence &quot;Managez votre \u00e9quipe projet !&quot; d&#039;Yves SOTIAUX - Le Blog GERESO<\/title>\n<meta name=\"robots\" content=\"index, follow, max-snippet:-1, max-image-preview:large, max-video-preview:-1\" \/>\n<link rel=\"canonical\" href=\"https:\/\/www.gereso.com\/actualites\/2008\/05\/01\/extraits-video-de-la-conference-managez-votre-equipe-projet-dyves-sotiaux\/\" \/>\n<meta property=\"og:locale\" content=\"fr_FR\" \/>\n<meta property=\"og:type\" content=\"article\" \/>\n<meta property=\"og:title\" content=\"Extraits vid\u00e9o de la conf\u00e9rence &quot;Managez votre \u00e9quipe projet !&quot; d&#039;Yves SOTIAUX - Le Blog GERESO\" \/>\n<meta property=\"og:description\" content=\"Le mardi 20 mai dernier, Yves SOTIAUX,coach professionnel certifi\u00e9, consultant en management d&rsquo;\u00e9quipe et en conduite de projet, a souhait\u00e9 partager son expertise au cours d&rsquo;une conf\u00e9rence gratuite exceptionnelle, \u00e0 l&rsquo;Espace Formation GERESO de Paris Montparnasse. Au cours de son intervention intitul\u00e9e \u00ab\u00a0Managez votre \u00e9quipe projet !\u00a0\u00bb,il a livr\u00e9 aux participants les cl\u00e9s leur permettant [&hellip;]\" \/>\n<meta property=\"og:url\" content=\"https:\/\/www.gereso.com\/actualites\/2008\/05\/01\/extraits-video-de-la-conference-managez-votre-equipe-projet-dyves-sotiaux\/\" \/>\n<meta property=\"og:site_name\" content=\"Le Blog GERESO\" \/>\n<meta property=\"article:published_time\" content=\"2008-04-30T22:00:00+00:00\" \/>\n<meta property=\"article:modified_time\" content=\"2017-04-04T12:48:17+00:00\" \/>\n<meta name=\"author\" content=\"\u00c9quipe GERESO\" \/>\n<meta name=\"twitter:card\" content=\"summary_large_image\" \/>\n<script type=\"application\/ld+json\" class=\"yoast-schema-graph\">{\"@context\":\"https:\/\/schema.org\",\"@graph\":[{\"@type\":\"WebPage\",\"@id\":\"https:\/\/www.gereso.com\/actualites\/2008\/05\/01\/extraits-video-de-la-conference-managez-votre-equipe-projet-dyves-sotiaux\/\",\"url\":\"https:\/\/www.gereso.com\/actualites\/2008\/05\/01\/extraits-video-de-la-conference-managez-votre-equipe-projet-dyves-sotiaux\/\",\"name\":\"Extraits vid\u00e9o de la conf\u00e9rence &quot;Managez votre \u00e9quipe projet !&quot; d'Yves SOTIAUX - Le Blog GERESO\",\"isPartOf\":{\"@id\":\"https:\/\/www.gereso.com\/actualites\/#website\"},\"datePublished\":\"2008-04-30T22:00:00+00:00\",\"dateModified\":\"2017-04-04T12:48:17+00:00\",\"author\":{\"@id\":\"https:\/\/www.gereso.com\/actualites\/#\/schema\/person\/197d8aef40cb4ae3f6a0aa9e1d3df2a6\"},\"breadcrumb\":{\"@id\":\"https:\/\/www.gereso.com\/actualites\/2008\/05\/01\/extraits-video-de-la-conference-managez-votre-equipe-projet-dyves-sotiaux\/#breadcrumb\"},\"inLanguage\":\"fr-FR\",\"potentialAction\":[{\"@type\":\"ReadAction\",\"target\":[\"https:\/\/www.gereso.com\/actualites\/2008\/05\/01\/extraits-video-de-la-conference-managez-votre-equipe-projet-dyves-sotiaux\/\"]}]},{\"@type\":\"BreadcrumbList\",\"@id\":\"https:\/\/www.gereso.com\/actualites\/2008\/05\/01\/extraits-video-de-la-conference-managez-votre-equipe-projet-dyves-sotiaux\/#breadcrumb\",\"itemListElement\":[{\"@type\":\"ListItem\",\"position\":1,\"name\":\"Home\",\"item\":\"https:\/\/www.gereso.com\/actualites\/\"},{\"@type\":\"ListItem\",\"position\":2,\"name\":\"Extraits vid\u00e9o de la conf\u00e9rence &quot;Managez votre \u00e9quipe projet !&quot; d&rsquo;Yves SOTIAUX\"}]},{\"@type\":\"WebSite\",\"@id\":\"https:\/\/www.gereso.com\/actualites\/#website\",\"url\":\"https:\/\/www.gereso.com\/actualites\/\",\"name\":\"Le Blog GERESO\",\"description\":\"Toute l&#039;actu RH, Finance, Fonction Publique, Management...\",\"potentialAction\":[{\"@type\":\"SearchAction\",\"target\":{\"@type\":\"EntryPoint\",\"urlTemplate\":\"https:\/\/www.gereso.com\/actualites\/?s={search_term_string}\"},\"query-input\":{\"@type\":\"PropertyValueSpecification\",\"valueRequired\":true,\"valueName\":\"search_term_string\"}}],\"inLanguage\":\"fr-FR\"},{\"@type\":\"Person\",\"@id\":\"https:\/\/www.gereso.com\/actualites\/#\/schema\/person\/197d8aef40cb4ae3f6a0aa9e1d3df2a6\",\"name\":\"\u00c9quipe GERESO\",\"image\":{\"@type\":\"ImageObject\",\"inLanguage\":\"fr-FR\",\"@id\":\"https:\/\/www.gereso.com\/actualites\/#\/schema\/person\/image\/\",\"url\":\"https:\/\/www.gereso.com\/actualites\/wp-content\/uploads\/2013\/12\/avatar-gereso-1.png\",\"contentUrl\":\"https:\/\/www.gereso.com\/actualites\/wp-content\/uploads\/2013\/12\/avatar-gereso-1.png\",\"caption\":\"\u00c9quipe GERESO\"},\"url\":\"https:\/\/www.gereso.com\/actualites\/author\/gereso\/\"}]}<\/script>\n<!-- \/ Yoast SEO plugin. -->","yoast_head_json":{"title":"Extraits vid\u00e9o de la conf\u00e9rence &quot;Managez votre \u00e9quipe projet !&quot; d'Yves SOTIAUX - Le Blog GERESO","robots":{"index":"index","follow":"follow","max-snippet":"max-snippet:-1","max-image-preview":"max-image-preview:large","max-video-preview":"max-video-preview:-1"},"canonical":"https:\/\/www.gereso.com\/actualites\/2008\/05\/01\/extraits-video-de-la-conference-managez-votre-equipe-projet-dyves-sotiaux\/","og_locale":"fr_FR","og_type":"article","og_title":"Extraits vid\u00e9o de la conf\u00e9rence &quot;Managez votre \u00e9quipe projet !&quot; d'Yves SOTIAUX - Le Blog GERESO","og_description":"Le mardi 20 mai dernier, Yves SOTIAUX,coach professionnel certifi\u00e9, consultant en management d&rsquo;\u00e9quipe et en conduite de projet, a souhait\u00e9 partager son expertise au cours d&rsquo;une conf\u00e9rence gratuite exceptionnelle, \u00e0 l&rsquo;Espace Formation GERESO de Paris Montparnasse. Au cours de son intervention intitul\u00e9e \u00ab\u00a0Managez votre \u00e9quipe projet !\u00a0\u00bb,il a livr\u00e9 aux participants les cl\u00e9s leur permettant [&hellip;]","og_url":"https:\/\/www.gereso.com\/actualites\/2008\/05\/01\/extraits-video-de-la-conference-managez-votre-equipe-projet-dyves-sotiaux\/","og_site_name":"Le Blog GERESO","article_published_time":"2008-04-30T22:00:00+00:00","article_modified_time":"2017-04-04T12:48:17+00:00","author":"\u00c9quipe GERESO","twitter_card":"summary_large_image","schema":{"@context":"https:\/\/schema.org","@graph":[{"@type":"WebPage","@id":"https:\/\/www.gereso.com\/actualites\/2008\/05\/01\/extraits-video-de-la-conference-managez-votre-equipe-projet-dyves-sotiaux\/","url":"https:\/\/www.gereso.com\/actualites\/2008\/05\/01\/extraits-video-de-la-conference-managez-votre-equipe-projet-dyves-sotiaux\/","name":"Extraits vid\u00e9o de la conf\u00e9rence &quot;Managez votre \u00e9quipe projet !&quot; d'Yves SOTIAUX - Le Blog GERESO","isPartOf":{"@id":"https:\/\/www.gereso.com\/actualites\/#website"},"datePublished":"2008-04-30T22:00:00+00:00","dateModified":"2017-04-04T12:48:17+00:00","author":{"@id":"https:\/\/www.gereso.com\/actualites\/#\/schema\/person\/197d8aef40cb4ae3f6a0aa9e1d3df2a6"},"breadcrumb":{"@id":"https:\/\/www.gereso.com\/actualites\/2008\/05\/01\/extraits-video-de-la-conference-managez-votre-equipe-projet-dyves-sotiaux\/#breadcrumb"},"inLanguage":"fr-FR","potentialAction":[{"@type":"ReadAction","target":["https:\/\/www.gereso.com\/actualites\/2008\/05\/01\/extraits-video-de-la-conference-managez-votre-equipe-projet-dyves-sotiaux\/"]}]},{"@type":"BreadcrumbList","@id":"https:\/\/www.gereso.com\/actualites\/2008\/05\/01\/extraits-video-de-la-conference-managez-votre-equipe-projet-dyves-sotiaux\/#breadcrumb","itemListElement":[{"@type":"ListItem","position":1,"name":"Home","item":"https:\/\/www.gereso.com\/actualites\/"},{"@type":"ListItem","position":2,"name":"Extraits vid\u00e9o de la conf\u00e9rence &quot;Managez votre \u00e9quipe projet !&quot; d&rsquo;Yves SOTIAUX"}]},{"@type":"WebSite","@id":"https:\/\/www.gereso.com\/actualites\/#website","url":"https:\/\/www.gereso.com\/actualites\/","name":"Le Blog GERESO","description":"Toute l&#039;actu RH, Finance, Fonction Publique, Management...","potentialAction":[{"@type":"SearchAction","target":{"@type":"EntryPoint","urlTemplate":"https:\/\/www.gereso.com\/actualites\/?s={search_term_string}"},"query-input":{"@type":"PropertyValueSpecification","valueRequired":true,"valueName":"search_term_string"}}],"inLanguage":"fr-FR"},{"@type":"Person","@id":"https:\/\/www.gereso.com\/actualites\/#\/schema\/person\/197d8aef40cb4ae3f6a0aa9e1d3df2a6","name":"\u00c9quipe GERESO","image":{"@type":"ImageObject","inLanguage":"fr-FR","@id":"https:\/\/www.gereso.com\/actualites\/#\/schema\/person\/image\/","url":"https:\/\/www.gereso.com\/actualites\/wp-content\/uploads\/2013\/12\/avatar-gereso-1.png","contentUrl":"https:\/\/www.gereso.com\/actualites\/wp-content\/uploads\/2013\/12\/avatar-gereso-1.png","caption":"\u00c9quipe GERESO"},"url":"https:\/\/www.gereso.com\/actualites\/author\/gereso\/"}]}},"_links":{"self":[{"href":"https:\/\/www.gereso.com\/actualites\/wp-json\/wp\/v2\/posts\/1442","targetHints":{"allow":["GET"]}}],"collection":[{"href":"https:\/\/www.gereso.com\/actualites\/wp-json\/wp\/v2\/posts"}],"about":[{"href":"https:\/\/www.gereso.com\/actualites\/wp-json\/wp\/v2\/types\/post"}],"author":[{"embeddable":true,"href":"https:\/\/www.gereso.com\/actualites\/wp-json\/wp\/v2\/users\/32"}],"replies":[{"embeddable":true,"href":"https:\/\/www.gereso.com\/actualites\/wp-json\/wp\/v2\/comments?post=1442"}],"version-history":[{"count":1,"href":"https:\/\/www.gereso.com\/actualites\/wp-json\/wp\/v2\/posts\/1442\/revisions"}],"predecessor-version":[{"id":7862,"href":"https:\/\/www.gereso.com\/actualites\/wp-json\/wp\/v2\/posts\/1442\/revisions\/7862"}],"wp:attachment":[{"href":"https:\/\/www.gereso.com\/actualites\/wp-json\/wp\/v2\/media?parent=1442"}],"wp:term":[{"taxonomy":"category","embeddable":true,"href":"https:\/\/www.gereso.com\/actualites\/wp-json\/wp\/v2\/categories?post=1442"},{"taxonomy":"post_tag","embeddable":true,"href":"https:\/\/www.gereso.com\/actualites\/wp-json\/wp\/v2\/tags?post=1442"}],"curies":[{"name":"wp","href":"https:\/\/api.w.org\/{rel}","templated":true}]}}