{"id":1458,"date":"2008-03-01T00:00:00","date_gmt":"2008-02-29T22:00:00","guid":{"rendered":"https:\/\/www.gereso.com\/actualites\/2008\/03\/le-projet-de-loi-relatif-a-lepargne-salariale-solidaire-finalise\/"},"modified":"2008-03-01T00:00:00","modified_gmt":"2008-02-29T22:00:00","slug":"le-projet-de-loi-relatif-a-lepargne-salariale-solidaire-finalise","status":"publish","type":"post","link":"https:\/\/www.gereso.com\/actualites\/2008\/03\/01\/le-projet-de-loi-relatif-a-lepargne-salariale-solidaire-finalise\/","title":{"rendered":"Le projet de loi relatif \u00e0 l&#039;\u00e9pargne salariale solidaire finalis\u00e9"},"content":{"rendered":"<h3>Les principes retenus<\/h3>\n<p><b>L&rsquo;agr\u00e9ment solidaire sera de droit pour les entreprises d&rsquo;insertion et les entreprises adapt\u00e9es,<\/b>pour les autres entreprises, la demande d&rsquo;agr\u00e9ment adress\u00e9e \u00e0l&rsquo;autorit\u00e9 comp\u00e9tente et rest\u00e9e sans r\u00e9ponse pendant deux mois seraconsid\u00e9r\u00e9e accept\u00e9e.<\/p>\n<p>En outre, pour les organismesd&rsquo;investissement solidaire, deux quotas seront modifi\u00e9s : le \u00ab ratiod&#8217;emprise \u00bb sera port\u00e9 de 10 \u00e0 25 % et le \u00ab quota solidaire \u00bb sera fix\u00e9\u00e0 35 % de l&rsquo;actif total de ces organismes.<\/p>\n<p>Ces mesures devraient concourir, selon France active, au <b>d\u00e9veloppement de l&rsquo;\u00e9conomie solidaire et \u00e0 la croissance des emplois cr\u00e9\u00e9s par les investissements solidaires. <\/b>Ellesont, en effet, vocation \u00e0 \u00e9tendre le champ des fonds salariauxsolidaires, \u00e0 multiplier le nombre des entreprises agr\u00e9\u00e9es solidaireset d&rsquo;\u00e9liminer plusieurs handicaps techniques \u00ab qui nuisaient aud\u00e9veloppement des organismes d&rsquo;investissement solidaire \u00bb.<\/p>\n<p>Source : France active, 26 mars 2008, communiqu\u00e9<\/p>\n<h3>Les cinq mesures cl\u00e9s propos\u00e9es<b><br \/><\/b><\/h3>\n<li>Tous les plans d&rsquo;\u00e9pargne salariale proposeront un fonds salarial solidaire.<\/li>\n<li> L&rsquo;agr\u00e9ment solidaire sera de droit pour les entreprises d&rsquo;insertion et les entreprises adapt\u00e9es.<\/li>\n<li>Pour les autres entreprises, la demande d&rsquo;agr\u00e9ment adress\u00e9e \u00e0l&rsquo;autorit\u00e9 comp\u00e9tente et rest\u00e9e sans r\u00e9ponse pendant deux mois seraconsid\u00e9r\u00e9e accept\u00e9e.<\/li>\n<p><b>Pour les organismes d&rsquo;investissement solidaire :<br \/><\/b><\/p>\n<li> Le \u00ab ratio d&#8217;emprise \u00bb sera port\u00e9 de 10 \u00e0 25 %,<\/li>\n<li> Le \u00ab quota solidaire \u00bb sera fix\u00e9 \u00e0 35 % de l&rsquo;actif total de ces organismes<\/li>\n<p>Ce projet de loi, approuv\u00e9 sans r\u00e9serve par France Active, doit \u00eatreinclus dans la loi de modernisation de l&rsquo;\u00e9conomie d\u00e9battue par leParlement en mai.<\/p>\n<p>C&rsquo;est une bonne nouvelle pour le d\u00e9veloppement de l&rsquo;\u00e9conomie solidaireet la croissance des emplois cr\u00e9\u00e9s par les investissements solidaires.En effet, ces mesures :<\/p>\n<li><b>\u00e9tendront le champ des fonds salariaux solidaires,<\/b><\/li>\n<li><b>multiplieront le nombre des entreprises agr\u00e9\u00e9es solidaires,<\/b><\/li>\n<li><b>et \u00e9limineront plusieurs handicaps techniques qui nuisaient aud\u00e9veloppement des organismes d&rsquo;investissement solidaire.<br \/><\/b><\/li>\n<p>Des initiatives restent n\u00e9cessaires pour promouvoir l&rsquo;\u00e9pargne salarialesolidaire et en montrer toute la port\u00e9e. C&rsquo;est le message transmis parFrance Active aux principaux acteurs sociaux.<\/p>\n","protected":false},"excerpt":{"rendered":"<p>Les principes retenus L&rsquo;agr\u00e9ment solidaire sera de droit pour les entreprises d&rsquo;insertion et les entreprises adapt\u00e9es,pour les autres entreprises, la demande d&rsquo;agr\u00e9ment adress\u00e9e \u00e0l&rsquo;autorit\u00e9 comp\u00e9tente et rest\u00e9e sans r\u00e9ponse pendant deux mois seraconsid\u00e9r\u00e9e accept\u00e9e. En outre, pour les organismesd&rsquo;investissement solidaire, deux quotas seront modifi\u00e9s : le \u00ab ratiod&#8217;emprise \u00bb sera port\u00e9 de 10 \u00e0 25 [&hellip;]<\/p>\n","protected":false},"author":32,"featured_media":0,"comment_status":"open","ping_status":"open","sticky":false,"template":"","format":"standard","meta":{"_acf_changed":false,"_mi_skip_tracking":false,"footnotes":""},"categories":[4],"tags":[],"class_list":["post-1458","post","type-post","status-publish","format-standard","hentry","category-retraite-et-protection-sociale"],"acf":[],"yoast_head":"<!-- This site is optimized with the Yoast SEO plugin v23.4 - https:\/\/yoast.com\/wordpress\/plugins\/seo\/ -->\n<title>Le projet de loi relatif \u00e0 l&#039;\u00e9pargne salariale solidaire finalis\u00e9 - Le Blog GERESO<\/title>\n<meta name=\"robots\" content=\"index, follow, max-snippet:-1, max-image-preview:large, max-video-preview:-1\" \/>\n<link rel=\"canonical\" href=\"https:\/\/www.gereso.com\/actualites\/2008\/03\/01\/le-projet-de-loi-relatif-a-lepargne-salariale-solidaire-finalise\/\" \/>\n<meta property=\"og:locale\" content=\"fr_FR\" \/>\n<meta property=\"og:type\" content=\"article\" \/>\n<meta property=\"og:title\" content=\"Le projet de loi relatif \u00e0 l&#039;\u00e9pargne salariale solidaire finalis\u00e9 - Le Blog GERESO\" \/>\n<meta property=\"og:description\" content=\"Les principes retenus L&rsquo;agr\u00e9ment solidaire sera de droit pour les entreprises d&rsquo;insertion et les entreprises adapt\u00e9es,pour les autres entreprises, la demande d&rsquo;agr\u00e9ment adress\u00e9e \u00e0l&rsquo;autorit\u00e9 comp\u00e9tente et rest\u00e9e sans r\u00e9ponse pendant deux mois seraconsid\u00e9r\u00e9e accept\u00e9e. En outre, pour les organismesd&rsquo;investissement solidaire, deux quotas seront modifi\u00e9s : le \u00ab ratiod&#8217;emprise \u00bb sera port\u00e9 de 10 \u00e0 25 [&hellip;]\" \/>\n<meta property=\"og:url\" content=\"https:\/\/www.gereso.com\/actualites\/2008\/03\/01\/le-projet-de-loi-relatif-a-lepargne-salariale-solidaire-finalise\/\" \/>\n<meta property=\"og:site_name\" content=\"Le Blog GERESO\" \/>\n<meta property=\"article:published_time\" content=\"2008-02-29T22:00:00+00:00\" \/>\n<meta name=\"author\" content=\"\u00c9quipe GERESO\" \/>\n<meta name=\"twitter:card\" content=\"summary_large_image\" \/>\n<script type=\"application\/ld+json\" class=\"yoast-schema-graph\">{\"@context\":\"https:\/\/schema.org\",\"@graph\":[{\"@type\":\"WebPage\",\"@id\":\"https:\/\/www.gereso.com\/actualites\/2008\/03\/01\/le-projet-de-loi-relatif-a-lepargne-salariale-solidaire-finalise\/\",\"url\":\"https:\/\/www.gereso.com\/actualites\/2008\/03\/01\/le-projet-de-loi-relatif-a-lepargne-salariale-solidaire-finalise\/\",\"name\":\"Le projet de loi relatif \u00e0 l&#039;\u00e9pargne salariale solidaire finalis\u00e9 - Le Blog GERESO\",\"isPartOf\":{\"@id\":\"https:\/\/www.gereso.com\/actualites\/#website\"},\"datePublished\":\"2008-02-29T22:00:00+00:00\",\"dateModified\":\"2008-02-29T22:00:00+00:00\",\"author\":{\"@id\":\"https:\/\/www.gereso.com\/actualites\/#\/schema\/person\/197d8aef40cb4ae3f6a0aa9e1d3df2a6\"},\"breadcrumb\":{\"@id\":\"https:\/\/www.gereso.com\/actualites\/2008\/03\/01\/le-projet-de-loi-relatif-a-lepargne-salariale-solidaire-finalise\/#breadcrumb\"},\"inLanguage\":\"fr-FR\",\"potentialAction\":[{\"@type\":\"ReadAction\",\"target\":[\"https:\/\/www.gereso.com\/actualites\/2008\/03\/01\/le-projet-de-loi-relatif-a-lepargne-salariale-solidaire-finalise\/\"]}]},{\"@type\":\"BreadcrumbList\",\"@id\":\"https:\/\/www.gereso.com\/actualites\/2008\/03\/01\/le-projet-de-loi-relatif-a-lepargne-salariale-solidaire-finalise\/#breadcrumb\",\"itemListElement\":[{\"@type\":\"ListItem\",\"position\":1,\"name\":\"Home\",\"item\":\"https:\/\/www.gereso.com\/actualites\/\"},{\"@type\":\"ListItem\",\"position\":2,\"name\":\"Le projet de loi relatif \u00e0 l&#039;\u00e9pargne salariale solidaire finalis\u00e9\"}]},{\"@type\":\"WebSite\",\"@id\":\"https:\/\/www.gereso.com\/actualites\/#website\",\"url\":\"https:\/\/www.gereso.com\/actualites\/\",\"name\":\"Le Blog GERESO\",\"description\":\"Toute l&#039;actu RH, Finance, Fonction Publique, Management...\",\"potentialAction\":[{\"@type\":\"SearchAction\",\"target\":{\"@type\":\"EntryPoint\",\"urlTemplate\":\"https:\/\/www.gereso.com\/actualites\/?s={search_term_string}\"},\"query-input\":{\"@type\":\"PropertyValueSpecification\",\"valueRequired\":true,\"valueName\":\"search_term_string\"}}],\"inLanguage\":\"fr-FR\"},{\"@type\":\"Person\",\"@id\":\"https:\/\/www.gereso.com\/actualites\/#\/schema\/person\/197d8aef40cb4ae3f6a0aa9e1d3df2a6\",\"name\":\"\u00c9quipe GERESO\",\"image\":{\"@type\":\"ImageObject\",\"inLanguage\":\"fr-FR\",\"@id\":\"https:\/\/www.gereso.com\/actualites\/#\/schema\/person\/image\/\",\"url\":\"https:\/\/www.gereso.com\/actualites\/wp-content\/uploads\/2013\/12\/avatar-gereso-1.png\",\"contentUrl\":\"https:\/\/www.gereso.com\/actualites\/wp-content\/uploads\/2013\/12\/avatar-gereso-1.png\",\"caption\":\"\u00c9quipe GERESO\"},\"url\":\"https:\/\/www.gereso.com\/actualites\/author\/gereso\/\"}]}<\/script>\n<!-- \/ Yoast SEO plugin. -->","yoast_head_json":{"title":"Le projet de loi relatif \u00e0 l&#039;\u00e9pargne salariale solidaire finalis\u00e9 - Le Blog GERESO","robots":{"index":"index","follow":"follow","max-snippet":"max-snippet:-1","max-image-preview":"max-image-preview:large","max-video-preview":"max-video-preview:-1"},"canonical":"https:\/\/www.gereso.com\/actualites\/2008\/03\/01\/le-projet-de-loi-relatif-a-lepargne-salariale-solidaire-finalise\/","og_locale":"fr_FR","og_type":"article","og_title":"Le projet de loi relatif \u00e0 l&#039;\u00e9pargne salariale solidaire finalis\u00e9 - Le Blog GERESO","og_description":"Les principes retenus L&rsquo;agr\u00e9ment solidaire sera de droit pour les entreprises d&rsquo;insertion et les entreprises adapt\u00e9es,pour les autres entreprises, la demande d&rsquo;agr\u00e9ment adress\u00e9e \u00e0l&rsquo;autorit\u00e9 comp\u00e9tente et rest\u00e9e sans r\u00e9ponse pendant deux mois seraconsid\u00e9r\u00e9e accept\u00e9e. En outre, pour les organismesd&rsquo;investissement solidaire, deux quotas seront modifi\u00e9s : le \u00ab ratiod&#8217;emprise \u00bb sera port\u00e9 de 10 \u00e0 25 [&hellip;]","og_url":"https:\/\/www.gereso.com\/actualites\/2008\/03\/01\/le-projet-de-loi-relatif-a-lepargne-salariale-solidaire-finalise\/","og_site_name":"Le Blog GERESO","article_published_time":"2008-02-29T22:00:00+00:00","author":"\u00c9quipe GERESO","twitter_card":"summary_large_image","schema":{"@context":"https:\/\/schema.org","@graph":[{"@type":"WebPage","@id":"https:\/\/www.gereso.com\/actualites\/2008\/03\/01\/le-projet-de-loi-relatif-a-lepargne-salariale-solidaire-finalise\/","url":"https:\/\/www.gereso.com\/actualites\/2008\/03\/01\/le-projet-de-loi-relatif-a-lepargne-salariale-solidaire-finalise\/","name":"Le projet de loi relatif \u00e0 l&#039;\u00e9pargne salariale solidaire finalis\u00e9 - Le Blog GERESO","isPartOf":{"@id":"https:\/\/www.gereso.com\/actualites\/#website"},"datePublished":"2008-02-29T22:00:00+00:00","dateModified":"2008-02-29T22:00:00+00:00","author":{"@id":"https:\/\/www.gereso.com\/actualites\/#\/schema\/person\/197d8aef40cb4ae3f6a0aa9e1d3df2a6"},"breadcrumb":{"@id":"https:\/\/www.gereso.com\/actualites\/2008\/03\/01\/le-projet-de-loi-relatif-a-lepargne-salariale-solidaire-finalise\/#breadcrumb"},"inLanguage":"fr-FR","potentialAction":[{"@type":"ReadAction","target":["https:\/\/www.gereso.com\/actualites\/2008\/03\/01\/le-projet-de-loi-relatif-a-lepargne-salariale-solidaire-finalise\/"]}]},{"@type":"BreadcrumbList","@id":"https:\/\/www.gereso.com\/actualites\/2008\/03\/01\/le-projet-de-loi-relatif-a-lepargne-salariale-solidaire-finalise\/#breadcrumb","itemListElement":[{"@type":"ListItem","position":1,"name":"Home","item":"https:\/\/www.gereso.com\/actualites\/"},{"@type":"ListItem","position":2,"name":"Le projet de loi relatif \u00e0 l&#039;\u00e9pargne salariale solidaire finalis\u00e9"}]},{"@type":"WebSite","@id":"https:\/\/www.gereso.com\/actualites\/#website","url":"https:\/\/www.gereso.com\/actualites\/","name":"Le Blog GERESO","description":"Toute l&#039;actu RH, Finance, Fonction Publique, Management...","potentialAction":[{"@type":"SearchAction","target":{"@type":"EntryPoint","urlTemplate":"https:\/\/www.gereso.com\/actualites\/?s={search_term_string}"},"query-input":{"@type":"PropertyValueSpecification","valueRequired":true,"valueName":"search_term_string"}}],"inLanguage":"fr-FR"},{"@type":"Person","@id":"https:\/\/www.gereso.com\/actualites\/#\/schema\/person\/197d8aef40cb4ae3f6a0aa9e1d3df2a6","name":"\u00c9quipe GERESO","image":{"@type":"ImageObject","inLanguage":"fr-FR","@id":"https:\/\/www.gereso.com\/actualites\/#\/schema\/person\/image\/","url":"https:\/\/www.gereso.com\/actualites\/wp-content\/uploads\/2013\/12\/avatar-gereso-1.png","contentUrl":"https:\/\/www.gereso.com\/actualites\/wp-content\/uploads\/2013\/12\/avatar-gereso-1.png","caption":"\u00c9quipe GERESO"},"url":"https:\/\/www.gereso.com\/actualites\/author\/gereso\/"}]}},"_links":{"self":[{"href":"https:\/\/www.gereso.com\/actualites\/wp-json\/wp\/v2\/posts\/1458","targetHints":{"allow":["GET"]}}],"collection":[{"href":"https:\/\/www.gereso.com\/actualites\/wp-json\/wp\/v2\/posts"}],"about":[{"href":"https:\/\/www.gereso.com\/actualites\/wp-json\/wp\/v2\/types\/post"}],"author":[{"embeddable":true,"href":"https:\/\/www.gereso.com\/actualites\/wp-json\/wp\/v2\/users\/32"}],"replies":[{"embeddable":true,"href":"https:\/\/www.gereso.com\/actualites\/wp-json\/wp\/v2\/comments?post=1458"}],"version-history":[{"count":0,"href":"https:\/\/www.gereso.com\/actualites\/wp-json\/wp\/v2\/posts\/1458\/revisions"}],"wp:attachment":[{"href":"https:\/\/www.gereso.com\/actualites\/wp-json\/wp\/v2\/media?parent=1458"}],"wp:term":[{"taxonomy":"category","embeddable":true,"href":"https:\/\/www.gereso.com\/actualites\/wp-json\/wp\/v2\/categories?post=1458"},{"taxonomy":"post_tag","embeddable":true,"href":"https:\/\/www.gereso.com\/actualites\/wp-json\/wp\/v2\/tags?post=1458"}],"curies":[{"name":"wp","href":"https:\/\/api.w.org\/{rel}","templated":true}]}}