{"id":1460,"date":"2008-05-01T00:00:00","date_gmt":"2008-04-30T22:00:00","guid":{"rendered":"https:\/\/www.gereso.com\/actualites\/2008\/05\/epargne-salariale-reforme-de-linteressement-et-de-la-participation\/"},"modified":"2008-05-01T00:00:00","modified_gmt":"2008-04-30T22:00:00","slug":"epargne-salariale-reforme-de-linteressement-et-de-la-participation","status":"publish","type":"post","link":"https:\/\/www.gereso.com\/actualites\/2008\/05\/01\/epargne-salariale-reforme-de-linteressement-et-de-la-participation\/","title":{"rendered":"\u00c9pargne salariale : r\u00e9forme de l&#039;int\u00e9ressement et de la participation"},"content":{"rendered":"<h3>Ce que pr\u00e9voit le projet de loi<\/h3>\n<li><b>les entreprises qui n&rsquo;avaient pas conclu d&rsquo;accord d&rsquo;int\u00e9ressement etqui en n\u00e9gocieront un b\u00e9n\u00e9ficieront d&rsquo;un cr\u00e9dit d&rsquo;imp\u00f4t de 20 % sur latotalit\u00e9 des primes vers\u00e9es aux salari\u00e9s et ce pendant les trois ans deleur accord ;<\/b><\/li>\n<li><b> lesentreprises qui ont d\u00e9j\u00e0 conclu un accord et qui, par un nouvel accord,verseront plus \u00e0 leurs salari\u00e9s que pr\u00e9c\u00e9demment, b\u00e9n\u00e9ficieront d&rsquo;uncr\u00e9dit d&rsquo;imp\u00f4t de 20 % sur le surplus d&rsquo;int\u00e9ressement distribu\u00e9, et cependant les trois ans de l&rsquo;accord.<\/b><\/li>\n<p>En outre, le Gouvernement devrait permettre \u00e0 toutes les entreprisesqui ren\u00e9gocieront ou qui n\u00e9gocieront pour la premi\u00e8re fois un accordd&rsquo;int\u00e9ressement avant la fin du premier semestre 2009, de verser uneprime en 2009 au titre de leur r\u00e9sultat 2008.<\/p>\n<p>Par ces mesures le pr\u00e9sident de la R\u00e9publique souhaite <b>augmenterles sommes distribu\u00e9es aux salari\u00e9s, associer les salari\u00e9s des PME etTPE aux m\u00e9canismes de partage des profits (aujourd&rsquo;hui la participationest obligatoire seulement dans les entreprises de plus de 50 salari\u00e9set l&rsquo;int\u00e9ressement est facultatif) et laisser aux salari\u00e9s la libert\u00e9de choix sur l&rsquo;utilisation des sommes attribu\u00e9es.<\/b><\/p>\n<p>Sur ce dernier point, <b>lessalari\u00e9s devraient pouvoir d\u00e9cider chaque ann\u00e9e, au moment del&rsquo;attribution des primes de participation, de l&rsquo;usage qu&rsquo;ils veulent enfaire (actuellement les sommes sont bloqu\u00e9es pendant cinq ans, la loipr\u00e9voyant neuf cas de d\u00e9blocage anticip\u00e9).<\/b><\/p>\n<p> De plus, <b>concernant les PME<\/b>, Nicolas Sarkozy a pr\u00e9cis\u00e9 que <b>sielles ne rentraient pas \u00ab de plain-pied dans l&rsquo;int\u00e9ressement \u00bb, undispositif sp\u00e9cifique et obligatoire pour celles qui n&rsquo;auraient paspass\u00e9 d&rsquo;accord d&rsquo;int\u00e9ressement pourrait \u00eatre mis en place.<\/b><\/p>\n<p> Enfin, le pr\u00e9sident de la R\u00e9publique a annonc\u00e9 que l<b>a revalorisation du salaire minimum sera dor\u00e9navant \u00e9clair\u00e9e par une commission d&rsquo;experts <\/b>et que sa date serait avanc\u00e9e du 1er juillet au 1er janvier (cette mesure devrait \u00eatre effective le 1er janvier 2010). <\/p>\n<p>En outre, <b>lesentreprises qui ne respecteraient pas leur obligation de n\u00e9gocierannuellement sur les salaires verront leurs all\u00e8gements de chargesdiminu\u00e9s de 10 %.<\/b><\/p>\n<p>Source : Pr\u00e9s. R\u00e9p., 26 mai 2008, discours<\/p>\n","protected":false},"excerpt":{"rendered":"<p>Ce que pr\u00e9voit le projet de loi les entreprises qui n&rsquo;avaient pas conclu d&rsquo;accord d&rsquo;int\u00e9ressement etqui en n\u00e9gocieront un b\u00e9n\u00e9ficieront d&rsquo;un cr\u00e9dit d&rsquo;imp\u00f4t de 20 % sur latotalit\u00e9 des primes vers\u00e9es aux salari\u00e9s et ce pendant les trois ans deleur accord ; lesentreprises qui ont d\u00e9j\u00e0 conclu un accord et qui, par un nouvel accord,verseront [&hellip;]<\/p>\n","protected":false},"author":32,"featured_media":0,"comment_status":"open","ping_status":"open","sticky":false,"template":"","format":"standard","meta":{"_acf_changed":false,"_mi_skip_tracking":false,"footnotes":""},"categories":[4],"tags":[],"class_list":["post-1460","post","type-post","status-publish","format-standard","hentry","category-retraite-et-protection-sociale"],"acf":[],"yoast_head":"<!-- This site is optimized with the Yoast SEO plugin v23.4 - https:\/\/yoast.com\/wordpress\/plugins\/seo\/ -->\n<title>\u00c9pargne salariale : r\u00e9forme de l&#039;int\u00e9ressement et de la participation - Le Blog GERESO<\/title>\n<meta name=\"robots\" content=\"index, follow, max-snippet:-1, max-image-preview:large, max-video-preview:-1\" \/>\n<link rel=\"canonical\" href=\"https:\/\/www.gereso.com\/actualites\/2008\/05\/01\/epargne-salariale-reforme-de-linteressement-et-de-la-participation\/\" \/>\n<meta property=\"og:locale\" content=\"fr_FR\" \/>\n<meta property=\"og:type\" content=\"article\" \/>\n<meta property=\"og:title\" content=\"\u00c9pargne salariale : r\u00e9forme de l&#039;int\u00e9ressement et de la participation - Le Blog GERESO\" \/>\n<meta property=\"og:description\" content=\"Ce que pr\u00e9voit le projet de loi les entreprises qui n&rsquo;avaient pas conclu d&rsquo;accord d&rsquo;int\u00e9ressement etqui en n\u00e9gocieront un b\u00e9n\u00e9ficieront d&rsquo;un cr\u00e9dit d&rsquo;imp\u00f4t de 20 % sur latotalit\u00e9 des primes vers\u00e9es aux salari\u00e9s et ce pendant les trois ans deleur accord ; lesentreprises qui ont d\u00e9j\u00e0 conclu un accord et qui, par un nouvel accord,verseront [&hellip;]\" \/>\n<meta property=\"og:url\" content=\"https:\/\/www.gereso.com\/actualites\/2008\/05\/01\/epargne-salariale-reforme-de-linteressement-et-de-la-participation\/\" \/>\n<meta property=\"og:site_name\" content=\"Le Blog GERESO\" \/>\n<meta property=\"article:published_time\" content=\"2008-04-30T22:00:00+00:00\" \/>\n<meta name=\"author\" content=\"\u00c9quipe GERESO\" \/>\n<meta name=\"twitter:card\" content=\"summary_large_image\" \/>\n<script type=\"application\/ld+json\" class=\"yoast-schema-graph\">{\"@context\":\"https:\/\/schema.org\",\"@graph\":[{\"@type\":\"WebPage\",\"@id\":\"https:\/\/www.gereso.com\/actualites\/2008\/05\/01\/epargne-salariale-reforme-de-linteressement-et-de-la-participation\/\",\"url\":\"https:\/\/www.gereso.com\/actualites\/2008\/05\/01\/epargne-salariale-reforme-de-linteressement-et-de-la-participation\/\",\"name\":\"\u00c9pargne salariale : r\u00e9forme de l&#039;int\u00e9ressement et de la participation - Le Blog GERESO\",\"isPartOf\":{\"@id\":\"https:\/\/www.gereso.com\/actualites\/#website\"},\"datePublished\":\"2008-04-30T22:00:00+00:00\",\"dateModified\":\"2008-04-30T22:00:00+00:00\",\"author\":{\"@id\":\"https:\/\/www.gereso.com\/actualites\/#\/schema\/person\/197d8aef40cb4ae3f6a0aa9e1d3df2a6\"},\"breadcrumb\":{\"@id\":\"https:\/\/www.gereso.com\/actualites\/2008\/05\/01\/epargne-salariale-reforme-de-linteressement-et-de-la-participation\/#breadcrumb\"},\"inLanguage\":\"fr-FR\",\"potentialAction\":[{\"@type\":\"ReadAction\",\"target\":[\"https:\/\/www.gereso.com\/actualites\/2008\/05\/01\/epargne-salariale-reforme-de-linteressement-et-de-la-participation\/\"]}]},{\"@type\":\"BreadcrumbList\",\"@id\":\"https:\/\/www.gereso.com\/actualites\/2008\/05\/01\/epargne-salariale-reforme-de-linteressement-et-de-la-participation\/#breadcrumb\",\"itemListElement\":[{\"@type\":\"ListItem\",\"position\":1,\"name\":\"Home\",\"item\":\"https:\/\/www.gereso.com\/actualites\/\"},{\"@type\":\"ListItem\",\"position\":2,\"name\":\"\u00c9pargne salariale : r\u00e9forme de l&#039;int\u00e9ressement et de la participation\"}]},{\"@type\":\"WebSite\",\"@id\":\"https:\/\/www.gereso.com\/actualites\/#website\",\"url\":\"https:\/\/www.gereso.com\/actualites\/\",\"name\":\"Le Blog GERESO\",\"description\":\"Toute l&#039;actu RH, Finance, Fonction Publique, Management...\",\"potentialAction\":[{\"@type\":\"SearchAction\",\"target\":{\"@type\":\"EntryPoint\",\"urlTemplate\":\"https:\/\/www.gereso.com\/actualites\/?s={search_term_string}\"},\"query-input\":{\"@type\":\"PropertyValueSpecification\",\"valueRequired\":true,\"valueName\":\"search_term_string\"}}],\"inLanguage\":\"fr-FR\"},{\"@type\":\"Person\",\"@id\":\"https:\/\/www.gereso.com\/actualites\/#\/schema\/person\/197d8aef40cb4ae3f6a0aa9e1d3df2a6\",\"name\":\"\u00c9quipe GERESO\",\"image\":{\"@type\":\"ImageObject\",\"inLanguage\":\"fr-FR\",\"@id\":\"https:\/\/www.gereso.com\/actualites\/#\/schema\/person\/image\/\",\"url\":\"https:\/\/www.gereso.com\/actualites\/wp-content\/uploads\/2013\/12\/avatar-gereso-1.png\",\"contentUrl\":\"https:\/\/www.gereso.com\/actualites\/wp-content\/uploads\/2013\/12\/avatar-gereso-1.png\",\"caption\":\"\u00c9quipe GERESO\"},\"url\":\"https:\/\/www.gereso.com\/actualites\/author\/gereso\/\"}]}<\/script>\n<!-- \/ Yoast SEO plugin. -->","yoast_head_json":{"title":"\u00c9pargne salariale : r\u00e9forme de l&#039;int\u00e9ressement et de la participation - Le Blog GERESO","robots":{"index":"index","follow":"follow","max-snippet":"max-snippet:-1","max-image-preview":"max-image-preview:large","max-video-preview":"max-video-preview:-1"},"canonical":"https:\/\/www.gereso.com\/actualites\/2008\/05\/01\/epargne-salariale-reforme-de-linteressement-et-de-la-participation\/","og_locale":"fr_FR","og_type":"article","og_title":"\u00c9pargne salariale : r\u00e9forme de l&#039;int\u00e9ressement et de la participation - Le Blog GERESO","og_description":"Ce que pr\u00e9voit le projet de loi les entreprises qui n&rsquo;avaient pas conclu d&rsquo;accord d&rsquo;int\u00e9ressement etqui en n\u00e9gocieront un b\u00e9n\u00e9ficieront d&rsquo;un cr\u00e9dit d&rsquo;imp\u00f4t de 20 % sur latotalit\u00e9 des primes vers\u00e9es aux salari\u00e9s et ce pendant les trois ans deleur accord ; lesentreprises qui ont d\u00e9j\u00e0 conclu un accord et qui, par un nouvel accord,verseront [&hellip;]","og_url":"https:\/\/www.gereso.com\/actualites\/2008\/05\/01\/epargne-salariale-reforme-de-linteressement-et-de-la-participation\/","og_site_name":"Le Blog GERESO","article_published_time":"2008-04-30T22:00:00+00:00","author":"\u00c9quipe GERESO","twitter_card":"summary_large_image","schema":{"@context":"https:\/\/schema.org","@graph":[{"@type":"WebPage","@id":"https:\/\/www.gereso.com\/actualites\/2008\/05\/01\/epargne-salariale-reforme-de-linteressement-et-de-la-participation\/","url":"https:\/\/www.gereso.com\/actualites\/2008\/05\/01\/epargne-salariale-reforme-de-linteressement-et-de-la-participation\/","name":"\u00c9pargne salariale : r\u00e9forme de l&#039;int\u00e9ressement et de la participation - Le Blog GERESO","isPartOf":{"@id":"https:\/\/www.gereso.com\/actualites\/#website"},"datePublished":"2008-04-30T22:00:00+00:00","dateModified":"2008-04-30T22:00:00+00:00","author":{"@id":"https:\/\/www.gereso.com\/actualites\/#\/schema\/person\/197d8aef40cb4ae3f6a0aa9e1d3df2a6"},"breadcrumb":{"@id":"https:\/\/www.gereso.com\/actualites\/2008\/05\/01\/epargne-salariale-reforme-de-linteressement-et-de-la-participation\/#breadcrumb"},"inLanguage":"fr-FR","potentialAction":[{"@type":"ReadAction","target":["https:\/\/www.gereso.com\/actualites\/2008\/05\/01\/epargne-salariale-reforme-de-linteressement-et-de-la-participation\/"]}]},{"@type":"BreadcrumbList","@id":"https:\/\/www.gereso.com\/actualites\/2008\/05\/01\/epargne-salariale-reforme-de-linteressement-et-de-la-participation\/#breadcrumb","itemListElement":[{"@type":"ListItem","position":1,"name":"Home","item":"https:\/\/www.gereso.com\/actualites\/"},{"@type":"ListItem","position":2,"name":"\u00c9pargne salariale : r\u00e9forme de l&#039;int\u00e9ressement et de la participation"}]},{"@type":"WebSite","@id":"https:\/\/www.gereso.com\/actualites\/#website","url":"https:\/\/www.gereso.com\/actualites\/","name":"Le Blog GERESO","description":"Toute l&#039;actu RH, Finance, Fonction Publique, Management...","potentialAction":[{"@type":"SearchAction","target":{"@type":"EntryPoint","urlTemplate":"https:\/\/www.gereso.com\/actualites\/?s={search_term_string}"},"query-input":{"@type":"PropertyValueSpecification","valueRequired":true,"valueName":"search_term_string"}}],"inLanguage":"fr-FR"},{"@type":"Person","@id":"https:\/\/www.gereso.com\/actualites\/#\/schema\/person\/197d8aef40cb4ae3f6a0aa9e1d3df2a6","name":"\u00c9quipe GERESO","image":{"@type":"ImageObject","inLanguage":"fr-FR","@id":"https:\/\/www.gereso.com\/actualites\/#\/schema\/person\/image\/","url":"https:\/\/www.gereso.com\/actualites\/wp-content\/uploads\/2013\/12\/avatar-gereso-1.png","contentUrl":"https:\/\/www.gereso.com\/actualites\/wp-content\/uploads\/2013\/12\/avatar-gereso-1.png","caption":"\u00c9quipe GERESO"},"url":"https:\/\/www.gereso.com\/actualites\/author\/gereso\/"}]}},"_links":{"self":[{"href":"https:\/\/www.gereso.com\/actualites\/wp-json\/wp\/v2\/posts\/1460","targetHints":{"allow":["GET"]}}],"collection":[{"href":"https:\/\/www.gereso.com\/actualites\/wp-json\/wp\/v2\/posts"}],"about":[{"href":"https:\/\/www.gereso.com\/actualites\/wp-json\/wp\/v2\/types\/post"}],"author":[{"embeddable":true,"href":"https:\/\/www.gereso.com\/actualites\/wp-json\/wp\/v2\/users\/32"}],"replies":[{"embeddable":true,"href":"https:\/\/www.gereso.com\/actualites\/wp-json\/wp\/v2\/comments?post=1460"}],"version-history":[{"count":0,"href":"https:\/\/www.gereso.com\/actualites\/wp-json\/wp\/v2\/posts\/1460\/revisions"}],"wp:attachment":[{"href":"https:\/\/www.gereso.com\/actualites\/wp-json\/wp\/v2\/media?parent=1460"}],"wp:term":[{"taxonomy":"category","embeddable":true,"href":"https:\/\/www.gereso.com\/actualites\/wp-json\/wp\/v2\/categories?post=1460"},{"taxonomy":"post_tag","embeddable":true,"href":"https:\/\/www.gereso.com\/actualites\/wp-json\/wp\/v2\/tags?post=1460"}],"curies":[{"name":"wp","href":"https:\/\/api.w.org\/{rel}","templated":true}]}}