{"id":14622,"date":"2020-03-31T15:09:17","date_gmt":"2020-03-31T13:09:17","guid":{"rendered":"https:\/\/www.gereso.com\/actualites\/?p=14622"},"modified":"2020-03-31T15:11:19","modified_gmt":"2020-03-31T13:11:19","slug":"coronavirus-reel-succes-pour-les-prets-garantis-par-letat","status":"publish","type":"post","link":"https:\/\/www.gereso.com\/actualites\/2020\/03\/31\/coronavirus-reel-succes-pour-les-prets-garantis-par-letat\/","title":{"rendered":"Coronavirus : r\u00e9el succ\u00e8s pour les pr\u00eats garantis par l\u2019Etat"},"content":{"rendered":"\n<p>Pour\naccompagner les entreprises face aux cons\u00e9quences financi\u00e8res de l\u2019\u00e9pid\u00e9mie de\nCoronavirus, l\u2019Etat a mis en place un dispositif de garantie bancaire \u00e0 hauteur\nde 300 milliards \u20ac. 21.000 entreprises y ont d\u00e9j\u00e0 eu recours.<\/p>\n\n\n\n<h2 class=\"wp-block-heading\"><strong>Les\nconditions d\u2019\u00e9ligibilit\u00e9<\/strong><\/h2>\n\n\n\n<p>Annonc\u00e9\nle 16 mars par le chef de l\u2019\u00c9tat , en m\u00eame temps que les mesures de confinement\nsuppl\u00e9mentaires, le dispositif de garantie par l\u2019Etat des pr\u00eats aupr\u00e8s des\n\u00e9tablissements de cr\u00e9dit peut \u00eatre demand\u00e9 par les entreprises \u00e9ligibles depuis\nle 25 mars et jusqu\u2019au 31 d\u00e9cembre 2020.<\/p>\n\n\n\n<p>Contrairement\n\u00e0 la prime issue du fonds de solidarit\u00e9 (1.500 \u20ac qui peut \u00eatre port\u00e9e jusqu\u2019\u00e0\n3.500 \u20ac), il n\u2019y a pas de conditions de chiffre d\u2019affaires maximum, de\nfermeture ou de baisse de chiffre d\u2019affaires. Toutes les entreprises y ont\nacc\u00e8s, quelle que soit leur taille \u00e0 l\u2019exception des \u00e9tablissements de cr\u00e9dit\net des SCI. <\/p>\n\n\n\n<p>Les\nentreprises \u00e9ligibles peuvent s\u2019adresser directement aupr\u00e8s de leur banque\nhabituelle pour solliciter un pr\u00eat pr\u00e9voyant une absence de remboursement la\npremi\u00e8re ann\u00e9e et la possibilit\u00e9 de l\u2019amortir au choix de l\u2019entrepreneur sur 5\nans. Pour \u00eatre \u00e9ligible \u00e0 la garantie bancaire de l\u2019\u00c9tat, le pr\u00eat ne doit pas\nexc\u00e9der 25% du chiffre d\u2019affaires annuel ou 2 ans de masse salariale pour les\nentreprises en cr\u00e9ation ou les entreprises innovantes.<\/p>\n\n\n\n<h2 class=\"wp-block-heading\"><strong>La\nproc\u00e9dure<\/strong><\/h2>\n\n\n\n<p>Apr\u00e8s\nexamen de la situation de l\u2019entreprise et notamment des crit\u00e8res d\u2019\u00e9ligibilit\u00e9,\nl\u2019\u00e9tablissement de cr\u00e9dit donne un pr\u00e9-accord de pr\u00eat \u00e0 l\u2019entreprise qui se\nconnecte ensuite sur le site attestation-pge.bpifrance.fr afin d\u2019obtenir un\nidentifiant qu\u2019elle communiquera \u00e0 sa banque.<\/p>\n\n\n\n<p>En\ncas de difficult\u00e9 ou de refus, l\u2019entreprise peut contacter Bpifrance sur <a href=\"mailto:supportentrepriseattestation-pge@bpifrance.fr\">supportentrepriseattestation-pge@bpifrance.fr<\/a>.<\/p>\n\n\n\n<p>Pour\nles grandes entreprises employant au moins 5.000 salari\u00e9s et dont le chiffre d\u2019affaires\nexc\u00e8de 1,5 milliard \u20ac, la proc\u00e9dure est diff\u00e9rente. La Direction g\u00e9n\u00e9rale du\nTr\u00e9sor, appuy\u00e9e par Bpifrance, doit instruire le dossier. La garantie de l\u2019\u00c9tat\nest accord\u00e9e par arr\u00eat\u00e9 du ministre de l\u2019\u00c9conomie et des Finances.<\/p>\n\n\n\n<p>Toute la proc\u00e9dure est d\u00e9taill\u00e9e dans un dossier de presse d\u00e9di\u00e9&nbsp;:\n<a href=\"https:\/\/www.economie.gouv.fr\/files\/files\/PDF\/2020\/dp-covid-pret-garanti.pdf\">https:\/\/www.economie.gouv.fr\/files\/files\/PDF\/2020\/dp-covid-pret-garanti.pdf<\/a><\/p>\n\n\n\n<h2 class=\"wp-block-heading\"><strong>21.000\ndemandes<\/strong><\/h2>\n\n\n\n<p>Ce mardi 31 mars, Bruno Le Maire a fait un premier bilan de ce\ndispositif. \u00c0 ce jour, 21.000 demandes ont \u00e9t\u00e9 effectu\u00e9es repr\u00e9sentant 3,8\nmilliards \u20ac de pr\u00eats garantis sur les 300 milliards \u20ac disponibles et annonc\u00e9s\npar le chef de l\u2019\u00c9tat. C\u2019est un r\u00e9el succ\u00e8s et selon le ministre de l\u2019\u00c9conomie\net des Finances \u00ab&nbsp;c\u2019est la preuve que nous avons touch\u00e9 juste&nbsp;: le premier probl\u00e8me des\nentreprises fran\u00e7aises \u00e9tait un probl\u00e8me de tr\u00e9sorerie.&nbsp;\u00bb<\/p>\n","protected":false},"excerpt":{"rendered":"<p>Pour accompagner les entreprises face aux cons\u00e9quences financi\u00e8res de l\u2019\u00e9pid\u00e9mie de Coronavirus, l\u2019Etat a mis en place un dispositif de garantie bancaire \u00e0 hauteur de 300 milliards \u20ac. 21.000 entreprises y ont d\u00e9j\u00e0 eu recours. Les conditions d\u2019\u00e9ligibilit\u00e9 Annonc\u00e9 le 16 mars par le chef de l\u2019\u00c9tat , en m\u00eame temps que les mesures de [&hellip;]<\/p>\n","protected":false},"author":45,"featured_media":0,"comment_status":"open","ping_status":"open","sticky":false,"template":"","format":"quote","meta":{"_acf_changed":false,"_mi_skip_tracking":false,"footnotes":""},"categories":[1544,3],"tags":[1857],"class_list":["post-14622","post","type-post","status-publish","format-quote","hentry","category-banque","category-comptabilite-fiscalite-et-gestion-financiere","tag-coronavirus","post_format-post-format-quote"],"acf":[],"yoast_head":"<!-- This site is optimized with the Yoast SEO plugin v23.4 - https:\/\/yoast.com\/wordpress\/plugins\/seo\/ -->\n<title>Coronavirus : r\u00e9el succ\u00e8s pour les pr\u00eats garantis par l\u2019Etat - Le Blog GERESO<\/title>\n<meta name=\"robots\" content=\"index, follow, max-snippet:-1, max-image-preview:large, max-video-preview:-1\" \/>\n<link rel=\"canonical\" href=\"https:\/\/www.gereso.com\/actualites\/2020\/03\/31\/coronavirus-reel-succes-pour-les-prets-garantis-par-letat\/\" \/>\n<meta property=\"og:locale\" content=\"fr_FR\" \/>\n<meta property=\"og:type\" content=\"article\" \/>\n<meta property=\"og:title\" content=\"Coronavirus : r\u00e9el succ\u00e8s pour les pr\u00eats garantis par l\u2019Etat - Le Blog GERESO\" \/>\n<meta property=\"og:description\" content=\"Pour accompagner les entreprises face aux cons\u00e9quences financi\u00e8res de l\u2019\u00e9pid\u00e9mie de Coronavirus, l\u2019Etat a mis en place un dispositif de garantie bancaire \u00e0 hauteur de 300 milliards \u20ac. 21.000 entreprises y ont d\u00e9j\u00e0 eu recours. Les conditions d\u2019\u00e9ligibilit\u00e9 Annonc\u00e9 le 16 mars par le chef de l\u2019\u00c9tat , en m\u00eame temps que les mesures de [&hellip;]\" \/>\n<meta property=\"og:url\" content=\"https:\/\/www.gereso.com\/actualites\/2020\/03\/31\/coronavirus-reel-succes-pour-les-prets-garantis-par-letat\/\" \/>\n<meta property=\"og:site_name\" content=\"Le Blog GERESO\" \/>\n<meta property=\"article:published_time\" content=\"2020-03-31T13:09:17+00:00\" \/>\n<meta property=\"article:modified_time\" content=\"2020-03-31T13:11:19+00:00\" \/>\n<meta name=\"author\" content=\"Damien P\u00e9an\" \/>\n<meta name=\"twitter:card\" content=\"summary_large_image\" \/>\n<script type=\"application\/ld+json\" class=\"yoast-schema-graph\">{\"@context\":\"https:\/\/schema.org\",\"@graph\":[{\"@type\":\"WebPage\",\"@id\":\"https:\/\/www.gereso.com\/actualites\/2020\/03\/31\/coronavirus-reel-succes-pour-les-prets-garantis-par-letat\/\",\"url\":\"https:\/\/www.gereso.com\/actualites\/2020\/03\/31\/coronavirus-reel-succes-pour-les-prets-garantis-par-letat\/\",\"name\":\"Coronavirus : r\u00e9el succ\u00e8s pour les pr\u00eats garantis par l\u2019Etat - Le Blog GERESO\",\"isPartOf\":{\"@id\":\"https:\/\/www.gereso.com\/actualites\/#website\"},\"datePublished\":\"2020-03-31T13:09:17+00:00\",\"dateModified\":\"2020-03-31T13:11:19+00:00\",\"author\":{\"@id\":\"https:\/\/www.gereso.com\/actualites\/#\/schema\/person\/c91814f92d627ed4715993fbbf7c7e8d\"},\"breadcrumb\":{\"@id\":\"https:\/\/www.gereso.com\/actualites\/2020\/03\/31\/coronavirus-reel-succes-pour-les-prets-garantis-par-letat\/#breadcrumb\"},\"inLanguage\":\"fr-FR\",\"potentialAction\":[{\"@type\":\"ReadAction\",\"target\":[\"https:\/\/www.gereso.com\/actualites\/2020\/03\/31\/coronavirus-reel-succes-pour-les-prets-garantis-par-letat\/\"]}]},{\"@type\":\"BreadcrumbList\",\"@id\":\"https:\/\/www.gereso.com\/actualites\/2020\/03\/31\/coronavirus-reel-succes-pour-les-prets-garantis-par-letat\/#breadcrumb\",\"itemListElement\":[{\"@type\":\"ListItem\",\"position\":1,\"name\":\"Home\",\"item\":\"https:\/\/www.gereso.com\/actualites\/\"},{\"@type\":\"ListItem\",\"position\":2,\"name\":\"Coronavirus : r\u00e9el succ\u00e8s pour les pr\u00eats garantis par l\u2019Etat\"}]},{\"@type\":\"WebSite\",\"@id\":\"https:\/\/www.gereso.com\/actualites\/#website\",\"url\":\"https:\/\/www.gereso.com\/actualites\/\",\"name\":\"Le Blog GERESO\",\"description\":\"Toute l&#039;actu RH, Finance, Fonction Publique, Management...\",\"potentialAction\":[{\"@type\":\"SearchAction\",\"target\":{\"@type\":\"EntryPoint\",\"urlTemplate\":\"https:\/\/www.gereso.com\/actualites\/?s={search_term_string}\"},\"query-input\":{\"@type\":\"PropertyValueSpecification\",\"valueRequired\":true,\"valueName\":\"search_term_string\"}}],\"inLanguage\":\"fr-FR\"},{\"@type\":\"Person\",\"@id\":\"https:\/\/www.gereso.com\/actualites\/#\/schema\/person\/c91814f92d627ed4715993fbbf7c7e8d\",\"name\":\"Damien P\u00e9an\",\"image\":{\"@type\":\"ImageObject\",\"inLanguage\":\"fr-FR\",\"@id\":\"https:\/\/www.gereso.com\/actualites\/#\/schema\/person\/image\/\",\"url\":\"https:\/\/www.gereso.com\/actualites\/wp-content\/uploads\/2016\/03\/damien-pean.jpg\",\"contentUrl\":\"https:\/\/www.gereso.com\/actualites\/wp-content\/uploads\/2016\/03\/damien-pean.jpg\",\"caption\":\"Damien P\u00e9an\"},\"description\":\"Damien P\u00c9AN est titulaire du Dipl\u00f4me d'\u00e9tudes sup\u00e9rieures comptables et financi\u00e8res (DESCF). Il intervient depuis plusieurs ann\u00e9es aupr\u00e8s d'\u00e9tudiants en licence de comptabilit\u00e9 et de gestion, \u00e0 qui il enseigne le contr\u00f4le de gestion, la comptabilit\u00e9 approfondie, le management, la fiscalit\u00e9, le droit des soci\u00e9t\u00e9s et le droit du travail. Il intervient \u00e9galement en formation continue pour le compte de divers organismes de formation sur des th\u00e9matiques techniques en comptabilit\u00e9 et fiscalit\u00e9. Il forme aussi un public de non-initi\u00e9s aux fondamentaux de la finance.\",\"url\":\"https:\/\/www.gereso.com\/actualites\/author\/d-pean\/\"}]}<\/script>\n<!-- \/ Yoast SEO plugin. -->","yoast_head_json":{"title":"Coronavirus : r\u00e9el succ\u00e8s pour les pr\u00eats garantis par l\u2019Etat - Le Blog GERESO","robots":{"index":"index","follow":"follow","max-snippet":"max-snippet:-1","max-image-preview":"max-image-preview:large","max-video-preview":"max-video-preview:-1"},"canonical":"https:\/\/www.gereso.com\/actualites\/2020\/03\/31\/coronavirus-reel-succes-pour-les-prets-garantis-par-letat\/","og_locale":"fr_FR","og_type":"article","og_title":"Coronavirus : r\u00e9el succ\u00e8s pour les pr\u00eats garantis par l\u2019Etat - Le Blog GERESO","og_description":"Pour accompagner les entreprises face aux cons\u00e9quences financi\u00e8res de l\u2019\u00e9pid\u00e9mie de Coronavirus, l\u2019Etat a mis en place un dispositif de garantie bancaire \u00e0 hauteur de 300 milliards \u20ac. 21.000 entreprises y ont d\u00e9j\u00e0 eu recours. Les conditions d\u2019\u00e9ligibilit\u00e9 Annonc\u00e9 le 16 mars par le chef de l\u2019\u00c9tat , en m\u00eame temps que les mesures de [&hellip;]","og_url":"https:\/\/www.gereso.com\/actualites\/2020\/03\/31\/coronavirus-reel-succes-pour-les-prets-garantis-par-letat\/","og_site_name":"Le Blog GERESO","article_published_time":"2020-03-31T13:09:17+00:00","article_modified_time":"2020-03-31T13:11:19+00:00","author":"Damien P\u00e9an","twitter_card":"summary_large_image","schema":{"@context":"https:\/\/schema.org","@graph":[{"@type":"WebPage","@id":"https:\/\/www.gereso.com\/actualites\/2020\/03\/31\/coronavirus-reel-succes-pour-les-prets-garantis-par-letat\/","url":"https:\/\/www.gereso.com\/actualites\/2020\/03\/31\/coronavirus-reel-succes-pour-les-prets-garantis-par-letat\/","name":"Coronavirus : r\u00e9el succ\u00e8s pour les pr\u00eats garantis par l\u2019Etat - Le Blog GERESO","isPartOf":{"@id":"https:\/\/www.gereso.com\/actualites\/#website"},"datePublished":"2020-03-31T13:09:17+00:00","dateModified":"2020-03-31T13:11:19+00:00","author":{"@id":"https:\/\/www.gereso.com\/actualites\/#\/schema\/person\/c91814f92d627ed4715993fbbf7c7e8d"},"breadcrumb":{"@id":"https:\/\/www.gereso.com\/actualites\/2020\/03\/31\/coronavirus-reel-succes-pour-les-prets-garantis-par-letat\/#breadcrumb"},"inLanguage":"fr-FR","potentialAction":[{"@type":"ReadAction","target":["https:\/\/www.gereso.com\/actualites\/2020\/03\/31\/coronavirus-reel-succes-pour-les-prets-garantis-par-letat\/"]}]},{"@type":"BreadcrumbList","@id":"https:\/\/www.gereso.com\/actualites\/2020\/03\/31\/coronavirus-reel-succes-pour-les-prets-garantis-par-letat\/#breadcrumb","itemListElement":[{"@type":"ListItem","position":1,"name":"Home","item":"https:\/\/www.gereso.com\/actualites\/"},{"@type":"ListItem","position":2,"name":"Coronavirus : r\u00e9el succ\u00e8s pour les pr\u00eats garantis par l\u2019Etat"}]},{"@type":"WebSite","@id":"https:\/\/www.gereso.com\/actualites\/#website","url":"https:\/\/www.gereso.com\/actualites\/","name":"Le Blog GERESO","description":"Toute l&#039;actu RH, Finance, Fonction Publique, Management...","potentialAction":[{"@type":"SearchAction","target":{"@type":"EntryPoint","urlTemplate":"https:\/\/www.gereso.com\/actualites\/?s={search_term_string}"},"query-input":{"@type":"PropertyValueSpecification","valueRequired":true,"valueName":"search_term_string"}}],"inLanguage":"fr-FR"},{"@type":"Person","@id":"https:\/\/www.gereso.com\/actualites\/#\/schema\/person\/c91814f92d627ed4715993fbbf7c7e8d","name":"Damien P\u00e9an","image":{"@type":"ImageObject","inLanguage":"fr-FR","@id":"https:\/\/www.gereso.com\/actualites\/#\/schema\/person\/image\/","url":"https:\/\/www.gereso.com\/actualites\/wp-content\/uploads\/2016\/03\/damien-pean.jpg","contentUrl":"https:\/\/www.gereso.com\/actualites\/wp-content\/uploads\/2016\/03\/damien-pean.jpg","caption":"Damien P\u00e9an"},"description":"Damien P\u00c9AN est titulaire du Dipl\u00f4me d'\u00e9tudes sup\u00e9rieures comptables et financi\u00e8res (DESCF). Il intervient depuis plusieurs ann\u00e9es aupr\u00e8s d'\u00e9tudiants en licence de comptabilit\u00e9 et de gestion, \u00e0 qui il enseigne le contr\u00f4le de gestion, la comptabilit\u00e9 approfondie, le management, la fiscalit\u00e9, le droit des soci\u00e9t\u00e9s et le droit du travail. Il intervient \u00e9galement en formation continue pour le compte de divers organismes de formation sur des th\u00e9matiques techniques en comptabilit\u00e9 et fiscalit\u00e9. Il forme aussi un public de non-initi\u00e9s aux fondamentaux de la finance.","url":"https:\/\/www.gereso.com\/actualites\/author\/d-pean\/"}]}},"_links":{"self":[{"href":"https:\/\/www.gereso.com\/actualites\/wp-json\/wp\/v2\/posts\/14622","targetHints":{"allow":["GET"]}}],"collection":[{"href":"https:\/\/www.gereso.com\/actualites\/wp-json\/wp\/v2\/posts"}],"about":[{"href":"https:\/\/www.gereso.com\/actualites\/wp-json\/wp\/v2\/types\/post"}],"author":[{"embeddable":true,"href":"https:\/\/www.gereso.com\/actualites\/wp-json\/wp\/v2\/users\/45"}],"replies":[{"embeddable":true,"href":"https:\/\/www.gereso.com\/actualites\/wp-json\/wp\/v2\/comments?post=14622"}],"version-history":[{"count":1,"href":"https:\/\/www.gereso.com\/actualites\/wp-json\/wp\/v2\/posts\/14622\/revisions"}],"predecessor-version":[{"id":14623,"href":"https:\/\/www.gereso.com\/actualites\/wp-json\/wp\/v2\/posts\/14622\/revisions\/14623"}],"wp:attachment":[{"href":"https:\/\/www.gereso.com\/actualites\/wp-json\/wp\/v2\/media?parent=14622"}],"wp:term":[{"taxonomy":"category","embeddable":true,"href":"https:\/\/www.gereso.com\/actualites\/wp-json\/wp\/v2\/categories?post=14622"},{"taxonomy":"post_tag","embeddable":true,"href":"https:\/\/www.gereso.com\/actualites\/wp-json\/wp\/v2\/tags?post=14622"}],"curies":[{"name":"wp","href":"https:\/\/api.w.org\/{rel}","templated":true}]}}