{"id":14625,"date":"2020-04-01T23:19:35","date_gmt":"2020-04-01T21:19:35","guid":{"rendered":"https:\/\/www.gereso.com\/actualites\/?p=14625"},"modified":"2020-04-01T23:19:37","modified_gmt":"2020-04-01T21:19:37","slug":"prime-de-1-500-e-le-decret","status":"publish","type":"post","link":"https:\/\/www.gereso.com\/actualites\/2020\/04\/01\/prime-de-1-500-e-le-decret\/","title":{"rendered":"Prime de 1.500 \u20ac : le d\u00e9cret"},"content":{"rendered":"\n<p>Depuis ce lundi, les petites entreprises peuvent\nr\u00e9aliser les d\u00e9marches pour obtenir la prime de 1.500 \u20ac issue du fonds de\nsolidarit\u00e9 mis en place pour faire face aux cons\u00e9quences sociales et \u00e9conomiques\ndes mesures de confinement impos\u00e9es \u00e0 cause du Coronavirus. Un d\u00e9cret vient d\u2019\u00eatre\npubli\u00e9 \u00e0 ce sujet.<\/p>\n\n\n\n<h2 class=\"wp-block-heading\"><strong>Fermeture ou baisse du CA de 50%<\/strong><\/h2>\n\n\n\n<p>Pour faire face aux cons\u00e9quences \u00e9conomiques li\u00e9es au Covid-19,\nl\u2019ordonnance n\u00b02020-317 du 25 mars 2020 a instaur\u00e9 un fonds de solidarit\u00e9 dont\nl\u2019objectif est de verser des subventions d\u2019un montant de 1.500 \u20ac aux petites\nentreprises r\u00e9pondant aux crit\u00e8res d\u2019\u00e9ligibilit\u00e9. <\/p>\n\n\n\n<p>Le <a href=\"https:\/\/www.legifrance.gouv.fr\/affichTexte.do?cidTexte=JORFTEXT000041768315&amp;categorieLien=id\">d\u00e9cre<\/a>t fixant ces crit\u00e8res a \u00e9t\u00e9 publi\u00e9 au Journal officiel le 31 mars 2020. Sont concern\u00e9s, les entreprises\u00a0: <\/p>\n\n\n\n<ul class=\"wp-block-list\"><li>faisant l\u2019objet\nd\u2019une interdiction d\u2019accueil du public intervenue entre le 1<sup>er<\/sup> et le\n31 mars 2020<\/li><li>ou subissant une\nperte de chiffre d\u2019affaires d\u2019au moins 70% en mars 2020 par rapport \u00e0 mars\n2019. <\/li><\/ul>\n\n\n\n<p>G\u00e9rald Darmanin, le ministre\nde l\u2019Action et des Comptes publics a n\u00e9anmoins annonc\u00e9 mardi soir, l\u2019abaissement\nde ce seuil \u00e0 50%. <\/p>\n\n\n\n<h2 class=\"wp-block-heading\"><strong>9 conditions d\u2019\u00e9ligibilit\u00e9<\/strong><\/h2>\n\n\n\n<p>L\u2019article 1 du &nbsp;d\u00e9cret liste \u00e9galement 9 conditions d\u2019\u00e9ligibilit\u00e9\nparmi lesquelles&nbsp;: <\/p>\n\n\n\n<ul class=\"wp-block-list\"><li>avoir d\u00e9but\u00e9 l\u2019activit\u00e9 avant le 1<sup>er<\/sup> mars 2020<\/li><li>avoir un effectif inf\u00e9rieur ou \u00e9gal \u00e0 10 salari\u00e9s<\/li><li>avoir un chiffre d\u2019affaires lors du dernier exercice clos inf\u00e9rieur \u00e0 1\nmillion \u20ac<\/li><li>avoir un b\u00e9n\u00e9fice imposable augment\u00e9 des versements aux dirigeants\ninf\u00e9rieur \u00e0 60.000 \u20ac au titre du dernier exercice clos<\/li><li>ne pas \u00eatre contr\u00f4l\u00e9e par une autre soci\u00e9t\u00e9.<\/li><\/ul>\n\n\n\n<p>Les entreprises \u00e9ligibles peuvent faire leur demande directement sur le site <a href=\"http:\/\/impots.gouv.fr\">impots.gouv.fr<\/a> sur l\u2019espace \u00ab\u00a0Particulier\u00a0\u00bb. Dans la messagerie, il suffit de s\u00e9lectionner dans l\u2019onglet \u00e9crire \u00ab\u00a0Je demande l\u2019aide aux entreprises fragilis\u00e9es par l\u2019\u00e9pid\u00e9mie de Covid-19\u00a0\u00bb. Un formulaire est \u00e0 remplir dans lequel le dirigeant certifie sur l\u2019honneur qu\u2019il r\u00e9pond \u00e0 tous les crit\u00e8res pour b\u00e9n\u00e9ficier de la prime. <\/p>\n\n\n\n<h2 class=\"wp-block-heading\"><strong>Prime compl\u00e9mentaire de 2.000\n\u20ac<\/strong><\/h2>\n\n\n\n<p>Une aide compl\u00e9mentaire de\n2.000 \u20ac est \u00e9galement pr\u00e9vue pour les entreprises les plus en difficult\u00e9. L\u2019aide\nsera g\u00e9r\u00e9e par la R\u00e9gion et devrait \u00eatre mise en place \u00e0 la mi-avril.<\/p>\n\n\n\n<p>Pour en b\u00e9n\u00e9ficier, les entreprises\ndevront r\u00e9unir 4 conditions&nbsp;: <\/p>\n\n\n\n<ul class=\"wp-block-list\"><li>\u00catre \u00e9ligible \u00e0 la prime de 1.500 \u20ac (9\nconditions)<\/li><li>Employer au 1er\nmars 2020, au moins 1 salari\u00e9 en CDI ou CDD<\/li><li>\u00catre dans l&rsquo;incapacit\u00e9\nde r\u00e9gler les dettes exigibles dans les 30 jours suivants <\/li><li>Avoir subi un\nrefus ou une absence de r\u00e9ponse sous 10 jours pour une demande de pr\u00eat pour un\nmontant raisonnable faite depuis le 1er mars 2020 aupr\u00e8s de leur banque habituelle.<\/li><\/ul>\n","protected":false},"excerpt":{"rendered":"<p>Depuis ce lundi, les petites entreprises peuvent r\u00e9aliser les d\u00e9marches pour obtenir la prime de 1.500 \u20ac issue du fonds de solidarit\u00e9 mis en place pour faire face aux cons\u00e9quences sociales et \u00e9conomiques des mesures de confinement impos\u00e9es \u00e0 cause du Coronavirus. Un d\u00e9cret vient d\u2019\u00eatre publi\u00e9 \u00e0 ce sujet. Fermeture ou baisse du CA [&hellip;]<\/p>\n","protected":false},"author":45,"featured_media":0,"comment_status":"open","ping_status":"open","sticky":false,"template":"","format":"quote","meta":{"_acf_changed":false,"_mi_skip_tracking":false,"footnotes":""},"categories":[12,1544,3],"tags":[1857],"class_list":["post-14625","post","type-post","status-publish","format-quote","hentry","category-actualites","category-banque","category-comptabilite-fiscalite-et-gestion-financiere","tag-coronavirus","post_format-post-format-quote"],"acf":[],"yoast_head":"<!-- This site is optimized with the Yoast SEO plugin v23.4 - https:\/\/yoast.com\/wordpress\/plugins\/seo\/ -->\n<title>Prime de 1.500 \u20ac : le d\u00e9cret - Le Blog GERESO<\/title>\n<meta name=\"robots\" content=\"index, follow, max-snippet:-1, max-image-preview:large, max-video-preview:-1\" \/>\n<link rel=\"canonical\" href=\"https:\/\/www.gereso.com\/actualites\/2020\/04\/01\/prime-de-1-500-e-le-decret\/\" \/>\n<meta property=\"og:locale\" content=\"fr_FR\" \/>\n<meta property=\"og:type\" content=\"article\" \/>\n<meta property=\"og:title\" content=\"Prime de 1.500 \u20ac : le d\u00e9cret - Le Blog GERESO\" \/>\n<meta property=\"og:description\" content=\"Depuis ce lundi, les petites entreprises peuvent r\u00e9aliser les d\u00e9marches pour obtenir la prime de 1.500 \u20ac issue du fonds de solidarit\u00e9 mis en place pour faire face aux cons\u00e9quences sociales et \u00e9conomiques des mesures de confinement impos\u00e9es \u00e0 cause du Coronavirus. Un d\u00e9cret vient d\u2019\u00eatre publi\u00e9 \u00e0 ce sujet. Fermeture ou baisse du CA [&hellip;]\" \/>\n<meta property=\"og:url\" content=\"https:\/\/www.gereso.com\/actualites\/2020\/04\/01\/prime-de-1-500-e-le-decret\/\" \/>\n<meta property=\"og:site_name\" content=\"Le Blog GERESO\" \/>\n<meta property=\"article:published_time\" content=\"2020-04-01T21:19:35+00:00\" \/>\n<meta property=\"article:modified_time\" content=\"2020-04-01T21:19:37+00:00\" \/>\n<meta name=\"author\" content=\"Damien P\u00e9an\" \/>\n<meta name=\"twitter:card\" content=\"summary_large_image\" \/>\n<script type=\"application\/ld+json\" class=\"yoast-schema-graph\">{\"@context\":\"https:\/\/schema.org\",\"@graph\":[{\"@type\":\"WebPage\",\"@id\":\"https:\/\/www.gereso.com\/actualites\/2020\/04\/01\/prime-de-1-500-e-le-decret\/\",\"url\":\"https:\/\/www.gereso.com\/actualites\/2020\/04\/01\/prime-de-1-500-e-le-decret\/\",\"name\":\"Prime de 1.500 \u20ac : le d\u00e9cret - Le Blog GERESO\",\"isPartOf\":{\"@id\":\"https:\/\/www.gereso.com\/actualites\/#website\"},\"datePublished\":\"2020-04-01T21:19:35+00:00\",\"dateModified\":\"2020-04-01T21:19:37+00:00\",\"author\":{\"@id\":\"https:\/\/www.gereso.com\/actualites\/#\/schema\/person\/c91814f92d627ed4715993fbbf7c7e8d\"},\"breadcrumb\":{\"@id\":\"https:\/\/www.gereso.com\/actualites\/2020\/04\/01\/prime-de-1-500-e-le-decret\/#breadcrumb\"},\"inLanguage\":\"fr-FR\",\"potentialAction\":[{\"@type\":\"ReadAction\",\"target\":[\"https:\/\/www.gereso.com\/actualites\/2020\/04\/01\/prime-de-1-500-e-le-decret\/\"]}]},{\"@type\":\"BreadcrumbList\",\"@id\":\"https:\/\/www.gereso.com\/actualites\/2020\/04\/01\/prime-de-1-500-e-le-decret\/#breadcrumb\",\"itemListElement\":[{\"@type\":\"ListItem\",\"position\":1,\"name\":\"Home\",\"item\":\"https:\/\/www.gereso.com\/actualites\/\"},{\"@type\":\"ListItem\",\"position\":2,\"name\":\"Prime de 1.500 \u20ac : le d\u00e9cret\"}]},{\"@type\":\"WebSite\",\"@id\":\"https:\/\/www.gereso.com\/actualites\/#website\",\"url\":\"https:\/\/www.gereso.com\/actualites\/\",\"name\":\"Le Blog GERESO\",\"description\":\"Toute l&#039;actu RH, Finance, Fonction Publique, Management...\",\"potentialAction\":[{\"@type\":\"SearchAction\",\"target\":{\"@type\":\"EntryPoint\",\"urlTemplate\":\"https:\/\/www.gereso.com\/actualites\/?s={search_term_string}\"},\"query-input\":{\"@type\":\"PropertyValueSpecification\",\"valueRequired\":true,\"valueName\":\"search_term_string\"}}],\"inLanguage\":\"fr-FR\"},{\"@type\":\"Person\",\"@id\":\"https:\/\/www.gereso.com\/actualites\/#\/schema\/person\/c91814f92d627ed4715993fbbf7c7e8d\",\"name\":\"Damien P\u00e9an\",\"image\":{\"@type\":\"ImageObject\",\"inLanguage\":\"fr-FR\",\"@id\":\"https:\/\/www.gereso.com\/actualites\/#\/schema\/person\/image\/\",\"url\":\"https:\/\/www.gereso.com\/actualites\/wp-content\/uploads\/2016\/03\/damien-pean.jpg\",\"contentUrl\":\"https:\/\/www.gereso.com\/actualites\/wp-content\/uploads\/2016\/03\/damien-pean.jpg\",\"caption\":\"Damien P\u00e9an\"},\"description\":\"Damien P\u00c9AN est titulaire du Dipl\u00f4me d'\u00e9tudes sup\u00e9rieures comptables et financi\u00e8res (DESCF). Il intervient depuis plusieurs ann\u00e9es aupr\u00e8s d'\u00e9tudiants en licence de comptabilit\u00e9 et de gestion, \u00e0 qui il enseigne le contr\u00f4le de gestion, la comptabilit\u00e9 approfondie, le management, la fiscalit\u00e9, le droit des soci\u00e9t\u00e9s et le droit du travail. Il intervient \u00e9galement en formation continue pour le compte de divers organismes de formation sur des th\u00e9matiques techniques en comptabilit\u00e9 et fiscalit\u00e9. Il forme aussi un public de non-initi\u00e9s aux fondamentaux de la finance.\",\"url\":\"https:\/\/www.gereso.com\/actualites\/author\/d-pean\/\"}]}<\/script>\n<!-- \/ Yoast SEO plugin. -->","yoast_head_json":{"title":"Prime de 1.500 \u20ac : le d\u00e9cret - Le Blog GERESO","robots":{"index":"index","follow":"follow","max-snippet":"max-snippet:-1","max-image-preview":"max-image-preview:large","max-video-preview":"max-video-preview:-1"},"canonical":"https:\/\/www.gereso.com\/actualites\/2020\/04\/01\/prime-de-1-500-e-le-decret\/","og_locale":"fr_FR","og_type":"article","og_title":"Prime de 1.500 \u20ac : le d\u00e9cret - Le Blog GERESO","og_description":"Depuis ce lundi, les petites entreprises peuvent r\u00e9aliser les d\u00e9marches pour obtenir la prime de 1.500 \u20ac issue du fonds de solidarit\u00e9 mis en place pour faire face aux cons\u00e9quences sociales et \u00e9conomiques des mesures de confinement impos\u00e9es \u00e0 cause du Coronavirus. Un d\u00e9cret vient d\u2019\u00eatre publi\u00e9 \u00e0 ce sujet. Fermeture ou baisse du CA [&hellip;]","og_url":"https:\/\/www.gereso.com\/actualites\/2020\/04\/01\/prime-de-1-500-e-le-decret\/","og_site_name":"Le Blog GERESO","article_published_time":"2020-04-01T21:19:35+00:00","article_modified_time":"2020-04-01T21:19:37+00:00","author":"Damien P\u00e9an","twitter_card":"summary_large_image","schema":{"@context":"https:\/\/schema.org","@graph":[{"@type":"WebPage","@id":"https:\/\/www.gereso.com\/actualites\/2020\/04\/01\/prime-de-1-500-e-le-decret\/","url":"https:\/\/www.gereso.com\/actualites\/2020\/04\/01\/prime-de-1-500-e-le-decret\/","name":"Prime de 1.500 \u20ac : le d\u00e9cret - Le Blog GERESO","isPartOf":{"@id":"https:\/\/www.gereso.com\/actualites\/#website"},"datePublished":"2020-04-01T21:19:35+00:00","dateModified":"2020-04-01T21:19:37+00:00","author":{"@id":"https:\/\/www.gereso.com\/actualites\/#\/schema\/person\/c91814f92d627ed4715993fbbf7c7e8d"},"breadcrumb":{"@id":"https:\/\/www.gereso.com\/actualites\/2020\/04\/01\/prime-de-1-500-e-le-decret\/#breadcrumb"},"inLanguage":"fr-FR","potentialAction":[{"@type":"ReadAction","target":["https:\/\/www.gereso.com\/actualites\/2020\/04\/01\/prime-de-1-500-e-le-decret\/"]}]},{"@type":"BreadcrumbList","@id":"https:\/\/www.gereso.com\/actualites\/2020\/04\/01\/prime-de-1-500-e-le-decret\/#breadcrumb","itemListElement":[{"@type":"ListItem","position":1,"name":"Home","item":"https:\/\/www.gereso.com\/actualites\/"},{"@type":"ListItem","position":2,"name":"Prime de 1.500 \u20ac : le d\u00e9cret"}]},{"@type":"WebSite","@id":"https:\/\/www.gereso.com\/actualites\/#website","url":"https:\/\/www.gereso.com\/actualites\/","name":"Le Blog GERESO","description":"Toute l&#039;actu RH, Finance, Fonction Publique, Management...","potentialAction":[{"@type":"SearchAction","target":{"@type":"EntryPoint","urlTemplate":"https:\/\/www.gereso.com\/actualites\/?s={search_term_string}"},"query-input":{"@type":"PropertyValueSpecification","valueRequired":true,"valueName":"search_term_string"}}],"inLanguage":"fr-FR"},{"@type":"Person","@id":"https:\/\/www.gereso.com\/actualites\/#\/schema\/person\/c91814f92d627ed4715993fbbf7c7e8d","name":"Damien P\u00e9an","image":{"@type":"ImageObject","inLanguage":"fr-FR","@id":"https:\/\/www.gereso.com\/actualites\/#\/schema\/person\/image\/","url":"https:\/\/www.gereso.com\/actualites\/wp-content\/uploads\/2016\/03\/damien-pean.jpg","contentUrl":"https:\/\/www.gereso.com\/actualites\/wp-content\/uploads\/2016\/03\/damien-pean.jpg","caption":"Damien P\u00e9an"},"description":"Damien P\u00c9AN est titulaire du Dipl\u00f4me d'\u00e9tudes sup\u00e9rieures comptables et financi\u00e8res (DESCF). Il intervient depuis plusieurs ann\u00e9es aupr\u00e8s d'\u00e9tudiants en licence de comptabilit\u00e9 et de gestion, \u00e0 qui il enseigne le contr\u00f4le de gestion, la comptabilit\u00e9 approfondie, le management, la fiscalit\u00e9, le droit des soci\u00e9t\u00e9s et le droit du travail. Il intervient \u00e9galement en formation continue pour le compte de divers organismes de formation sur des th\u00e9matiques techniques en comptabilit\u00e9 et fiscalit\u00e9. Il forme aussi un public de non-initi\u00e9s aux fondamentaux de la finance.","url":"https:\/\/www.gereso.com\/actualites\/author\/d-pean\/"}]}},"_links":{"self":[{"href":"https:\/\/www.gereso.com\/actualites\/wp-json\/wp\/v2\/posts\/14625","targetHints":{"allow":["GET"]}}],"collection":[{"href":"https:\/\/www.gereso.com\/actualites\/wp-json\/wp\/v2\/posts"}],"about":[{"href":"https:\/\/www.gereso.com\/actualites\/wp-json\/wp\/v2\/types\/post"}],"author":[{"embeddable":true,"href":"https:\/\/www.gereso.com\/actualites\/wp-json\/wp\/v2\/users\/45"}],"replies":[{"embeddable":true,"href":"https:\/\/www.gereso.com\/actualites\/wp-json\/wp\/v2\/comments?post=14625"}],"version-history":[{"count":2,"href":"https:\/\/www.gereso.com\/actualites\/wp-json\/wp\/v2\/posts\/14625\/revisions"}],"predecessor-version":[{"id":14627,"href":"https:\/\/www.gereso.com\/actualites\/wp-json\/wp\/v2\/posts\/14625\/revisions\/14627"}],"wp:attachment":[{"href":"https:\/\/www.gereso.com\/actualites\/wp-json\/wp\/v2\/media?parent=14625"}],"wp:term":[{"taxonomy":"category","embeddable":true,"href":"https:\/\/www.gereso.com\/actualites\/wp-json\/wp\/v2\/categories?post=14625"},{"taxonomy":"post_tag","embeddable":true,"href":"https:\/\/www.gereso.com\/actualites\/wp-json\/wp\/v2\/tags?post=14625"}],"curies":[{"name":"wp","href":"https:\/\/api.w.org\/{rel}","templated":true}]}}