{"id":1472,"date":"2006-02-01T00:00:00","date_gmt":"2006-01-31T22:00:00","guid":{"rendered":"https:\/\/www.gereso.com\/actualites\/2006\/02\/comment-beneficier-des-allocations-chomage-en-cas-de-demission\/"},"modified":"2006-02-01T00:00:00","modified_gmt":"2006-01-31T22:00:00","slug":"comment-beneficier-des-allocations-chomage-en-cas-de-demission","status":"publish","type":"post","link":"https:\/\/www.gereso.com\/actualites\/2006\/02\/01\/comment-beneficier-des-allocations-chomage-en-cas-de-demission\/","title":{"rendered":"Comment b\u00e9n\u00e9ficier des allocations ch\u00f4mage en cas de d\u00e9mission&nbsp;?"},"content":{"rendered":"<h3>Cas consid\u00e9r\u00e9s comme l\u00e9gitime par l&rsquo;ASSEDIC :<\/h3>\n<li>Vous avez <b>moins de 18 ans<\/b> et avez d\u00e9missionn\u00e9 pour <b>suivre vos parents<\/b> qui d\u00e9m\u00e9nagent<\/li>\n<li> Votre <b>conjoint ou concubin change de r\u00e9sidence<\/b> pour exercer un nouvel emploi et vous d\u00e9missionnez pour le suivre<\/li>\n<li> Vous vous <b>mariez ou concluez un PACS<\/b>, vous d\u00e9missionnez dans les 2 mois pour suivre votre conjoint ou votre partenaire<\/li>\n<li> Vous d\u00e9missionnez d&rsquo;un <b>contrat emploi-solidarit\u00e9, contrat d&rsquo;insertion par l&rsquo;activit\u00e9, d&rsquo;un contrat emploi jeune ou contrat d&rsquo;orientation<\/b><\/li>\n<li><b>Votre employeur ne vous paie plus les salaires<\/b> : vous devez pr\u00e9senter une ordonnance de r\u00e9f\u00e9r\u00e9 condamnant l&#8217;employeur \u00e0 verser les r\u00e9mun\u00e9rations litigieuses.<\/li>\n<li> Vous \u00eates <b>victime d&rsquo;un acte d\u00e9lictueux<\/b>sanctionn\u00e9 par la loi (harc\u00e8lement, violences, viol, discrimination) :vous devez pr\u00e9senter une copie de la plainte ou du r\u00e9c\u00e9piss\u00e9 de d\u00e9p\u00f4tde la plainte.<\/li>\n<li> Vous d\u00e9missionnez <b>pendant la p\u00e9riode d&rsquo;essai<\/b> d&rsquo;un emploi occup\u00e9 suite \u00e0 un licenciement et vous ne vous \u00e9tiez pas inscrit comme demandeur d&#8217;emploi.<\/li>\n<li> Vous avez d\u00e9missionn\u00e9 de votre emploi <b>pour un autre en contrat \u00e0 dur\u00e9e ind\u00e9termin\u00e9e<\/b>.L&#8217;employeur met fin \u00e0 la p\u00e9riode d&rsquo;essai avant 91 jours. Votred\u00e9mission est l\u00e9gitime si vous justifiez de 3 ann\u00e9es d&rsquo;affiliationcontinue au r\u00e9gime d&rsquo;assurance ch\u00f4mage.<\/li>\n<li> Vous avez un <b>contrat de travail dit \u00ab de couple ou indivisible \u00bb <\/b>.Votre contrat est automatiquement r\u00e9sili\u00e9 si votre conjoint estlicenci\u00e9, mis \u00e0 la retraite ou b\u00e9n\u00e9ficie de l&rsquo;allocation deremplacement pour l&#8217;emploi (ARPE).<\/li>\n<li> Vous \u00eates <b>journaliste<\/b> et faites jouer la clause de conscience<\/li>\n<li> Vous d\u00e9missionnez pour effectuer une <b>mission de volontariat pour la solidarit\u00e9 internationale<\/b> d&rsquo;une dur\u00e9e d&rsquo;un an<\/li>\n<li> Vous d\u00e9missionnez <b>pour cr\u00e9er votre entreprise<\/b><\/li>\n<h3>Et dans les autres cas&rsquo;<\/h3>\n<p>Si vous avez d\u00e9missionn\u00e9 pour un motif non pr\u00e9vu par l&rsquo;accord d&rsquo;application, il vous faudra attendre <b>4 mois<\/b> pour demander un r\u00e9examen de votre situation.<\/p>\n<p>Selon vos efforts de reclassement, les allocations peuvent alors vous \u00eatre attribu\u00e9es par l&rsquo;ASSEDIC.<\/p>\n<p>Sivous avez rempli cette premi\u00e8re condition, il vous faudra remplir lesconditions g\u00e9n\u00e9rales suivantes pour pouvoir b\u00e9n\u00e9ficier de l&rsquo;allocationd&rsquo;aide au retour d&#8217;emploi :<\/p>\n<li><b>Avoir travaill\u00e9 au moins 6 mois<\/b> au cours des 22 derniers mois<\/li>\n<li> \u00catre <b>physiquement apte \u00e0 l&rsquo;exercice d&rsquo;un emploi<\/b><\/li>\n<li> \u00catre<b> inscrit comme demandeur d&#8217;emploi <\/b>\u00e0 l&rsquo;ASSEDIC<\/li>\n<li> \u00catre \u00e0 la <b>recherche effective <\/b>d&rsquo;un emploi<\/li>\n<li> \u00catre \u00e2g\u00e9 de <b>moins de 60 ans<\/b><\/li>\n<h3>Pendant combien de temps ai-je droit aux allocations ch\u00f4mage&nbsp;?<\/h3>\n<p> Les nouvelles dur\u00e9es d&rsquo;indemnisation sont de :<\/p>\n<li>7 mois : salari\u00e9s justifiant d&rsquo;une activit\u00e9 de 6 mois au cours des 22 derniers mois pr\u00e9c\u00e9dant la fin du contrat de travail<\/li>\n<li>12 mois : activit\u00e9 salari\u00e9e de 12 mois au cours des 20 derniers mois pr\u00e9c\u00e9dant la fin du contrat de travail<\/li>\n<li>23 mois : activit\u00e9 salari\u00e9e de 16 mois au cours des 26 derniers mois pr\u00e9c\u00e9dant la fin du contrat de travail<\/li>\n<li>36 mois: salari\u00e9s ayant 50 ans ou plus justifiant d&rsquo;une activit\u00e9 de 27 mois aucours des 36 derniers mois pr\u00e9c\u00e9dant la fin du contrat de travail<\/li>\n<p> Ces nouvelles dur\u00e9es d&rsquo;indemnisation s&rsquo;appliquent pour les contrats de travail ayant pris fin depuis le 18 janvier 2006.<\/p>\n<p>Ce d\u00e9cret fait suite \u00e0 la convention d&rsquo;assurance ch\u00f4mage du 18 janvier2006. Cette convention a re\u00e7u un agr\u00e9ment du minist\u00e8re de la Coh\u00e9sionsociale le 23 f\u00e9vrier 2006.<\/p>\n","protected":false},"excerpt":{"rendered":"<p>Cas consid\u00e9r\u00e9s comme l\u00e9gitime par l&rsquo;ASSEDIC : Vous avez moins de 18 ans et avez d\u00e9missionn\u00e9 pour suivre vos parents qui d\u00e9m\u00e9nagent Votre conjoint ou concubin change de r\u00e9sidence pour exercer un nouvel emploi et vous d\u00e9missionnez pour le suivre Vous vous mariez ou concluez un PACS, vous d\u00e9missionnez dans les 2 mois pour suivre [&hellip;]<\/p>\n","protected":false},"author":32,"featured_media":0,"comment_status":"open","ping_status":"open","sticky":false,"template":"","format":"standard","meta":{"_acf_changed":false,"_mi_skip_tracking":false,"footnotes":""},"categories":[4],"tags":[],"class_list":["post-1472","post","type-post","status-publish","format-standard","hentry","category-retraite-et-protection-sociale"],"acf":[],"yoast_head":"<!-- This site is optimized with the Yoast SEO plugin v23.4 - https:\/\/yoast.com\/wordpress\/plugins\/seo\/ -->\n<title>Comment b\u00e9n\u00e9ficier des allocations ch\u00f4mage en cas de d\u00e9mission&nbsp;? - Le Blog GERESO<\/title>\n<meta name=\"robots\" content=\"index, follow, max-snippet:-1, max-image-preview:large, max-video-preview:-1\" \/>\n<link rel=\"canonical\" href=\"https:\/\/www.gereso.com\/actualites\/2006\/02\/01\/comment-beneficier-des-allocations-chomage-en-cas-de-demission\/\" \/>\n<meta property=\"og:locale\" content=\"fr_FR\" \/>\n<meta property=\"og:type\" content=\"article\" \/>\n<meta property=\"og:title\" content=\"Comment b\u00e9n\u00e9ficier des allocations ch\u00f4mage en cas de d\u00e9mission&nbsp;? - Le Blog GERESO\" \/>\n<meta property=\"og:description\" content=\"Cas consid\u00e9r\u00e9s comme l\u00e9gitime par l&rsquo;ASSEDIC : Vous avez moins de 18 ans et avez d\u00e9missionn\u00e9 pour suivre vos parents qui d\u00e9m\u00e9nagent Votre conjoint ou concubin change de r\u00e9sidence pour exercer un nouvel emploi et vous d\u00e9missionnez pour le suivre Vous vous mariez ou concluez un PACS, vous d\u00e9missionnez dans les 2 mois pour suivre [&hellip;]\" \/>\n<meta property=\"og:url\" content=\"https:\/\/www.gereso.com\/actualites\/2006\/02\/01\/comment-beneficier-des-allocations-chomage-en-cas-de-demission\/\" \/>\n<meta property=\"og:site_name\" content=\"Le Blog GERESO\" \/>\n<meta property=\"article:published_time\" content=\"2006-01-31T22:00:00+00:00\" \/>\n<meta name=\"author\" content=\"\u00c9quipe GERESO\" \/>\n<meta name=\"twitter:card\" content=\"summary_large_image\" \/>\n<script type=\"application\/ld+json\" class=\"yoast-schema-graph\">{\"@context\":\"https:\/\/schema.org\",\"@graph\":[{\"@type\":\"WebPage\",\"@id\":\"https:\/\/www.gereso.com\/actualites\/2006\/02\/01\/comment-beneficier-des-allocations-chomage-en-cas-de-demission\/\",\"url\":\"https:\/\/www.gereso.com\/actualites\/2006\/02\/01\/comment-beneficier-des-allocations-chomage-en-cas-de-demission\/\",\"name\":\"Comment b\u00e9n\u00e9ficier des allocations ch\u00f4mage en cas de d\u00e9mission&nbsp;? - Le Blog GERESO\",\"isPartOf\":{\"@id\":\"https:\/\/www.gereso.com\/actualites\/#website\"},\"datePublished\":\"2006-01-31T22:00:00+00:00\",\"dateModified\":\"2006-01-31T22:00:00+00:00\",\"author\":{\"@id\":\"https:\/\/www.gereso.com\/actualites\/#\/schema\/person\/197d8aef40cb4ae3f6a0aa9e1d3df2a6\"},\"breadcrumb\":{\"@id\":\"https:\/\/www.gereso.com\/actualites\/2006\/02\/01\/comment-beneficier-des-allocations-chomage-en-cas-de-demission\/#breadcrumb\"},\"inLanguage\":\"fr-FR\",\"potentialAction\":[{\"@type\":\"ReadAction\",\"target\":[\"https:\/\/www.gereso.com\/actualites\/2006\/02\/01\/comment-beneficier-des-allocations-chomage-en-cas-de-demission\/\"]}]},{\"@type\":\"BreadcrumbList\",\"@id\":\"https:\/\/www.gereso.com\/actualites\/2006\/02\/01\/comment-beneficier-des-allocations-chomage-en-cas-de-demission\/#breadcrumb\",\"itemListElement\":[{\"@type\":\"ListItem\",\"position\":1,\"name\":\"Home\",\"item\":\"https:\/\/www.gereso.com\/actualites\/\"},{\"@type\":\"ListItem\",\"position\":2,\"name\":\"Comment b\u00e9n\u00e9ficier des allocations ch\u00f4mage en cas de d\u00e9mission&nbsp;?\"}]},{\"@type\":\"WebSite\",\"@id\":\"https:\/\/www.gereso.com\/actualites\/#website\",\"url\":\"https:\/\/www.gereso.com\/actualites\/\",\"name\":\"Le Blog GERESO\",\"description\":\"Toute l&#039;actu RH, Finance, Fonction Publique, Management...\",\"potentialAction\":[{\"@type\":\"SearchAction\",\"target\":{\"@type\":\"EntryPoint\",\"urlTemplate\":\"https:\/\/www.gereso.com\/actualites\/?s={search_term_string}\"},\"query-input\":{\"@type\":\"PropertyValueSpecification\",\"valueRequired\":true,\"valueName\":\"search_term_string\"}}],\"inLanguage\":\"fr-FR\"},{\"@type\":\"Person\",\"@id\":\"https:\/\/www.gereso.com\/actualites\/#\/schema\/person\/197d8aef40cb4ae3f6a0aa9e1d3df2a6\",\"name\":\"\u00c9quipe GERESO\",\"image\":{\"@type\":\"ImageObject\",\"inLanguage\":\"fr-FR\",\"@id\":\"https:\/\/www.gereso.com\/actualites\/#\/schema\/person\/image\/\",\"url\":\"https:\/\/www.gereso.com\/actualites\/wp-content\/uploads\/2013\/12\/avatar-gereso-1.png\",\"contentUrl\":\"https:\/\/www.gereso.com\/actualites\/wp-content\/uploads\/2013\/12\/avatar-gereso-1.png\",\"caption\":\"\u00c9quipe GERESO\"},\"url\":\"https:\/\/www.gereso.com\/actualites\/author\/gereso\/\"}]}<\/script>\n<!-- \/ Yoast SEO plugin. -->","yoast_head_json":{"title":"Comment b\u00e9n\u00e9ficier des allocations ch\u00f4mage en cas de d\u00e9mission&nbsp;? - Le Blog GERESO","robots":{"index":"index","follow":"follow","max-snippet":"max-snippet:-1","max-image-preview":"max-image-preview:large","max-video-preview":"max-video-preview:-1"},"canonical":"https:\/\/www.gereso.com\/actualites\/2006\/02\/01\/comment-beneficier-des-allocations-chomage-en-cas-de-demission\/","og_locale":"fr_FR","og_type":"article","og_title":"Comment b\u00e9n\u00e9ficier des allocations ch\u00f4mage en cas de d\u00e9mission&nbsp;? - Le Blog GERESO","og_description":"Cas consid\u00e9r\u00e9s comme l\u00e9gitime par l&rsquo;ASSEDIC : Vous avez moins de 18 ans et avez d\u00e9missionn\u00e9 pour suivre vos parents qui d\u00e9m\u00e9nagent Votre conjoint ou concubin change de r\u00e9sidence pour exercer un nouvel emploi et vous d\u00e9missionnez pour le suivre Vous vous mariez ou concluez un PACS, vous d\u00e9missionnez dans les 2 mois pour suivre [&hellip;]","og_url":"https:\/\/www.gereso.com\/actualites\/2006\/02\/01\/comment-beneficier-des-allocations-chomage-en-cas-de-demission\/","og_site_name":"Le Blog GERESO","article_published_time":"2006-01-31T22:00:00+00:00","author":"\u00c9quipe GERESO","twitter_card":"summary_large_image","schema":{"@context":"https:\/\/schema.org","@graph":[{"@type":"WebPage","@id":"https:\/\/www.gereso.com\/actualites\/2006\/02\/01\/comment-beneficier-des-allocations-chomage-en-cas-de-demission\/","url":"https:\/\/www.gereso.com\/actualites\/2006\/02\/01\/comment-beneficier-des-allocations-chomage-en-cas-de-demission\/","name":"Comment b\u00e9n\u00e9ficier des allocations ch\u00f4mage en cas de d\u00e9mission&nbsp;? - Le Blog GERESO","isPartOf":{"@id":"https:\/\/www.gereso.com\/actualites\/#website"},"datePublished":"2006-01-31T22:00:00+00:00","dateModified":"2006-01-31T22:00:00+00:00","author":{"@id":"https:\/\/www.gereso.com\/actualites\/#\/schema\/person\/197d8aef40cb4ae3f6a0aa9e1d3df2a6"},"breadcrumb":{"@id":"https:\/\/www.gereso.com\/actualites\/2006\/02\/01\/comment-beneficier-des-allocations-chomage-en-cas-de-demission\/#breadcrumb"},"inLanguage":"fr-FR","potentialAction":[{"@type":"ReadAction","target":["https:\/\/www.gereso.com\/actualites\/2006\/02\/01\/comment-beneficier-des-allocations-chomage-en-cas-de-demission\/"]}]},{"@type":"BreadcrumbList","@id":"https:\/\/www.gereso.com\/actualites\/2006\/02\/01\/comment-beneficier-des-allocations-chomage-en-cas-de-demission\/#breadcrumb","itemListElement":[{"@type":"ListItem","position":1,"name":"Home","item":"https:\/\/www.gereso.com\/actualites\/"},{"@type":"ListItem","position":2,"name":"Comment b\u00e9n\u00e9ficier des allocations ch\u00f4mage en cas de d\u00e9mission&nbsp;?"}]},{"@type":"WebSite","@id":"https:\/\/www.gereso.com\/actualites\/#website","url":"https:\/\/www.gereso.com\/actualites\/","name":"Le Blog GERESO","description":"Toute l&#039;actu RH, Finance, Fonction Publique, Management...","potentialAction":[{"@type":"SearchAction","target":{"@type":"EntryPoint","urlTemplate":"https:\/\/www.gereso.com\/actualites\/?s={search_term_string}"},"query-input":{"@type":"PropertyValueSpecification","valueRequired":true,"valueName":"search_term_string"}}],"inLanguage":"fr-FR"},{"@type":"Person","@id":"https:\/\/www.gereso.com\/actualites\/#\/schema\/person\/197d8aef40cb4ae3f6a0aa9e1d3df2a6","name":"\u00c9quipe GERESO","image":{"@type":"ImageObject","inLanguage":"fr-FR","@id":"https:\/\/www.gereso.com\/actualites\/#\/schema\/person\/image\/","url":"https:\/\/www.gereso.com\/actualites\/wp-content\/uploads\/2013\/12\/avatar-gereso-1.png","contentUrl":"https:\/\/www.gereso.com\/actualites\/wp-content\/uploads\/2013\/12\/avatar-gereso-1.png","caption":"\u00c9quipe GERESO"},"url":"https:\/\/www.gereso.com\/actualites\/author\/gereso\/"}]}},"_links":{"self":[{"href":"https:\/\/www.gereso.com\/actualites\/wp-json\/wp\/v2\/posts\/1472","targetHints":{"allow":["GET"]}}],"collection":[{"href":"https:\/\/www.gereso.com\/actualites\/wp-json\/wp\/v2\/posts"}],"about":[{"href":"https:\/\/www.gereso.com\/actualites\/wp-json\/wp\/v2\/types\/post"}],"author":[{"embeddable":true,"href":"https:\/\/www.gereso.com\/actualites\/wp-json\/wp\/v2\/users\/32"}],"replies":[{"embeddable":true,"href":"https:\/\/www.gereso.com\/actualites\/wp-json\/wp\/v2\/comments?post=1472"}],"version-history":[{"count":0,"href":"https:\/\/www.gereso.com\/actualites\/wp-json\/wp\/v2\/posts\/1472\/revisions"}],"wp:attachment":[{"href":"https:\/\/www.gereso.com\/actualites\/wp-json\/wp\/v2\/media?parent=1472"}],"wp:term":[{"taxonomy":"category","embeddable":true,"href":"https:\/\/www.gereso.com\/actualites\/wp-json\/wp\/v2\/categories?post=1472"},{"taxonomy":"post_tag","embeddable":true,"href":"https:\/\/www.gereso.com\/actualites\/wp-json\/wp\/v2\/tags?post=1472"}],"curies":[{"name":"wp","href":"https:\/\/api.w.org\/{rel}","templated":true}]}}