{"id":1481,"date":"2006-01-01T00:00:00","date_gmt":"2005-12-31T22:00:00","guid":{"rendered":"https:\/\/www.gereso.com\/actualites\/2006\/01\/fiche-pratique-linteressement\/"},"modified":"2006-01-01T00:00:00","modified_gmt":"2005-12-31T22:00:00","slug":"fiche-pratique-linteressement","status":"publish","type":"post","link":"https:\/\/www.gereso.com\/actualites\/2006\/01\/01\/fiche-pratique-linteressement\/","title":{"rendered":"Fiche pratique : l&#039;int\u00e9ressement"},"content":{"rendered":"<h3>Principe <br \/><\/h3>\n<p>L&rsquo;int\u00e9ressement est un <b>dispositif facultatif<\/b>, instaur\u00e9 par un <b>accord n\u00e9goci\u00e9<\/b>, <b>qui permet d&rsquo;associer financi\u00e8rement les salari\u00e9s aux performances de l&rsquo;entreprise<\/b>. Son montant pr\u00e9sente un <b>caract\u00e8re<\/b><b>variable et al\u00e9atoire<\/b> r\u00e9sultant d&rsquo;une <b>formule de calcul li\u00e9e aux r\u00e9sultats ou aux performances de l&rsquo;entreprise<\/b>.<\/p>\n<p>A la diff\u00e9rence de la participation, les sommes vers\u00e9es au titre de l&rsquo;int\u00e9ressement sont <b>imm\u00e9diatement disponibles<\/b>, sauf si les salari\u00e9s d\u00e9cident individuellement de les placer sur un plan d&rsquo;\u00e9pargne (PEE ou PPESV)<\/p>\n<h3>Champ d&rsquo;application<\/h3>\n<p><b>Un accord d&rsquo;int\u00e9ressement peut \u00eatre mis en place par toute entreprise <\/b>quelle que soit sa taille, son activit\u00e9 et sa forme juridique.  <\/p>\n<p>Lapossibilit\u00e9 existe aussi pour un groupe d&rsquo;entreprises. L&rsquo;accordd&rsquo;int\u00e9ressement d\u00e9finit son champ d&rsquo;application, il peut \u00eatre limit\u00e9 \u00e0un ou plusieurs \u00e9tablissements de l&rsquo;entreprises \u00e0 la condition decouvrir l&rsquo;ensemble des salari\u00e9s y exer\u00f4ant leurs fonctions.(contrats detravail r\u00e9gis par le droit fran\u00e7ais)<\/p>\n<p>Souscertaines conditions, un accord peut \u00eatre conclu par une entreprisepublique ou une soci\u00e9t\u00e9 nationale (voir d\u00e9cret n\u00b087-947 du 26 novembre1987). <\/p>\n<h3>B\u00e9n\u00e9ficiaires<br \/><\/h3>\n<p>L&rsquo;int\u00e9ressement a un <b>caract\u00e8re collectif<\/b>.Tous les salari\u00e9s de l&rsquo;entreprise en b\u00e9n\u00e9ficient. Il ne peut y avoird&rsquo;int\u00e9ressement variable selon des cat\u00e9gories de salari\u00e9s ou selon desperformances individuelles.<\/p>\n<p>L&rsquo;accord peut pr\u00e9voir une <b>condition d&rsquo;anciennet\u00e9<\/b> dans l&rsquo;entreprise qui ne peut exc\u00e9der trois mois maximum.<\/p>\n<p>Pour la d\u00e9termination de la condition d&rsquo;anciennet\u00e9 toutes les p\u00e9riodesd&#8217;emploi durant la p\u00e9riode de calcul et les douze mois qui la pr\u00e9c\u00e8dentsont prises en compte.<\/p>\n<h3>Mise en place <br \/><\/h3>\n<h4>La n\u00e9gociation<\/h4>\n<p> L&rsquo;int\u00e9ressement est mis en place par un accord conclu : <\/p>\n<li> avec les d\u00e9l\u00e9gu\u00e9s syndicaux ;<\/li>\n<li>avec les repr\u00e9sentants d&rsquo;organisations syndicales repr\u00e9sentativesmandat\u00e9s aux fins de n\u00e9gocier et de conclure l&rsquo;accord ;<\/li>\n<li> au sein du comit\u00e9 d&rsquo;entreprise (CE) ;<\/li>\n<li> par ratification des deux tiers du personnel. <\/li>\n<p>Le projet d&rsquo;accord doit \u00eatre soumis pour avis au CE quand il existe ou\u00e0 la d\u00e9l\u00e9gation du personnel au moins 15 jours avant sa signature..<\/p>\n<p>L&rsquo;entreprise doit avoir satisfait \u00e0 ses obligations en mati\u00e8re derepr\u00e9sentation du personnel (sauf si les effectifs de l&rsquo;entreprise sontinf\u00e9rieurs aux seuils d\u00e9finis par la loi).<\/p>\n<h4>Les formalit\u00e9s<\/h4>\n<p> L&rsquo;accomplissement des formalit\u00e9s conditionne les exon\u00e9rations sociales et fiscales.<\/p>\n<h4> Le d\u00e9lai de conclusion<\/h4>\n<p>L&rsquo;accord d&rsquo;int\u00e9ressement a obligatoirement une dur\u00e9e de trois ans. Ildoit \u00eatre conclu avant le 1er jour du 7\u00e8me mois de son premier exerciced&rsquo;application quand il est calcul\u00e9 annuellement ou avant le dernierjour de la premi\u00e8re moiti\u00e9 de la p\u00e9riode de calcul quand celle-ci estinf\u00e9rieure \u00e0 un an. <\/p>\n<p> Il appartient aux signataires de l&rsquo;accord de choisir cette p\u00e9riodicit\u00e9 (voir la formule de calcul). <\/p>\n<p>Exemples :<\/p>\n<li>pour un calcul annuel sur un exercice allant du 1er janvier au 31d\u00e9cembre, l&rsquo;accord doit \u00eatre conclu avant le 1er juillet ; <\/li>\n<li>pour un calcul trimestriel sur une p\u00e9riode allant du 1er janvier au31 mars, l&rsquo;accord doit \u00eatre conclu au plus tard le 15 f\u00e9vrier. <\/li>\n<li>  au sein du comit\u00e9 d&rsquo;entreprise (CE) ;<\/li>\n<li>  par ratification des deux tiers du personnel.<\/li>\n<p>\u00a0<\/p>\n<h4> Le d\u00e9p\u00f4t de l&rsquo;accord<\/h4>\n<p>L&rsquo;accord doit \u00eatre d\u00e9pos\u00e9 dans les 15 jours qui suivent sa signatureaupr\u00e8s de la Direction D\u00e9partementale du Travail Et de la FormationProfessionnelle (DDTEFP) du lieu o\u00f9 il a \u00e9t\u00e9 conclu.<\/p>\n<p>En cas de non respect des d\u00e9lais pour la conclusion ou le d\u00e9p\u00f4t del&rsquo;accord, celui-ci produit ses effets entre les parties mais iln&rsquo;ouvrira droit aux exon\u00e9rations sociales que pour les p\u00e9riodes decalcul ouvertes apr\u00e8s ce d\u00e9p\u00f4t.<\/p>\n<h4>Contr\u00f4le de l&rsquo;accord par l&rsquo;administration<\/h4>\n<p>La DDTEFP dispose d&rsquo;un d\u00e9lai de quatre mois \u00e0 compter du d\u00e9p\u00f4t del&rsquo;accord pour demander le retrait ou la modification des dispositionsnon conformes \u00e0 la r\u00e9glementation. Au del\u00e0 de ce d\u00e9lai, unecontestation de l&rsquo;administration sur les termes de l&rsquo;accord ne peutplus remettre en cause les exon\u00e9rations fiscales et sociales pourl&rsquo;exercice en cours ou les ann\u00e9es ant\u00e9rieures. En revanche, elle peutle faire pour l&rsquo;avenir. <\/p>\n<h4>Les modifications et d\u00e9nonciations<\/h4>\n<p>L&rsquo;accord peut \u00eatre modifi\u00e9 par une nouvelle convention, un avenant,adopt\u00e9 selon l&rsquo;une des formes pr\u00e9vues pour la mise en place del&rsquo;int\u00e9ressement et d\u00e9pos\u00e9 aupr\u00e8s de la DDTEFP. La d\u00e9nonciation del&rsquo;accord ob\u00e9it aux m\u00eames r\u00e8gles. L&rsquo;accord ne peut \u00eatre modifi\u00e9 oud\u00e9nonc\u00e9 que par l&rsquo;ensemble des parties signataires de l&rsquo;accord initial.<\/p>\n<p>Exemple: un accord sign\u00e9 par le comit\u00e9 d&rsquo;entreprise et la direction ne pourra\u00eatre modifi\u00e9 ou d\u00e9nonc\u00e9 qu&rsquo;avec les signatures des membres du comit\u00e9d&rsquo;entreprise et de la direction. \u00a0<b>Non substitution au salaire et aux primes<\/b><\/p>\n<p>L&rsquo;int\u00e9ressementne peut se substituer \u00e0 d&rsquo;autres \u00e9l\u00e9ments de r\u00e9mun\u00e9ration. La loi posele principe d&rsquo;une interdiction de transfert entre un \u00e9l\u00e9ment de salaireet une prime d&rsquo;int\u00e9ressement. En cons\u00e9quence, la suppression totale oupartielle d&rsquo;un \u00e9l\u00e9ment de r\u00e9mun\u00e9ration ne peut \u00eatre suivie de la miseen oeuvre d&rsquo;un accord d&rsquo;int\u00e9ressement avant l&rsquo;\u00e9coulement d&rsquo;un d\u00e9lai de12 mois entre le dernier versement de la r\u00e9mun\u00e9ration et la date deprise d&rsquo;effet de l&rsquo;accord.<\/p>\n<p>Exemple :une prime de rendement est vers\u00e9e le 31 d\u00e9cembre 2001. D\u00e8s lors, laprise d&rsquo;effet d&rsquo;un accord d&rsquo;int\u00e9ressement en remplacement de la primede rendement ne peut intervenir avant le 1er janvier 2003. <\/p>\n<h3>Formule de calcul<\/h3>\n<p>L&rsquo;accordcomporte une formule de calcul choisie librement par les partiescontractantes : ses crit\u00e8res peuvent \u00eatre li\u00e9s aux r\u00e9sultats ou auxperformances de l&rsquo;entreprise (productivit\u00e9, qualit\u00e9) dontl&rsquo;appr\u00e9ciation doit reposer sur des \u00e9l\u00e9ments objectivement mesurables.Les crit\u00e8res pris en compte dans la formule doivent assurer lecaract\u00e8re variable et al\u00e9atoire de l&rsquo;int\u00e9ressement (r\u00e9sultat,progression du chiffre d&rsquo;affaires), faute de quoi les exon\u00e9rationsfiscales et sociales ne sont pas accord\u00e9es. <\/p>\n<p>Laformule s&rsquo;applique sur une p\u00e9riode de calcul qui, le plus souvent, estl&rsquo;exercice. Toutefois, cette p\u00e9riode peut d\u00e9sormais \u00eatre ramen\u00e9e \u00e0trois, quatre ou six mois. <\/p>\n<p>Quelques cas concrets d&rsquo;int\u00e9ressement mis en oeuvre par les entreprises :<\/p>\n<h4>L&rsquo;int\u00e9ressement aux r\u00e9sultats<\/h4>\n<p>\u00a0<\/p>\n<p>La formule de calcul s&rsquo;appuie sur des indicateurs financiers oucomptables (R\u00e9sultat Courant Avant Imp\u00f4t, R\u00e9sultat Net Comptable ouFiscal, R\u00e9sultat d&rsquo;Exploitation.)<\/p>\n<p>Exemples :<\/p>\n<p>  I =&nbsp;???% X (RCAI)<\/p>\n<p>  I =&nbsp;???% masse salariale si RCAI >&nbsp;??..?<\/p>\n<p>\u00a0<\/p>\n<h4>L&rsquo;int\u00e9ressement aux performances<\/h4>\n<p>\u00a0<\/p>\n<p>Laformule de calcul s&rsquo;appuie sur des objectifs ou sur l&rsquo;am\u00e9lioration dela productivit\u00e9, la r\u00e9duction des rebuts ou des retards de livraison,etc.\u00a0\u00a0<b><br \/><\/b><\/p>\n<h4>Crit\u00e8res de r\u00e9partition<\/h4>\n<p>Lemontant global de l&rsquo;int\u00e9ressement peut \u00eatre r\u00e9parti entre les salari\u00e9sde diff\u00e9rentes fa\u00e7ons : uniform\u00e9ment entre tous, proportionnellement ausalaire, en fonction du temps de travail effectif sur la p\u00e9riodeconsid\u00e9r\u00e9e ou bien en combinant ces diff\u00e9rents crit\u00e8res.<\/p>\n<h4>R\u00e9partition uniforme<\/h4>\n<p>\u00a0<\/p>\n<p>Le montant global est divis\u00e9 par le nombre de salari\u00e9s b\u00e9n\u00e9ficiaires.<\/p>\n<h4>R\u00e9partition proportionnelle au salaire<\/h4>\n<p>\u00a0<\/p>\n<p>L&rsquo;accordd\u00e9finit la notion de salaire utilis\u00e9e (brut vers\u00e9, de r\u00e9f\u00e9rence, horsprimes, net imposable, etc.) et peut pr\u00e9voir un salaire plancher et\/ouplafond de r\u00e9partition.<\/p>\n<h4>R\u00e9partition proportionnelle \u00e0 la pr\u00e9sence<\/h4>\n<p>\u00a0<\/p>\n<p>L&rsquo;accord prend en compte le travail effectif des salari\u00e9s. Les cong\u00e9sde maternit\u00e9 et d&rsquo;adoption, les absences pour maladies professionnellesou pour a<br \/>\nccidents du travail sont consid\u00e9r\u00e9s comme du temps de travaileffectif. La prise en compte des absences est strictementproportionnelle.<\/p>\n<p>Il est possible de combiner ces diff\u00e9rents crit\u00e8res \u00e0 conditiond&rsquo;utiliser des \u00a0\u00bb sous-masses \u00a0\u00bb (60 % pr\u00e9sence et 40 % salaire parexemple).<\/p>\n<h4>Plafonds<\/h4>\n<p>\u00a0<\/p>\n<p>Plusieurs plafonds limitent les sommes distribu\u00e9es au titre de l&rsquo;int\u00e9ressement :<\/p>\n<li> Plafond global : le montant global de l&rsquo;int\u00e9ressement ne peut pasd\u00e9passer 20 % des salaires bruts vers\u00e9s aux salari\u00e9s au cours del&rsquo;exercice. <\/li>\n<li>Plafond individuel : La prime individuelle ne peut \u00eatre sup\u00e9rieure \u00e0la moiti\u00e9 du plafond annuel de s\u00e9curit\u00e9 sociale (voir les textesl\u00e9gislatifs). <\/li>\n<h3><b>\u00a0<\/b>Versement et disponibilit\u00e9 des sommes<\/h3>\n<h4>D\u00e9lais<\/h4>\n<p>\u00a0<\/p>\n<p>Sila p\u00e9riode de calcul de la prime est annuelle, le versement de sonmontant intervient au plus tard le dernier jour du 7\u00e8me mois apr\u00e8s lacl\u00f4ture de l&rsquo;exercice. Pour un exercice allant du 1er janvier au 31d\u00e9cembre, la date limite de versement est donc le 31 juillet.<\/p>\n<p>Si le calcul est trimestriel ou semestriel, le versement de la primeintervient au plus tard le dernier jour du 2\u00e8me mois qui suit lap\u00e9riode de calcul. En cas de retard, des int\u00e9r\u00eats calcul\u00e9s sur la basedu taux d&rsquo;int\u00e9r\u00eat l\u00e9gal sont dus.<\/p>\n<h4>Information obligatoire des salari\u00e9s<\/h4>\n<p>\u00a0<\/p>\n<p>Aucours du mois pr\u00e9c\u00e9dant le versement, l&rsquo;entreprise informe les salari\u00e9sdu montant de la prime qui leur est attribu\u00e9e. S&rsquo;il existe un pland&rsquo;\u00e9pargne d&rsquo;entreprise (PEE) ou un PPESV, l&rsquo;entreprise doit leur fairesavoir qu&rsquo;ils peuvent : soit recevoir l&rsquo;int\u00e9ressement imm\u00e9diatement,soit le verser en totalit\u00e9 ou partiellement sur le plan d&rsquo;\u00e9pargneouvert . A noter : l&rsquo;investissement de la prime dans un plan d&rsquo;\u00e9pargnerend les sommes indisponibles pendant la dur\u00e9e pr\u00e9vue par le plan (5ans minimum pour le PEE et 10 ans minimum pour le PPESV). <\/p>\n<p>Le versement s&rsquo;accompagne d&rsquo;une fiche sur laquelle appara\u00eet le montantnet de l&rsquo;int\u00e9ressement vers\u00e9 au salari\u00e9, les montants de C.S.G. etC.R.D.S . acquitt\u00e9s, et le montant global et moyen de l&rsquo;int\u00e9ressementdans l&rsquo;entreprise pour l&rsquo;exercice concern\u00e9.<\/p>\n<p>Une annexe rappelle les r\u00e8gles de calcul et de r\u00e9partition pr\u00e9vues par l&rsquo;accord. <\/p>\n<h3>Avantages fiscaux et sociaux<b><br \/><\/b><\/h3>\n<h4>R\u00e9gime social<\/h4>\n<p>\u00a0<\/p>\n<p>L&rsquo;int\u00e9ressementest exon\u00e9r\u00e9 de cotisations sociales patronales et salariales.Toutefois, apr\u00e8s abattement de 5% sur son montant, la prime subit unpr\u00e9l\u00e8vement de 8% au titre de la C.S.G. et de la C.R.D.S. <\/p>\n<p>L&rsquo;exon\u00e9ration est subordonn\u00e9e au respect par l&rsquo;accord d&rsquo;int\u00e9ressement : <\/p>\n<li> des d\u00e9lais de conclusion et de d\u00e9p\u00f4t ;<\/li>\n<li> du caract\u00e8re al\u00e9atoire ;<\/li>\n<li> du caract\u00e8re collectif ;<\/li>\n<li> du principe de non-substitution ;<\/li>\n<li> du respect des plafonds.<\/li>\n<h4>R\u00e9gime fiscal<\/h4>\n<p>\u00a0<\/p>\n<p> Pour l&rsquo;entreprise : <\/p>\n<p>L&rsquo;int\u00e9ressement vient en d\u00e9duction des b\u00e9n\u00e9fices imposables pour lecalcul de l&rsquo;imp\u00f4t sur les soci\u00e9t\u00e9s ou de l&rsquo;imp\u00f4t sur le revenu et estexon\u00e9r\u00e9 de taxe sur les salaires.<\/p>\n<p>Pour les entreprises de 1 \u00e0 99 salari\u00e9s qui ont conclu avant le 21f\u00e9vrier 2001 ou vont conclure avant le 21 f\u00e9vrier 2003, un accordd&rsquo;int\u00e9ressement et qui ont mis en place un PEE, PEI, PPESV, uneprovision pour investissement en franchise d&rsquo;imp\u00f4t est institu\u00e9e. <\/p>\n<p>La somme d\u00e9ductible \u00e0 ce titre est \u00e9gale \u00e0 50 % du montant del&rsquo;abondement que l&rsquo;entreprise verse en compl\u00e9ment de l&rsquo;affectation del&rsquo;int\u00e9ressement au plan d&rsquo;\u00e9pargne par le salari\u00e9.<\/p>\n<p>Pour le salari\u00e9 : <\/p>\n<p>L&rsquo;int\u00e9ressement est soumis \u00e0 l&rsquo;imp\u00f4t sur le revenu sauf s&rsquo;il estaffect\u00e9 dans les 15 jours qui suivent son versement sur un pland&rsquo;\u00e9pargne (PEE, PEI, PPESV); Dans ce cas, il est exon\u00e9r\u00e9 d&rsquo;imp\u00f4t sur lerevenu dans la limite de la moiti\u00e9 du plafond annuel de s\u00e9curit\u00e9sociale. (voir les textes l\u00e9gislatifs).<\/p>\n","protected":false},"excerpt":{"rendered":"<p>Principe L&rsquo;int\u00e9ressement est un dispositif facultatif, instaur\u00e9 par un accord n\u00e9goci\u00e9, qui permet d&rsquo;associer financi\u00e8rement les salari\u00e9s aux performances de l&rsquo;entreprise. Son montant pr\u00e9sente un caract\u00e8revariable et al\u00e9atoire r\u00e9sultant d&rsquo;une formule de calcul li\u00e9e aux r\u00e9sultats ou aux performances de l&rsquo;entreprise. A la diff\u00e9rence de la participation, les sommes vers\u00e9es au titre de l&rsquo;int\u00e9ressement sont [&hellip;]<\/p>\n","protected":false},"author":32,"featured_media":0,"comment_status":"open","ping_status":"open","sticky":false,"template":"","format":"standard","meta":{"_acf_changed":false,"_mi_skip_tracking":false,"footnotes":""},"categories":[4],"tags":[],"class_list":["post-1481","post","type-post","status-publish","format-standard","hentry","category-retraite-et-protection-sociale"],"acf":[],"yoast_head":"<!-- This site is optimized with the Yoast SEO plugin v23.4 - https:\/\/yoast.com\/wordpress\/plugins\/seo\/ -->\n<title>Fiche pratique : l&#039;int\u00e9ressement - Le Blog GERESO<\/title>\n<meta name=\"robots\" content=\"index, follow, max-snippet:-1, max-image-preview:large, max-video-preview:-1\" \/>\n<link rel=\"canonical\" href=\"https:\/\/www.gereso.com\/actualites\/2006\/01\/01\/fiche-pratique-linteressement\/\" \/>\n<meta property=\"og:locale\" content=\"fr_FR\" \/>\n<meta property=\"og:type\" content=\"article\" \/>\n<meta property=\"og:title\" content=\"Fiche pratique : l&#039;int\u00e9ressement - Le Blog GERESO\" \/>\n<meta property=\"og:description\" content=\"Principe L&rsquo;int\u00e9ressement est un dispositif facultatif, instaur\u00e9 par un accord n\u00e9goci\u00e9, qui permet d&rsquo;associer financi\u00e8rement les salari\u00e9s aux performances de l&rsquo;entreprise. Son montant pr\u00e9sente un caract\u00e8revariable et al\u00e9atoire r\u00e9sultant d&rsquo;une formule de calcul li\u00e9e aux r\u00e9sultats ou aux performances de l&rsquo;entreprise. A la diff\u00e9rence de la participation, les sommes vers\u00e9es au titre de l&rsquo;int\u00e9ressement sont [&hellip;]\" \/>\n<meta property=\"og:url\" content=\"https:\/\/www.gereso.com\/actualites\/2006\/01\/01\/fiche-pratique-linteressement\/\" \/>\n<meta property=\"og:site_name\" content=\"Le Blog GERESO\" \/>\n<meta property=\"article:published_time\" content=\"2005-12-31T22:00:00+00:00\" \/>\n<meta name=\"author\" content=\"\u00c9quipe GERESO\" \/>\n<meta name=\"twitter:card\" content=\"summary_large_image\" \/>\n<script type=\"application\/ld+json\" class=\"yoast-schema-graph\">{\"@context\":\"https:\/\/schema.org\",\"@graph\":[{\"@type\":\"WebPage\",\"@id\":\"https:\/\/www.gereso.com\/actualites\/2006\/01\/01\/fiche-pratique-linteressement\/\",\"url\":\"https:\/\/www.gereso.com\/actualites\/2006\/01\/01\/fiche-pratique-linteressement\/\",\"name\":\"Fiche pratique : l&#039;int\u00e9ressement - Le Blog GERESO\",\"isPartOf\":{\"@id\":\"https:\/\/www.gereso.com\/actualites\/#website\"},\"datePublished\":\"2005-12-31T22:00:00+00:00\",\"dateModified\":\"2005-12-31T22:00:00+00:00\",\"author\":{\"@id\":\"https:\/\/www.gereso.com\/actualites\/#\/schema\/person\/197d8aef40cb4ae3f6a0aa9e1d3df2a6\"},\"breadcrumb\":{\"@id\":\"https:\/\/www.gereso.com\/actualites\/2006\/01\/01\/fiche-pratique-linteressement\/#breadcrumb\"},\"inLanguage\":\"fr-FR\",\"potentialAction\":[{\"@type\":\"ReadAction\",\"target\":[\"https:\/\/www.gereso.com\/actualites\/2006\/01\/01\/fiche-pratique-linteressement\/\"]}]},{\"@type\":\"BreadcrumbList\",\"@id\":\"https:\/\/www.gereso.com\/actualites\/2006\/01\/01\/fiche-pratique-linteressement\/#breadcrumb\",\"itemListElement\":[{\"@type\":\"ListItem\",\"position\":1,\"name\":\"Home\",\"item\":\"https:\/\/www.gereso.com\/actualites\/\"},{\"@type\":\"ListItem\",\"position\":2,\"name\":\"Fiche pratique : l&#039;int\u00e9ressement\"}]},{\"@type\":\"WebSite\",\"@id\":\"https:\/\/www.gereso.com\/actualites\/#website\",\"url\":\"https:\/\/www.gereso.com\/actualites\/\",\"name\":\"Le Blog GERESO\",\"description\":\"Toute l&#039;actu RH, Finance, Fonction Publique, Management...\",\"potentialAction\":[{\"@type\":\"SearchAction\",\"target\":{\"@type\":\"EntryPoint\",\"urlTemplate\":\"https:\/\/www.gereso.com\/actualites\/?s={search_term_string}\"},\"query-input\":{\"@type\":\"PropertyValueSpecification\",\"valueRequired\":true,\"valueName\":\"search_term_string\"}}],\"inLanguage\":\"fr-FR\"},{\"@type\":\"Person\",\"@id\":\"https:\/\/www.gereso.com\/actualites\/#\/schema\/person\/197d8aef40cb4ae3f6a0aa9e1d3df2a6\",\"name\":\"\u00c9quipe GERESO\",\"image\":{\"@type\":\"ImageObject\",\"inLanguage\":\"fr-FR\",\"@id\":\"https:\/\/www.gereso.com\/actualites\/#\/schema\/person\/image\/\",\"url\":\"https:\/\/www.gereso.com\/actualites\/wp-content\/uploads\/2013\/12\/avatar-gereso-1.png\",\"contentUrl\":\"https:\/\/www.gereso.com\/actualites\/wp-content\/uploads\/2013\/12\/avatar-gereso-1.png\",\"caption\":\"\u00c9quipe GERESO\"},\"url\":\"https:\/\/www.gereso.com\/actualites\/author\/gereso\/\"}]}<\/script>\n<!-- \/ Yoast SEO plugin. -->","yoast_head_json":{"title":"Fiche pratique : l&#039;int\u00e9ressement - Le Blog GERESO","robots":{"index":"index","follow":"follow","max-snippet":"max-snippet:-1","max-image-preview":"max-image-preview:large","max-video-preview":"max-video-preview:-1"},"canonical":"https:\/\/www.gereso.com\/actualites\/2006\/01\/01\/fiche-pratique-linteressement\/","og_locale":"fr_FR","og_type":"article","og_title":"Fiche pratique : l&#039;int\u00e9ressement - Le Blog GERESO","og_description":"Principe L&rsquo;int\u00e9ressement est un dispositif facultatif, instaur\u00e9 par un accord n\u00e9goci\u00e9, qui permet d&rsquo;associer financi\u00e8rement les salari\u00e9s aux performances de l&rsquo;entreprise. Son montant pr\u00e9sente un caract\u00e8revariable et al\u00e9atoire r\u00e9sultant d&rsquo;une formule de calcul li\u00e9e aux r\u00e9sultats ou aux performances de l&rsquo;entreprise. A la diff\u00e9rence de la participation, les sommes vers\u00e9es au titre de l&rsquo;int\u00e9ressement sont [&hellip;]","og_url":"https:\/\/www.gereso.com\/actualites\/2006\/01\/01\/fiche-pratique-linteressement\/","og_site_name":"Le Blog GERESO","article_published_time":"2005-12-31T22:00:00+00:00","author":"\u00c9quipe GERESO","twitter_card":"summary_large_image","schema":{"@context":"https:\/\/schema.org","@graph":[{"@type":"WebPage","@id":"https:\/\/www.gereso.com\/actualites\/2006\/01\/01\/fiche-pratique-linteressement\/","url":"https:\/\/www.gereso.com\/actualites\/2006\/01\/01\/fiche-pratique-linteressement\/","name":"Fiche pratique : l&#039;int\u00e9ressement - Le Blog GERESO","isPartOf":{"@id":"https:\/\/www.gereso.com\/actualites\/#website"},"datePublished":"2005-12-31T22:00:00+00:00","dateModified":"2005-12-31T22:00:00+00:00","author":{"@id":"https:\/\/www.gereso.com\/actualites\/#\/schema\/person\/197d8aef40cb4ae3f6a0aa9e1d3df2a6"},"breadcrumb":{"@id":"https:\/\/www.gereso.com\/actualites\/2006\/01\/01\/fiche-pratique-linteressement\/#breadcrumb"},"inLanguage":"fr-FR","potentialAction":[{"@type":"ReadAction","target":["https:\/\/www.gereso.com\/actualites\/2006\/01\/01\/fiche-pratique-linteressement\/"]}]},{"@type":"BreadcrumbList","@id":"https:\/\/www.gereso.com\/actualites\/2006\/01\/01\/fiche-pratique-linteressement\/#breadcrumb","itemListElement":[{"@type":"ListItem","position":1,"name":"Home","item":"https:\/\/www.gereso.com\/actualites\/"},{"@type":"ListItem","position":2,"name":"Fiche pratique : l&#039;int\u00e9ressement"}]},{"@type":"WebSite","@id":"https:\/\/www.gereso.com\/actualites\/#website","url":"https:\/\/www.gereso.com\/actualites\/","name":"Le Blog GERESO","description":"Toute l&#039;actu RH, Finance, Fonction Publique, Management...","potentialAction":[{"@type":"SearchAction","target":{"@type":"EntryPoint","urlTemplate":"https:\/\/www.gereso.com\/actualites\/?s={search_term_string}"},"query-input":{"@type":"PropertyValueSpecification","valueRequired":true,"valueName":"search_term_string"}}],"inLanguage":"fr-FR"},{"@type":"Person","@id":"https:\/\/www.gereso.com\/actualites\/#\/schema\/person\/197d8aef40cb4ae3f6a0aa9e1d3df2a6","name":"\u00c9quipe GERESO","image":{"@type":"ImageObject","inLanguage":"fr-FR","@id":"https:\/\/www.gereso.com\/actualites\/#\/schema\/person\/image\/","url":"https:\/\/www.gereso.com\/actualites\/wp-content\/uploads\/2013\/12\/avatar-gereso-1.png","contentUrl":"https:\/\/www.gereso.com\/actualites\/wp-content\/uploads\/2013\/12\/avatar-gereso-1.png","caption":"\u00c9quipe GERESO"},"url":"https:\/\/www.gereso.com\/actualites\/author\/gereso\/"}]}},"_links":{"self":[{"href":"https:\/\/www.gereso.com\/actualites\/wp-json\/wp\/v2\/posts\/1481","targetHints":{"allow":["GET"]}}],"collection":[{"href":"https:\/\/www.gereso.com\/actualites\/wp-json\/wp\/v2\/posts"}],"about":[{"href":"https:\/\/www.gereso.com\/actualites\/wp-json\/wp\/v2\/types\/post"}],"author":[{"embeddable":true,"href":"https:\/\/www.gereso.com\/actualites\/wp-json\/wp\/v2\/users\/32"}],"replies":[{"embeddable":true,"href":"https:\/\/www.gereso.com\/actualites\/wp-json\/wp\/v2\/comments?post=1481"}],"version-history":[{"count":0,"href":"https:\/\/www.gereso.com\/actualites\/wp-json\/wp\/v2\/posts\/1481\/revisions"}],"wp:attachment":[{"href":"https:\/\/www.gereso.com\/actualites\/wp-json\/wp\/v2\/media?parent=1481"}],"wp:term":[{"taxonomy":"category","embeddable":true,"href":"https:\/\/www.gereso.com\/actualites\/wp-json\/wp\/v2\/categories?post=1481"},{"taxonomy":"post_tag","embeddable":true,"href":"https:\/\/www.gereso.com\/actualites\/wp-json\/wp\/v2\/tags?post=1481"}],"curies":[{"name":"wp","href":"https:\/\/api.w.org\/{rel}","templated":true}]}}