{"id":1490,"date":"2006-09-01T00:00:00","date_gmt":"2006-08-31T22:00:00","guid":{"rendered":"https:\/\/www.gereso.com\/actualites\/2006\/09\/developpement-de-lepargne-retraite-en-complement-des-regimes-par-repartition\/"},"modified":"2006-09-01T00:00:00","modified_gmt":"2006-08-31T22:00:00","slug":"developpement-de-lepargne-retraite-en-complement-des-regimes-par-repartition","status":"publish","type":"post","link":"https:\/\/www.gereso.com\/actualites\/2006\/09\/01\/developpement-de-lepargne-retraite-en-complement-des-regimes-par-repartition\/","title":{"rendered":"D\u00e9veloppement de l&#039;\u00e9pargne retraite en compl\u00e9ment des r\u00e9gimes par r\u00e9partition"},"content":{"rendered":"<h3>Des propositions concr\u00e8tes pour stimuler l&rsquo;\u00e9pargne retraite<\/h3>\n<p>Ilrapporte \u00e9galement que la diminution du taux de remplacement desretraites servies par les r\u00e9gimes obligatoires offre d&rsquo;importantesperspectives de d\u00e9veloppement de l&rsquo;\u00e9pargne retraite, en compl\u00e9ment desr\u00e9gimes par r\u00e9partition et souligne que le pouvoirs publics doiventaccompagner le d\u00e9veloppement de l&rsquo;\u00e9pargne retraite, tout enencourageant les placements en actions, ce qui a conduit la commissiondes finances \u00e0 formuler les propositions suivantes :<\/p>\n<li>les <b>cotisations compl\u00e9mentaires d\u00e9pendance sur un contrat d&rsquo;\u00e9pargne retraite seraient fiscalement d\u00e9ductibles<\/b> dans les m\u00eames conditions que les cotisations d&rsquo;\u00e9pargne retraite ;<\/li>\n<li>un <b>plafond global de d\u00e9duction des cotisations d&rsquo;\u00e9pargne retraite<\/b>, mutualis\u00e9 entre les membres du couple au sein du foyer fiscal, renforcerait le caract\u00e8re familial de l&rsquo;\u00e9pargne retraite ;<\/li>\n<li>les <b>versements sur les PERCO seraient exon\u00e9r\u00e9s d&rsquo;imp\u00f4t de solidarit\u00e9 sur la fortune (ISF)<\/b> dans les m\u00eames conditions que les cotisations sur les contrats PERP ;<\/li>\n<li>la <b>cr\u00e9ation d&rsquo;un code de l&rsquo;\u00e9pargne retraite<\/b>permettrait de regrouper des dispositions l\u00e9gislatives etr\u00e9glementaires aujourd&rsquo;hui dispers\u00e9es dans au moins cinq codes, ou nonencore codifi\u00e9es, comme dans le cas du PERP ;<\/li>\n<li>les <b>r\u00e8gles de gouvernance de la Pr\u00e9fon et du compl\u00e9ment de retraite mutualiste seraient modifi\u00e9es<\/b>, afin d&rsquo;offrir \u00e0 leurs adh\u00e9rents la possibilit\u00e9 de d\u00e9poser directement des r\u00e9solutions en assembl\u00e9e g\u00e9n\u00e9rale ;<\/li>\n<li>jusqu&rsquo;au 31 d\u00e9cembre 2018, <b>la valeur de capitalisation des rentes issues d&rsquo;un PERP ou d&rsquo;un PERCO serait exon\u00e9r\u00e9e d&rsquo;ISF <\/b>encas de souscription du contrat d&rsquo;\u00e9pargne retraite moins de quinze ansavant l&rsquo;\u00e2ge donnant droit \u00e0 la liquidation d&rsquo;une retraite \u00e0 taux plein ;<\/li>\n<li>enfin, il convient de <b>provisionner int\u00e9gralement le r\u00e9gime du compl\u00e9ment de retraite des hospitaliers (CRH)<\/b>,d\u00e9rogatoire au droit commun, en \u00e9tablissant un plan de convergencetripartite (Etat, AGF, assur\u00e9s) fond\u00e9 sur la viag\u00e9risation progressivede ce r\u00e9gime.<\/li>\n<p>Source : S\u00e9nat, commission des finances, 20 sept. 2006, communication<\/p>\n","protected":false},"excerpt":{"rendered":"<p>Des propositions concr\u00e8tes pour stimuler l&rsquo;\u00e9pargne retraite Ilrapporte \u00e9galement que la diminution du taux de remplacement desretraites servies par les r\u00e9gimes obligatoires offre d&rsquo;importantesperspectives de d\u00e9veloppement de l&rsquo;\u00e9pargne retraite, en compl\u00e9ment desr\u00e9gimes par r\u00e9partition et souligne que le pouvoirs publics doiventaccompagner le d\u00e9veloppement de l&rsquo;\u00e9pargne retraite, tout enencourageant les placements en actions, ce qui a [&hellip;]<\/p>\n","protected":false},"author":32,"featured_media":0,"comment_status":"open","ping_status":"open","sticky":false,"template":"","format":"standard","meta":{"_acf_changed":false,"_mi_skip_tracking":false,"footnotes":""},"categories":[4],"tags":[],"class_list":["post-1490","post","type-post","status-publish","format-standard","hentry","category-retraite-et-protection-sociale"],"acf":[],"yoast_head":"<!-- This site is optimized with the Yoast SEO plugin v23.4 - https:\/\/yoast.com\/wordpress\/plugins\/seo\/ -->\n<title>D\u00e9veloppement de l&#039;\u00e9pargne retraite en compl\u00e9ment des r\u00e9gimes par r\u00e9partition - Le Blog GERESO<\/title>\n<meta name=\"robots\" content=\"index, follow, max-snippet:-1, max-image-preview:large, max-video-preview:-1\" \/>\n<link rel=\"canonical\" href=\"https:\/\/www.gereso.com\/actualites\/2006\/09\/01\/developpement-de-lepargne-retraite-en-complement-des-regimes-par-repartition\/\" \/>\n<meta property=\"og:locale\" content=\"fr_FR\" \/>\n<meta property=\"og:type\" content=\"article\" \/>\n<meta property=\"og:title\" content=\"D\u00e9veloppement de l&#039;\u00e9pargne retraite en compl\u00e9ment des r\u00e9gimes par r\u00e9partition - Le Blog GERESO\" \/>\n<meta property=\"og:description\" content=\"Des propositions concr\u00e8tes pour stimuler l&rsquo;\u00e9pargne retraite Ilrapporte \u00e9galement que la diminution du taux de remplacement desretraites servies par les r\u00e9gimes obligatoires offre d&rsquo;importantesperspectives de d\u00e9veloppement de l&rsquo;\u00e9pargne retraite, en compl\u00e9ment desr\u00e9gimes par r\u00e9partition et souligne que le pouvoirs publics doiventaccompagner le d\u00e9veloppement de l&rsquo;\u00e9pargne retraite, tout enencourageant les placements en actions, ce qui a [&hellip;]\" \/>\n<meta property=\"og:url\" content=\"https:\/\/www.gereso.com\/actualites\/2006\/09\/01\/developpement-de-lepargne-retraite-en-complement-des-regimes-par-repartition\/\" \/>\n<meta property=\"og:site_name\" content=\"Le Blog GERESO\" \/>\n<meta property=\"article:published_time\" content=\"2006-08-31T22:00:00+00:00\" \/>\n<meta name=\"author\" content=\"\u00c9quipe GERESO\" \/>\n<meta name=\"twitter:card\" content=\"summary_large_image\" \/>\n<script type=\"application\/ld+json\" class=\"yoast-schema-graph\">{\"@context\":\"https:\/\/schema.org\",\"@graph\":[{\"@type\":\"WebPage\",\"@id\":\"https:\/\/www.gereso.com\/actualites\/2006\/09\/01\/developpement-de-lepargne-retraite-en-complement-des-regimes-par-repartition\/\",\"url\":\"https:\/\/www.gereso.com\/actualites\/2006\/09\/01\/developpement-de-lepargne-retraite-en-complement-des-regimes-par-repartition\/\",\"name\":\"D\u00e9veloppement de l&#039;\u00e9pargne retraite en compl\u00e9ment des r\u00e9gimes par r\u00e9partition - Le Blog GERESO\",\"isPartOf\":{\"@id\":\"https:\/\/www.gereso.com\/actualites\/#website\"},\"datePublished\":\"2006-08-31T22:00:00+00:00\",\"dateModified\":\"2006-08-31T22:00:00+00:00\",\"author\":{\"@id\":\"https:\/\/www.gereso.com\/actualites\/#\/schema\/person\/197d8aef40cb4ae3f6a0aa9e1d3df2a6\"},\"breadcrumb\":{\"@id\":\"https:\/\/www.gereso.com\/actualites\/2006\/09\/01\/developpement-de-lepargne-retraite-en-complement-des-regimes-par-repartition\/#breadcrumb\"},\"inLanguage\":\"fr-FR\",\"potentialAction\":[{\"@type\":\"ReadAction\",\"target\":[\"https:\/\/www.gereso.com\/actualites\/2006\/09\/01\/developpement-de-lepargne-retraite-en-complement-des-regimes-par-repartition\/\"]}]},{\"@type\":\"BreadcrumbList\",\"@id\":\"https:\/\/www.gereso.com\/actualites\/2006\/09\/01\/developpement-de-lepargne-retraite-en-complement-des-regimes-par-repartition\/#breadcrumb\",\"itemListElement\":[{\"@type\":\"ListItem\",\"position\":1,\"name\":\"Home\",\"item\":\"https:\/\/www.gereso.com\/actualites\/\"},{\"@type\":\"ListItem\",\"position\":2,\"name\":\"D\u00e9veloppement de l&#039;\u00e9pargne retraite en compl\u00e9ment des r\u00e9gimes par r\u00e9partition\"}]},{\"@type\":\"WebSite\",\"@id\":\"https:\/\/www.gereso.com\/actualites\/#website\",\"url\":\"https:\/\/www.gereso.com\/actualites\/\",\"name\":\"Le Blog GERESO\",\"description\":\"Toute l&#039;actu RH, Finance, Fonction Publique, Management...\",\"potentialAction\":[{\"@type\":\"SearchAction\",\"target\":{\"@type\":\"EntryPoint\",\"urlTemplate\":\"https:\/\/www.gereso.com\/actualites\/?s={search_term_string}\"},\"query-input\":{\"@type\":\"PropertyValueSpecification\",\"valueRequired\":true,\"valueName\":\"search_term_string\"}}],\"inLanguage\":\"fr-FR\"},{\"@type\":\"Person\",\"@id\":\"https:\/\/www.gereso.com\/actualites\/#\/schema\/person\/197d8aef40cb4ae3f6a0aa9e1d3df2a6\",\"name\":\"\u00c9quipe GERESO\",\"image\":{\"@type\":\"ImageObject\",\"inLanguage\":\"fr-FR\",\"@id\":\"https:\/\/www.gereso.com\/actualites\/#\/schema\/person\/image\/\",\"url\":\"https:\/\/www.gereso.com\/actualites\/wp-content\/uploads\/2013\/12\/avatar-gereso-1.png\",\"contentUrl\":\"https:\/\/www.gereso.com\/actualites\/wp-content\/uploads\/2013\/12\/avatar-gereso-1.png\",\"caption\":\"\u00c9quipe GERESO\"},\"url\":\"https:\/\/www.gereso.com\/actualites\/author\/gereso\/\"}]}<\/script>\n<!-- \/ Yoast SEO plugin. -->","yoast_head_json":{"title":"D\u00e9veloppement de l&#039;\u00e9pargne retraite en compl\u00e9ment des r\u00e9gimes par r\u00e9partition - Le Blog GERESO","robots":{"index":"index","follow":"follow","max-snippet":"max-snippet:-1","max-image-preview":"max-image-preview:large","max-video-preview":"max-video-preview:-1"},"canonical":"https:\/\/www.gereso.com\/actualites\/2006\/09\/01\/developpement-de-lepargne-retraite-en-complement-des-regimes-par-repartition\/","og_locale":"fr_FR","og_type":"article","og_title":"D\u00e9veloppement de l&#039;\u00e9pargne retraite en compl\u00e9ment des r\u00e9gimes par r\u00e9partition - Le Blog GERESO","og_description":"Des propositions concr\u00e8tes pour stimuler l&rsquo;\u00e9pargne retraite Ilrapporte \u00e9galement que la diminution du taux de remplacement desretraites servies par les r\u00e9gimes obligatoires offre d&rsquo;importantesperspectives de d\u00e9veloppement de l&rsquo;\u00e9pargne retraite, en compl\u00e9ment desr\u00e9gimes par r\u00e9partition et souligne que le pouvoirs publics doiventaccompagner le d\u00e9veloppement de l&rsquo;\u00e9pargne retraite, tout enencourageant les placements en actions, ce qui a [&hellip;]","og_url":"https:\/\/www.gereso.com\/actualites\/2006\/09\/01\/developpement-de-lepargne-retraite-en-complement-des-regimes-par-repartition\/","og_site_name":"Le Blog GERESO","article_published_time":"2006-08-31T22:00:00+00:00","author":"\u00c9quipe GERESO","twitter_card":"summary_large_image","schema":{"@context":"https:\/\/schema.org","@graph":[{"@type":"WebPage","@id":"https:\/\/www.gereso.com\/actualites\/2006\/09\/01\/developpement-de-lepargne-retraite-en-complement-des-regimes-par-repartition\/","url":"https:\/\/www.gereso.com\/actualites\/2006\/09\/01\/developpement-de-lepargne-retraite-en-complement-des-regimes-par-repartition\/","name":"D\u00e9veloppement de l&#039;\u00e9pargne retraite en compl\u00e9ment des r\u00e9gimes par r\u00e9partition - Le Blog GERESO","isPartOf":{"@id":"https:\/\/www.gereso.com\/actualites\/#website"},"datePublished":"2006-08-31T22:00:00+00:00","dateModified":"2006-08-31T22:00:00+00:00","author":{"@id":"https:\/\/www.gereso.com\/actualites\/#\/schema\/person\/197d8aef40cb4ae3f6a0aa9e1d3df2a6"},"breadcrumb":{"@id":"https:\/\/www.gereso.com\/actualites\/2006\/09\/01\/developpement-de-lepargne-retraite-en-complement-des-regimes-par-repartition\/#breadcrumb"},"inLanguage":"fr-FR","potentialAction":[{"@type":"ReadAction","target":["https:\/\/www.gereso.com\/actualites\/2006\/09\/01\/developpement-de-lepargne-retraite-en-complement-des-regimes-par-repartition\/"]}]},{"@type":"BreadcrumbList","@id":"https:\/\/www.gereso.com\/actualites\/2006\/09\/01\/developpement-de-lepargne-retraite-en-complement-des-regimes-par-repartition\/#breadcrumb","itemListElement":[{"@type":"ListItem","position":1,"name":"Home","item":"https:\/\/www.gereso.com\/actualites\/"},{"@type":"ListItem","position":2,"name":"D\u00e9veloppement de l&#039;\u00e9pargne retraite en compl\u00e9ment des r\u00e9gimes par r\u00e9partition"}]},{"@type":"WebSite","@id":"https:\/\/www.gereso.com\/actualites\/#website","url":"https:\/\/www.gereso.com\/actualites\/","name":"Le Blog GERESO","description":"Toute l&#039;actu RH, Finance, Fonction Publique, Management...","potentialAction":[{"@type":"SearchAction","target":{"@type":"EntryPoint","urlTemplate":"https:\/\/www.gereso.com\/actualites\/?s={search_term_string}"},"query-input":{"@type":"PropertyValueSpecification","valueRequired":true,"valueName":"search_term_string"}}],"inLanguage":"fr-FR"},{"@type":"Person","@id":"https:\/\/www.gereso.com\/actualites\/#\/schema\/person\/197d8aef40cb4ae3f6a0aa9e1d3df2a6","name":"\u00c9quipe GERESO","image":{"@type":"ImageObject","inLanguage":"fr-FR","@id":"https:\/\/www.gereso.com\/actualites\/#\/schema\/person\/image\/","url":"https:\/\/www.gereso.com\/actualites\/wp-content\/uploads\/2013\/12\/avatar-gereso-1.png","contentUrl":"https:\/\/www.gereso.com\/actualites\/wp-content\/uploads\/2013\/12\/avatar-gereso-1.png","caption":"\u00c9quipe GERESO"},"url":"https:\/\/www.gereso.com\/actualites\/author\/gereso\/"}]}},"_links":{"self":[{"href":"https:\/\/www.gereso.com\/actualites\/wp-json\/wp\/v2\/posts\/1490","targetHints":{"allow":["GET"]}}],"collection":[{"href":"https:\/\/www.gereso.com\/actualites\/wp-json\/wp\/v2\/posts"}],"about":[{"href":"https:\/\/www.gereso.com\/actualites\/wp-json\/wp\/v2\/types\/post"}],"author":[{"embeddable":true,"href":"https:\/\/www.gereso.com\/actualites\/wp-json\/wp\/v2\/users\/32"}],"replies":[{"embeddable":true,"href":"https:\/\/www.gereso.com\/actualites\/wp-json\/wp\/v2\/comments?post=1490"}],"version-history":[{"count":0,"href":"https:\/\/www.gereso.com\/actualites\/wp-json\/wp\/v2\/posts\/1490\/revisions"}],"wp:attachment":[{"href":"https:\/\/www.gereso.com\/actualites\/wp-json\/wp\/v2\/media?parent=1490"}],"wp:term":[{"taxonomy":"category","embeddable":true,"href":"https:\/\/www.gereso.com\/actualites\/wp-json\/wp\/v2\/categories?post=1490"},{"taxonomy":"post_tag","embeddable":true,"href":"https:\/\/www.gereso.com\/actualites\/wp-json\/wp\/v2\/tags?post=1490"}],"curies":[{"name":"wp","href":"https:\/\/api.w.org\/{rel}","templated":true}]}}