{"id":14961,"date":"2020-04-22T09:01:11","date_gmt":"2020-04-22T07:01:11","guid":{"rendered":"https:\/\/www.gereso.com\/actualites\/?p=14961"},"modified":"2020-04-22T09:01:13","modified_gmt":"2020-04-22T07:01:13","slug":"echeances-de-mai-report-au-30-juin","status":"publish","type":"post","link":"https:\/\/www.gereso.com\/actualites\/2020\/04\/22\/echeances-de-mai-report-au-30-juin\/","title":{"rendered":"Ech\u00e9ances de mai : report au 30 juin"},"content":{"rendered":"\n<p>Le\nministre de l\u2019Action et des Comptes publics a annonc\u00e9 la semaine derni\u00e8re le\nreport au <strong>30 juin<\/strong> de la plupart des \u00e9ch\u00e9ances traditionnelles du mois de\nmai (liasse fiscale et d\u00e9claration des r\u00e9sultats, IS, CVAE).<\/p>\n\n\n\n<h2 class=\"wp-block-heading\"><strong>Un\nmois de mai traditionnellement charg\u00e9<\/strong><\/h2>\n\n\n\n<p>Le\nmois de mai est traditionnellement tr\u00e8s charg\u00e9 pour les entreprises en mati\u00e8re\nde <strong>d\u00e9clarations et d\u2019\u00e9ch\u00e9ances fiscales<\/strong>. En principe, les d\u00e9clarations et\nversements suivants auraient d\u00fb \u00eatre r\u00e9alis\u00e9s&nbsp;: <\/p>\n\n\n\n<ul class=\"wp-block-list\"><li><strong>Au 5 mai<\/strong>&nbsp;: d\u00e9claration et r\u00e8glement\ndu solde de la<strong> CVAE<\/strong> pour les exercices clos en 2019 (imprim\u00e9 n\u00b01329-DEF),\nd\u00e9p\u00f4t des d\u00e9clarations de r\u00e9sultats et des <strong>liasses fiscales<\/strong> des associations\n(n\u00b02070) et des SCI (n\u00b02071).<\/li><li><strong>Au 15 mai<\/strong>&nbsp;: d\u00e9claration et versement\ndu <strong>solde d\u2019IS<\/strong> pour les exercices clos au 31 d\u00e9cembre 2019 (n\u00b02572),\nd\u00e9claration <strong>DAS2<\/strong> sur les honoraires<\/li><li><strong>Au 20 mai<\/strong>&nbsp;: d\u00e9p\u00f4t des d\u00e9clarations\nde r\u00e9sultats et <strong>liasses fiscales<\/strong> pour les soci\u00e9t\u00e9s soumises \u00e0 l\u2019IS pour\nles exercices clos en d\u00e9cembre 2019, janvier ou f\u00e9vrier 2020, ainsi que pour\nles entreprises pour les exercices clos en 2019 dont les b\u00e9n\u00e9fices sont soumis\n\u00e0 l\u2019imp\u00f4t sur le revenu dans la cat\u00e9gorie des BIC, BNC ou BA, et pour les SCI (n\u00b02072)<\/li><li><strong>Au 20 mai<\/strong>&nbsp;: d\u00e9claration des\neffectifs et de la valeur ajout\u00e9e pour la r\u00e9partition de la <strong>CVAE <\/strong>entre\nles collectivit\u00e9s territoriales (n\u00b01330)<\/li><li>Au <strong>12 juin<\/strong>&nbsp;: <strong>d\u00e9claration des\nrevenus<\/strong> de l\u2019ann\u00e9e 2019 dans les cat\u00e9gories des BIC, BNC, BA pour les\nrevenus fonciers.<\/li><\/ul>\n\n\n\n<h2 class=\"wp-block-heading\"><strong>Report au 30 juin<\/strong><\/h2>\n\n\n\n<p>L\u2019\u00e9tat d\u2019urgence sanitaire dans le cadre de la lutte contre\nla propagation du Covid-19 a rendu complexe le travail des entreprises et\ncabinets d\u2019expertise-comptable, ces derniers peinant \u00e0 rassembler les \u00e9l\u00e9ments\nafin de r\u00e9aliser les d\u00e9clarations fiscales. <\/p>\n\n\n\n<p>En cons\u00e9quence, dans un <a href=\"https:\/\/minefi.hosting.augure.com\/Augure_Minefi\/r\/ContenuEnLigne\/Download?id=AD726289-72C3-45A1-8F1E-C52132EBD3B1&amp;filename=1013%20-%20Report%20echeances%20fiscales%20pro.pdf\">communiqu\u00e9 de presse publi\u00e9 le 17 avril<\/a>, G\u00e9rald Darmanin a annonc\u00e9 le <strong>report<\/strong> de l\u2019ensemble des \u00e9ch\u00e9ances \u00e9voqu\u00e9es ci-dessus au <strong>30 juin 2020<\/strong>.<\/p>\n\n\n\n<p>La <strong>contribution \u00e0 l\u2019audiovisuel public<\/strong> due dans les\nsecteurs de l\u2019h\u00e9bergement et de la restauration est \u00e9galement report\u00e9e de 3\nmois. Elle devait \u00eatre d\u00e9clar\u00e9e et pay\u00e9e sur la d\u00e9claration de TVA CA3 du mois\nde mars. Elle est report\u00e9e \u00e0 celle du mois de<strong> juin<\/strong> (versement entre le\n15 et le 24 juillet).<\/p>\n\n\n\n<h2 class=\"wp-block-heading\"><strong>Possibilit\u00e9 de reporter les versements de mai<\/strong><\/h2>\n\n\n\n<p>A l\u2019image de ce qui a \u00e9t\u00e9 mis en place en mars et avril, les\nmesures permettant aux entreprises de reporter le paiement de leurs imp\u00f4ts directs\n(IS, CVAE) sont prorog\u00e9es pour le mois de mai. <\/p>\n\n\n\n<p>Pour les <strong>grandes entreprises<\/strong> (effectif sup\u00e9rieur \u00e0\n5.000 salari\u00e9s ou chiffre d\u2019affaires sup\u00e9rieur \u00e0 1,5 milliard \u20ac), ces reports\nne sont autoris\u00e9s qu\u2019en <strong>l\u2019absence de versement de dividendes<\/strong> ou de\nrachat d\u2019actions jusqu\u2019au 31 d\u00e9cembre 2020.<\/p>\n","protected":false},"excerpt":{"rendered":"<p>Le ministre de l\u2019Action et des Comptes publics a annonc\u00e9 la semaine derni\u00e8re le report au 30 juin de la plupart des \u00e9ch\u00e9ances traditionnelles du mois de mai (liasse fiscale et d\u00e9claration des r\u00e9sultats, IS, CVAE). Un mois de mai traditionnellement charg\u00e9 Le mois de mai est traditionnellement tr\u00e8s charg\u00e9 pour les entreprises en mati\u00e8re [&hellip;]<\/p>\n","protected":false},"author":45,"featured_media":0,"comment_status":"open","ping_status":"open","sticky":false,"template":"","format":"quote","meta":{"_acf_changed":false,"_mi_skip_tracking":false,"footnotes":""},"categories":[12,3],"tags":[1857,1102,1079,1065],"class_list":["post-14961","post","type-post","status-publish","format-quote","hentry","category-actualites","category-comptabilite-fiscalite-et-gestion-financiere","tag-coronavirus","tag-cvae","tag-declaration-de-resultats","tag-liasse-fiscale","post_format-post-format-quote"],"acf":[],"yoast_head":"<!-- This site is optimized with the Yoast SEO plugin v23.4 - https:\/\/yoast.com\/wordpress\/plugins\/seo\/ -->\n<title>Ech\u00e9ances de mai : report au 30 juin - Le Blog GERESO<\/title>\n<meta name=\"robots\" content=\"index, follow, max-snippet:-1, max-image-preview:large, max-video-preview:-1\" \/>\n<link rel=\"canonical\" href=\"https:\/\/www.gereso.com\/actualites\/2020\/04\/22\/echeances-de-mai-report-au-30-juin\/\" \/>\n<meta property=\"og:locale\" content=\"fr_FR\" \/>\n<meta property=\"og:type\" content=\"article\" \/>\n<meta property=\"og:title\" content=\"Ech\u00e9ances de mai : report au 30 juin - Le Blog GERESO\" \/>\n<meta property=\"og:description\" content=\"Le ministre de l\u2019Action et des Comptes publics a annonc\u00e9 la semaine derni\u00e8re le report au 30 juin de la plupart des \u00e9ch\u00e9ances traditionnelles du mois de mai (liasse fiscale et d\u00e9claration des r\u00e9sultats, IS, CVAE). Un mois de mai traditionnellement charg\u00e9 Le mois de mai est traditionnellement tr\u00e8s charg\u00e9 pour les entreprises en mati\u00e8re [&hellip;]\" \/>\n<meta property=\"og:url\" content=\"https:\/\/www.gereso.com\/actualites\/2020\/04\/22\/echeances-de-mai-report-au-30-juin\/\" \/>\n<meta property=\"og:site_name\" content=\"Le Blog GERESO\" \/>\n<meta property=\"article:published_time\" content=\"2020-04-22T07:01:11+00:00\" \/>\n<meta property=\"article:modified_time\" content=\"2020-04-22T07:01:13+00:00\" \/>\n<meta name=\"author\" content=\"Damien P\u00e9an\" \/>\n<meta name=\"twitter:card\" content=\"summary_large_image\" \/>\n<script type=\"application\/ld+json\" class=\"yoast-schema-graph\">{\"@context\":\"https:\/\/schema.org\",\"@graph\":[{\"@type\":\"WebPage\",\"@id\":\"https:\/\/www.gereso.com\/actualites\/2020\/04\/22\/echeances-de-mai-report-au-30-juin\/\",\"url\":\"https:\/\/www.gereso.com\/actualites\/2020\/04\/22\/echeances-de-mai-report-au-30-juin\/\",\"name\":\"Ech\u00e9ances de mai : report au 30 juin - Le Blog GERESO\",\"isPartOf\":{\"@id\":\"https:\/\/www.gereso.com\/actualites\/#website\"},\"datePublished\":\"2020-04-22T07:01:11+00:00\",\"dateModified\":\"2020-04-22T07:01:13+00:00\",\"author\":{\"@id\":\"https:\/\/www.gereso.com\/actualites\/#\/schema\/person\/c91814f92d627ed4715993fbbf7c7e8d\"},\"breadcrumb\":{\"@id\":\"https:\/\/www.gereso.com\/actualites\/2020\/04\/22\/echeances-de-mai-report-au-30-juin\/#breadcrumb\"},\"inLanguage\":\"fr-FR\",\"potentialAction\":[{\"@type\":\"ReadAction\",\"target\":[\"https:\/\/www.gereso.com\/actualites\/2020\/04\/22\/echeances-de-mai-report-au-30-juin\/\"]}]},{\"@type\":\"BreadcrumbList\",\"@id\":\"https:\/\/www.gereso.com\/actualites\/2020\/04\/22\/echeances-de-mai-report-au-30-juin\/#breadcrumb\",\"itemListElement\":[{\"@type\":\"ListItem\",\"position\":1,\"name\":\"Home\",\"item\":\"https:\/\/www.gereso.com\/actualites\/\"},{\"@type\":\"ListItem\",\"position\":2,\"name\":\"Ech\u00e9ances de mai : report au 30 juin\"}]},{\"@type\":\"WebSite\",\"@id\":\"https:\/\/www.gereso.com\/actualites\/#website\",\"url\":\"https:\/\/www.gereso.com\/actualites\/\",\"name\":\"Le Blog GERESO\",\"description\":\"Toute l&#039;actu RH, Finance, Fonction Publique, Management...\",\"potentialAction\":[{\"@type\":\"SearchAction\",\"target\":{\"@type\":\"EntryPoint\",\"urlTemplate\":\"https:\/\/www.gereso.com\/actualites\/?s={search_term_string}\"},\"query-input\":{\"@type\":\"PropertyValueSpecification\",\"valueRequired\":true,\"valueName\":\"search_term_string\"}}],\"inLanguage\":\"fr-FR\"},{\"@type\":\"Person\",\"@id\":\"https:\/\/www.gereso.com\/actualites\/#\/schema\/person\/c91814f92d627ed4715993fbbf7c7e8d\",\"name\":\"Damien P\u00e9an\",\"image\":{\"@type\":\"ImageObject\",\"inLanguage\":\"fr-FR\",\"@id\":\"https:\/\/www.gereso.com\/actualites\/#\/schema\/person\/image\/\",\"url\":\"https:\/\/www.gereso.com\/actualites\/wp-content\/uploads\/2016\/03\/damien-pean.jpg\",\"contentUrl\":\"https:\/\/www.gereso.com\/actualites\/wp-content\/uploads\/2016\/03\/damien-pean.jpg\",\"caption\":\"Damien P\u00e9an\"},\"description\":\"Damien P\u00c9AN est titulaire du Dipl\u00f4me d'\u00e9tudes sup\u00e9rieures comptables et financi\u00e8res (DESCF). Il intervient depuis plusieurs ann\u00e9es aupr\u00e8s d'\u00e9tudiants en licence de comptabilit\u00e9 et de gestion, \u00e0 qui il enseigne le contr\u00f4le de gestion, la comptabilit\u00e9 approfondie, le management, la fiscalit\u00e9, le droit des soci\u00e9t\u00e9s et le droit du travail. Il intervient \u00e9galement en formation continue pour le compte de divers organismes de formation sur des th\u00e9matiques techniques en comptabilit\u00e9 et fiscalit\u00e9. Il forme aussi un public de non-initi\u00e9s aux fondamentaux de la finance.\",\"url\":\"https:\/\/www.gereso.com\/actualites\/author\/d-pean\/\"}]}<\/script>\n<!-- \/ Yoast SEO plugin. -->","yoast_head_json":{"title":"Ech\u00e9ances de mai : report au 30 juin - Le Blog GERESO","robots":{"index":"index","follow":"follow","max-snippet":"max-snippet:-1","max-image-preview":"max-image-preview:large","max-video-preview":"max-video-preview:-1"},"canonical":"https:\/\/www.gereso.com\/actualites\/2020\/04\/22\/echeances-de-mai-report-au-30-juin\/","og_locale":"fr_FR","og_type":"article","og_title":"Ech\u00e9ances de mai : report au 30 juin - Le Blog GERESO","og_description":"Le ministre de l\u2019Action et des Comptes publics a annonc\u00e9 la semaine derni\u00e8re le report au 30 juin de la plupart des \u00e9ch\u00e9ances traditionnelles du mois de mai (liasse fiscale et d\u00e9claration des r\u00e9sultats, IS, CVAE). Un mois de mai traditionnellement charg\u00e9 Le mois de mai est traditionnellement tr\u00e8s charg\u00e9 pour les entreprises en mati\u00e8re [&hellip;]","og_url":"https:\/\/www.gereso.com\/actualites\/2020\/04\/22\/echeances-de-mai-report-au-30-juin\/","og_site_name":"Le Blog GERESO","article_published_time":"2020-04-22T07:01:11+00:00","article_modified_time":"2020-04-22T07:01:13+00:00","author":"Damien P\u00e9an","twitter_card":"summary_large_image","schema":{"@context":"https:\/\/schema.org","@graph":[{"@type":"WebPage","@id":"https:\/\/www.gereso.com\/actualites\/2020\/04\/22\/echeances-de-mai-report-au-30-juin\/","url":"https:\/\/www.gereso.com\/actualites\/2020\/04\/22\/echeances-de-mai-report-au-30-juin\/","name":"Ech\u00e9ances de mai : report au 30 juin - Le Blog GERESO","isPartOf":{"@id":"https:\/\/www.gereso.com\/actualites\/#website"},"datePublished":"2020-04-22T07:01:11+00:00","dateModified":"2020-04-22T07:01:13+00:00","author":{"@id":"https:\/\/www.gereso.com\/actualites\/#\/schema\/person\/c91814f92d627ed4715993fbbf7c7e8d"},"breadcrumb":{"@id":"https:\/\/www.gereso.com\/actualites\/2020\/04\/22\/echeances-de-mai-report-au-30-juin\/#breadcrumb"},"inLanguage":"fr-FR","potentialAction":[{"@type":"ReadAction","target":["https:\/\/www.gereso.com\/actualites\/2020\/04\/22\/echeances-de-mai-report-au-30-juin\/"]}]},{"@type":"BreadcrumbList","@id":"https:\/\/www.gereso.com\/actualites\/2020\/04\/22\/echeances-de-mai-report-au-30-juin\/#breadcrumb","itemListElement":[{"@type":"ListItem","position":1,"name":"Home","item":"https:\/\/www.gereso.com\/actualites\/"},{"@type":"ListItem","position":2,"name":"Ech\u00e9ances de mai : report au 30 juin"}]},{"@type":"WebSite","@id":"https:\/\/www.gereso.com\/actualites\/#website","url":"https:\/\/www.gereso.com\/actualites\/","name":"Le Blog GERESO","description":"Toute l&#039;actu RH, Finance, Fonction Publique, Management...","potentialAction":[{"@type":"SearchAction","target":{"@type":"EntryPoint","urlTemplate":"https:\/\/www.gereso.com\/actualites\/?s={search_term_string}"},"query-input":{"@type":"PropertyValueSpecification","valueRequired":true,"valueName":"search_term_string"}}],"inLanguage":"fr-FR"},{"@type":"Person","@id":"https:\/\/www.gereso.com\/actualites\/#\/schema\/person\/c91814f92d627ed4715993fbbf7c7e8d","name":"Damien P\u00e9an","image":{"@type":"ImageObject","inLanguage":"fr-FR","@id":"https:\/\/www.gereso.com\/actualites\/#\/schema\/person\/image\/","url":"https:\/\/www.gereso.com\/actualites\/wp-content\/uploads\/2016\/03\/damien-pean.jpg","contentUrl":"https:\/\/www.gereso.com\/actualites\/wp-content\/uploads\/2016\/03\/damien-pean.jpg","caption":"Damien P\u00e9an"},"description":"Damien P\u00c9AN est titulaire du Dipl\u00f4me d'\u00e9tudes sup\u00e9rieures comptables et financi\u00e8res (DESCF). Il intervient depuis plusieurs ann\u00e9es aupr\u00e8s d'\u00e9tudiants en licence de comptabilit\u00e9 et de gestion, \u00e0 qui il enseigne le contr\u00f4le de gestion, la comptabilit\u00e9 approfondie, le management, la fiscalit\u00e9, le droit des soci\u00e9t\u00e9s et le droit du travail. Il intervient \u00e9galement en formation continue pour le compte de divers organismes de formation sur des th\u00e9matiques techniques en comptabilit\u00e9 et fiscalit\u00e9. Il forme aussi un public de non-initi\u00e9s aux fondamentaux de la finance.","url":"https:\/\/www.gereso.com\/actualites\/author\/d-pean\/"}]}},"_links":{"self":[{"href":"https:\/\/www.gereso.com\/actualites\/wp-json\/wp\/v2\/posts\/14961","targetHints":{"allow":["GET"]}}],"collection":[{"href":"https:\/\/www.gereso.com\/actualites\/wp-json\/wp\/v2\/posts"}],"about":[{"href":"https:\/\/www.gereso.com\/actualites\/wp-json\/wp\/v2\/types\/post"}],"author":[{"embeddable":true,"href":"https:\/\/www.gereso.com\/actualites\/wp-json\/wp\/v2\/users\/45"}],"replies":[{"embeddable":true,"href":"https:\/\/www.gereso.com\/actualites\/wp-json\/wp\/v2\/comments?post=14961"}],"version-history":[{"count":1,"href":"https:\/\/www.gereso.com\/actualites\/wp-json\/wp\/v2\/posts\/14961\/revisions"}],"predecessor-version":[{"id":14962,"href":"https:\/\/www.gereso.com\/actualites\/wp-json\/wp\/v2\/posts\/14961\/revisions\/14962"}],"wp:attachment":[{"href":"https:\/\/www.gereso.com\/actualites\/wp-json\/wp\/v2\/media?parent=14961"}],"wp:term":[{"taxonomy":"category","embeddable":true,"href":"https:\/\/www.gereso.com\/actualites\/wp-json\/wp\/v2\/categories?post=14961"},{"taxonomy":"post_tag","embeddable":true,"href":"https:\/\/www.gereso.com\/actualites\/wp-json\/wp\/v2\/tags?post=14961"}],"curies":[{"name":"wp","href":"https:\/\/api.w.org\/{rel}","templated":true}]}}