{"id":15138,"date":"2020-05-11T09:38:04","date_gmt":"2020-05-11T07:38:04","guid":{"rendered":"https:\/\/www.gereso.com\/actualites\/?p=15138"},"modified":"2020-05-11T09:38:06","modified_gmt":"2020-05-11T07:38:06","slug":"webinaire-formation-salaries-activite-partielle-solutions-financements","status":"publish","type":"post","link":"https:\/\/www.gereso.com\/actualites\/2020\/05\/11\/webinaire-formation-salaries-activite-partielle-solutions-financements\/","title":{"rendered":"Webinaire \u00ab\u00a0Formation des salari\u00e9s en activit\u00e9 partielle : quelles solutions ? quels financements ?\u00a0\u00bb"},"content":{"rendered":"\n<h2>D\u00e9tails du webinaire&nbsp;:<\/h2>\n<h3 class=\"section-title\"><span class=\"title-inner\" data-animation=\"fadeInRight\" data-animation-delay=\"500\">DATE&nbsp;:<\/span><\/h3>\n<p>Mardi 5 mai 2020&nbsp;de 15h00 \u00e0 16h00<\/p>\n<h3 class=\"section-title\"><span class=\"title-inner\" data-animation=\"fadeInRight\" data-animation-delay=\"500\">PROGRAMME&nbsp;:<\/span><\/h3>\n<ul>\n<li>Les formations hors temps de travail&nbsp;:<\/li>\n<ul><li>Les dispositions relatives au financement du dispositif FNE-Formation renforc\u00e9 de mani\u00e8re temporaire afin de r\u00e9pondre aux besoins des entreprises en activit\u00e9 partielle par la prise en charge des co\u00fbts p\u00e9dagogiques. Ce dispositif est accessible depuis le 14 Avril \u00e0 toutes les entreprises qui ont des salari\u00e9s en ch\u00f4mage partiel, par une simple convention sign\u00e9e entre l\u2019entreprise via l\u2019OPCO et la Direccte.<\/li>\n<li>Le CPF en p\u00e9riode de confinement.<\/li>\n<\/ul>\n<li>Les formations dans le temps de travail&nbsp;:<\/li>\n<ul>\n<li>Les formations \u00e0 distance<\/li>\n<li>Obligations l\u00e9gales et contraintes techniques<\/li><\/ul>\n<li>Questions \/ r\u00e9ponses<\/li>\n<\/ul>\n\n<h3 class=\"section-title\"><span class=\"title-inner\" data-animation=\"fadeInRight\" data-animation-delay=\"500\">INTERVENANT&nbsp;:<\/span><\/h3>\n<p>Ce webinaire sera anim\u00e9 par <strong>Christophe Parmentier<\/strong>, consultant expert en gestion de la formation.<\/p>\n\n\n\n<h3 class=\"wp-block-heading\" id=\"mce_35\">T\u00e9l\u00e9chargez le diaporama diffus\u00e9 par l&rsquo;intervenante :<\/h3>\n\n\n\n<div class=\"wp-block-file\"><a href=\"https:\/\/www.gereso.com\/actualites\/wp-content\/uploads\/2020\/05\/webinar-financement-confine\u0301-GERESO-0520-ChPV2.pdf\">Powerpoint webinaire formation des salari\u00e9s en activit\u00e9 partielle<\/a><a href=\"https:\/\/www.gereso.com\/actualites\/wp-content\/uploads\/2020\/05\/webinar-financement-confine\u0301-GERESO-0520-ChPV2.pdf\" class=\"wp-block-file__button\" download>T\u00e9l\u00e9charger<\/a><\/div>\n","protected":false},"excerpt":{"rendered":"<p>D\u00e9tails du webinaire&nbsp;: DATE&nbsp;: Mardi 5 mai 2020&nbsp;de 15h00 \u00e0 16h00 PROGRAMME&nbsp;: Les formations hors temps de travail&nbsp;: Les dispositions relatives au financement du dispositif FNE-Formation renforc\u00e9 de mani\u00e8re temporaire afin de r\u00e9pondre aux besoins des entreprises en activit\u00e9 partielle par la prise en charge des co\u00fbts p\u00e9dagogiques. Ce dispositif est accessible depuis le 14 [&hellip;]<\/p>\n","protected":false},"author":32,"featured_media":15150,"comment_status":"open","ping_status":"open","sticky":false,"template":"","format":"standard","meta":{"_acf_changed":false,"_mi_skip_tracking":false,"footnotes":""},"categories":[828],"tags":[1880,38,1892],"class_list":["post-15138","post","type-post","status-publish","format-standard","has-post-thumbnail","hentry","category-formation-professionnelle","tag-activite-partielle","tag-formation","tag-formation-a-distance"],"acf":[],"yoast_head":"<!-- This site is optimized with the Yoast SEO plugin v23.4 - https:\/\/yoast.com\/wordpress\/plugins\/seo\/ -->\n<title>Webinaire &quot;Formation des salari\u00e9s en activit\u00e9 partielle : quelles solutions ? quels financements ?&quot; - Le Blog GERESO<\/title>\n<meta name=\"robots\" content=\"index, follow, max-snippet:-1, max-image-preview:large, max-video-preview:-1\" \/>\n<link rel=\"canonical\" href=\"https:\/\/www.gereso.com\/actualites\/2020\/05\/11\/webinaire-formation-salaries-activite-partielle-solutions-financements\/\" \/>\n<meta property=\"og:locale\" content=\"fr_FR\" \/>\n<meta property=\"og:type\" content=\"article\" \/>\n<meta property=\"og:title\" content=\"Webinaire &quot;Formation des salari\u00e9s en activit\u00e9 partielle : quelles solutions ? quels financements ?&quot; - Le Blog GERESO\" \/>\n<meta property=\"og:description\" content=\"D\u00e9tails du webinaire&nbsp;: DATE&nbsp;: Mardi 5 mai 2020&nbsp;de 15h00 \u00e0 16h00 PROGRAMME&nbsp;: Les formations hors temps de travail&nbsp;: Les dispositions relatives au financement du dispositif FNE-Formation renforc\u00e9 de mani\u00e8re temporaire afin de r\u00e9pondre aux besoins des entreprises en activit\u00e9 partielle par la prise en charge des co\u00fbts p\u00e9dagogiques. Ce dispositif est accessible depuis le 14 [&hellip;]\" \/>\n<meta property=\"og:url\" content=\"https:\/\/www.gereso.com\/actualites\/2020\/05\/11\/webinaire-formation-salaries-activite-partielle-solutions-financements\/\" \/>\n<meta property=\"og:site_name\" content=\"Le Blog GERESO\" \/>\n<meta property=\"article:published_time\" content=\"2020-05-11T07:38:04+00:00\" \/>\n<meta property=\"article:modified_time\" content=\"2020-05-11T07:38:06+00:00\" \/>\n<meta property=\"og:image\" content=\"https:\/\/www.gereso.com\/actualites\/wp-content\/uploads\/2020\/05\/Webinaire-FormationActivitePartielle.jpg\" \/>\n\t<meta property=\"og:image:width\" content=\"600\" \/>\n\t<meta property=\"og:image:height\" content=\"400\" \/>\n\t<meta property=\"og:image:type\" content=\"image\/jpeg\" \/>\n<meta name=\"author\" content=\"\u00c9quipe GERESO\" \/>\n<meta name=\"twitter:card\" content=\"summary_large_image\" \/>\n<script type=\"application\/ld+json\" class=\"yoast-schema-graph\">{\"@context\":\"https:\/\/schema.org\",\"@graph\":[{\"@type\":\"WebPage\",\"@id\":\"https:\/\/www.gereso.com\/actualites\/2020\/05\/11\/webinaire-formation-salaries-activite-partielle-solutions-financements\/\",\"url\":\"https:\/\/www.gereso.com\/actualites\/2020\/05\/11\/webinaire-formation-salaries-activite-partielle-solutions-financements\/\",\"name\":\"Webinaire \\\"Formation des salari\u00e9s en activit\u00e9 partielle : quelles solutions ? quels financements ?\\\" - Le Blog GERESO\",\"isPartOf\":{\"@id\":\"https:\/\/www.gereso.com\/actualites\/#website\"},\"primaryImageOfPage\":{\"@id\":\"https:\/\/www.gereso.com\/actualites\/2020\/05\/11\/webinaire-formation-salaries-activite-partielle-solutions-financements\/#primaryimage\"},\"image\":{\"@id\":\"https:\/\/www.gereso.com\/actualites\/2020\/05\/11\/webinaire-formation-salaries-activite-partielle-solutions-financements\/#primaryimage\"},\"thumbnailUrl\":\"https:\/\/www.gereso.com\/actualites\/wp-content\/uploads\/2020\/05\/Webinaire-FormationActivitePartielle.jpg\",\"datePublished\":\"2020-05-11T07:38:04+00:00\",\"dateModified\":\"2020-05-11T07:38:06+00:00\",\"author\":{\"@id\":\"https:\/\/www.gereso.com\/actualites\/#\/schema\/person\/197d8aef40cb4ae3f6a0aa9e1d3df2a6\"},\"breadcrumb\":{\"@id\":\"https:\/\/www.gereso.com\/actualites\/2020\/05\/11\/webinaire-formation-salaries-activite-partielle-solutions-financements\/#breadcrumb\"},\"inLanguage\":\"fr-FR\",\"potentialAction\":[{\"@type\":\"ReadAction\",\"target\":[\"https:\/\/www.gereso.com\/actualites\/2020\/05\/11\/webinaire-formation-salaries-activite-partielle-solutions-financements\/\"]}]},{\"@type\":\"ImageObject\",\"inLanguage\":\"fr-FR\",\"@id\":\"https:\/\/www.gereso.com\/actualites\/2020\/05\/11\/webinaire-formation-salaries-activite-partielle-solutions-financements\/#primaryimage\",\"url\":\"https:\/\/www.gereso.com\/actualites\/wp-content\/uploads\/2020\/05\/Webinaire-FormationActivitePartielle.jpg\",\"contentUrl\":\"https:\/\/www.gereso.com\/actualites\/wp-content\/uploads\/2020\/05\/Webinaire-FormationActivitePartielle.jpg\",\"width\":600,\"height\":400,\"caption\":\"Webinaire Formation des salari\u00e9s en Activite Partielle\"},{\"@type\":\"BreadcrumbList\",\"@id\":\"https:\/\/www.gereso.com\/actualites\/2020\/05\/11\/webinaire-formation-salaries-activite-partielle-solutions-financements\/#breadcrumb\",\"itemListElement\":[{\"@type\":\"ListItem\",\"position\":1,\"name\":\"Home\",\"item\":\"https:\/\/www.gereso.com\/actualites\/\"},{\"@type\":\"ListItem\",\"position\":2,\"name\":\"Webinaire \u00ab\u00a0Formation des salari\u00e9s en activit\u00e9 partielle : quelles solutions ? quels financements ?\u00a0\u00bb\"}]},{\"@type\":\"WebSite\",\"@id\":\"https:\/\/www.gereso.com\/actualites\/#website\",\"url\":\"https:\/\/www.gereso.com\/actualites\/\",\"name\":\"Le Blog GERESO\",\"description\":\"Toute l&#039;actu RH, Finance, Fonction Publique, Management...\",\"potentialAction\":[{\"@type\":\"SearchAction\",\"target\":{\"@type\":\"EntryPoint\",\"urlTemplate\":\"https:\/\/www.gereso.com\/actualites\/?s={search_term_string}\"},\"query-input\":{\"@type\":\"PropertyValueSpecification\",\"valueRequired\":true,\"valueName\":\"search_term_string\"}}],\"inLanguage\":\"fr-FR\"},{\"@type\":\"Person\",\"@id\":\"https:\/\/www.gereso.com\/actualites\/#\/schema\/person\/197d8aef40cb4ae3f6a0aa9e1d3df2a6\",\"name\":\"\u00c9quipe GERESO\",\"image\":{\"@type\":\"ImageObject\",\"inLanguage\":\"fr-FR\",\"@id\":\"https:\/\/www.gereso.com\/actualites\/#\/schema\/person\/image\/\",\"url\":\"https:\/\/www.gereso.com\/actualites\/wp-content\/uploads\/2013\/12\/avatar-gereso-1.png\",\"contentUrl\":\"https:\/\/www.gereso.com\/actualites\/wp-content\/uploads\/2013\/12\/avatar-gereso-1.png\",\"caption\":\"\u00c9quipe GERESO\"},\"url\":\"https:\/\/www.gereso.com\/actualites\/author\/gereso\/\"}]}<\/script>\n<!-- \/ Yoast SEO plugin. -->","yoast_head_json":{"title":"Webinaire \"Formation des salari\u00e9s en activit\u00e9 partielle : quelles solutions ? quels financements ?\" - Le Blog GERESO","robots":{"index":"index","follow":"follow","max-snippet":"max-snippet:-1","max-image-preview":"max-image-preview:large","max-video-preview":"max-video-preview:-1"},"canonical":"https:\/\/www.gereso.com\/actualites\/2020\/05\/11\/webinaire-formation-salaries-activite-partielle-solutions-financements\/","og_locale":"fr_FR","og_type":"article","og_title":"Webinaire \"Formation des salari\u00e9s en activit\u00e9 partielle : quelles solutions ? quels financements ?\" - Le Blog GERESO","og_description":"D\u00e9tails du webinaire&nbsp;: DATE&nbsp;: Mardi 5 mai 2020&nbsp;de 15h00 \u00e0 16h00 PROGRAMME&nbsp;: Les formations hors temps de travail&nbsp;: Les dispositions relatives au financement du dispositif FNE-Formation renforc\u00e9 de mani\u00e8re temporaire afin de r\u00e9pondre aux besoins des entreprises en activit\u00e9 partielle par la prise en charge des co\u00fbts p\u00e9dagogiques. Ce dispositif est accessible depuis le 14 [&hellip;]","og_url":"https:\/\/www.gereso.com\/actualites\/2020\/05\/11\/webinaire-formation-salaries-activite-partielle-solutions-financements\/","og_site_name":"Le Blog GERESO","article_published_time":"2020-05-11T07:38:04+00:00","article_modified_time":"2020-05-11T07:38:06+00:00","og_image":[{"width":600,"height":400,"url":"https:\/\/www.gereso.com\/actualites\/wp-content\/uploads\/2020\/05\/Webinaire-FormationActivitePartielle.jpg","type":"image\/jpeg"}],"author":"\u00c9quipe GERESO","twitter_card":"summary_large_image","schema":{"@context":"https:\/\/schema.org","@graph":[{"@type":"WebPage","@id":"https:\/\/www.gereso.com\/actualites\/2020\/05\/11\/webinaire-formation-salaries-activite-partielle-solutions-financements\/","url":"https:\/\/www.gereso.com\/actualites\/2020\/05\/11\/webinaire-formation-salaries-activite-partielle-solutions-financements\/","name":"Webinaire \"Formation des salari\u00e9s en activit\u00e9 partielle : quelles solutions ? quels financements ?\" - Le Blog GERESO","isPartOf":{"@id":"https:\/\/www.gereso.com\/actualites\/#website"},"primaryImageOfPage":{"@id":"https:\/\/www.gereso.com\/actualites\/2020\/05\/11\/webinaire-formation-salaries-activite-partielle-solutions-financements\/#primaryimage"},"image":{"@id":"https:\/\/www.gereso.com\/actualites\/2020\/05\/11\/webinaire-formation-salaries-activite-partielle-solutions-financements\/#primaryimage"},"thumbnailUrl":"https:\/\/www.gereso.com\/actualites\/wp-content\/uploads\/2020\/05\/Webinaire-FormationActivitePartielle.jpg","datePublished":"2020-05-11T07:38:04+00:00","dateModified":"2020-05-11T07:38:06+00:00","author":{"@id":"https:\/\/www.gereso.com\/actualites\/#\/schema\/person\/197d8aef40cb4ae3f6a0aa9e1d3df2a6"},"breadcrumb":{"@id":"https:\/\/www.gereso.com\/actualites\/2020\/05\/11\/webinaire-formation-salaries-activite-partielle-solutions-financements\/#breadcrumb"},"inLanguage":"fr-FR","potentialAction":[{"@type":"ReadAction","target":["https:\/\/www.gereso.com\/actualites\/2020\/05\/11\/webinaire-formation-salaries-activite-partielle-solutions-financements\/"]}]},{"@type":"ImageObject","inLanguage":"fr-FR","@id":"https:\/\/www.gereso.com\/actualites\/2020\/05\/11\/webinaire-formation-salaries-activite-partielle-solutions-financements\/#primaryimage","url":"https:\/\/www.gereso.com\/actualites\/wp-content\/uploads\/2020\/05\/Webinaire-FormationActivitePartielle.jpg","contentUrl":"https:\/\/www.gereso.com\/actualites\/wp-content\/uploads\/2020\/05\/Webinaire-FormationActivitePartielle.jpg","width":600,"height":400,"caption":"Webinaire Formation des salari\u00e9s en Activite Partielle"},{"@type":"BreadcrumbList","@id":"https:\/\/www.gereso.com\/actualites\/2020\/05\/11\/webinaire-formation-salaries-activite-partielle-solutions-financements\/#breadcrumb","itemListElement":[{"@type":"ListItem","position":1,"name":"Home","item":"https:\/\/www.gereso.com\/actualites\/"},{"@type":"ListItem","position":2,"name":"Webinaire \u00ab\u00a0Formation des salari\u00e9s en activit\u00e9 partielle : quelles solutions ? quels financements ?\u00a0\u00bb"}]},{"@type":"WebSite","@id":"https:\/\/www.gereso.com\/actualites\/#website","url":"https:\/\/www.gereso.com\/actualites\/","name":"Le Blog GERESO","description":"Toute l&#039;actu RH, Finance, Fonction Publique, Management...","potentialAction":[{"@type":"SearchAction","target":{"@type":"EntryPoint","urlTemplate":"https:\/\/www.gereso.com\/actualites\/?s={search_term_string}"},"query-input":{"@type":"PropertyValueSpecification","valueRequired":true,"valueName":"search_term_string"}}],"inLanguage":"fr-FR"},{"@type":"Person","@id":"https:\/\/www.gereso.com\/actualites\/#\/schema\/person\/197d8aef40cb4ae3f6a0aa9e1d3df2a6","name":"\u00c9quipe GERESO","image":{"@type":"ImageObject","inLanguage":"fr-FR","@id":"https:\/\/www.gereso.com\/actualites\/#\/schema\/person\/image\/","url":"https:\/\/www.gereso.com\/actualites\/wp-content\/uploads\/2013\/12\/avatar-gereso-1.png","contentUrl":"https:\/\/www.gereso.com\/actualites\/wp-content\/uploads\/2013\/12\/avatar-gereso-1.png","caption":"\u00c9quipe GERESO"},"url":"https:\/\/www.gereso.com\/actualites\/author\/gereso\/"}]}},"_links":{"self":[{"href":"https:\/\/www.gereso.com\/actualites\/wp-json\/wp\/v2\/posts\/15138","targetHints":{"allow":["GET"]}}],"collection":[{"href":"https:\/\/www.gereso.com\/actualites\/wp-json\/wp\/v2\/posts"}],"about":[{"href":"https:\/\/www.gereso.com\/actualites\/wp-json\/wp\/v2\/types\/post"}],"author":[{"embeddable":true,"href":"https:\/\/www.gereso.com\/actualites\/wp-json\/wp\/v2\/users\/32"}],"replies":[{"embeddable":true,"href":"https:\/\/www.gereso.com\/actualites\/wp-json\/wp\/v2\/comments?post=15138"}],"version-history":[{"count":16,"href":"https:\/\/www.gereso.com\/actualites\/wp-json\/wp\/v2\/posts\/15138\/revisions"}],"predecessor-version":[{"id":18627,"href":"https:\/\/www.gereso.com\/actualites\/wp-json\/wp\/v2\/posts\/15138\/revisions\/18627"}],"wp:featuredmedia":[{"embeddable":true,"href":"https:\/\/www.gereso.com\/actualites\/wp-json\/wp\/v2\/media\/15150"}],"wp:attachment":[{"href":"https:\/\/www.gereso.com\/actualites\/wp-json\/wp\/v2\/media?parent=15138"}],"wp:term":[{"taxonomy":"category","embeddable":true,"href":"https:\/\/www.gereso.com\/actualites\/wp-json\/wp\/v2\/categories?post=15138"},{"taxonomy":"post_tag","embeddable":true,"href":"https:\/\/www.gereso.com\/actualites\/wp-json\/wp\/v2\/tags?post=15138"}],"curies":[{"name":"wp","href":"https:\/\/api.w.org\/{rel}","templated":true}]}}