{"id":1541,"date":"2010-01-26T00:00:00","date_gmt":"2010-01-25T22:00:00","guid":{"rendered":"https:\/\/www.gereso.com\/actualites\/2010\/01\/reforme-atmp-on-y-est\/"},"modified":"2010-01-26T00:00:00","modified_gmt":"2010-01-25T22:00:00","slug":"reforme-atmp-on-y-est","status":"publish","type":"post","link":"https:\/\/www.gereso.com\/actualites\/2010\/01\/26\/reforme-atmp-on-y-est\/","title":{"rendered":"R\u00e9forme AT\/MP : On y est !"},"content":{"rendered":"\n<li> <strong>Plus droit \u00e0 l&rsquo;erreur depuis le 1er janvier<\/strong> <\/li>\n<li><strong>La circulaire DSS\/2C\/2009\/267 du 21 ao\u00fbt 2009 change la donne<\/strong> <\/li>\n<p>Depuis le 1er janvier 2010, la proc\u00e9dure d&rsquo;instruction des d\u00e9clarations d&rsquo;accidents du travail (DAT) et des maladies professionnelles (DMP), n&rsquo;est plus tout \u00e0 fait la m\u00eame. Pour rappel, c&rsquo;est le d\u00e9cret du 29 juillet 2009 qui encadre et s\u00e9curise la proc\u00e9dure.<\/p>\n<p>Qu&rsquo;est-ce qui change exactement&nbsp;? Trois aspects sont touch\u00e9s : le point de d\u00e9part du d\u00e9lai d&rsquo;instruction de la d\u00e9claration et l&rsquo;obligation d&rsquo;information des parties par la caisse lors de la phase d&rsquo;instruction. Last but not least: la notification des d\u00e9cisions \u00e9volue. <\/p>\n<h3><strong>Point de d\u00e9part du d\u00e9lai<\/strong><\/h3>\n<p>Oubli\u00e9 le d\u00e9lai d&rsquo;instruction qui courait \u00e0 compter de la r\u00e9ception de la DAT&#8230; D\u00e9sormais, les d\u00e9lais impartis \u00e0 la caisse primaire (1 mois) pour statuer sur le caract\u00e8re professionnel de l&rsquo;accident ou de la maladie courent \u00e0 compter de la date \u00e0 laquelle la caisse a re\u00e7u <strong>la DAT\/ DMP ET le certificat m\u00e9dical initial (CMI).<\/strong> \u00ab\u00a0<span style=\"font-style: italic;\">L&rsquo;objectif est qu&rsquo;il n&rsquo;y ait plus de rejet \u00e0 cause du d\u00e9lai<\/span>\u00a0\u00bb, indique Amandine Lecomte, consultante en paie et droit social chez GERESO. Ainsi, l&rsquo;instruction du dossier n&rsquo;ayant pas commenc\u00e9, la caisse n&rsquo;est plus oblig\u00e9e de notifier un refus pour \u00e9viter l&rsquo;acceptation implicite&#8230; <\/p>\n<p>Par ailleurs, en cas d&rsquo;absence de CMI dans un d\u00e9lai de 2 ans \u00e0 compter de la DAT\/DMP, le dossier est d\u00e9finitivement class\u00e9. <\/p>\n<h3><strong>La caisse informe<\/strong><\/h3>\n<p>Avec la r\u00e9forme, la caisse primaire d&rsquo;assurance maladie est tenue d&rsquo;informer la victime ET de l&#8217;employeur avant de prendre sa d\u00e9cision, <strong>d\u00e8s lors qu&rsquo;elle proc\u00e8de \u00e0 une enqu\u00eate ou \u00e0 l&rsquo;envoi d&rsquo;un questionnaire. <\/strong>\u00ab\u00a0<span style=\"font-style: italic;\">Dans le cas contraire, en revanche, c&rsquo;est \u00e0 dire si aucune mesure d&rsquo;instruction n&rsquo;est n\u00e9cessaire, il n&rsquo;y a pas lieu d&rsquo;informer<\/span> \u00bb, d\u00e9clare Amandine Lecomte. <\/p>\n<p>Pr\u00e9cisons que les r\u00e9serves de l&#8217;employeur doivent \u00eatre motiv\u00e9es. Et qu&rsquo;elles ne peuvent porter que sur les circonstances de temps et de lieu de celui-ci ou sur l&rsquo;existence d&rsquo;une cause totalement \u00e9trang\u00e8re au travail. Attention ! Les r\u00e9serves ne sont plus recevables d\u00e8s lors que la caisse a notifi\u00e9 sa d\u00e9cision quant au caract\u00e8re professionnel, tant en AT qu&rsquo;en MP. <\/p>\n<h3><strong>La notification<\/strong><\/h3>\n<p>\u00ab\u00a0<span style=\"font-style: italic;\">La d\u00e9cision de reconnaissance de l&rsquo;AT\/MP et l&rsquo;attribution du taux d&rsquo;incapacit\u00e9 permanente est notifi\u00e9e par la caisse \u00e0 l&#8217;employeur, avec mention des d\u00e9lais et des voies de recours<\/span>\u00a0\u00bb, explique notre consultante. De m\u00eame, tout recours form\u00e9 par l&#8217;employeur ou la victime, <strong>au-del\u00e0 du d\u00e9lai de deux mois, ne pourra aboutir.<\/strong><\/p>\n","protected":false},"excerpt":{"rendered":"<p>Plus droit \u00e0 l&rsquo;erreur depuis le 1er janvier La circulaire DSS\/2C\/2009\/267 du 21 ao\u00fbt 2009 change la donne Depuis le 1er janvier 2010, la proc\u00e9dure d&rsquo;instruction des d\u00e9clarations d&rsquo;accidents du travail (DAT) et des maladies professionnelles (DMP), n&rsquo;est plus tout \u00e0 fait la m\u00eame. Pour rappel, c&rsquo;est le d\u00e9cret du 29 juillet 2009 qui encadre [&hellip;]<\/p>\n","protected":false},"author":32,"featured_media":0,"comment_status":"open","ping_status":"open","sticky":false,"template":"","format":"standard","meta":{"_acf_changed":false,"_mi_skip_tracking":false,"footnotes":""},"categories":[4],"tags":[],"class_list":["post-1541","post","type-post","status-publish","format-standard","hentry","category-retraite-et-protection-sociale"],"acf":[],"yoast_head":"<!-- This site is optimized with the Yoast SEO plugin v23.4 - https:\/\/yoast.com\/wordpress\/plugins\/seo\/ -->\n<title>R\u00e9forme AT\/MP : On y est ! - Le Blog GERESO<\/title>\n<meta name=\"robots\" content=\"index, follow, max-snippet:-1, max-image-preview:large, max-video-preview:-1\" \/>\n<link rel=\"canonical\" href=\"https:\/\/www.gereso.com\/actualites\/2010\/01\/26\/reforme-atmp-on-y-est\/\" \/>\n<meta property=\"og:locale\" content=\"fr_FR\" \/>\n<meta property=\"og:type\" content=\"article\" \/>\n<meta property=\"og:title\" content=\"R\u00e9forme AT\/MP : On y est ! - Le Blog GERESO\" \/>\n<meta property=\"og:description\" content=\"Plus droit \u00e0 l&rsquo;erreur depuis le 1er janvier La circulaire DSS\/2C\/2009\/267 du 21 ao\u00fbt 2009 change la donne Depuis le 1er janvier 2010, la proc\u00e9dure d&rsquo;instruction des d\u00e9clarations d&rsquo;accidents du travail (DAT) et des maladies professionnelles (DMP), n&rsquo;est plus tout \u00e0 fait la m\u00eame. Pour rappel, c&rsquo;est le d\u00e9cret du 29 juillet 2009 qui encadre [&hellip;]\" \/>\n<meta property=\"og:url\" content=\"https:\/\/www.gereso.com\/actualites\/2010\/01\/26\/reforme-atmp-on-y-est\/\" \/>\n<meta property=\"og:site_name\" content=\"Le Blog GERESO\" \/>\n<meta property=\"article:published_time\" content=\"2010-01-25T22:00:00+00:00\" \/>\n<meta name=\"author\" content=\"\u00c9quipe GERESO\" \/>\n<meta name=\"twitter:card\" content=\"summary_large_image\" \/>\n<script type=\"application\/ld+json\" class=\"yoast-schema-graph\">{\"@context\":\"https:\/\/schema.org\",\"@graph\":[{\"@type\":\"WebPage\",\"@id\":\"https:\/\/www.gereso.com\/actualites\/2010\/01\/26\/reforme-atmp-on-y-est\/\",\"url\":\"https:\/\/www.gereso.com\/actualites\/2010\/01\/26\/reforme-atmp-on-y-est\/\",\"name\":\"R\u00e9forme AT\/MP : On y est ! - Le Blog GERESO\",\"isPartOf\":{\"@id\":\"https:\/\/www.gereso.com\/actualites\/#website\"},\"datePublished\":\"2010-01-25T22:00:00+00:00\",\"dateModified\":\"2010-01-25T22:00:00+00:00\",\"author\":{\"@id\":\"https:\/\/www.gereso.com\/actualites\/#\/schema\/person\/197d8aef40cb4ae3f6a0aa9e1d3df2a6\"},\"breadcrumb\":{\"@id\":\"https:\/\/www.gereso.com\/actualites\/2010\/01\/26\/reforme-atmp-on-y-est\/#breadcrumb\"},\"inLanguage\":\"fr-FR\",\"potentialAction\":[{\"@type\":\"ReadAction\",\"target\":[\"https:\/\/www.gereso.com\/actualites\/2010\/01\/26\/reforme-atmp-on-y-est\/\"]}]},{\"@type\":\"BreadcrumbList\",\"@id\":\"https:\/\/www.gereso.com\/actualites\/2010\/01\/26\/reforme-atmp-on-y-est\/#breadcrumb\",\"itemListElement\":[{\"@type\":\"ListItem\",\"position\":1,\"name\":\"Home\",\"item\":\"https:\/\/www.gereso.com\/actualites\/\"},{\"@type\":\"ListItem\",\"position\":2,\"name\":\"R\u00e9forme AT\/MP : On y est !\"}]},{\"@type\":\"WebSite\",\"@id\":\"https:\/\/www.gereso.com\/actualites\/#website\",\"url\":\"https:\/\/www.gereso.com\/actualites\/\",\"name\":\"Le Blog GERESO\",\"description\":\"Toute l&#039;actu RH, Finance, Fonction Publique, Management...\",\"potentialAction\":[{\"@type\":\"SearchAction\",\"target\":{\"@type\":\"EntryPoint\",\"urlTemplate\":\"https:\/\/www.gereso.com\/actualites\/?s={search_term_string}\"},\"query-input\":{\"@type\":\"PropertyValueSpecification\",\"valueRequired\":true,\"valueName\":\"search_term_string\"}}],\"inLanguage\":\"fr-FR\"},{\"@type\":\"Person\",\"@id\":\"https:\/\/www.gereso.com\/actualites\/#\/schema\/person\/197d8aef40cb4ae3f6a0aa9e1d3df2a6\",\"name\":\"\u00c9quipe GERESO\",\"image\":{\"@type\":\"ImageObject\",\"inLanguage\":\"fr-FR\",\"@id\":\"https:\/\/www.gereso.com\/actualites\/#\/schema\/person\/image\/\",\"url\":\"https:\/\/www.gereso.com\/actualites\/wp-content\/uploads\/2013\/12\/avatar-gereso-1.png\",\"contentUrl\":\"https:\/\/www.gereso.com\/actualites\/wp-content\/uploads\/2013\/12\/avatar-gereso-1.png\",\"caption\":\"\u00c9quipe GERESO\"},\"url\":\"https:\/\/www.gereso.com\/actualites\/author\/gereso\/\"}]}<\/script>\n<!-- \/ Yoast SEO plugin. -->","yoast_head_json":{"title":"R\u00e9forme AT\/MP : On y est ! - Le Blog GERESO","robots":{"index":"index","follow":"follow","max-snippet":"max-snippet:-1","max-image-preview":"max-image-preview:large","max-video-preview":"max-video-preview:-1"},"canonical":"https:\/\/www.gereso.com\/actualites\/2010\/01\/26\/reforme-atmp-on-y-est\/","og_locale":"fr_FR","og_type":"article","og_title":"R\u00e9forme AT\/MP : On y est ! - Le Blog GERESO","og_description":"Plus droit \u00e0 l&rsquo;erreur depuis le 1er janvier La circulaire DSS\/2C\/2009\/267 du 21 ao\u00fbt 2009 change la donne Depuis le 1er janvier 2010, la proc\u00e9dure d&rsquo;instruction des d\u00e9clarations d&rsquo;accidents du travail (DAT) et des maladies professionnelles (DMP), n&rsquo;est plus tout \u00e0 fait la m\u00eame. Pour rappel, c&rsquo;est le d\u00e9cret du 29 juillet 2009 qui encadre [&hellip;]","og_url":"https:\/\/www.gereso.com\/actualites\/2010\/01\/26\/reforme-atmp-on-y-est\/","og_site_name":"Le Blog GERESO","article_published_time":"2010-01-25T22:00:00+00:00","author":"\u00c9quipe GERESO","twitter_card":"summary_large_image","schema":{"@context":"https:\/\/schema.org","@graph":[{"@type":"WebPage","@id":"https:\/\/www.gereso.com\/actualites\/2010\/01\/26\/reforme-atmp-on-y-est\/","url":"https:\/\/www.gereso.com\/actualites\/2010\/01\/26\/reforme-atmp-on-y-est\/","name":"R\u00e9forme AT\/MP : On y est ! - Le Blog GERESO","isPartOf":{"@id":"https:\/\/www.gereso.com\/actualites\/#website"},"datePublished":"2010-01-25T22:00:00+00:00","dateModified":"2010-01-25T22:00:00+00:00","author":{"@id":"https:\/\/www.gereso.com\/actualites\/#\/schema\/person\/197d8aef40cb4ae3f6a0aa9e1d3df2a6"},"breadcrumb":{"@id":"https:\/\/www.gereso.com\/actualites\/2010\/01\/26\/reforme-atmp-on-y-est\/#breadcrumb"},"inLanguage":"fr-FR","potentialAction":[{"@type":"ReadAction","target":["https:\/\/www.gereso.com\/actualites\/2010\/01\/26\/reforme-atmp-on-y-est\/"]}]},{"@type":"BreadcrumbList","@id":"https:\/\/www.gereso.com\/actualites\/2010\/01\/26\/reforme-atmp-on-y-est\/#breadcrumb","itemListElement":[{"@type":"ListItem","position":1,"name":"Home","item":"https:\/\/www.gereso.com\/actualites\/"},{"@type":"ListItem","position":2,"name":"R\u00e9forme AT\/MP : On y est !"}]},{"@type":"WebSite","@id":"https:\/\/www.gereso.com\/actualites\/#website","url":"https:\/\/www.gereso.com\/actualites\/","name":"Le Blog GERESO","description":"Toute l&#039;actu RH, Finance, Fonction Publique, Management...","potentialAction":[{"@type":"SearchAction","target":{"@type":"EntryPoint","urlTemplate":"https:\/\/www.gereso.com\/actualites\/?s={search_term_string}"},"query-input":{"@type":"PropertyValueSpecification","valueRequired":true,"valueName":"search_term_string"}}],"inLanguage":"fr-FR"},{"@type":"Person","@id":"https:\/\/www.gereso.com\/actualites\/#\/schema\/person\/197d8aef40cb4ae3f6a0aa9e1d3df2a6","name":"\u00c9quipe GERESO","image":{"@type":"ImageObject","inLanguage":"fr-FR","@id":"https:\/\/www.gereso.com\/actualites\/#\/schema\/person\/image\/","url":"https:\/\/www.gereso.com\/actualites\/wp-content\/uploads\/2013\/12\/avatar-gereso-1.png","contentUrl":"https:\/\/www.gereso.com\/actualites\/wp-content\/uploads\/2013\/12\/avatar-gereso-1.png","caption":"\u00c9quipe GERESO"},"url":"https:\/\/www.gereso.com\/actualites\/author\/gereso\/"}]}},"_links":{"self":[{"href":"https:\/\/www.gereso.com\/actualites\/wp-json\/wp\/v2\/posts\/1541","targetHints":{"allow":["GET"]}}],"collection":[{"href":"https:\/\/www.gereso.com\/actualites\/wp-json\/wp\/v2\/posts"}],"about":[{"href":"https:\/\/www.gereso.com\/actualites\/wp-json\/wp\/v2\/types\/post"}],"author":[{"embeddable":true,"href":"https:\/\/www.gereso.com\/actualites\/wp-json\/wp\/v2\/users\/32"}],"replies":[{"embeddable":true,"href":"https:\/\/www.gereso.com\/actualites\/wp-json\/wp\/v2\/comments?post=1541"}],"version-history":[{"count":0,"href":"https:\/\/www.gereso.com\/actualites\/wp-json\/wp\/v2\/posts\/1541\/revisions"}],"wp:attachment":[{"href":"https:\/\/www.gereso.com\/actualites\/wp-json\/wp\/v2\/media?parent=1541"}],"wp:term":[{"taxonomy":"category","embeddable":true,"href":"https:\/\/www.gereso.com\/actualites\/wp-json\/wp\/v2\/categories?post=1541"},{"taxonomy":"post_tag","embeddable":true,"href":"https:\/\/www.gereso.com\/actualites\/wp-json\/wp\/v2\/tags?post=1541"}],"curies":[{"name":"wp","href":"https:\/\/api.w.org\/{rel}","templated":true}]}}