{"id":15449,"date":"2020-05-25T16:02:58","date_gmt":"2020-05-25T14:02:58","guid":{"rendered":"https:\/\/www.gereso.com\/actualites\/?p=15449"},"modified":"2022-03-14T11:34:51","modified_gmt":"2022-03-14T09:34:51","slug":"is-cvae-taxe-sur-les-salaires-nouvelles-echeances","status":"publish","type":"post","link":"https:\/\/www.gereso.com\/actualites\/2020\/05\/25\/is-cvae-taxe-sur-les-salaires-nouvelles-echeances\/","title":{"rendered":"IS, CVAE, taxe sur les salaires : nouvelles \u00e9ch\u00e9ances"},"content":{"rendered":"\n<p>L\u2019administration fiscale a r\u00e9cemment mis \u00e0 jour sa <strong>foire aux questions<\/strong> relative aux cons\u00e9quences de la crise sanitaire actuelle sur les \u00e9ch\u00e9ances d\u00e9claratives fiscales. Ders pr\u00e9cisions sont apport\u00e9es sur les dates de report de l\u2019IS, de la CVAE et d\u2019autres imp\u00f4ts.<\/p>\n\n\n\n<h2 class=\"wp-block-heading\"><strong>IS et CVAE<\/strong><\/h2>\n\n\n\n<p>Le report au <strong>30 juin<\/strong> de la plupart des \u00e9ch\u00e9ances\nfiscales habituelles du mois de mai (liasse fiscale, solde d\u2019IS) a d\u00e9j\u00e0 \u00e9t\u00e9\nannonc\u00e9 par communiqu\u00e9 de presse le 17 avril dernier.<\/p>\n\n\n\n<p>S\u2019agissant du <strong>solde d\u2019IS<\/strong> et du d\u00e9p\u00f4t de la <strong>d\u00e9claration\ndes r\u00e9sultats<\/strong>, la date du 30 juin concerne les exercices clos du 31\nd\u00e9cembre 2019 au 29 f\u00e9vrier 2020. Pour les exercices clos au 31 mars, l\u2019\u00e9ch\u00e9ance\nest report\u00e9e au 31 juillet 2020. <\/p>\n\n\n\n<p>Pour les soci\u00e9t\u00e9s ayant report\u00e9 le paiement de leur <strong>acompte\ndu 15 mars<\/strong>, l\u2019\u00e9ch\u00e9ance est fix\u00e9e au <strong>15 juin <\/strong>2020.<\/p>\n\n\n\n<p>Si ce report est un droit pour les entreprises rencontrant\ndes difficult\u00e9s financi\u00e8res, il n\u00e9cessite n\u00e9anmoins de remplir un <strong>formulaire<\/strong>\net de l\u2019adresser \u00e0 l\u2019administration fiscale (<a href=\"https:\/\/www.impots.gouv.fr\/portail\/files\/media\/1_metier\/2_professionnel\/EV\/4_difficultes\/440_situation_difficile\/20200402_formulaire_fiscal_simplifie_delai_ou_remise_coronavirus.pdf\">https:\/\/www.impots.gouv.fr\/portail\/files\/media\/1_metier\/2_professionnel\/EV\/4_difficultes\/440_situation_difficile\/20200402_formulaire_fiscal_simplifie_delai_ou_remise_coronavirus.pdf<\/a>).<\/p>\n\n\n\n<p>La <strong>CVAE<\/strong> aussi b\u00e9n\u00e9ficie d\u2019un report au <strong>30 juin<\/strong>\npour la d\u00e9claration de la valeur ajout\u00e9e et des effectifs (imprim\u00e9 1330-CVAE)\net pour le versement du solde de CVAE (imprim\u00e9 1329-DEF). En revanche, lorsque\nle solde est exc\u00e9dentaire, la d\u00e9claration \u00e9tait \u00e0 d\u00e9poser pour le 5 mai 2020.<\/p>\n\n\n\n<p>Les entreprises qui rencontrent seulement des difficult\u00e9s\nmat\u00e9rielles pour r\u00e9aliser ces d\u00e9clarations (CVAE et IS) et dont le dernier <strong>chiffre\nd\u2019affaires<\/strong> connu exc\u00e8de <strong>10 millions \u20ac<\/strong> doivent payer leur IS estim\u00e9\navant le 31 mai 2020 et envoyer ensuite une <strong>d\u00e9claration corrective<\/strong> au\nplus tard le 30 juin 2020. Les entreprises n\u2019exc\u00e9dant pas ce chiffre d\u2019affaires\nont jusqu\u2019au 30 juin et doivent remplir le formulaire.<\/p>\n\n\n\n<h2 class=\"wp-block-heading\"><strong>Autres imp\u00f4ts<\/strong><\/h2>\n\n\n\n<p>Pour la <strong>taxe sur les salaires<\/strong>, un report de 3 mois\nest possible pour les relev\u00e9s provisionnels n\u00b02501. Ainsi&nbsp;: <\/p>\n\n\n\n<ul class=\"wp-block-list\"><li>La taxe sur les salaires de <strong>mars<\/strong> peut\n\u00eatre d\u00e9clar\u00e9e et vers\u00e9e pour le <strong>15 juin 2020<\/strong><\/li><li>La taxe sur les salaires d\u2019avril peut \u00eatre\nd\u00e9clar\u00e9e et vers\u00e9e pour le 15 juillet 2020<\/li><li>La taxe sur les salaires de mai peut \u00eatre\nd\u00e9clar\u00e9e et vers\u00e9e pour le 15 ao\u00fbt 2020<\/li><\/ul>\n\n\n\n<p>La <strong>TASCOM<\/strong> (taxe sur les surfaces commerciales),\nhabituellement due pour le 15 juin, peut \u00eatre report\u00e9e au 15 juillet. Enfin, la\n<strong>contribution \u00e0 l\u2019audiovisuel public<\/strong> pour les secteurs de l\u2019h\u00f4tellerie, de\nla restauration et les salles de sport pourra \u00eatre d\u00e9clar\u00e9e en juillet 2020 en\nannexe de la d\u00e9claration de TVA de juin.<\/p>\n\n\n\n<p>En revanche, aucun d\u00e9lai n\u2019est possible pour les <strong>imp\u00f4ts\nindirects<\/strong> tels <strong>la TVA et le pr\u00e9l\u00e8vement \u00e0 la source<\/strong> de l\u2019imp\u00f4t sur\nle revenu. Enfin, en cas de cessation d\u2019activit\u00e9, la d\u00e9claration de r\u00e9sultats\ndoit continuer \u00e0 \u00eatre d\u00e9pos\u00e9e dans le d\u00e9lai de 60 jours.<\/p>\n","protected":false},"excerpt":{"rendered":"<p>L\u2019administration fiscale a r\u00e9cemment mis \u00e0 jour sa foire aux questions relative aux cons\u00e9quences de la crise sanitaire actuelle sur les \u00e9ch\u00e9ances d\u00e9claratives fiscales. Ders pr\u00e9cisions sont apport\u00e9es sur les dates de report de l\u2019IS, de la CVAE et d\u2019autres imp\u00f4ts. IS et CVAE Le report au 30 juin de la plupart des \u00e9ch\u00e9ances fiscales [&hellip;]<\/p>\n","protected":false},"author":45,"featured_media":0,"comment_status":"open","ping_status":"open","sticky":false,"template":"","format":"quote","meta":{"_acf_changed":false,"_mi_skip_tracking":false,"footnotes":""},"categories":[12,3],"tags":[1857,1102,874,1893,1136],"class_list":["post-15449","post","type-post","status-publish","format-quote","hentry","category-actualites","category-comptabilite-fiscalite-et-gestion-financiere","tag-coronavirus","tag-cvae","tag-impot-sur-les-societes","tag-tascom","tag-taxe-sur-les-salaires","post_format-post-format-quote"],"acf":[],"yoast_head":"<!-- This site is optimized with the Yoast SEO plugin v23.4 - https:\/\/yoast.com\/wordpress\/plugins\/seo\/ -->\n<title>IS, CVAE, taxe sur les salaires : nouvelles \u00e9ch\u00e9ances - Le Blog GERESO<\/title>\n<meta name=\"robots\" content=\"index, follow, max-snippet:-1, max-image-preview:large, max-video-preview:-1\" \/>\n<link rel=\"canonical\" href=\"https:\/\/www.gereso.com\/actualites\/2020\/05\/25\/is-cvae-taxe-sur-les-salaires-nouvelles-echeances\/\" \/>\n<meta property=\"og:locale\" content=\"fr_FR\" \/>\n<meta property=\"og:type\" content=\"article\" \/>\n<meta property=\"og:title\" content=\"IS, CVAE, taxe sur les salaires : nouvelles \u00e9ch\u00e9ances - Le Blog GERESO\" \/>\n<meta property=\"og:description\" content=\"L\u2019administration fiscale a r\u00e9cemment mis \u00e0 jour sa foire aux questions relative aux cons\u00e9quences de la crise sanitaire actuelle sur les \u00e9ch\u00e9ances d\u00e9claratives fiscales. Ders pr\u00e9cisions sont apport\u00e9es sur les dates de report de l\u2019IS, de la CVAE et d\u2019autres imp\u00f4ts. IS et CVAE Le report au 30 juin de la plupart des \u00e9ch\u00e9ances fiscales [&hellip;]\" \/>\n<meta property=\"og:url\" content=\"https:\/\/www.gereso.com\/actualites\/2020\/05\/25\/is-cvae-taxe-sur-les-salaires-nouvelles-echeances\/\" \/>\n<meta property=\"og:site_name\" content=\"Le Blog GERESO\" \/>\n<meta property=\"article:published_time\" content=\"2020-05-25T14:02:58+00:00\" \/>\n<meta property=\"article:modified_time\" content=\"2022-03-14T09:34:51+00:00\" \/>\n<meta name=\"author\" content=\"Damien P\u00e9an\" \/>\n<meta name=\"twitter:card\" content=\"summary_large_image\" \/>\n<script type=\"application\/ld+json\" class=\"yoast-schema-graph\">{\"@context\":\"https:\/\/schema.org\",\"@graph\":[{\"@type\":\"WebPage\",\"@id\":\"https:\/\/www.gereso.com\/actualites\/2020\/05\/25\/is-cvae-taxe-sur-les-salaires-nouvelles-echeances\/\",\"url\":\"https:\/\/www.gereso.com\/actualites\/2020\/05\/25\/is-cvae-taxe-sur-les-salaires-nouvelles-echeances\/\",\"name\":\"IS, CVAE, taxe sur les salaires : nouvelles \u00e9ch\u00e9ances - Le Blog GERESO\",\"isPartOf\":{\"@id\":\"https:\/\/www.gereso.com\/actualites\/#website\"},\"datePublished\":\"2020-05-25T14:02:58+00:00\",\"dateModified\":\"2022-03-14T09:34:51+00:00\",\"author\":{\"@id\":\"https:\/\/www.gereso.com\/actualites\/#\/schema\/person\/c91814f92d627ed4715993fbbf7c7e8d\"},\"breadcrumb\":{\"@id\":\"https:\/\/www.gereso.com\/actualites\/2020\/05\/25\/is-cvae-taxe-sur-les-salaires-nouvelles-echeances\/#breadcrumb\"},\"inLanguage\":\"fr-FR\",\"potentialAction\":[{\"@type\":\"ReadAction\",\"target\":[\"https:\/\/www.gereso.com\/actualites\/2020\/05\/25\/is-cvae-taxe-sur-les-salaires-nouvelles-echeances\/\"]}]},{\"@type\":\"BreadcrumbList\",\"@id\":\"https:\/\/www.gereso.com\/actualites\/2020\/05\/25\/is-cvae-taxe-sur-les-salaires-nouvelles-echeances\/#breadcrumb\",\"itemListElement\":[{\"@type\":\"ListItem\",\"position\":1,\"name\":\"Home\",\"item\":\"https:\/\/www.gereso.com\/actualites\/\"},{\"@type\":\"ListItem\",\"position\":2,\"name\":\"IS, CVAE, taxe sur les salaires : nouvelles \u00e9ch\u00e9ances\"}]},{\"@type\":\"WebSite\",\"@id\":\"https:\/\/www.gereso.com\/actualites\/#website\",\"url\":\"https:\/\/www.gereso.com\/actualites\/\",\"name\":\"Le Blog GERESO\",\"description\":\"Toute l&#039;actu RH, Finance, Fonction Publique, Management...\",\"potentialAction\":[{\"@type\":\"SearchAction\",\"target\":{\"@type\":\"EntryPoint\",\"urlTemplate\":\"https:\/\/www.gereso.com\/actualites\/?s={search_term_string}\"},\"query-input\":{\"@type\":\"PropertyValueSpecification\",\"valueRequired\":true,\"valueName\":\"search_term_string\"}}],\"inLanguage\":\"fr-FR\"},{\"@type\":\"Person\",\"@id\":\"https:\/\/www.gereso.com\/actualites\/#\/schema\/person\/c91814f92d627ed4715993fbbf7c7e8d\",\"name\":\"Damien P\u00e9an\",\"image\":{\"@type\":\"ImageObject\",\"inLanguage\":\"fr-FR\",\"@id\":\"https:\/\/www.gereso.com\/actualites\/#\/schema\/person\/image\/\",\"url\":\"https:\/\/www.gereso.com\/actualites\/wp-content\/uploads\/2016\/03\/damien-pean.jpg\",\"contentUrl\":\"https:\/\/www.gereso.com\/actualites\/wp-content\/uploads\/2016\/03\/damien-pean.jpg\",\"caption\":\"Damien P\u00e9an\"},\"description\":\"Damien P\u00c9AN est titulaire du Dipl\u00f4me d'\u00e9tudes sup\u00e9rieures comptables et financi\u00e8res (DESCF). Il intervient depuis plusieurs ann\u00e9es aupr\u00e8s d'\u00e9tudiants en licence de comptabilit\u00e9 et de gestion, \u00e0 qui il enseigne le contr\u00f4le de gestion, la comptabilit\u00e9 approfondie, le management, la fiscalit\u00e9, le droit des soci\u00e9t\u00e9s et le droit du travail. Il intervient \u00e9galement en formation continue pour le compte de divers organismes de formation sur des th\u00e9matiques techniques en comptabilit\u00e9 et fiscalit\u00e9. Il forme aussi un public de non-initi\u00e9s aux fondamentaux de la finance.\",\"url\":\"https:\/\/www.gereso.com\/actualites\/author\/d-pean\/\"}]}<\/script>\n<!-- \/ Yoast SEO plugin. -->","yoast_head_json":{"title":"IS, CVAE, taxe sur les salaires : nouvelles \u00e9ch\u00e9ances - Le Blog GERESO","robots":{"index":"index","follow":"follow","max-snippet":"max-snippet:-1","max-image-preview":"max-image-preview:large","max-video-preview":"max-video-preview:-1"},"canonical":"https:\/\/www.gereso.com\/actualites\/2020\/05\/25\/is-cvae-taxe-sur-les-salaires-nouvelles-echeances\/","og_locale":"fr_FR","og_type":"article","og_title":"IS, CVAE, taxe sur les salaires : nouvelles \u00e9ch\u00e9ances - Le Blog GERESO","og_description":"L\u2019administration fiscale a r\u00e9cemment mis \u00e0 jour sa foire aux questions relative aux cons\u00e9quences de la crise sanitaire actuelle sur les \u00e9ch\u00e9ances d\u00e9claratives fiscales. Ders pr\u00e9cisions sont apport\u00e9es sur les dates de report de l\u2019IS, de la CVAE et d\u2019autres imp\u00f4ts. IS et CVAE Le report au 30 juin de la plupart des \u00e9ch\u00e9ances fiscales [&hellip;]","og_url":"https:\/\/www.gereso.com\/actualites\/2020\/05\/25\/is-cvae-taxe-sur-les-salaires-nouvelles-echeances\/","og_site_name":"Le Blog GERESO","article_published_time":"2020-05-25T14:02:58+00:00","article_modified_time":"2022-03-14T09:34:51+00:00","author":"Damien P\u00e9an","twitter_card":"summary_large_image","schema":{"@context":"https:\/\/schema.org","@graph":[{"@type":"WebPage","@id":"https:\/\/www.gereso.com\/actualites\/2020\/05\/25\/is-cvae-taxe-sur-les-salaires-nouvelles-echeances\/","url":"https:\/\/www.gereso.com\/actualites\/2020\/05\/25\/is-cvae-taxe-sur-les-salaires-nouvelles-echeances\/","name":"IS, CVAE, taxe sur les salaires : nouvelles \u00e9ch\u00e9ances - Le Blog GERESO","isPartOf":{"@id":"https:\/\/www.gereso.com\/actualites\/#website"},"datePublished":"2020-05-25T14:02:58+00:00","dateModified":"2022-03-14T09:34:51+00:00","author":{"@id":"https:\/\/www.gereso.com\/actualites\/#\/schema\/person\/c91814f92d627ed4715993fbbf7c7e8d"},"breadcrumb":{"@id":"https:\/\/www.gereso.com\/actualites\/2020\/05\/25\/is-cvae-taxe-sur-les-salaires-nouvelles-echeances\/#breadcrumb"},"inLanguage":"fr-FR","potentialAction":[{"@type":"ReadAction","target":["https:\/\/www.gereso.com\/actualites\/2020\/05\/25\/is-cvae-taxe-sur-les-salaires-nouvelles-echeances\/"]}]},{"@type":"BreadcrumbList","@id":"https:\/\/www.gereso.com\/actualites\/2020\/05\/25\/is-cvae-taxe-sur-les-salaires-nouvelles-echeances\/#breadcrumb","itemListElement":[{"@type":"ListItem","position":1,"name":"Home","item":"https:\/\/www.gereso.com\/actualites\/"},{"@type":"ListItem","position":2,"name":"IS, CVAE, taxe sur les salaires : nouvelles \u00e9ch\u00e9ances"}]},{"@type":"WebSite","@id":"https:\/\/www.gereso.com\/actualites\/#website","url":"https:\/\/www.gereso.com\/actualites\/","name":"Le Blog GERESO","description":"Toute l&#039;actu RH, Finance, Fonction Publique, Management...","potentialAction":[{"@type":"SearchAction","target":{"@type":"EntryPoint","urlTemplate":"https:\/\/www.gereso.com\/actualites\/?s={search_term_string}"},"query-input":{"@type":"PropertyValueSpecification","valueRequired":true,"valueName":"search_term_string"}}],"inLanguage":"fr-FR"},{"@type":"Person","@id":"https:\/\/www.gereso.com\/actualites\/#\/schema\/person\/c91814f92d627ed4715993fbbf7c7e8d","name":"Damien P\u00e9an","image":{"@type":"ImageObject","inLanguage":"fr-FR","@id":"https:\/\/www.gereso.com\/actualites\/#\/schema\/person\/image\/","url":"https:\/\/www.gereso.com\/actualites\/wp-content\/uploads\/2016\/03\/damien-pean.jpg","contentUrl":"https:\/\/www.gereso.com\/actualites\/wp-content\/uploads\/2016\/03\/damien-pean.jpg","caption":"Damien P\u00e9an"},"description":"Damien P\u00c9AN est titulaire du Dipl\u00f4me d'\u00e9tudes sup\u00e9rieures comptables et financi\u00e8res (DESCF). Il intervient depuis plusieurs ann\u00e9es aupr\u00e8s d'\u00e9tudiants en licence de comptabilit\u00e9 et de gestion, \u00e0 qui il enseigne le contr\u00f4le de gestion, la comptabilit\u00e9 approfondie, le management, la fiscalit\u00e9, le droit des soci\u00e9t\u00e9s et le droit du travail. Il intervient \u00e9galement en formation continue pour le compte de divers organismes de formation sur des th\u00e9matiques techniques en comptabilit\u00e9 et fiscalit\u00e9. Il forme aussi un public de non-initi\u00e9s aux fondamentaux de la finance.","url":"https:\/\/www.gereso.com\/actualites\/author\/d-pean\/"}]}},"_links":{"self":[{"href":"https:\/\/www.gereso.com\/actualites\/wp-json\/wp\/v2\/posts\/15449","targetHints":{"allow":["GET"]}}],"collection":[{"href":"https:\/\/www.gereso.com\/actualites\/wp-json\/wp\/v2\/posts"}],"about":[{"href":"https:\/\/www.gereso.com\/actualites\/wp-json\/wp\/v2\/types\/post"}],"author":[{"embeddable":true,"href":"https:\/\/www.gereso.com\/actualites\/wp-json\/wp\/v2\/users\/45"}],"replies":[{"embeddable":true,"href":"https:\/\/www.gereso.com\/actualites\/wp-json\/wp\/v2\/comments?post=15449"}],"version-history":[{"count":2,"href":"https:\/\/www.gereso.com\/actualites\/wp-json\/wp\/v2\/posts\/15449\/revisions"}],"predecessor-version":[{"id":26337,"href":"https:\/\/www.gereso.com\/actualites\/wp-json\/wp\/v2\/posts\/15449\/revisions\/26337"}],"wp:attachment":[{"href":"https:\/\/www.gereso.com\/actualites\/wp-json\/wp\/v2\/media?parent=15449"}],"wp:term":[{"taxonomy":"category","embeddable":true,"href":"https:\/\/www.gereso.com\/actualites\/wp-json\/wp\/v2\/categories?post=15449"},{"taxonomy":"post_tag","embeddable":true,"href":"https:\/\/www.gereso.com\/actualites\/wp-json\/wp\/v2\/tags?post=15449"}],"curies":[{"name":"wp","href":"https:\/\/api.w.org\/{rel}","templated":true}]}}