{"id":1554,"date":"2009-01-14T00:00:00","date_gmt":"2009-01-13T22:00:00","guid":{"rendered":"https:\/\/www.gereso.com\/actualites\/2009\/01\/revalorisation-des-prestations-familiales-et-de-lallocation-de-garde-denfant-a-domicile-aged\/"},"modified":"2009-01-14T00:00:00","modified_gmt":"2009-01-13T22:00:00","slug":"revalorisation-des-prestations-familiales-et-de-lallocation-de-garde-denfant-a-domicile-aged","status":"publish","type":"post","link":"https:\/\/www.gereso.com\/actualites\/2009\/01\/14\/revalorisation-des-prestations-familiales-et-de-lallocation-de-garde-denfant-a-domicile-aged\/","title":{"rendered":"Revalorisation des prestations familiales et de l&#039;allocation de garde d&#039;enfant \u00e0 domicile (AGED)"},"content":{"rendered":"<p>Le d\u00e9cret n\u00b0 2008-1559 du 31 d\u00e9cembre 2008 fixe<span style=\"font-weight: bold;\"> la revalorisation de la base mensuelle de calcul des prestations familiales \u00e0 compter du 1er janvier 2009 \u00e0 389,20 &euro;<\/span> (CSS, art. L. 551-1).<\/p>\n<p>Le d\u00e9cret n\u00b0 2008-1558 du 31 d\u00e9cembre 2008 fixe le montant de l&rsquo;allocation de garde d&rsquo;enfant \u00e0 domicile \u00e0 compter du 1er janvier 2009. Il pr\u00e9voit que pour l&rsquo;application du IV de l&rsquo;article L. 842-2 du Code de la s\u00e9curit\u00e9 sociale, dans sa r\u00e9daction ant\u00e9rieure au 1er janvier 2004, le montant maximal trimestriel de l&rsquo;allocation de garde d&rsquo;enfant \u00e0 domicile \u00e0 taux r\u00e9duit est \u00e9gal \u00e0 <span style=\"font-weight: bold;\">50 % des cotisations patronales et salariales mentionn\u00e9es au I de l&rsquo;article L. 842-2 du m\u00eame code dans la limite de 570 &euro; pour les p\u00e9riodes d&#8217;emploi post\u00e9rieures au 1er janvier 2009.<\/span><br \/>\u00a0<br \/>Sources : D\u00e9cret n\u00b0 2008-1558, 31 d\u00e9c. 2008 : JO 1er janv. 2009, p. 98<br \/>D\u00e9cret n\u00b0 2008-1559, 31 d\u00e9c. 2008 : JO 1er janv. 2009, p. 98<\/p>\n<p><\/p>\n","protected":false},"excerpt":{"rendered":"<p>Le d\u00e9cret n\u00b0 2008-1559 du 31 d\u00e9cembre 2008 fixe la revalorisation de la base mensuelle de calcul des prestations familiales \u00e0 compter du 1er janvier 2009 \u00e0 389,20 &euro; (CSS, art. L. 551-1). Le d\u00e9cret n\u00b0 2008-1558 du 31 d\u00e9cembre 2008 fixe le montant de l&rsquo;allocation de garde d&rsquo;enfant \u00e0 domicile \u00e0 compter du 1er [&hellip;]<\/p>\n","protected":false},"author":32,"featured_media":0,"comment_status":"open","ping_status":"open","sticky":false,"template":"","format":"standard","meta":{"_acf_changed":false,"_mi_skip_tracking":false,"footnotes":""},"categories":[4],"tags":[],"class_list":["post-1554","post","type-post","status-publish","format-standard","hentry","category-retraite-et-protection-sociale"],"acf":[],"yoast_head":"<!-- This site is optimized with the Yoast SEO plugin v23.4 - https:\/\/yoast.com\/wordpress\/plugins\/seo\/ -->\n<title>Revalorisation des prestations familiales et de l&#039;allocation de garde d&#039;enfant \u00e0 domicile (AGED) - Le Blog GERESO<\/title>\n<meta name=\"robots\" content=\"index, follow, max-snippet:-1, max-image-preview:large, max-video-preview:-1\" \/>\n<link rel=\"canonical\" href=\"https:\/\/www.gereso.com\/actualites\/2009\/01\/14\/revalorisation-des-prestations-familiales-et-de-lallocation-de-garde-denfant-a-domicile-aged\/\" \/>\n<meta property=\"og:locale\" content=\"fr_FR\" \/>\n<meta property=\"og:type\" content=\"article\" \/>\n<meta property=\"og:title\" content=\"Revalorisation des prestations familiales et de l&#039;allocation de garde d&#039;enfant \u00e0 domicile (AGED) - Le Blog GERESO\" \/>\n<meta property=\"og:description\" content=\"Le d\u00e9cret n\u00b0 2008-1559 du 31 d\u00e9cembre 2008 fixe la revalorisation de la base mensuelle de calcul des prestations familiales \u00e0 compter du 1er janvier 2009 \u00e0 389,20 &euro; (CSS, art. L. 551-1). Le d\u00e9cret n\u00b0 2008-1558 du 31 d\u00e9cembre 2008 fixe le montant de l&rsquo;allocation de garde d&rsquo;enfant \u00e0 domicile \u00e0 compter du 1er [&hellip;]\" \/>\n<meta property=\"og:url\" content=\"https:\/\/www.gereso.com\/actualites\/2009\/01\/14\/revalorisation-des-prestations-familiales-et-de-lallocation-de-garde-denfant-a-domicile-aged\/\" \/>\n<meta property=\"og:site_name\" content=\"Le Blog GERESO\" \/>\n<meta property=\"article:published_time\" content=\"2009-01-13T22:00:00+00:00\" \/>\n<meta name=\"author\" content=\"\u00c9quipe GERESO\" \/>\n<meta name=\"twitter:card\" content=\"summary_large_image\" \/>\n<script type=\"application\/ld+json\" class=\"yoast-schema-graph\">{\"@context\":\"https:\/\/schema.org\",\"@graph\":[{\"@type\":\"WebPage\",\"@id\":\"https:\/\/www.gereso.com\/actualites\/2009\/01\/14\/revalorisation-des-prestations-familiales-et-de-lallocation-de-garde-denfant-a-domicile-aged\/\",\"url\":\"https:\/\/www.gereso.com\/actualites\/2009\/01\/14\/revalorisation-des-prestations-familiales-et-de-lallocation-de-garde-denfant-a-domicile-aged\/\",\"name\":\"Revalorisation des prestations familiales et de l&#039;allocation de garde d&#039;enfant \u00e0 domicile (AGED) - Le Blog GERESO\",\"isPartOf\":{\"@id\":\"https:\/\/www.gereso.com\/actualites\/#website\"},\"datePublished\":\"2009-01-13T22:00:00+00:00\",\"dateModified\":\"2009-01-13T22:00:00+00:00\",\"author\":{\"@id\":\"https:\/\/www.gereso.com\/actualites\/#\/schema\/person\/197d8aef40cb4ae3f6a0aa9e1d3df2a6\"},\"breadcrumb\":{\"@id\":\"https:\/\/www.gereso.com\/actualites\/2009\/01\/14\/revalorisation-des-prestations-familiales-et-de-lallocation-de-garde-denfant-a-domicile-aged\/#breadcrumb\"},\"inLanguage\":\"fr-FR\",\"potentialAction\":[{\"@type\":\"ReadAction\",\"target\":[\"https:\/\/www.gereso.com\/actualites\/2009\/01\/14\/revalorisation-des-prestations-familiales-et-de-lallocation-de-garde-denfant-a-domicile-aged\/\"]}]},{\"@type\":\"BreadcrumbList\",\"@id\":\"https:\/\/www.gereso.com\/actualites\/2009\/01\/14\/revalorisation-des-prestations-familiales-et-de-lallocation-de-garde-denfant-a-domicile-aged\/#breadcrumb\",\"itemListElement\":[{\"@type\":\"ListItem\",\"position\":1,\"name\":\"Home\",\"item\":\"https:\/\/www.gereso.com\/actualites\/\"},{\"@type\":\"ListItem\",\"position\":2,\"name\":\"Revalorisation des prestations familiales et de l&#039;allocation de garde d&#039;enfant \u00e0 domicile (AGED)\"}]},{\"@type\":\"WebSite\",\"@id\":\"https:\/\/www.gereso.com\/actualites\/#website\",\"url\":\"https:\/\/www.gereso.com\/actualites\/\",\"name\":\"Le Blog GERESO\",\"description\":\"Toute l&#039;actu RH, Finance, Fonction Publique, Management...\",\"potentialAction\":[{\"@type\":\"SearchAction\",\"target\":{\"@type\":\"EntryPoint\",\"urlTemplate\":\"https:\/\/www.gereso.com\/actualites\/?s={search_term_string}\"},\"query-input\":{\"@type\":\"PropertyValueSpecification\",\"valueRequired\":true,\"valueName\":\"search_term_string\"}}],\"inLanguage\":\"fr-FR\"},{\"@type\":\"Person\",\"@id\":\"https:\/\/www.gereso.com\/actualites\/#\/schema\/person\/197d8aef40cb4ae3f6a0aa9e1d3df2a6\",\"name\":\"\u00c9quipe GERESO\",\"image\":{\"@type\":\"ImageObject\",\"inLanguage\":\"fr-FR\",\"@id\":\"https:\/\/www.gereso.com\/actualites\/#\/schema\/person\/image\/\",\"url\":\"https:\/\/www.gereso.com\/actualites\/wp-content\/uploads\/2013\/12\/avatar-gereso-1.png\",\"contentUrl\":\"https:\/\/www.gereso.com\/actualites\/wp-content\/uploads\/2013\/12\/avatar-gereso-1.png\",\"caption\":\"\u00c9quipe GERESO\"},\"url\":\"https:\/\/www.gereso.com\/actualites\/author\/gereso\/\"}]}<\/script>\n<!-- \/ Yoast SEO plugin. -->","yoast_head_json":{"title":"Revalorisation des prestations familiales et de l&#039;allocation de garde d&#039;enfant \u00e0 domicile (AGED) - Le Blog GERESO","robots":{"index":"index","follow":"follow","max-snippet":"max-snippet:-1","max-image-preview":"max-image-preview:large","max-video-preview":"max-video-preview:-1"},"canonical":"https:\/\/www.gereso.com\/actualites\/2009\/01\/14\/revalorisation-des-prestations-familiales-et-de-lallocation-de-garde-denfant-a-domicile-aged\/","og_locale":"fr_FR","og_type":"article","og_title":"Revalorisation des prestations familiales et de l&#039;allocation de garde d&#039;enfant \u00e0 domicile (AGED) - Le Blog GERESO","og_description":"Le d\u00e9cret n\u00b0 2008-1559 du 31 d\u00e9cembre 2008 fixe la revalorisation de la base mensuelle de calcul des prestations familiales \u00e0 compter du 1er janvier 2009 \u00e0 389,20 &euro; (CSS, art. L. 551-1). Le d\u00e9cret n\u00b0 2008-1558 du 31 d\u00e9cembre 2008 fixe le montant de l&rsquo;allocation de garde d&rsquo;enfant \u00e0 domicile \u00e0 compter du 1er [&hellip;]","og_url":"https:\/\/www.gereso.com\/actualites\/2009\/01\/14\/revalorisation-des-prestations-familiales-et-de-lallocation-de-garde-denfant-a-domicile-aged\/","og_site_name":"Le Blog GERESO","article_published_time":"2009-01-13T22:00:00+00:00","author":"\u00c9quipe GERESO","twitter_card":"summary_large_image","schema":{"@context":"https:\/\/schema.org","@graph":[{"@type":"WebPage","@id":"https:\/\/www.gereso.com\/actualites\/2009\/01\/14\/revalorisation-des-prestations-familiales-et-de-lallocation-de-garde-denfant-a-domicile-aged\/","url":"https:\/\/www.gereso.com\/actualites\/2009\/01\/14\/revalorisation-des-prestations-familiales-et-de-lallocation-de-garde-denfant-a-domicile-aged\/","name":"Revalorisation des prestations familiales et de l&#039;allocation de garde d&#039;enfant \u00e0 domicile (AGED) - Le Blog GERESO","isPartOf":{"@id":"https:\/\/www.gereso.com\/actualites\/#website"},"datePublished":"2009-01-13T22:00:00+00:00","dateModified":"2009-01-13T22:00:00+00:00","author":{"@id":"https:\/\/www.gereso.com\/actualites\/#\/schema\/person\/197d8aef40cb4ae3f6a0aa9e1d3df2a6"},"breadcrumb":{"@id":"https:\/\/www.gereso.com\/actualites\/2009\/01\/14\/revalorisation-des-prestations-familiales-et-de-lallocation-de-garde-denfant-a-domicile-aged\/#breadcrumb"},"inLanguage":"fr-FR","potentialAction":[{"@type":"ReadAction","target":["https:\/\/www.gereso.com\/actualites\/2009\/01\/14\/revalorisation-des-prestations-familiales-et-de-lallocation-de-garde-denfant-a-domicile-aged\/"]}]},{"@type":"BreadcrumbList","@id":"https:\/\/www.gereso.com\/actualites\/2009\/01\/14\/revalorisation-des-prestations-familiales-et-de-lallocation-de-garde-denfant-a-domicile-aged\/#breadcrumb","itemListElement":[{"@type":"ListItem","position":1,"name":"Home","item":"https:\/\/www.gereso.com\/actualites\/"},{"@type":"ListItem","position":2,"name":"Revalorisation des prestations familiales et de l&#039;allocation de garde d&#039;enfant \u00e0 domicile (AGED)"}]},{"@type":"WebSite","@id":"https:\/\/www.gereso.com\/actualites\/#website","url":"https:\/\/www.gereso.com\/actualites\/","name":"Le Blog GERESO","description":"Toute l&#039;actu RH, Finance, Fonction Publique, Management...","potentialAction":[{"@type":"SearchAction","target":{"@type":"EntryPoint","urlTemplate":"https:\/\/www.gereso.com\/actualites\/?s={search_term_string}"},"query-input":{"@type":"PropertyValueSpecification","valueRequired":true,"valueName":"search_term_string"}}],"inLanguage":"fr-FR"},{"@type":"Person","@id":"https:\/\/www.gereso.com\/actualites\/#\/schema\/person\/197d8aef40cb4ae3f6a0aa9e1d3df2a6","name":"\u00c9quipe GERESO","image":{"@type":"ImageObject","inLanguage":"fr-FR","@id":"https:\/\/www.gereso.com\/actualites\/#\/schema\/person\/image\/","url":"https:\/\/www.gereso.com\/actualites\/wp-content\/uploads\/2013\/12\/avatar-gereso-1.png","contentUrl":"https:\/\/www.gereso.com\/actualites\/wp-content\/uploads\/2013\/12\/avatar-gereso-1.png","caption":"\u00c9quipe GERESO"},"url":"https:\/\/www.gereso.com\/actualites\/author\/gereso\/"}]}},"_links":{"self":[{"href":"https:\/\/www.gereso.com\/actualites\/wp-json\/wp\/v2\/posts\/1554","targetHints":{"allow":["GET"]}}],"collection":[{"href":"https:\/\/www.gereso.com\/actualites\/wp-json\/wp\/v2\/posts"}],"about":[{"href":"https:\/\/www.gereso.com\/actualites\/wp-json\/wp\/v2\/types\/post"}],"author":[{"embeddable":true,"href":"https:\/\/www.gereso.com\/actualites\/wp-json\/wp\/v2\/users\/32"}],"replies":[{"embeddable":true,"href":"https:\/\/www.gereso.com\/actualites\/wp-json\/wp\/v2\/comments?post=1554"}],"version-history":[{"count":0,"href":"https:\/\/www.gereso.com\/actualites\/wp-json\/wp\/v2\/posts\/1554\/revisions"}],"wp:attachment":[{"href":"https:\/\/www.gereso.com\/actualites\/wp-json\/wp\/v2\/media?parent=1554"}],"wp:term":[{"taxonomy":"category","embeddable":true,"href":"https:\/\/www.gereso.com\/actualites\/wp-json\/wp\/v2\/categories?post=1554"},{"taxonomy":"post_tag","embeddable":true,"href":"https:\/\/www.gereso.com\/actualites\/wp-json\/wp\/v2\/tags?post=1554"}],"curies":[{"name":"wp","href":"https:\/\/api.w.org\/{rel}","templated":true}]}}