{"id":1582,"date":"2010-02-18T00:00:00","date_gmt":"2010-02-17T22:00:00","guid":{"rendered":"https:\/\/www.gereso.com\/actualites\/2010\/02\/decompte-des-effectifs\/"},"modified":"2010-02-18T00:00:00","modified_gmt":"2010-02-17T22:00:00","slug":"decompte-des-effectifs","status":"publish","type":"post","link":"https:\/\/www.gereso.com\/actualites\/2010\/02\/18\/decompte-des-effectifs\/","title":{"rendered":"D\u00e9compte des effectifs"},"content":{"rendered":"\n<p><strong>La Direction de la s\u00e9curit\u00e9 sociale d\u00e9crypte dans une circulaire r\u00e9cente les nouvelles r\u00e8gles de calcul de d\u00e9compte des effectifs par dispositif d&rsquo;exon\u00e9ration concern\u00e9. <\/strong> <\/p>\n<li> <strong>Depuis le d\u00e9cret du 23 juin 2009, l&rsquo;effectif calcul\u00e9 uniform\u00e9ment au 31 d\u00e9cembre est \u00e9gal \u00e0 la moyenne des effectifs d\u00e9termin\u00e9s chaque mois de l&rsquo;ann\u00e9e civile.<\/strong> <\/li>\n<li><strong>Les mois au cours desquels aucun salari\u00e9 n&rsquo;est employ\u00e9 ne sont pas pris en compte pour la d\u00e9termination de cette moyenne. <\/strong>  <\/li>\n<h3><strong>Qui est pris en compte&nbsp;?<\/strong><br \/> <\/h3>\n<p>Les effectifs du mois sont d\u00e9termin\u00e9s en prenant en compte les salari\u00e9s titulaires d&rsquo;un contrat de travail le dernier jour de chaque mois, y compris les salari\u00e9s absents, conform\u00e9ment aux articles L. 1111-2, L. 1111-3 et L. 1251-54 du Code du travail (et non en plus en r\u00e9f\u00e9rence au Code de la s\u00e9curit\u00e9 sociale). <\/p>\n<p>Ainsi, sont pris en compte dans le calcul des effectifs : <\/p>\n<li>les travailleurs \u00e0 domicile, <\/li>\n<li>les salari\u00e9s titulaires d&rsquo;un contrat de travail intermittent, \u00e0 due proportion de leur temps de pr\u00e9sence au cours des 12 mois pr\u00e9c\u00e9dents, <\/li>\n<li>les salari\u00e9s \u00e0 temps partiel, en divisant la somme totale des horaires inscrits dans leurs contrats de travail par la dur\u00e9e l\u00e9gale ou \u00e0 la dur\u00e9e conventionnelle du travail, <\/li>\n<li>les salari\u00e9s mis \u00e0 la disposition de l&rsquo;entreprise par une entreprise ext\u00e9rieure qui sont pr\u00e9sents dans les locaux de l&rsquo;entreprise utilisatrice et y travaillent depuis au moins un an, \u00e0 due proportion de leur temps de pr\u00e9sence au cours des 12 mois pr\u00e9c\u00e9dents. Sauf s&rsquo;ils remplacent un salari\u00e9 absent ou dont le contrat de travail est suspendu du fait d&rsquo;un cong\u00e9 de maternit\u00e9, d&rsquo;un cong\u00e9 d&rsquo;adoption ou d&rsquo;un cong\u00e9 parental d&rsquo;\u00e9ducation,<\/li>\n<li>les int\u00e9rimaires, \u00e0 due proportion de leur temps de pr\u00e9sence au cours des 12 mois pr\u00e9c\u00e9dents, sauf s&rsquo;ils remplacent un salari\u00e9 absent ou dont le contrat de travail est suspendu du fait d&rsquo;un cong\u00e9 de maternit\u00e9, d&rsquo;un cong\u00e9 d&rsquo;adoption ou d&rsquo;un cong\u00e9 parental d&rsquo;\u00e9ducation. <\/li>\n<p><strong>NB : <\/strong>Pour les groupements d&#8217;employeurs, l&rsquo;effectif \u00e0 prendre en compte est celui des membres adh\u00e9rents, \u00e0 l&rsquo;exclusion des salari\u00e9s qu&rsquo;ils mettent \u00e0 disposition d&rsquo;une entreprise ext\u00e9rieure.<\/p>\n<p>Demeurent exclus du calcul de l&rsquo;effectif de l&rsquo;entreprise : les apprentis, les titulaires d&rsquo;un CUI (contrat unique d&rsquo;insertion) et les titulaires de contrat de professionnalisation jusqu&rsquo;au terme de leur contrat ou de leur action de professionnalisation.<\/p>\n<h3>C&rsquo;est pour quand&nbsp;?<\/h3>\n<p>Le d\u00e9cret du 23 juin 2009 \u00e9tant entr\u00e9 en vigueur le 25 juin 2009, l&rsquo;effectif d\u00e9termin\u00e9 au 31 d\u00e9cembre 2009 en fonction de la moyenne des effectifs de l&rsquo;ann\u00e9e 2009 doit \u00eatre d\u00e9compt\u00e9 en application des nouvelles dispositions pour :<\/p>\n<li>la r\u00e9duction Fillon <\/li>\n<li>la d\u00e9duction forfaitaire des cotisations patronales pour heures suppl\u00e9mentaires<\/li>\n<li>l&rsquo;assujettissement au Fnal suppl\u00e9mentaire <\/li>\n<li>la participation \u00e0 la formation <\/li>\n<p>En revanche, pour l&rsquo;exon\u00e9ration Apprentis et pour d\u00e9terminer l&rsquo;assujettissement au versement de transport, deux situations sont susceptibles de se pr\u00e9senter en cas de cr\u00e9ation d&rsquo;entreprises ou d&rsquo;\u00e9tablissements avant ou apr\u00e8s le 25 juin 2009. Rendez vous sur le site de la Direction de la s\u00e9curit\u00e9 sociale pour le d\u00e9tail des mesures applicables dans ces cas sp\u00e9cifiques\u00a0! ).<\/p>\n","protected":false},"excerpt":{"rendered":"<p>La Direction de la s\u00e9curit\u00e9 sociale d\u00e9crypte dans une circulaire r\u00e9cente les nouvelles r\u00e8gles de calcul de d\u00e9compte des effectifs par dispositif d&rsquo;exon\u00e9ration concern\u00e9. Depuis le d\u00e9cret du 23 juin 2009, l&rsquo;effectif calcul\u00e9 uniform\u00e9ment au 31 d\u00e9cembre est \u00e9gal \u00e0 la moyenne des effectifs d\u00e9termin\u00e9s chaque mois de l&rsquo;ann\u00e9e civile. Les mois au cours desquels [&hellip;]<\/p>\n","protected":false},"author":32,"featured_media":0,"comment_status":"open","ping_status":"open","sticky":false,"template":"","format":"standard","meta":{"_acf_changed":false,"_mi_skip_tracking":false,"footnotes":""},"categories":[4],"tags":[],"class_list":["post-1582","post","type-post","status-publish","format-standard","hentry","category-retraite-et-protection-sociale"],"acf":[],"yoast_head":"<!-- This site is optimized with the Yoast SEO plugin v23.4 - https:\/\/yoast.com\/wordpress\/plugins\/seo\/ -->\n<title>D\u00e9compte des effectifs - Le Blog GERESO<\/title>\n<meta name=\"robots\" content=\"index, follow, max-snippet:-1, max-image-preview:large, max-video-preview:-1\" \/>\n<link rel=\"canonical\" href=\"https:\/\/www.gereso.com\/actualites\/2010\/02\/18\/decompte-des-effectifs\/\" \/>\n<meta property=\"og:locale\" content=\"fr_FR\" \/>\n<meta property=\"og:type\" content=\"article\" \/>\n<meta property=\"og:title\" content=\"D\u00e9compte des effectifs - Le Blog GERESO\" \/>\n<meta property=\"og:description\" content=\"La Direction de la s\u00e9curit\u00e9 sociale d\u00e9crypte dans une circulaire r\u00e9cente les nouvelles r\u00e8gles de calcul de d\u00e9compte des effectifs par dispositif d&rsquo;exon\u00e9ration concern\u00e9. Depuis le d\u00e9cret du 23 juin 2009, l&rsquo;effectif calcul\u00e9 uniform\u00e9ment au 31 d\u00e9cembre est \u00e9gal \u00e0 la moyenne des effectifs d\u00e9termin\u00e9s chaque mois de l&rsquo;ann\u00e9e civile. Les mois au cours desquels [&hellip;]\" \/>\n<meta property=\"og:url\" content=\"https:\/\/www.gereso.com\/actualites\/2010\/02\/18\/decompte-des-effectifs\/\" \/>\n<meta property=\"og:site_name\" content=\"Le Blog GERESO\" \/>\n<meta property=\"article:published_time\" content=\"2010-02-17T22:00:00+00:00\" \/>\n<meta name=\"author\" content=\"\u00c9quipe GERESO\" \/>\n<meta name=\"twitter:card\" content=\"summary_large_image\" \/>\n<script type=\"application\/ld+json\" class=\"yoast-schema-graph\">{\"@context\":\"https:\/\/schema.org\",\"@graph\":[{\"@type\":\"WebPage\",\"@id\":\"https:\/\/www.gereso.com\/actualites\/2010\/02\/18\/decompte-des-effectifs\/\",\"url\":\"https:\/\/www.gereso.com\/actualites\/2010\/02\/18\/decompte-des-effectifs\/\",\"name\":\"D\u00e9compte des effectifs - Le Blog GERESO\",\"isPartOf\":{\"@id\":\"https:\/\/www.gereso.com\/actualites\/#website\"},\"datePublished\":\"2010-02-17T22:00:00+00:00\",\"dateModified\":\"2010-02-17T22:00:00+00:00\",\"author\":{\"@id\":\"https:\/\/www.gereso.com\/actualites\/#\/schema\/person\/197d8aef40cb4ae3f6a0aa9e1d3df2a6\"},\"breadcrumb\":{\"@id\":\"https:\/\/www.gereso.com\/actualites\/2010\/02\/18\/decompte-des-effectifs\/#breadcrumb\"},\"inLanguage\":\"fr-FR\",\"potentialAction\":[{\"@type\":\"ReadAction\",\"target\":[\"https:\/\/www.gereso.com\/actualites\/2010\/02\/18\/decompte-des-effectifs\/\"]}]},{\"@type\":\"BreadcrumbList\",\"@id\":\"https:\/\/www.gereso.com\/actualites\/2010\/02\/18\/decompte-des-effectifs\/#breadcrumb\",\"itemListElement\":[{\"@type\":\"ListItem\",\"position\":1,\"name\":\"Home\",\"item\":\"https:\/\/www.gereso.com\/actualites\/\"},{\"@type\":\"ListItem\",\"position\":2,\"name\":\"D\u00e9compte des effectifs\"}]},{\"@type\":\"WebSite\",\"@id\":\"https:\/\/www.gereso.com\/actualites\/#website\",\"url\":\"https:\/\/www.gereso.com\/actualites\/\",\"name\":\"Le Blog GERESO\",\"description\":\"Toute l&#039;actu RH, Finance, Fonction Publique, Management...\",\"potentialAction\":[{\"@type\":\"SearchAction\",\"target\":{\"@type\":\"EntryPoint\",\"urlTemplate\":\"https:\/\/www.gereso.com\/actualites\/?s={search_term_string}\"},\"query-input\":{\"@type\":\"PropertyValueSpecification\",\"valueRequired\":true,\"valueName\":\"search_term_string\"}}],\"inLanguage\":\"fr-FR\"},{\"@type\":\"Person\",\"@id\":\"https:\/\/www.gereso.com\/actualites\/#\/schema\/person\/197d8aef40cb4ae3f6a0aa9e1d3df2a6\",\"name\":\"\u00c9quipe GERESO\",\"image\":{\"@type\":\"ImageObject\",\"inLanguage\":\"fr-FR\",\"@id\":\"https:\/\/www.gereso.com\/actualites\/#\/schema\/person\/image\/\",\"url\":\"https:\/\/www.gereso.com\/actualites\/wp-content\/uploads\/2013\/12\/avatar-gereso-1.png\",\"contentUrl\":\"https:\/\/www.gereso.com\/actualites\/wp-content\/uploads\/2013\/12\/avatar-gereso-1.png\",\"caption\":\"\u00c9quipe GERESO\"},\"url\":\"https:\/\/www.gereso.com\/actualites\/author\/gereso\/\"}]}<\/script>\n<!-- \/ Yoast SEO plugin. -->","yoast_head_json":{"title":"D\u00e9compte des effectifs - Le Blog GERESO","robots":{"index":"index","follow":"follow","max-snippet":"max-snippet:-1","max-image-preview":"max-image-preview:large","max-video-preview":"max-video-preview:-1"},"canonical":"https:\/\/www.gereso.com\/actualites\/2010\/02\/18\/decompte-des-effectifs\/","og_locale":"fr_FR","og_type":"article","og_title":"D\u00e9compte des effectifs - Le Blog GERESO","og_description":"La Direction de la s\u00e9curit\u00e9 sociale d\u00e9crypte dans une circulaire r\u00e9cente les nouvelles r\u00e8gles de calcul de d\u00e9compte des effectifs par dispositif d&rsquo;exon\u00e9ration concern\u00e9. Depuis le d\u00e9cret du 23 juin 2009, l&rsquo;effectif calcul\u00e9 uniform\u00e9ment au 31 d\u00e9cembre est \u00e9gal \u00e0 la moyenne des effectifs d\u00e9termin\u00e9s chaque mois de l&rsquo;ann\u00e9e civile. Les mois au cours desquels [&hellip;]","og_url":"https:\/\/www.gereso.com\/actualites\/2010\/02\/18\/decompte-des-effectifs\/","og_site_name":"Le Blog GERESO","article_published_time":"2010-02-17T22:00:00+00:00","author":"\u00c9quipe GERESO","twitter_card":"summary_large_image","schema":{"@context":"https:\/\/schema.org","@graph":[{"@type":"WebPage","@id":"https:\/\/www.gereso.com\/actualites\/2010\/02\/18\/decompte-des-effectifs\/","url":"https:\/\/www.gereso.com\/actualites\/2010\/02\/18\/decompte-des-effectifs\/","name":"D\u00e9compte des effectifs - Le Blog GERESO","isPartOf":{"@id":"https:\/\/www.gereso.com\/actualites\/#website"},"datePublished":"2010-02-17T22:00:00+00:00","dateModified":"2010-02-17T22:00:00+00:00","author":{"@id":"https:\/\/www.gereso.com\/actualites\/#\/schema\/person\/197d8aef40cb4ae3f6a0aa9e1d3df2a6"},"breadcrumb":{"@id":"https:\/\/www.gereso.com\/actualites\/2010\/02\/18\/decompte-des-effectifs\/#breadcrumb"},"inLanguage":"fr-FR","potentialAction":[{"@type":"ReadAction","target":["https:\/\/www.gereso.com\/actualites\/2010\/02\/18\/decompte-des-effectifs\/"]}]},{"@type":"BreadcrumbList","@id":"https:\/\/www.gereso.com\/actualites\/2010\/02\/18\/decompte-des-effectifs\/#breadcrumb","itemListElement":[{"@type":"ListItem","position":1,"name":"Home","item":"https:\/\/www.gereso.com\/actualites\/"},{"@type":"ListItem","position":2,"name":"D\u00e9compte des effectifs"}]},{"@type":"WebSite","@id":"https:\/\/www.gereso.com\/actualites\/#website","url":"https:\/\/www.gereso.com\/actualites\/","name":"Le Blog GERESO","description":"Toute l&#039;actu RH, Finance, Fonction Publique, Management...","potentialAction":[{"@type":"SearchAction","target":{"@type":"EntryPoint","urlTemplate":"https:\/\/www.gereso.com\/actualites\/?s={search_term_string}"},"query-input":{"@type":"PropertyValueSpecification","valueRequired":true,"valueName":"search_term_string"}}],"inLanguage":"fr-FR"},{"@type":"Person","@id":"https:\/\/www.gereso.com\/actualites\/#\/schema\/person\/197d8aef40cb4ae3f6a0aa9e1d3df2a6","name":"\u00c9quipe GERESO","image":{"@type":"ImageObject","inLanguage":"fr-FR","@id":"https:\/\/www.gereso.com\/actualites\/#\/schema\/person\/image\/","url":"https:\/\/www.gereso.com\/actualites\/wp-content\/uploads\/2013\/12\/avatar-gereso-1.png","contentUrl":"https:\/\/www.gereso.com\/actualites\/wp-content\/uploads\/2013\/12\/avatar-gereso-1.png","caption":"\u00c9quipe GERESO"},"url":"https:\/\/www.gereso.com\/actualites\/author\/gereso\/"}]}},"_links":{"self":[{"href":"https:\/\/www.gereso.com\/actualites\/wp-json\/wp\/v2\/posts\/1582","targetHints":{"allow":["GET"]}}],"collection":[{"href":"https:\/\/www.gereso.com\/actualites\/wp-json\/wp\/v2\/posts"}],"about":[{"href":"https:\/\/www.gereso.com\/actualites\/wp-json\/wp\/v2\/types\/post"}],"author":[{"embeddable":true,"href":"https:\/\/www.gereso.com\/actualites\/wp-json\/wp\/v2\/users\/32"}],"replies":[{"embeddable":true,"href":"https:\/\/www.gereso.com\/actualites\/wp-json\/wp\/v2\/comments?post=1582"}],"version-history":[{"count":0,"href":"https:\/\/www.gereso.com\/actualites\/wp-json\/wp\/v2\/posts\/1582\/revisions"}],"wp:attachment":[{"href":"https:\/\/www.gereso.com\/actualites\/wp-json\/wp\/v2\/media?parent=1582"}],"wp:term":[{"taxonomy":"category","embeddable":true,"href":"https:\/\/www.gereso.com\/actualites\/wp-json\/wp\/v2\/categories?post=1582"},{"taxonomy":"post_tag","embeddable":true,"href":"https:\/\/www.gereso.com\/actualites\/wp-json\/wp\/v2\/tags?post=1582"}],"curies":[{"name":"wp","href":"https:\/\/api.w.org\/{rel}","templated":true}]}}