{"id":1583,"date":"2010-02-18T00:00:00","date_gmt":"2010-02-17T22:00:00","guid":{"rendered":"https:\/\/www.gereso.com\/actualites\/2010\/02\/reforme-des-retraites\/"},"modified":"2010-02-18T00:00:00","modified_gmt":"2010-02-17T22:00:00","slug":"reforme-des-retraites","status":"publish","type":"post","link":"https:\/\/www.gereso.com\/actualites\/2010\/02\/18\/reforme-des-retraites\/","title":{"rendered":"R\u00e9forme des retraites"},"content":{"rendered":"\n<li> <span style=\"font-weight: bold;\">Davantage<\/span><b> de temps pour le dialogue<\/b><\/li>\n<li> <b>Pas de remise en cause du syst\u00e8me de r\u00e9partition ni baisse des pensions<\/b><\/li>\n<p>Pas de pr\u00e9cipitations pour le plusgros dossier de l&rsquo;ann\u00e9e. La concertation sur la r\u00e9forme desretraites entre les partenaires sociaux et le gouvernement quid\u00e9butera mi-avril devrait permettre au gouvernement de d\u00e9poser unprojet de loi \u00e0 l&rsquo;automne. <\/p>\n<p>Si la feuille de route n&rsquo;a pas \u00e9t\u00e9 r\u00e9v\u00e9l\u00e9e, deux pistes \u00e9mergentcependant: le recul de l&rsquo;\u00e2ge l\u00e9gal de d\u00e9part en retraite etl&rsquo;allongement de la dur\u00e9e d&rsquo;activit\u00e9.<\/p>\n<p>Eneffet, il n&rsquo;y aura pas de remise en cause du syst\u00e8me de r\u00e9partitionet pas non plus de baisse des pensions, a indiqu\u00e9 Nicolas Sarkozylors du Sommet social du 15 f\u00e9vrier. Deux possibilit\u00e9sdonc pour enrayer les d\u00e9ficits: allonger une nouvelle fois la dur\u00e9ede cotisation (cf. lar\u00e9forme Fillon de 2003), et\/ou repousser l&rsquo;\u00e2ge l\u00e9gal de laretraite au-del\u00e0 de 60 ans. Bien qu&rsquo;insuffisante, cette \u00e9ventualit\u00e9est celle qui r\u00e9duirait le plus les d\u00e9ficits \u00e0 court terme.<\/p>\n<div style=\"margin: 10px; padding: 10px; float: left; width: 250px; background-color: rgb(214, 241, 190);\">\n<p><b>En 2050 : les chiffres qui font mal<br \/><\/b><\/p>\n<p>  &#8211; <span style=\"font-weight: bold;\">100 milliards d&rsquo;euros<\/span> : c&rsquo;est le besoin annuel de financement de l&rsquo;ensemble du syst\u00e8me. Soit 4 fois plus qu&rsquo;aujourd&rsquo;hui<\/p>\n<p>&#8211; <span style=\"font-weight: bold;\">20%<\/span>, c&rsquo;est le pourcentage de pensions non financ\u00e9es \u00e0 terme    <\/p>\n<p>&#8211; <span style=\"font-weight: bold;\">33 %<\/span>, c&rsquo;est la proportion de personnes de plus de 60 ans dans la soci\u00e9t\u00e9, contre 22 % en 2009<\/p>\n<p>  &#8211; <span style=\"font-weight: bold;\">1,2<\/span>, c&rsquo;est le nombre de cotisants par retrait\u00e9 \u00e0 terme, contre 3,1 en 1975   \u00a0     <\/p>\n<p>(Chiffres issusdu Figaro)<\/p>\n<\/p><\/div>\n<h3><b>N\u00e9gociations &#038; P\u00e9nibilit\u00e9<\/b><\/h3>\n<p>Il faudra donc attendre mi-avril pourentamer les rounds de la concertation. D&rsquo;ici l\u00e0, le Conseild&rsquo;orientation des retraites (COR) aura achev\u00e9 ses projectionsfinanci\u00e8res actualis\u00e9es des r\u00e9gimes. <\/p>\n<p>Rappelons que les derni\u00e8res\u00ab\u00a0pr\u00e9dictions\u00a0\u00bb du Conseil n&rsquo;appellent pas \u00e0l&rsquo;optimisme sur ce dossier puisque celui-ci ne pr\u00e9voit pas de retourdu plein-emploi avant&#8230; 2024 \u00ab\u00a0au mieux\u00a0\u00bb !<\/p>\n<p>Les discussions se poursuivront doncsur plusieurs mois puisque le gouvernement est revenu sur sa d\u00e9cisionde programmer d\u00e8s juillet l&rsquo;adoption d&rsquo;un texte de loi par leParlement.<\/p>\n<p>Le projet de loi sera donc d\u00e9pos\u00e9d\u00e9but septembre, dans la perspective que le texte soit d\u00e9lib\u00e9r\u00e9et vot\u00e9 au cours du mois. <\/p>\n<p>Par ailleurs, le dossier de lap\u00e9nibilit\u00e9 devrait \u00eatre trait\u00e9 en parall\u00e8le, \u00ab\u00a0maisdans le cadre d&rsquo;une concertation ad hoc avec le gouvernement \u00bb,a annonc\u00e9 Nicolas Sarkozy. Par contre, pas de pr\u00e9cisions sur uneint\u00e9gration possible du sujet dans le projet de loi sur lesretraites.<\/p>\n","protected":false},"excerpt":{"rendered":"<p>Davantage de temps pour le dialogue Pas de remise en cause du syst\u00e8me de r\u00e9partition ni baisse des pensions Pas de pr\u00e9cipitations pour le plusgros dossier de l&rsquo;ann\u00e9e. La concertation sur la r\u00e9forme desretraites entre les partenaires sociaux et le gouvernement quid\u00e9butera mi-avril devrait permettre au gouvernement de d\u00e9poser unprojet de loi \u00e0 l&rsquo;automne. Si [&hellip;]<\/p>\n","protected":false},"author":32,"featured_media":0,"comment_status":"open","ping_status":"open","sticky":false,"template":"","format":"standard","meta":{"_acf_changed":false,"_mi_skip_tracking":false,"footnotes":""},"categories":[4],"tags":[],"class_list":["post-1583","post","type-post","status-publish","format-standard","hentry","category-retraite-et-protection-sociale"],"acf":[],"yoast_head":"<!-- This site is optimized with the Yoast SEO plugin v23.4 - https:\/\/yoast.com\/wordpress\/plugins\/seo\/ -->\n<title>R\u00e9forme des retraites - Le Blog GERESO<\/title>\n<meta name=\"robots\" content=\"index, follow, max-snippet:-1, max-image-preview:large, max-video-preview:-1\" \/>\n<link rel=\"canonical\" href=\"https:\/\/www.gereso.com\/actualites\/2010\/02\/18\/reforme-des-retraites\/\" \/>\n<meta property=\"og:locale\" content=\"fr_FR\" \/>\n<meta property=\"og:type\" content=\"article\" \/>\n<meta property=\"og:title\" content=\"R\u00e9forme des retraites - Le Blog GERESO\" \/>\n<meta property=\"og:description\" content=\"Davantage de temps pour le dialogue Pas de remise en cause du syst\u00e8me de r\u00e9partition ni baisse des pensions Pas de pr\u00e9cipitations pour le plusgros dossier de l&rsquo;ann\u00e9e. La concertation sur la r\u00e9forme desretraites entre les partenaires sociaux et le gouvernement quid\u00e9butera mi-avril devrait permettre au gouvernement de d\u00e9poser unprojet de loi \u00e0 l&rsquo;automne. Si [&hellip;]\" \/>\n<meta property=\"og:url\" content=\"https:\/\/www.gereso.com\/actualites\/2010\/02\/18\/reforme-des-retraites\/\" \/>\n<meta property=\"og:site_name\" content=\"Le Blog GERESO\" \/>\n<meta property=\"article:published_time\" content=\"2010-02-17T22:00:00+00:00\" \/>\n<meta name=\"author\" content=\"\u00c9quipe GERESO\" \/>\n<meta name=\"twitter:card\" content=\"summary_large_image\" \/>\n<script type=\"application\/ld+json\" class=\"yoast-schema-graph\">{\"@context\":\"https:\/\/schema.org\",\"@graph\":[{\"@type\":\"WebPage\",\"@id\":\"https:\/\/www.gereso.com\/actualites\/2010\/02\/18\/reforme-des-retraites\/\",\"url\":\"https:\/\/www.gereso.com\/actualites\/2010\/02\/18\/reforme-des-retraites\/\",\"name\":\"R\u00e9forme des retraites - Le Blog GERESO\",\"isPartOf\":{\"@id\":\"https:\/\/www.gereso.com\/actualites\/#website\"},\"datePublished\":\"2010-02-17T22:00:00+00:00\",\"dateModified\":\"2010-02-17T22:00:00+00:00\",\"author\":{\"@id\":\"https:\/\/www.gereso.com\/actualites\/#\/schema\/person\/197d8aef40cb4ae3f6a0aa9e1d3df2a6\"},\"breadcrumb\":{\"@id\":\"https:\/\/www.gereso.com\/actualites\/2010\/02\/18\/reforme-des-retraites\/#breadcrumb\"},\"inLanguage\":\"fr-FR\",\"potentialAction\":[{\"@type\":\"ReadAction\",\"target\":[\"https:\/\/www.gereso.com\/actualites\/2010\/02\/18\/reforme-des-retraites\/\"]}]},{\"@type\":\"BreadcrumbList\",\"@id\":\"https:\/\/www.gereso.com\/actualites\/2010\/02\/18\/reforme-des-retraites\/#breadcrumb\",\"itemListElement\":[{\"@type\":\"ListItem\",\"position\":1,\"name\":\"Home\",\"item\":\"https:\/\/www.gereso.com\/actualites\/\"},{\"@type\":\"ListItem\",\"position\":2,\"name\":\"R\u00e9forme des retraites\"}]},{\"@type\":\"WebSite\",\"@id\":\"https:\/\/www.gereso.com\/actualites\/#website\",\"url\":\"https:\/\/www.gereso.com\/actualites\/\",\"name\":\"Le Blog GERESO\",\"description\":\"Toute l&#039;actu RH, Finance, Fonction Publique, Management...\",\"potentialAction\":[{\"@type\":\"SearchAction\",\"target\":{\"@type\":\"EntryPoint\",\"urlTemplate\":\"https:\/\/www.gereso.com\/actualites\/?s={search_term_string}\"},\"query-input\":{\"@type\":\"PropertyValueSpecification\",\"valueRequired\":true,\"valueName\":\"search_term_string\"}}],\"inLanguage\":\"fr-FR\"},{\"@type\":\"Person\",\"@id\":\"https:\/\/www.gereso.com\/actualites\/#\/schema\/person\/197d8aef40cb4ae3f6a0aa9e1d3df2a6\",\"name\":\"\u00c9quipe GERESO\",\"image\":{\"@type\":\"ImageObject\",\"inLanguage\":\"fr-FR\",\"@id\":\"https:\/\/www.gereso.com\/actualites\/#\/schema\/person\/image\/\",\"url\":\"https:\/\/www.gereso.com\/actualites\/wp-content\/uploads\/2013\/12\/avatar-gereso-1.png\",\"contentUrl\":\"https:\/\/www.gereso.com\/actualites\/wp-content\/uploads\/2013\/12\/avatar-gereso-1.png\",\"caption\":\"\u00c9quipe GERESO\"},\"url\":\"https:\/\/www.gereso.com\/actualites\/author\/gereso\/\"}]}<\/script>\n<!-- \/ Yoast SEO plugin. -->","yoast_head_json":{"title":"R\u00e9forme des retraites - Le Blog GERESO","robots":{"index":"index","follow":"follow","max-snippet":"max-snippet:-1","max-image-preview":"max-image-preview:large","max-video-preview":"max-video-preview:-1"},"canonical":"https:\/\/www.gereso.com\/actualites\/2010\/02\/18\/reforme-des-retraites\/","og_locale":"fr_FR","og_type":"article","og_title":"R\u00e9forme des retraites - Le Blog GERESO","og_description":"Davantage de temps pour le dialogue Pas de remise en cause du syst\u00e8me de r\u00e9partition ni baisse des pensions Pas de pr\u00e9cipitations pour le plusgros dossier de l&rsquo;ann\u00e9e. La concertation sur la r\u00e9forme desretraites entre les partenaires sociaux et le gouvernement quid\u00e9butera mi-avril devrait permettre au gouvernement de d\u00e9poser unprojet de loi \u00e0 l&rsquo;automne. Si [&hellip;]","og_url":"https:\/\/www.gereso.com\/actualites\/2010\/02\/18\/reforme-des-retraites\/","og_site_name":"Le Blog GERESO","article_published_time":"2010-02-17T22:00:00+00:00","author":"\u00c9quipe GERESO","twitter_card":"summary_large_image","schema":{"@context":"https:\/\/schema.org","@graph":[{"@type":"WebPage","@id":"https:\/\/www.gereso.com\/actualites\/2010\/02\/18\/reforme-des-retraites\/","url":"https:\/\/www.gereso.com\/actualites\/2010\/02\/18\/reforme-des-retraites\/","name":"R\u00e9forme des retraites - Le Blog GERESO","isPartOf":{"@id":"https:\/\/www.gereso.com\/actualites\/#website"},"datePublished":"2010-02-17T22:00:00+00:00","dateModified":"2010-02-17T22:00:00+00:00","author":{"@id":"https:\/\/www.gereso.com\/actualites\/#\/schema\/person\/197d8aef40cb4ae3f6a0aa9e1d3df2a6"},"breadcrumb":{"@id":"https:\/\/www.gereso.com\/actualites\/2010\/02\/18\/reforme-des-retraites\/#breadcrumb"},"inLanguage":"fr-FR","potentialAction":[{"@type":"ReadAction","target":["https:\/\/www.gereso.com\/actualites\/2010\/02\/18\/reforme-des-retraites\/"]}]},{"@type":"BreadcrumbList","@id":"https:\/\/www.gereso.com\/actualites\/2010\/02\/18\/reforme-des-retraites\/#breadcrumb","itemListElement":[{"@type":"ListItem","position":1,"name":"Home","item":"https:\/\/www.gereso.com\/actualites\/"},{"@type":"ListItem","position":2,"name":"R\u00e9forme des retraites"}]},{"@type":"WebSite","@id":"https:\/\/www.gereso.com\/actualites\/#website","url":"https:\/\/www.gereso.com\/actualites\/","name":"Le Blog GERESO","description":"Toute l&#039;actu RH, Finance, Fonction Publique, Management...","potentialAction":[{"@type":"SearchAction","target":{"@type":"EntryPoint","urlTemplate":"https:\/\/www.gereso.com\/actualites\/?s={search_term_string}"},"query-input":{"@type":"PropertyValueSpecification","valueRequired":true,"valueName":"search_term_string"}}],"inLanguage":"fr-FR"},{"@type":"Person","@id":"https:\/\/www.gereso.com\/actualites\/#\/schema\/person\/197d8aef40cb4ae3f6a0aa9e1d3df2a6","name":"\u00c9quipe GERESO","image":{"@type":"ImageObject","inLanguage":"fr-FR","@id":"https:\/\/www.gereso.com\/actualites\/#\/schema\/person\/image\/","url":"https:\/\/www.gereso.com\/actualites\/wp-content\/uploads\/2013\/12\/avatar-gereso-1.png","contentUrl":"https:\/\/www.gereso.com\/actualites\/wp-content\/uploads\/2013\/12\/avatar-gereso-1.png","caption":"\u00c9quipe GERESO"},"url":"https:\/\/www.gereso.com\/actualites\/author\/gereso\/"}]}},"_links":{"self":[{"href":"https:\/\/www.gereso.com\/actualites\/wp-json\/wp\/v2\/posts\/1583","targetHints":{"allow":["GET"]}}],"collection":[{"href":"https:\/\/www.gereso.com\/actualites\/wp-json\/wp\/v2\/posts"}],"about":[{"href":"https:\/\/www.gereso.com\/actualites\/wp-json\/wp\/v2\/types\/post"}],"author":[{"embeddable":true,"href":"https:\/\/www.gereso.com\/actualites\/wp-json\/wp\/v2\/users\/32"}],"replies":[{"embeddable":true,"href":"https:\/\/www.gereso.com\/actualites\/wp-json\/wp\/v2\/comments?post=1583"}],"version-history":[{"count":0,"href":"https:\/\/www.gereso.com\/actualites\/wp-json\/wp\/v2\/posts\/1583\/revisions"}],"wp:attachment":[{"href":"https:\/\/www.gereso.com\/actualites\/wp-json\/wp\/v2\/media?parent=1583"}],"wp:term":[{"taxonomy":"category","embeddable":true,"href":"https:\/\/www.gereso.com\/actualites\/wp-json\/wp\/v2\/categories?post=1583"},{"taxonomy":"post_tag","embeddable":true,"href":"https:\/\/www.gereso.com\/actualites\/wp-json\/wp\/v2\/tags?post=1583"}],"curies":[{"name":"wp","href":"https:\/\/api.w.org\/{rel}","templated":true}]}}