{"id":1584,"date":"2010-02-18T00:00:00","date_gmt":"2010-02-17T22:00:00","guid":{"rendered":"https:\/\/www.gereso.com\/actualites\/2010\/02\/reforme-atmp\/"},"modified":"2010-02-18T00:00:00","modified_gmt":"2010-02-17T22:00:00","slug":"reforme-atmp","status":"publish","type":"post","link":"https:\/\/www.gereso.com\/actualites\/2010\/02\/18\/reforme-atmp\/","title":{"rendered":"R\u00e9forme AT\/MP"},"content":{"rendered":"\n<li> <b>\u00ab\u00a0Mieux sensibiliser\u00a0\u00bb les entreprises<\/b><\/li>\n<li> <b>La r\u00e9forme simplifie les modes de tarification<\/b><\/li>\n<p>Plus de lisibilit\u00e9 et de rapidit\u00e9dans la r\u00e9percussion financi\u00e8re du co\u00fbt des AT-MP (dans le calculdu taux de cotisation d\u00fb par l&rsquo;entreprise), c&rsquo;est l&rsquo;objectif affich\u00e9du nouveau dispositif. <\/p>\n<p>Autre cheval de bataille de la Caissenationale de l&rsquo;assurance maladie des travailleurs salari\u00e9s (CNAMTS)\u00e9voqu\u00e9 fin janvier: mieux sensibiliser les entreprises ! En effet,les nouvelles r\u00e8gles du jeu incitent \u00e0 la pr\u00e9vention puisquechaque entreprise supportera un taux de cotisation directement li\u00e9au nombre et \u00e0 la gravit\u00e9 des accidents et maladies qui auront \u00e9t\u00e9reconnus les ann\u00e9es ant\u00e9rieures.<\/p>\n<p>A noter, les sinistres survenus durantl&rsquo;ann\u00e9e 2010 seront les premiers \u00e0 \u00eatre pris en compte par lenouveau syst\u00e8me de tarification des AT-MP. Pour rappel, lapublication de textes r\u00e9glementaires est pr\u00e9vue au premiertrimestre de cette ann\u00e9e pour une r\u00e9forme effective en 2012. <\/p>\n<h3><b>Simplificationdes seuils de tarification<\/b><\/h3>\n<p>La CNAMTS annonce par ailleurs que lar\u00e9forme devrait simplifier les modes de tarifications fix\u00e9s enfonction de l&rsquo;effectif global de l&rsquo;entreprise*. Ainsi, le seuil de latarification individuelle sera abaiss\u00e9 de 200 \u00e0 150 salari\u00e9s. Dem\u00eame, le seuil de la tarification mixte passera de 10 \u00e0 20salari\u00e9s. <\/p>\n<p>Pr\u00e8s de 60 000 entreprises de 10 \u00e0 20salari\u00e9s seraient concern\u00e9es par la mesure. Les organisations detaille interm\u00e9diaires qui affichent la sinistralit\u00e9 la plus hauteseront, elles, incit\u00e9es \u00e0 mettre en oeuvre davantage d&rsquo;actions depr\u00e9ventions en vue de r\u00e9duire leurs taux !<\/p>\n<p>* Trois modesde tarification \u00e0 ce jour: collectif (pour les entreprises de moinsde 10 salari\u00e9s), mixte (entre 10 et 199 salari\u00e9s), et individuel(au-del\u00e0). <\/p>\n","protected":false},"excerpt":{"rendered":"<p>\u00ab\u00a0Mieux sensibiliser\u00a0\u00bb les entreprises La r\u00e9forme simplifie les modes de tarification Plus de lisibilit\u00e9 et de rapidit\u00e9dans la r\u00e9percussion financi\u00e8re du co\u00fbt des AT-MP (dans le calculdu taux de cotisation d\u00fb par l&rsquo;entreprise), c&rsquo;est l&rsquo;objectif affich\u00e9du nouveau dispositif. Autre cheval de bataille de la Caissenationale de l&rsquo;assurance maladie des travailleurs salari\u00e9s (CNAMTS)\u00e9voqu\u00e9 fin janvier: mieux [&hellip;]<\/p>\n","protected":false},"author":32,"featured_media":0,"comment_status":"open","ping_status":"open","sticky":false,"template":"","format":"standard","meta":{"_acf_changed":false,"_mi_skip_tracking":false,"footnotes":""},"categories":[4],"tags":[],"class_list":["post-1584","post","type-post","status-publish","format-standard","hentry","category-retraite-et-protection-sociale"],"acf":[],"yoast_head":"<!-- This site is optimized with the Yoast SEO plugin v23.4 - https:\/\/yoast.com\/wordpress\/plugins\/seo\/ -->\n<title>R\u00e9forme AT\/MP - Le Blog GERESO<\/title>\n<meta name=\"robots\" content=\"index, follow, max-snippet:-1, max-image-preview:large, max-video-preview:-1\" \/>\n<link rel=\"canonical\" href=\"https:\/\/www.gereso.com\/actualites\/2010\/02\/18\/reforme-atmp\/\" \/>\n<meta property=\"og:locale\" content=\"fr_FR\" \/>\n<meta property=\"og:type\" content=\"article\" \/>\n<meta property=\"og:title\" content=\"R\u00e9forme AT\/MP - Le Blog GERESO\" \/>\n<meta property=\"og:description\" content=\"\u00ab\u00a0Mieux sensibiliser\u00a0\u00bb les entreprises La r\u00e9forme simplifie les modes de tarification Plus de lisibilit\u00e9 et de rapidit\u00e9dans la r\u00e9percussion financi\u00e8re du co\u00fbt des AT-MP (dans le calculdu taux de cotisation d\u00fb par l&rsquo;entreprise), c&rsquo;est l&rsquo;objectif affich\u00e9du nouveau dispositif. Autre cheval de bataille de la Caissenationale de l&rsquo;assurance maladie des travailleurs salari\u00e9s (CNAMTS)\u00e9voqu\u00e9 fin janvier: mieux [&hellip;]\" \/>\n<meta property=\"og:url\" content=\"https:\/\/www.gereso.com\/actualites\/2010\/02\/18\/reforme-atmp\/\" \/>\n<meta property=\"og:site_name\" content=\"Le Blog GERESO\" \/>\n<meta property=\"article:published_time\" content=\"2010-02-17T22:00:00+00:00\" \/>\n<meta name=\"author\" content=\"\u00c9quipe GERESO\" \/>\n<meta name=\"twitter:card\" content=\"summary_large_image\" \/>\n<script type=\"application\/ld+json\" class=\"yoast-schema-graph\">{\"@context\":\"https:\/\/schema.org\",\"@graph\":[{\"@type\":\"WebPage\",\"@id\":\"https:\/\/www.gereso.com\/actualites\/2010\/02\/18\/reforme-atmp\/\",\"url\":\"https:\/\/www.gereso.com\/actualites\/2010\/02\/18\/reforme-atmp\/\",\"name\":\"R\u00e9forme AT\/MP - Le Blog GERESO\",\"isPartOf\":{\"@id\":\"https:\/\/www.gereso.com\/actualites\/#website\"},\"datePublished\":\"2010-02-17T22:00:00+00:00\",\"dateModified\":\"2010-02-17T22:00:00+00:00\",\"author\":{\"@id\":\"https:\/\/www.gereso.com\/actualites\/#\/schema\/person\/197d8aef40cb4ae3f6a0aa9e1d3df2a6\"},\"breadcrumb\":{\"@id\":\"https:\/\/www.gereso.com\/actualites\/2010\/02\/18\/reforme-atmp\/#breadcrumb\"},\"inLanguage\":\"fr-FR\",\"potentialAction\":[{\"@type\":\"ReadAction\",\"target\":[\"https:\/\/www.gereso.com\/actualites\/2010\/02\/18\/reforme-atmp\/\"]}]},{\"@type\":\"BreadcrumbList\",\"@id\":\"https:\/\/www.gereso.com\/actualites\/2010\/02\/18\/reforme-atmp\/#breadcrumb\",\"itemListElement\":[{\"@type\":\"ListItem\",\"position\":1,\"name\":\"Home\",\"item\":\"https:\/\/www.gereso.com\/actualites\/\"},{\"@type\":\"ListItem\",\"position\":2,\"name\":\"R\u00e9forme AT\/MP\"}]},{\"@type\":\"WebSite\",\"@id\":\"https:\/\/www.gereso.com\/actualites\/#website\",\"url\":\"https:\/\/www.gereso.com\/actualites\/\",\"name\":\"Le Blog GERESO\",\"description\":\"Toute l&#039;actu RH, Finance, Fonction Publique, Management...\",\"potentialAction\":[{\"@type\":\"SearchAction\",\"target\":{\"@type\":\"EntryPoint\",\"urlTemplate\":\"https:\/\/www.gereso.com\/actualites\/?s={search_term_string}\"},\"query-input\":{\"@type\":\"PropertyValueSpecification\",\"valueRequired\":true,\"valueName\":\"search_term_string\"}}],\"inLanguage\":\"fr-FR\"},{\"@type\":\"Person\",\"@id\":\"https:\/\/www.gereso.com\/actualites\/#\/schema\/person\/197d8aef40cb4ae3f6a0aa9e1d3df2a6\",\"name\":\"\u00c9quipe GERESO\",\"image\":{\"@type\":\"ImageObject\",\"inLanguage\":\"fr-FR\",\"@id\":\"https:\/\/www.gereso.com\/actualites\/#\/schema\/person\/image\/\",\"url\":\"https:\/\/www.gereso.com\/actualites\/wp-content\/uploads\/2013\/12\/avatar-gereso-1.png\",\"contentUrl\":\"https:\/\/www.gereso.com\/actualites\/wp-content\/uploads\/2013\/12\/avatar-gereso-1.png\",\"caption\":\"\u00c9quipe GERESO\"},\"url\":\"https:\/\/www.gereso.com\/actualites\/author\/gereso\/\"}]}<\/script>\n<!-- \/ Yoast SEO plugin. -->","yoast_head_json":{"title":"R\u00e9forme AT\/MP - Le Blog GERESO","robots":{"index":"index","follow":"follow","max-snippet":"max-snippet:-1","max-image-preview":"max-image-preview:large","max-video-preview":"max-video-preview:-1"},"canonical":"https:\/\/www.gereso.com\/actualites\/2010\/02\/18\/reforme-atmp\/","og_locale":"fr_FR","og_type":"article","og_title":"R\u00e9forme AT\/MP - Le Blog GERESO","og_description":"\u00ab\u00a0Mieux sensibiliser\u00a0\u00bb les entreprises La r\u00e9forme simplifie les modes de tarification Plus de lisibilit\u00e9 et de rapidit\u00e9dans la r\u00e9percussion financi\u00e8re du co\u00fbt des AT-MP (dans le calculdu taux de cotisation d\u00fb par l&rsquo;entreprise), c&rsquo;est l&rsquo;objectif affich\u00e9du nouveau dispositif. Autre cheval de bataille de la Caissenationale de l&rsquo;assurance maladie des travailleurs salari\u00e9s (CNAMTS)\u00e9voqu\u00e9 fin janvier: mieux [&hellip;]","og_url":"https:\/\/www.gereso.com\/actualites\/2010\/02\/18\/reforme-atmp\/","og_site_name":"Le Blog GERESO","article_published_time":"2010-02-17T22:00:00+00:00","author":"\u00c9quipe GERESO","twitter_card":"summary_large_image","schema":{"@context":"https:\/\/schema.org","@graph":[{"@type":"WebPage","@id":"https:\/\/www.gereso.com\/actualites\/2010\/02\/18\/reforme-atmp\/","url":"https:\/\/www.gereso.com\/actualites\/2010\/02\/18\/reforme-atmp\/","name":"R\u00e9forme AT\/MP - Le Blog GERESO","isPartOf":{"@id":"https:\/\/www.gereso.com\/actualites\/#website"},"datePublished":"2010-02-17T22:00:00+00:00","dateModified":"2010-02-17T22:00:00+00:00","author":{"@id":"https:\/\/www.gereso.com\/actualites\/#\/schema\/person\/197d8aef40cb4ae3f6a0aa9e1d3df2a6"},"breadcrumb":{"@id":"https:\/\/www.gereso.com\/actualites\/2010\/02\/18\/reforme-atmp\/#breadcrumb"},"inLanguage":"fr-FR","potentialAction":[{"@type":"ReadAction","target":["https:\/\/www.gereso.com\/actualites\/2010\/02\/18\/reforme-atmp\/"]}]},{"@type":"BreadcrumbList","@id":"https:\/\/www.gereso.com\/actualites\/2010\/02\/18\/reforme-atmp\/#breadcrumb","itemListElement":[{"@type":"ListItem","position":1,"name":"Home","item":"https:\/\/www.gereso.com\/actualites\/"},{"@type":"ListItem","position":2,"name":"R\u00e9forme AT\/MP"}]},{"@type":"WebSite","@id":"https:\/\/www.gereso.com\/actualites\/#website","url":"https:\/\/www.gereso.com\/actualites\/","name":"Le Blog GERESO","description":"Toute l&#039;actu RH, Finance, Fonction Publique, Management...","potentialAction":[{"@type":"SearchAction","target":{"@type":"EntryPoint","urlTemplate":"https:\/\/www.gereso.com\/actualites\/?s={search_term_string}"},"query-input":{"@type":"PropertyValueSpecification","valueRequired":true,"valueName":"search_term_string"}}],"inLanguage":"fr-FR"},{"@type":"Person","@id":"https:\/\/www.gereso.com\/actualites\/#\/schema\/person\/197d8aef40cb4ae3f6a0aa9e1d3df2a6","name":"\u00c9quipe GERESO","image":{"@type":"ImageObject","inLanguage":"fr-FR","@id":"https:\/\/www.gereso.com\/actualites\/#\/schema\/person\/image\/","url":"https:\/\/www.gereso.com\/actualites\/wp-content\/uploads\/2013\/12\/avatar-gereso-1.png","contentUrl":"https:\/\/www.gereso.com\/actualites\/wp-content\/uploads\/2013\/12\/avatar-gereso-1.png","caption":"\u00c9quipe GERESO"},"url":"https:\/\/www.gereso.com\/actualites\/author\/gereso\/"}]}},"_links":{"self":[{"href":"https:\/\/www.gereso.com\/actualites\/wp-json\/wp\/v2\/posts\/1584","targetHints":{"allow":["GET"]}}],"collection":[{"href":"https:\/\/www.gereso.com\/actualites\/wp-json\/wp\/v2\/posts"}],"about":[{"href":"https:\/\/www.gereso.com\/actualites\/wp-json\/wp\/v2\/types\/post"}],"author":[{"embeddable":true,"href":"https:\/\/www.gereso.com\/actualites\/wp-json\/wp\/v2\/users\/32"}],"replies":[{"embeddable":true,"href":"https:\/\/www.gereso.com\/actualites\/wp-json\/wp\/v2\/comments?post=1584"}],"version-history":[{"count":0,"href":"https:\/\/www.gereso.com\/actualites\/wp-json\/wp\/v2\/posts\/1584\/revisions"}],"wp:attachment":[{"href":"https:\/\/www.gereso.com\/actualites\/wp-json\/wp\/v2\/media?parent=1584"}],"wp:term":[{"taxonomy":"category","embeddable":true,"href":"https:\/\/www.gereso.com\/actualites\/wp-json\/wp\/v2\/categories?post=1584"},{"taxonomy":"post_tag","embeddable":true,"href":"https:\/\/www.gereso.com\/actualites\/wp-json\/wp\/v2\/tags?post=1584"}],"curies":[{"name":"wp","href":"https:\/\/api.w.org\/{rel}","templated":true}]}}