{"id":15856,"date":"2020-06-08T08:00:25","date_gmt":"2020-06-08T06:00:25","guid":{"rendered":"https:\/\/www.gereso.com\/actualites\/?p=15856"},"modified":"2020-06-07T18:49:56","modified_gmt":"2020-06-07T16:49:56","slug":"cfe-acompte-du-15-juin-ajuste","status":"publish","type":"post","link":"https:\/\/www.gereso.com\/actualites\/2020\/06\/08\/cfe-acompte-du-15-juin-ajuste\/","title":{"rendered":"CFE : acompte du 15 juin ajust\u00e9"},"content":{"rendered":"\n<p>Le Gouvernement a annonc\u00e9 qu\u2019il supprimait l\u2019acompte de CFE\ndu 15 juin pour les secteurs les plus touch\u00e9s par la crise sanitaire (h\u00f4tellerie\net restauration notamment).<\/p>\n\n\n\n<h2 class=\"wp-block-heading\"><strong>Possibilit\u00e9 de report de l\u2019acompte du 15 juin dans\ncertains secteurs<\/strong><\/h2>\n\n\n\n<p>En principe, ce 15 juin, les entreprises dont la CFE (cotisation fonci\u00e8re des entreprises) de l\u2019an dernier \u00e9tait sup\u00e9rieure \u00e0 3.000 \u20ac, sont redevables d\u2019un acompte \u00e9gal \u00e0 50% de la somme due en 2019. Afin de tenir compte des difficult\u00e9s financi\u00e8res li\u00e9es aux cons\u00e9quences de la crise sanitaire actuelle, le Gouvernement a indiqu\u00e9 par<a href=\"https:\/\/minefi.hosting.augure.com\/Augure_Minefi\/r\/ContenuEnLigne\/Download?id=F9E03C08-87F1-40A7-AA62-9A40465F7FE0&amp;filename=1048%20-%20Dispositif%20d%27all%C3%A8gement%20du%20paiement%20de%20la%20cotisation%20fonci%C3%A8re%20des%20entreprises%20.pdf\"> communiqu\u00e9 de presse<\/a> que les secteurs les plus touch\u00e9s n\u2019auraient pas \u00e0 verser cet acompte. Ces redevables pourront verser le montant de la CFE 2020 en une seule fois, pour le 15 d\u00e9cembre 2020, date traditionnelle du versement du solde. De m\u00eame, les entreprises versant des acomptes mensuels au titre de cet imp\u00f4t peuvent imm\u00e9diatement les suspendre et proc\u00e9der \u00e0 un versement unique pour solde au 15 d\u00e9cembre. Sont concern\u00e9es par cette mesure les entreprises relevant des secteurs suivants\u00a0: <\/p>\n\n\n\n<ul class=\"wp-block-list\"><li>L\u2019h\u00f4tellerie<\/li><li>La restauration<\/li><li>Le tourisme<\/li><li>L\u2019\u00e9v\u00e8nementiel<\/li><li>Le sport<\/li><li>La culture<\/li><li>Le transport a\u00e9rien.<\/li><\/ul>\n\n\n\n<h2 class=\"wp-block-heading\"><strong>Un d\u00e9gr\u00e8vement possible<\/strong><\/h2>\n\n\n\n<p>Pour ces 7 secteurs, le Gouvernement va \u00e9galement permettre\naux communes et intercommunalit\u00e9s d\u2019accorder un d\u00e9gr\u00e8vement de CFE \u00e0 hauteur\ndes 2\/3. Pour \u00eatre applicable, cette mesure, qui sera comprise dans la future 3<sup>\u00e8me<\/sup>\nloi de finances rectificative pour 2020, devra faire l\u2019objet d\u2019une d\u00e9lib\u00e9ration\nen ce sens par la collectivit\u00e9 concern\u00e9e au plus tard en juillet. <\/p>\n\n\n\n<p>L\u2019\u00c9tat, qui ne b\u00e9n\u00e9ficie pas du produit de la CFE, prendra\nn\u00e9anmoins en charge la moiti\u00e9 du co\u00fbt du d\u00e9gr\u00e8vement.<\/p>\n\n\n\n<h2 class=\"wp-block-heading\"><strong>Plafonnement de la valeur ajout\u00e9e<\/strong><\/h2>\n\n\n\n<p>Les entreprises dont la contribution \u00e9conomique territoriale\nexc\u00e8de 3% de la valeur ajout\u00e9e peuvent demander un d\u00e9gr\u00e8vement pour la\ndiff\u00e9rence. <\/p>\n\n\n\n<p>Dans le communiqu\u00e9 de presse, le Gouvernement annonce que pour\ncette ann\u00e9e, toutes les entreprises, quel que soit leur secteur d\u2019activit\u00e9, qui\npr\u00e9voient de b\u00e9n\u00e9ficier du plafonnement de la valeur ajout\u00e9e (PVA) au titre de\n2020, pourront en tenir compte pour l\u2019acompte de CFE du 15 juin. Elles pourront\nd\u00e9duire ce PVA pr\u00e9visionnel du montant de l\u2019acompte. L\u2019administration tol\u00e9rera\nune marge d\u2019erreur de 30%.<\/p>\n","protected":false},"excerpt":{"rendered":"<p>Le Gouvernement a annonc\u00e9 qu\u2019il supprimait l\u2019acompte de CFE du 15 juin pour les secteurs les plus touch\u00e9s par la crise sanitaire (h\u00f4tellerie et restauration notamment). Possibilit\u00e9 de report de l\u2019acompte du 15 juin dans certains secteurs En principe, ce 15 juin, les entreprises dont la CFE (cotisation fonci\u00e8re des entreprises) de l\u2019an dernier \u00e9tait [&hellip;]<\/p>\n","protected":false},"author":45,"featured_media":0,"comment_status":"open","ping_status":"open","sticky":false,"template":"","format":"quote","meta":{"_acf_changed":false,"_mi_skip_tracking":false,"footnotes":""},"categories":[12,3],"tags":[259,1857],"class_list":["post-15856","post","type-post","status-publish","format-quote","hentry","category-actualites","category-comptabilite-fiscalite-et-gestion-financiere","tag-cfe","tag-coronavirus","post_format-post-format-quote"],"acf":[],"yoast_head":"<!-- This site is optimized with the Yoast SEO plugin v23.4 - https:\/\/yoast.com\/wordpress\/plugins\/seo\/ -->\n<title>CFE : acompte du 15 juin ajust\u00e9 - Le Blog GERESO<\/title>\n<meta name=\"robots\" content=\"index, follow, max-snippet:-1, max-image-preview:large, max-video-preview:-1\" \/>\n<link rel=\"canonical\" href=\"https:\/\/www.gereso.com\/actualites\/2020\/06\/08\/cfe-acompte-du-15-juin-ajuste\/\" \/>\n<meta property=\"og:locale\" content=\"fr_FR\" \/>\n<meta property=\"og:type\" content=\"article\" \/>\n<meta property=\"og:title\" content=\"CFE : acompte du 15 juin ajust\u00e9 - Le Blog GERESO\" \/>\n<meta property=\"og:description\" content=\"Le Gouvernement a annonc\u00e9 qu\u2019il supprimait l\u2019acompte de CFE du 15 juin pour les secteurs les plus touch\u00e9s par la crise sanitaire (h\u00f4tellerie et restauration notamment). Possibilit\u00e9 de report de l\u2019acompte du 15 juin dans certains secteurs En principe, ce 15 juin, les entreprises dont la CFE (cotisation fonci\u00e8re des entreprises) de l\u2019an dernier \u00e9tait [&hellip;]\" \/>\n<meta property=\"og:url\" content=\"https:\/\/www.gereso.com\/actualites\/2020\/06\/08\/cfe-acompte-du-15-juin-ajuste\/\" \/>\n<meta property=\"og:site_name\" content=\"Le Blog GERESO\" \/>\n<meta property=\"article:published_time\" content=\"2020-06-08T06:00:25+00:00\" \/>\n<meta property=\"article:modified_time\" content=\"2020-06-07T16:49:56+00:00\" \/>\n<meta name=\"author\" content=\"Damien P\u00e9an\" \/>\n<meta name=\"twitter:card\" content=\"summary_large_image\" \/>\n<script type=\"application\/ld+json\" class=\"yoast-schema-graph\">{\"@context\":\"https:\/\/schema.org\",\"@graph\":[{\"@type\":\"WebPage\",\"@id\":\"https:\/\/www.gereso.com\/actualites\/2020\/06\/08\/cfe-acompte-du-15-juin-ajuste\/\",\"url\":\"https:\/\/www.gereso.com\/actualites\/2020\/06\/08\/cfe-acompte-du-15-juin-ajuste\/\",\"name\":\"CFE : acompte du 15 juin ajust\u00e9 - Le Blog GERESO\",\"isPartOf\":{\"@id\":\"https:\/\/www.gereso.com\/actualites\/#website\"},\"datePublished\":\"2020-06-08T06:00:25+00:00\",\"dateModified\":\"2020-06-07T16:49:56+00:00\",\"author\":{\"@id\":\"https:\/\/www.gereso.com\/actualites\/#\/schema\/person\/c91814f92d627ed4715993fbbf7c7e8d\"},\"breadcrumb\":{\"@id\":\"https:\/\/www.gereso.com\/actualites\/2020\/06\/08\/cfe-acompte-du-15-juin-ajuste\/#breadcrumb\"},\"inLanguage\":\"fr-FR\",\"potentialAction\":[{\"@type\":\"ReadAction\",\"target\":[\"https:\/\/www.gereso.com\/actualites\/2020\/06\/08\/cfe-acompte-du-15-juin-ajuste\/\"]}]},{\"@type\":\"BreadcrumbList\",\"@id\":\"https:\/\/www.gereso.com\/actualites\/2020\/06\/08\/cfe-acompte-du-15-juin-ajuste\/#breadcrumb\",\"itemListElement\":[{\"@type\":\"ListItem\",\"position\":1,\"name\":\"Home\",\"item\":\"https:\/\/www.gereso.com\/actualites\/\"},{\"@type\":\"ListItem\",\"position\":2,\"name\":\"CFE : acompte du 15 juin ajust\u00e9\"}]},{\"@type\":\"WebSite\",\"@id\":\"https:\/\/www.gereso.com\/actualites\/#website\",\"url\":\"https:\/\/www.gereso.com\/actualites\/\",\"name\":\"Le Blog GERESO\",\"description\":\"Toute l&#039;actu RH, Finance, Fonction Publique, Management...\",\"potentialAction\":[{\"@type\":\"SearchAction\",\"target\":{\"@type\":\"EntryPoint\",\"urlTemplate\":\"https:\/\/www.gereso.com\/actualites\/?s={search_term_string}\"},\"query-input\":{\"@type\":\"PropertyValueSpecification\",\"valueRequired\":true,\"valueName\":\"search_term_string\"}}],\"inLanguage\":\"fr-FR\"},{\"@type\":\"Person\",\"@id\":\"https:\/\/www.gereso.com\/actualites\/#\/schema\/person\/c91814f92d627ed4715993fbbf7c7e8d\",\"name\":\"Damien P\u00e9an\",\"image\":{\"@type\":\"ImageObject\",\"inLanguage\":\"fr-FR\",\"@id\":\"https:\/\/www.gereso.com\/actualites\/#\/schema\/person\/image\/\",\"url\":\"https:\/\/www.gereso.com\/actualites\/wp-content\/uploads\/2016\/03\/damien-pean.jpg\",\"contentUrl\":\"https:\/\/www.gereso.com\/actualites\/wp-content\/uploads\/2016\/03\/damien-pean.jpg\",\"caption\":\"Damien P\u00e9an\"},\"description\":\"Damien P\u00c9AN est titulaire du Dipl\u00f4me d'\u00e9tudes sup\u00e9rieures comptables et financi\u00e8res (DESCF). Il intervient depuis plusieurs ann\u00e9es aupr\u00e8s d'\u00e9tudiants en licence de comptabilit\u00e9 et de gestion, \u00e0 qui il enseigne le contr\u00f4le de gestion, la comptabilit\u00e9 approfondie, le management, la fiscalit\u00e9, le droit des soci\u00e9t\u00e9s et le droit du travail. Il intervient \u00e9galement en formation continue pour le compte de divers organismes de formation sur des th\u00e9matiques techniques en comptabilit\u00e9 et fiscalit\u00e9. Il forme aussi un public de non-initi\u00e9s aux fondamentaux de la finance.\",\"url\":\"https:\/\/www.gereso.com\/actualites\/author\/d-pean\/\"}]}<\/script>\n<!-- \/ Yoast SEO plugin. -->","yoast_head_json":{"title":"CFE : acompte du 15 juin ajust\u00e9 - Le Blog GERESO","robots":{"index":"index","follow":"follow","max-snippet":"max-snippet:-1","max-image-preview":"max-image-preview:large","max-video-preview":"max-video-preview:-1"},"canonical":"https:\/\/www.gereso.com\/actualites\/2020\/06\/08\/cfe-acompte-du-15-juin-ajuste\/","og_locale":"fr_FR","og_type":"article","og_title":"CFE : acompte du 15 juin ajust\u00e9 - Le Blog GERESO","og_description":"Le Gouvernement a annonc\u00e9 qu\u2019il supprimait l\u2019acompte de CFE du 15 juin pour les secteurs les plus touch\u00e9s par la crise sanitaire (h\u00f4tellerie et restauration notamment). Possibilit\u00e9 de report de l\u2019acompte du 15 juin dans certains secteurs En principe, ce 15 juin, les entreprises dont la CFE (cotisation fonci\u00e8re des entreprises) de l\u2019an dernier \u00e9tait [&hellip;]","og_url":"https:\/\/www.gereso.com\/actualites\/2020\/06\/08\/cfe-acompte-du-15-juin-ajuste\/","og_site_name":"Le Blog GERESO","article_published_time":"2020-06-08T06:00:25+00:00","article_modified_time":"2020-06-07T16:49:56+00:00","author":"Damien P\u00e9an","twitter_card":"summary_large_image","schema":{"@context":"https:\/\/schema.org","@graph":[{"@type":"WebPage","@id":"https:\/\/www.gereso.com\/actualites\/2020\/06\/08\/cfe-acompte-du-15-juin-ajuste\/","url":"https:\/\/www.gereso.com\/actualites\/2020\/06\/08\/cfe-acompte-du-15-juin-ajuste\/","name":"CFE : acompte du 15 juin ajust\u00e9 - Le Blog GERESO","isPartOf":{"@id":"https:\/\/www.gereso.com\/actualites\/#website"},"datePublished":"2020-06-08T06:00:25+00:00","dateModified":"2020-06-07T16:49:56+00:00","author":{"@id":"https:\/\/www.gereso.com\/actualites\/#\/schema\/person\/c91814f92d627ed4715993fbbf7c7e8d"},"breadcrumb":{"@id":"https:\/\/www.gereso.com\/actualites\/2020\/06\/08\/cfe-acompte-du-15-juin-ajuste\/#breadcrumb"},"inLanguage":"fr-FR","potentialAction":[{"@type":"ReadAction","target":["https:\/\/www.gereso.com\/actualites\/2020\/06\/08\/cfe-acompte-du-15-juin-ajuste\/"]}]},{"@type":"BreadcrumbList","@id":"https:\/\/www.gereso.com\/actualites\/2020\/06\/08\/cfe-acompte-du-15-juin-ajuste\/#breadcrumb","itemListElement":[{"@type":"ListItem","position":1,"name":"Home","item":"https:\/\/www.gereso.com\/actualites\/"},{"@type":"ListItem","position":2,"name":"CFE : acompte du 15 juin ajust\u00e9"}]},{"@type":"WebSite","@id":"https:\/\/www.gereso.com\/actualites\/#website","url":"https:\/\/www.gereso.com\/actualites\/","name":"Le Blog GERESO","description":"Toute l&#039;actu RH, Finance, Fonction Publique, Management...","potentialAction":[{"@type":"SearchAction","target":{"@type":"EntryPoint","urlTemplate":"https:\/\/www.gereso.com\/actualites\/?s={search_term_string}"},"query-input":{"@type":"PropertyValueSpecification","valueRequired":true,"valueName":"search_term_string"}}],"inLanguage":"fr-FR"},{"@type":"Person","@id":"https:\/\/www.gereso.com\/actualites\/#\/schema\/person\/c91814f92d627ed4715993fbbf7c7e8d","name":"Damien P\u00e9an","image":{"@type":"ImageObject","inLanguage":"fr-FR","@id":"https:\/\/www.gereso.com\/actualites\/#\/schema\/person\/image\/","url":"https:\/\/www.gereso.com\/actualites\/wp-content\/uploads\/2016\/03\/damien-pean.jpg","contentUrl":"https:\/\/www.gereso.com\/actualites\/wp-content\/uploads\/2016\/03\/damien-pean.jpg","caption":"Damien P\u00e9an"},"description":"Damien P\u00c9AN est titulaire du Dipl\u00f4me d'\u00e9tudes sup\u00e9rieures comptables et financi\u00e8res (DESCF). Il intervient depuis plusieurs ann\u00e9es aupr\u00e8s d'\u00e9tudiants en licence de comptabilit\u00e9 et de gestion, \u00e0 qui il enseigne le contr\u00f4le de gestion, la comptabilit\u00e9 approfondie, le management, la fiscalit\u00e9, le droit des soci\u00e9t\u00e9s et le droit du travail. Il intervient \u00e9galement en formation continue pour le compte de divers organismes de formation sur des th\u00e9matiques techniques en comptabilit\u00e9 et fiscalit\u00e9. Il forme aussi un public de non-initi\u00e9s aux fondamentaux de la finance.","url":"https:\/\/www.gereso.com\/actualites\/author\/d-pean\/"}]}},"_links":{"self":[{"href":"https:\/\/www.gereso.com\/actualites\/wp-json\/wp\/v2\/posts\/15856","targetHints":{"allow":["GET"]}}],"collection":[{"href":"https:\/\/www.gereso.com\/actualites\/wp-json\/wp\/v2\/posts"}],"about":[{"href":"https:\/\/www.gereso.com\/actualites\/wp-json\/wp\/v2\/types\/post"}],"author":[{"embeddable":true,"href":"https:\/\/www.gereso.com\/actualites\/wp-json\/wp\/v2\/users\/45"}],"replies":[{"embeddable":true,"href":"https:\/\/www.gereso.com\/actualites\/wp-json\/wp\/v2\/comments?post=15856"}],"version-history":[{"count":1,"href":"https:\/\/www.gereso.com\/actualites\/wp-json\/wp\/v2\/posts\/15856\/revisions"}],"predecessor-version":[{"id":15857,"href":"https:\/\/www.gereso.com\/actualites\/wp-json\/wp\/v2\/posts\/15856\/revisions\/15857"}],"wp:attachment":[{"href":"https:\/\/www.gereso.com\/actualites\/wp-json\/wp\/v2\/media?parent=15856"}],"wp:term":[{"taxonomy":"category","embeddable":true,"href":"https:\/\/www.gereso.com\/actualites\/wp-json\/wp\/v2\/categories?post=15856"},{"taxonomy":"post_tag","embeddable":true,"href":"https:\/\/www.gereso.com\/actualites\/wp-json\/wp\/v2\/tags?post=15856"}],"curies":[{"name":"wp","href":"https:\/\/api.w.org\/{rel}","templated":true}]}}